{"id":1051,"date":"2021-05-26T20:20:08","date_gmt":"2021-05-26T18:20:08","guid":{"rendered":"http:\/\/t-pas-net.com\/librCritN\/?p=1051"},"modified":"2021-05-26T20:23:54","modified_gmt":"2021-05-26T18:23:54","slug":"news-valere-novarina-les-tourbillons-de-lecriture-maison-de-la-poesie-5-juin","status":"publish","type":"post","link":"https:\/\/t-pas-net.com\/librCritN\/2021\/05\/26\/news-valere-novarina-les-tourbillons-de-lecriture-maison-de-la-poesie-5-juin\/","title":{"rendered":"[News] Val\u00e8re Novarina : Les tourbillons de l&rsquo;\u00e9criture (Maison de la po\u00e9sie, 5 juin)"},"content":{"rendered":"<p><span style=\"background-color: #ffff00;\"><strong>Samedi 5 juin 2021 \u2013 17h &amp; 19h \u00e0 la <a style=\"background-color: #ffff00;\" href=\"http:\/\/maisondelapoesieparis.com\">Maison de la po\u00e9sie Paris <\/a><\/strong><\/span>(<strong>ticket unique pour la Table ronde et la lecture musicale<\/strong> ; il est prudent de <span style=\"background-color: #ffff00;\"><strong>r\u00e9server au plus vite<\/strong><\/span> vu la jauge limit\u00e9e = 01 44 54 53 00 ou <a href=\"https:\/\/poesie.shop.secutix.com\/selection\/event\/date?productId=10228305429391\"><strong>en ligne<\/strong><\/a>)<\/p>\n<p style=\"text-align: center;\"><span style=\"background-color: #ff0000; color: #ffffff;\"><strong>Val\u00e8re Novarina : <a style=\"background-color: #ff0000; color: #ffffff;\" href=\"http:\/\/t-pas-net.com\/librCritN\/2020\/11\/28\/livre-valere-novarina-les-tourbillons-de-lecriture\/\">Les tourbillons de l\u2019\u00e9criture<\/a><\/strong><\/span><\/p>\n<p style=\"text-align: right;\">\u00ab\u00a0Je suis \u00e0 la recherche d&rsquo;une architecture fugace<br \/>\nqui naisse en se d\u00e9faisant, un espace qui se reconstruise\u00a0chaque fois :<br \/>\nune sorte de chaos-g\u00e9om\u00e9tr\u00e9, de d\u00e9sordre ordonn\u00e9\u00a0\u00bb (Novarina, 2017).<\/p>\n<p style=\"text-align: justify;\">Comment s\u2019orchestrent les tourbillons baroques de signes et de formes qui apparaissent, reviennent et disparaissent dans les travaux de Val\u00e8re Novarina, \u00e9crivain, metteur en sc\u00e8ne et peintre\u00a0? Cette question est centrale dans sa po\u00e9tique\u00a0: \u00e0 Cerisy, en juillet 2018, un ar\u00e9opage\u00a0<img loading=\"lazy\" decoding=\"async\" class=\"alignright size-full wp-image-991\" src=\"http:\/\/t-pas-net.com\/librCritN\/wp-content\/uploads\/2021\/05\/TourbillonsVNcouv.jpg\" sizes=\"auto, (max-width: 220px) 100vw, 220px\" srcset=\"http:\/\/t-pas-net.com\/librCritN\/wp-content\/uploads\/2021\/05\/TourbillonsVNcouv.jpg 220w, http:\/\/t-pas-net.com\/librCritN\/wp-content\/uploads\/2021\/05\/TourbillonsVNcouv-200x300.jpg 200w, http:\/\/t-pas-net.com\/librCritN\/wp-content\/uploads\/2021\/05\/TourbillonsVNcouv-100x150.jpg 100w\" alt=\"\" width=\"220\" height=\"330\" \/>international s\u2019est r\u00e9uni pour suivre les d\u00e9veloppements impr\u00e9vus d\u2019une \u0153uvre a\u00e9rienne, ventil\u00e9e, dans ses circonvolutions th\u00e9ologiques, philosophiques, dramaturgiques et po\u00e9tiques. Le volume issu du Colloque de Cerisy est paru en m\u00eame temps qu\u2019une nouvelle volute de la spirale novarinienne\u00a0: <strong><em>Le Jeu des Ombres<\/em><\/strong>.<\/p>\n<p style=\"text-align: justify;\">Cette soir\u00e9e in\u00e9dite sera l\u2019occasion, non seulement de faire tournoyer le Novarimonde au cours d\u2019une table ronde qui n\u2019a jamais port\u00e9 aussi bien son nom (tourbillons de l\u2019\u0153uvre, de ses traductions, de ses archives, etc.), mais encore, pour l\u2019auteur du <strong><em>Jeu des Ombres<\/em><\/strong>, de faire respirer l\u2019esprit non dans un lieu abstrait (du cerveau ou de l\u2019entendement) mais dans toute sa mat\u00e9rialit\u00e9 et sa musicalit\u00e9 : sur la page, dans l\u2019espace, dans notre corps.<\/p>\n<p><img loading=\"lazy\" decoding=\"async\" class=\"aligncenter size-full wp-image-992\" src=\"http:\/\/t-pas-net.com\/librCritN\/wp-content\/uploads\/2021\/05\/VNPresentationLivre.jpg\" sizes=\"auto, (max-width: 540px) 100vw, 540px\" srcset=\"http:\/\/t-pas-net.com\/librCritN\/wp-content\/uploads\/2021\/05\/VNPresentationLivre.jpg 540w, http:\/\/t-pas-net.com\/librCritN\/wp-content\/uploads\/2021\/05\/VNPresentationLivre-300x228.jpg 300w, http:\/\/t-pas-net.com\/librCritN\/wp-content\/uploads\/2021\/05\/VNPresentationLivre-150x114.jpg 150w, http:\/\/t-pas-net.com\/librCritN\/wp-content\/uploads\/2021\/05\/VNPresentationLivre-366x278.jpg 366w\" alt=\"\" width=\"540\" height=\"410\" \/><\/p>\n<p style=\"text-align: justify;\"><span style=\"background-color: #ffff00;\"><strong>17h \u2013 \u00ab\u00a0Les Tourbillons\u00a0\u00bb, table ronde autour de Val\u00e8re Novarina<\/strong><\/span>, avec Constantin Bobas, Marion Ch\u00e9netier-Alev, C\u00e9line Hersant, Sandrine Le Pors et Fabrice Thumerel.<\/p>\n<p style=\"text-align: justify;\">O\u00f9 il s&rsquo;agira de rendre sensibles ces \u00ab\u00a0tourbillons\u00a0\u00bb&#8230; de po\u00e9sie, de peinture et de musique !<br \/>\nO\u00f9 il sera peut-\u00eatre tent\u00e9 une \u00ab\u00a0visite \u00e0 rien\u00a0\u00bb&#8230; Qui sait ?<\/p>\n<p style=\"text-align: justify;\"><span style=\"background-color: #ffff00;\"><strong>19h \u2013 \u00ab\u00a0L\u2019esprit respire\u00a0\u00bb<\/strong><\/span><\/p>\n<p style=\"text-align: right;\">\u00ab\u00a0Vidons les hommes \u00a0muettement \u00a0les uns dans les autres :<br \/>\nqu&rsquo;ils rejoignent sans langage la musique des choses sans pourquoi\u00a0\u00bb<br \/>\n(<strong><em>Le Jeu des ombres<\/em><\/strong>, p. 186).<\/p>\n<p style=\"text-align: justify;\">Lectures de fragments du <em>Jeu des Ombres<\/em> et de <em>Lumi\u00e8res du corps<\/em>\u00a0par Val\u00e8re Novarina.<\/p>\n<p style=\"text-align: justify;\">R\u00e9ponses et d\u00e9veloppements du violoncelliste Anssi Karttunen (Finlande), soliste de renomm\u00e9e internationale dont le tr\u00e8s large r\u00e9pertoire est \u00e0 la fois baroque, classique et moderne.<\/p>\n<p><img loading=\"lazy\" decoding=\"async\" class=\"aligncenter size-full wp-image-1057\" src=\"http:\/\/t-pas-net.com\/librCritN\/wp-content\/uploads\/2021\/05\/VNKartunnenBackG-1.jpg\" alt=\"\" width=\"540\" height=\"290\" srcset=\"https:\/\/t-pas-net.com\/librCritN\/wp-content\/uploads\/2021\/05\/VNKartunnenBackG-1.jpg 540w, https:\/\/t-pas-net.com\/librCritN\/wp-content\/uploads\/2021\/05\/VNKartunnenBackG-1-300x161.jpg 300w, https:\/\/t-pas-net.com\/librCritN\/wp-content\/uploads\/2021\/05\/VNKartunnenBackG-1-150x81.jpg 150w, https:\/\/t-pas-net.com\/librCritN\/wp-content\/uploads\/2021\/05\/VNKartunnenBackG-1-366x197.jpg 366w\" sizes=\"auto, (max-width: 540px) 100vw, 540px\" \/><\/p>\n<p style=\"text-align: justify;\"><span style=\"background-color: #ffff00;\"><strong>\u00c0 lire, voir et \u00e9couter\u00a0:<\/strong><\/span> \u2013 Marion Ch\u00e9netier-Alev, Sandrine Le Pors et Fabrice Thumerel dir., <a href=\"http:\/\/t-pas-net.com\/librCritN\/2020\/11\/28\/livre-valere-novarina-les-tourbillons-de-lecriture\/\"><strong><em>Val\u00e8re Novarina : Les Tourbillons de l\u2019\u00e9criture<\/em><\/strong><\/a>, Hermann, octobre 2020.<\/p>\n<p style=\"text-align: justify;\">&#8211; Val\u00e8re Novarina, <strong><em>Le Jeu des Ombres<\/em><\/strong>, P.O.L, octobre 2020\u00a0; spectacle mis en sc\u00e8ne par Jean<img loading=\"lazy\" decoding=\"async\" class=\"alignright size-full wp-image-993\" src=\"http:\/\/t-pas-net.com\/librCritN\/wp-content\/uploads\/2021\/05\/karttunen.jpg\" alt=\"\" width=\"220\" height=\"220\" srcset=\"https:\/\/t-pas-net.com\/librCritN\/wp-content\/uploads\/2021\/05\/karttunen.jpg 220w, https:\/\/t-pas-net.com\/librCritN\/wp-content\/uploads\/2021\/05\/karttunen-150x150.jpg 150w, https:\/\/t-pas-net.com\/librCritN\/wp-content\/uploads\/2021\/05\/karttunen-144x144.jpg 144w, https:\/\/t-pas-net.com\/librCritN\/wp-content\/uploads\/2021\/05\/karttunen-75x75.jpg 75w\" sizes=\"auto, (max-width: 220px) 100vw, 220px\" \/> Bellorini, cr\u00e9\u00e9 \u00e0 Avignon le 23 octobre 2020 (reprise de la tourn\u00e9e avant la fin de l&rsquo;ann\u00e9e 2021).<\/p>\n<p style=\"text-align: justify;\">&#8211; Gilbert Trolliet,\u00a0<strong><em>Le Fleuve et l\u2019\u00catre<\/em><\/strong>, choix de po\u00e8mes (1927-1978), pr\u00e9face d\u2019Alain Borer, postface de Val\u00e8re Novarina, \u00e9dition \u00e9tablie par Jean-Christophe Contini, Mercure de France,\u00a0printemps 2021.<\/p>\n<p style=\"text-align: justify;\">&#8211; Magnus Lindberg, <em>Concerto pour violoncelle n\u00b0 2<\/em>, Ondine, 2016\u00a0: interpr\u00e8tes, Karttunen \/ Lintu.<\/p>\n<p>&nbsp;<\/p>\n","protected":false},"excerpt":{"rendered":"<p>Samedi 5 juin 2021 \u2013 17h &amp; 19h \u00e0 la Maison de la po\u00e9sie Paris (ticket unique pour la Table ronde et la lecture musicale ; il est prudent de r\u00e9server au plus vite vu la jauge limit\u00e9e = 01 44 54 53 00 ou en ligne) Val\u00e8re Novarina : Les tourbillons de l\u2019\u00e9criture \u00ab\u00a0Je suis \u00e0 la recherche d&rsquo;une architecture fugace qui naisse en se d\u00e9faisant, un espace qui se reconstruise\u00a0chaque fois : une sorte de chaos-g\u00e9om\u00e9tr\u00e9, de d\u00e9sordre ordonn\u00e9\u00a0\u00bb (Novarina, 2017). Comment s\u2019orchestrent les tourbillons baroques de signes et de formes qui apparaissent, reviennent et disparaissent dans les travaux de Val\u00e8re Novarina, \u00e9crivain, metteur en sc\u00e8ne et peintre\u00a0? Cette question est centrale dans sa po\u00e9tique\u00a0: \u00e0 Cerisy, en juillet 2018, un ar\u00e9opage\u00a0international s\u2019est r\u00e9uni pour suivre les d\u00e9veloppements impr\u00e9vus d\u2019une \u0153uvre a\u00e9rienne, ventil\u00e9e, dans ses circonvolutions th\u00e9ologiques, philosophiques, dramaturgiques et po\u00e9tiques. Le volume issu du Colloque de Cerisy est paru en m\u00eame temps qu\u2019une nouvelle volute de la spirale novarinienne\u00a0: Le Jeu des Ombres. Cette soir\u00e9e in\u00e9dite sera l\u2019occasion, non seulement de faire tournoyer le Novarimonde au cours d\u2019une table ronde qui n\u2019a jamais port\u00e9 aussi bien son nom (tourbillons de l\u2019\u0153uvre, de ses traductions, de ses archives, etc.), mais encore, pour l\u2019auteur du Jeu des Ombres, de faire respirer l\u2019esprit non dans un lieu abstrait (du cerveau ou de l\u2019entendement) mais dans toute sa mat\u00e9rialit\u00e9 et sa musicalit\u00e9 : sur la page, dans l\u2019espace, dans notre corps. 17h \u2013 \u00ab\u00a0Les Tourbillons\u00a0\u00bb, table ronde autour de Val\u00e8re Novarina, avec Constantin Bobas, Marion Ch\u00e9netier-Alev, C\u00e9line Hersant, Sandrine Le Pors et Fabrice Thumerel. O\u00f9 il s&rsquo;agira de rendre sensibles ces \u00ab\u00a0tourbillons\u00a0\u00bb&#8230; de po\u00e9sie, de peinture et de musique ! O\u00f9 il sera peut-\u00eatre tent\u00e9 une \u00ab\u00a0visite \u00e0 rien\u00a0\u00bb&#8230; Qui sait ? 19h \u2013 \u00ab\u00a0L\u2019esprit respire\u00a0\u00bb \u00ab\u00a0Vidons les hommes \u00a0muettement \u00a0les uns dans les autres : qu&rsquo;ils rejoignent sans langage la musique des choses sans pourquoi\u00a0\u00bb (Le Jeu des ombres, p. 186). Lectures de fragments du Jeu des Ombres et de Lumi\u00e8res du corps\u00a0par Val\u00e8re Novarina. R\u00e9ponses et d\u00e9veloppements du violoncelliste Anssi Karttunen (Finlande), soliste de renomm\u00e9e internationale dont le tr\u00e8s large r\u00e9pertoire est \u00e0 la fois baroque, classique et moderne. \u00c0 lire, voir et \u00e9couter\u00a0: \u2013 Marion Ch\u00e9netier-Alev, Sandrine Le Pors et Fabrice Thumerel dir., Val\u00e8re Novarina : Les Tourbillons de l\u2019\u00e9criture, Hermann, octobre 2020. &#8211; Val\u00e8re Novarina, Le Jeu des Ombres, P.O.L, octobre 2020\u00a0; spectacle mis en sc\u00e8ne par Jean Bellorini, cr\u00e9\u00e9 \u00e0 Avignon le 23 octobre 2020 (reprise de la tourn\u00e9e avant la fin de l&rsquo;ann\u00e9e 2021). &#8211; Gilbert Trolliet,\u00a0Le Fleuve et l\u2019\u00catre, choix de po\u00e8mes (1927-1978), pr\u00e9face d\u2019Alain Borer, postface de Val\u00e8re Novarina, \u00e9dition \u00e9tablie par Jean-Christophe Contini, Mercure de France,\u00a0printemps 2021. &#8211; Magnus Lindberg, Concerto pour violoncelle n\u00b0 2, Ondine, 2016\u00a0: interpr\u00e8tes, Karttunen \/ Lintu. &nbsp;<\/p>\n","protected":false},"author":2,"featured_media":1052,"comment_status":"open","ping_status":"open","sticky":false,"template":"","format":"standard","meta":{"footnotes":""},"categories":[10,2],"tags":[510,387,512,390,391,41,12,176,515,21,173,475,406,407,413,174],"class_list":["post-1051","post","type-post","status-publish","format-standard","has-post-thumbnail","hentry","category-news","category-une","tag-anssi-karttunen","tag-celine-hersant","tag-colloque-de-cerisy-novarina","tag-constantin-bobas","tag-editions-hermann","tag-editions-p-o-l","tag-fabrice-thumerel","tag-gilbert-trolliet","tag-jean-bellorini","tag-marion-chenetier","tag-mercure-de-france","tag-novarina-jeu-des-ombres","tag-novarina-quatre-sens-ecriture","tag-novarina-tourbillons","tag-sandrine-le-pors","tag-valere-novarina"],"post_mailing_queue_ids":[],"_links":{"self":[{"href":"https:\/\/t-pas-net.com\/librCritN\/wp-json\/wp\/v2\/posts\/1051","targetHints":{"allow":["GET"]}}],"collection":[{"href":"https:\/\/t-pas-net.com\/librCritN\/wp-json\/wp\/v2\/posts"}],"about":[{"href":"https:\/\/t-pas-net.com\/librCritN\/wp-json\/wp\/v2\/types\/post"}],"author":[{"embeddable":true,"href":"https:\/\/t-pas-net.com\/librCritN\/wp-json\/wp\/v2\/users\/2"}],"replies":[{"embeddable":true,"href":"https:\/\/t-pas-net.com\/librCritN\/wp-json\/wp\/v2\/comments?post=1051"}],"version-history":[{"count":5,"href":"https:\/\/t-pas-net.com\/librCritN\/wp-json\/wp\/v2\/posts\/1051\/revisions"}],"predecessor-version":[{"id":1059,"href":"https:\/\/t-pas-net.com\/librCritN\/wp-json\/wp\/v2\/posts\/1051\/revisions\/1059"}],"wp:featuredmedia":[{"embeddable":true,"href":"https:\/\/t-pas-net.com\/librCritN\/wp-json\/wp\/v2\/media\/1052"}],"wp:attachment":[{"href":"https:\/\/t-pas-net.com\/librCritN\/wp-json\/wp\/v2\/media?parent=1051"}],"wp:term":[{"taxonomy":"category","embeddable":true,"href":"https:\/\/t-pas-net.com\/librCritN\/wp-json\/wp\/v2\/categories?post=1051"},{"taxonomy":"post_tag","embeddable":true,"href":"https:\/\/t-pas-net.com\/librCritN\/wp-json\/wp\/v2\/tags?post=1051"}],"curies":[{"name":"wp","href":"https:\/\/api.w.org\/{rel}","templated":true}]}}