{"id":1082,"date":"2021-05-30T11:49:30","date_gmt":"2021-05-30T09:49:30","guid":{"rendered":"http:\/\/t-pas-net.com\/librCritN\/?p=1082"},"modified":"2021-05-30T11:49:30","modified_gmt":"2021-05-30T09:49:30","slug":"livre-joel-hubaut-proto-poemes-epidemik","status":"publish","type":"post","link":"https:\/\/t-pas-net.com\/librCritN\/2021\/05\/30\/livre-joel-hubaut-proto-poemes-epidemik\/","title":{"rendered":"[Livre] Jo\u00ebl Hubaut, Proto-po\u00e8mes \u00e9pid\u00e9mik"},"content":{"rendered":"<div>\n<p>Jo\u00ebl HUBAUT, <em><strong>Proto-po\u00e8mes \u00e9pid\u00e9miK<\/strong><\/em>, pr\u00e9face de Fabrice Thumerel et quatri\u00e8me de couverture \u00a0sign\u00e9e Richard Martel, Dernier T\u00e9l\u00e9gramme (Limoges), en librairie depuis mercredi 26 mai 2021, 132 pages, 15 \u20ac, ISBN : 979-10-97146-36-8. [Sinc\u00e8rement, on ne peut que saluer le travail \u00e9ditorial : c\u2019est un magnifique volume !]<\/p>\n<p>&nbsp;<\/p>\n<p style=\"text-align: center;\"><img loading=\"lazy\" decoding=\"async\" class=\"aligncenter size-full wp-image-1038\" src=\"http:\/\/t-pas-net.com\/librCritN\/wp-content\/uploads\/2021\/05\/HubautProtoEpidemiK.jpg\" alt=\"\" width=\"540\" height=\"340\" srcset=\"https:\/\/t-pas-net.com\/librCritN\/wp-content\/uploads\/2021\/05\/HubautProtoEpidemiK.jpg 540w, https:\/\/t-pas-net.com\/librCritN\/wp-content\/uploads\/2021\/05\/HubautProtoEpidemiK-300x189.jpg 300w, https:\/\/t-pas-net.com\/librCritN\/wp-content\/uploads\/2021\/05\/HubautProtoEpidemiK-150x94.jpg 150w, https:\/\/t-pas-net.com\/librCritN\/wp-content\/uploads\/2021\/05\/HubautProtoEpidemiK-366x230.jpg 366w\" sizes=\"auto, (max-width: 540px) 100vw, 540px\" \/><\/p>\n<p>&nbsp;<\/p>\n<p style=\"text-align: justify;\">L\u2019ironie du sort a voulu que la parution en volume d\u2019une extraordinaire s\u00e9rie de cr\u00e9ations transversales compos\u00e9es dans les ann\u00e9es 70 \u2013 essentiellement avant 1978, date \u00e0 laquelle Jo\u00ebl Hubaut est nomm\u00e9 professeur \u00e0 l\u2019\u00c9cole Sup\u00e9rieure d\u2019Arts et M\u00e9dias de Caen (ESAM) \u2013 tombe en pleine crise sanitaire, \u00e9conomique et socioculturelle, c\u2019est-\u00e0-dire au moment m\u00eame o\u00f9 l\u2019\u00e9pid\u00e9mie mondialis\u00e9e a infect\u00e9 notre rapport au monde.<\/p>\n<p style=\"text-align: justify;\"><img loading=\"lazy\" decoding=\"async\" class=\"alignleft size-full wp-image-1091\" src=\"http:\/\/t-pas-net.com\/librCritN\/wp-content\/uploads\/2021\/05\/EpidemiKPage26.jpg\" alt=\"\" width=\"220\" height=\"300\" srcset=\"https:\/\/t-pas-net.com\/librCritN\/wp-content\/uploads\/2021\/05\/EpidemiKPage26.jpg 220w, https:\/\/t-pas-net.com\/librCritN\/wp-content\/uploads\/2021\/05\/EpidemiKPage26-110x150.jpg 110w\" sizes=\"auto, (max-width: 220px) 100vw, 220px\" \/>C\u2019est pr\u00e9cis\u00e9ment en pleine crise \u00e9pid\u00e9mique qu\u2019\u00e9clate la puissance subversive de l\u2019\u00e9pid\u00e9mik, cette attaque contre l\u2019ordre moral (CLOM)<a href=\"applewebdata:\/\/01CCB3BC-F57D-438A-9984-30D16D9FC189#_ftn1\" name=\"_ftnref1\">[1]<\/a>lanc\u00e9e par celui qui se r\u00e9clame du \u00ab\u00a0pest-Moderne\u00a0\u00bb\u00a0: contre les forces r\u00e9ifiantes et homog\u00e9n\u00e9isantes, \u00ab\u00a0<u>l\u2019incoh\u00e9rence vitale anti-ordre<\/u> \/ <strong>infection<\/strong> \/ infection des images dans la langue expans\u00e9e\u00a0\u00bb, un flux po\u00e9tique qui rende compte un tant soit peu des flux de la vie \u2013 telle est aussi la dimension utopid\u00e9mik du projet. Pour ce qui est de sa composante politique, on lira par exemple cette salve\u00a0: \u00ab\u00a0l\u2019\u00e9pid\u00e9mie de r\u00e9sistance combat l\u2019\u00e9pid\u00e9mie de domination s\u00e9rielle du mim\u00e9tisme obligatoire dans le pullulement de masse des profusions standards, \u00e9pid\u00e9mie d\u2019exploitations, culture de contr\u00f4le, diktat\u00a0\u00bb\u2026<\/p>\n<p style=\"text-align: justify;\">Gr\u00e2ce \u00e0 l\u2019heureuse initiative du Dernier T\u00e9l\u00e9gramme, dans le m\u00eame temps que prend fin la republication s\u00e9rialis\u00e9e sur la revue en ligne <a href=\"http:\/\/t-pas-net.com\/librCritN\/2021\/05\/08\/creation-joel-hubaut-epidemik-29\/\"><strong><em>Libr-critique.com<\/em><\/strong><\/a>, tous les esprits curieux pourront disposer d\u2019un objet artistique d\u00e9concertant et bouillonnant, dot\u00e9 d\u2019une rare vie singuli\u00e8re \u2013 avec en prime quelques in\u00e9dits.<\/p>\n<p style=\"text-align: right;\">(Fabrice Thumerel, \u00ab\u00a0La R\u00e9volution \u00e9pid\u00e9miK\u00a0\u00bb,<br \/>\nextraits de la pr\u00e9face, p. 9-10).<\/p>\n<p style=\"text-align: justify;\">[1] Cf. Philippe Boisnard, <em><strong>INTER-ACTION C.L.O.M.<\/strong><\/em>, Le Clou dans le fer, 2007.<\/p>\n<p>&nbsp;<\/p>\n<p style=\"text-align: center;\"><em>Par les temps qui courent, n&rsquo;oubliez pas de t\u00e9l\u00e9charger ci-dessous le seul pass qui vaille&#8230;<\/em><\/p>\n<\/div>\n<p><img loading=\"lazy\" decoding=\"async\" class=\"size-full wp-image-1089 aligncenter\" src=\"http:\/\/t-pas-net.com\/librCritN\/wp-content\/uploads\/2021\/05\/CarteEpidemiK.jpg\" alt=\"\" width=\"540\" height=\"700\" srcset=\"https:\/\/t-pas-net.com\/librCritN\/wp-content\/uploads\/2021\/05\/CarteEpidemiK.jpg 540w, https:\/\/t-pas-net.com\/librCritN\/wp-content\/uploads\/2021\/05\/CarteEpidemiK-231x300.jpg 231w, https:\/\/t-pas-net.com\/librCritN\/wp-content\/uploads\/2021\/05\/CarteEpidemiK-116x150.jpg 116w, https:\/\/t-pas-net.com\/librCritN\/wp-content\/uploads\/2021\/05\/CarteEpidemiK-366x474.jpg 366w\" sizes=\"auto, (max-width: 540px) 100vw, 540px\" \/><\/p>\n<div><\/div>\n<div class=\"yiv8982946351\" style=\"text-align: justify;\"><strong><span style=\"background-color: #ffff00;\">Quatri\u00e8me de couverture<\/span>.\u00a0<\/strong>Jo\u00ebl Hubaut est pand\u00e9mique et cette publication t\u00e9moigne d&rsquo; un engagement \u00e9pid\u00e9mique totalisant ; une invective et une incantation par toutes cat\u00e9gories de<img loading=\"lazy\" decoding=\"async\" class=\"alignright size-full wp-image-1085\" src=\"http:\/\/t-pas-net.com\/librCritN\/wp-content\/uploads\/2021\/05\/EpidemiKMisePage.jpg\" alt=\"\" width=\"220\" height=\"300\" srcset=\"https:\/\/t-pas-net.com\/librCritN\/wp-content\/uploads\/2021\/05\/EpidemiKMisePage.jpg 220w, https:\/\/t-pas-net.com\/librCritN\/wp-content\/uploads\/2021\/05\/EpidemiKMisePage-110x150.jpg 110w\" sizes=\"auto, (max-width: 220px) 100vw, 220px\" \/> langage ; contre toutes normes donc et en processus cr\u00e9atif pulv\u00e9risant nos habitudes dans un spectre de connaissance et visant, par des tourbillons de mots, \u00e0 soumettre la logique \u00e0 sa capacit\u00e9 de cr\u00e9ation, ici dans tous les sens.<\/div>\n<div class=\"yiv8982946351\" style=\"text-align: justify;\">Une all\u00e9gorie dans l&rsquo; \u00e9nonc\u00e9, une source de renouvellement ; c&rsquo;est inclus dans cette proposition utilisant les images, constats d&rsquo;actions comme des expressions langagi\u00e8res en continuelle construction. C&rsquo;est un imaginaire d\u00e9brid\u00e9 et une contribution originale et fondamentalement jouissive ; comme il se doit avec toute proposition en actes !<\/div>\n<div class=\"yiv8982946351\" style=\"text-align: justify;\">Ici le langage est avec les productions performatives et icono-visuelles au confinement de la r\u00e9ception ; un phare heureusement producteur dans l&rsquo;obscurit\u00e9 de la pens\u00e9e acad\u00e9mico-castratrice limitative et orient\u00e9e.<\/div>\n<div class=\"yiv8982946351\" style=\"text-align: justify;\">Une pure conception de l\u2019esprit lib\u00e9r\u00e9e des contraintes de toutes sortes ; une pulsion affirmative en extension dynamique ! \/Richard Martel\/<\/div>\n<div><\/div>\n","protected":false},"excerpt":{"rendered":"<p>Jo\u00ebl HUBAUT, Proto-po\u00e8mes \u00e9pid\u00e9miK, pr\u00e9face de Fabrice Thumerel et quatri\u00e8me de couverture \u00a0sign\u00e9e Richard Martel, Dernier T\u00e9l\u00e9gramme (Limoges), en librairie depuis mercredi 26 mai 2021, 132 pages, 15 \u20ac, ISBN : 979-10-97146-36-8. [Sinc\u00e8rement, on ne peut que saluer le travail \u00e9ditorial : c\u2019est un magnifique volume !] &nbsp; &nbsp; L\u2019ironie du sort a voulu que la parution en volume d\u2019une extraordinaire s\u00e9rie de cr\u00e9ations transversales compos\u00e9es dans les ann\u00e9es 70 \u2013 essentiellement avant 1978, date \u00e0 laquelle Jo\u00ebl Hubaut est nomm\u00e9 professeur \u00e0 l\u2019\u00c9cole Sup\u00e9rieure d\u2019Arts et M\u00e9dias de Caen (ESAM) \u2013 tombe en pleine crise sanitaire, \u00e9conomique et socioculturelle, c\u2019est-\u00e0-dire au moment m\u00eame o\u00f9 l\u2019\u00e9pid\u00e9mie mondialis\u00e9e a infect\u00e9 notre rapport au monde. C\u2019est pr\u00e9cis\u00e9ment en pleine crise \u00e9pid\u00e9mique qu\u2019\u00e9clate la puissance subversive de l\u2019\u00e9pid\u00e9mik, cette attaque contre l\u2019ordre moral (CLOM)[1]lanc\u00e9e par celui qui se r\u00e9clame du \u00ab\u00a0pest-Moderne\u00a0\u00bb\u00a0: contre les forces r\u00e9ifiantes et homog\u00e9n\u00e9isantes, \u00ab\u00a0l\u2019incoh\u00e9rence vitale anti-ordre \/ infection \/ infection des images dans la langue expans\u00e9e\u00a0\u00bb, un flux po\u00e9tique qui rende compte un tant soit peu des flux de la vie \u2013 telle est aussi la dimension utopid\u00e9mik du projet. Pour ce qui est de sa composante politique, on lira par exemple cette salve\u00a0: \u00ab\u00a0l\u2019\u00e9pid\u00e9mie de r\u00e9sistance combat l\u2019\u00e9pid\u00e9mie de domination s\u00e9rielle du mim\u00e9tisme obligatoire dans le pullulement de masse des profusions standards, \u00e9pid\u00e9mie d\u2019exploitations, culture de contr\u00f4le, diktat\u00a0\u00bb\u2026 Gr\u00e2ce \u00e0 l\u2019heureuse initiative du Dernier T\u00e9l\u00e9gramme, dans le m\u00eame temps que prend fin la republication s\u00e9rialis\u00e9e sur la revue en ligne Libr-critique.com, tous les esprits curieux pourront disposer d\u2019un objet artistique d\u00e9concertant et bouillonnant, dot\u00e9 d\u2019une rare vie singuli\u00e8re \u2013 avec en prime quelques in\u00e9dits. (Fabrice Thumerel, \u00ab\u00a0La R\u00e9volution \u00e9pid\u00e9miK\u00a0\u00bb, extraits de la pr\u00e9face, p. 9-10). [1] Cf. Philippe Boisnard, INTER-ACTION C.L.O.M., Le Clou dans le fer, 2007. &nbsp; Par les temps qui courent, n&rsquo;oubliez pas de t\u00e9l\u00e9charger ci-dessous le seul pass qui vaille&#8230; Quatri\u00e8me de couverture.\u00a0Jo\u00ebl Hubaut est pand\u00e9mique et cette publication t\u00e9moigne d&rsquo; un engagement \u00e9pid\u00e9mique totalisant ; une invective et une incantation par toutes cat\u00e9gories de langage ; contre toutes normes donc et en processus cr\u00e9atif pulv\u00e9risant nos habitudes dans un spectre de connaissance et visant, par des tourbillons de mots, \u00e0 soumettre la logique \u00e0 sa capacit\u00e9 de cr\u00e9ation, ici dans tous les sens. Une all\u00e9gorie dans l&rsquo; \u00e9nonc\u00e9, une source de renouvellement ; c&rsquo;est inclus dans cette proposition utilisant les images, constats d&rsquo;actions comme des expressions langagi\u00e8res en continuelle construction. C&rsquo;est un imaginaire d\u00e9brid\u00e9 et une contribution originale et fondamentalement jouissive ; comme il se doit avec toute proposition en actes ! Ici le langage est avec les productions performatives et icono-visuelles au confinement de la r\u00e9ception ; un phare heureusement producteur dans l&rsquo;obscurit\u00e9 de la pens\u00e9e acad\u00e9mico-castratrice limitative et orient\u00e9e. Une pure conception de l\u2019esprit lib\u00e9r\u00e9e des contraintes de toutes sortes ; une pulsion affirmative en extension dynamique ! \/Richard Martel\/<\/p>\n","protected":false},"author":2,"featured_media":1093,"comment_status":"open","ping_status":"open","sticky":false,"template":"","format":"standard","meta":{"footnotes":""},"categories":[7,10],"tags":[667,12,58,59,60,1084,1083],"class_list":["post-1082","post","type-post","status-publish","format-standard","has-post-thumbnail","hentry","category-livres-recus","category-news","tag-editions-dernier-telegramme","tag-fabrice-thumerel","tag-hubaut-epidemik","tag-joel-hubaut","tag-philippe-boisnard","tag-revolution-epidemik","tag-richard-martel"],"post_mailing_queue_ids":[],"_links":{"self":[{"href":"https:\/\/t-pas-net.com\/librCritN\/wp-json\/wp\/v2\/posts\/1082","targetHints":{"allow":["GET"]}}],"collection":[{"href":"https:\/\/t-pas-net.com\/librCritN\/wp-json\/wp\/v2\/posts"}],"about":[{"href":"https:\/\/t-pas-net.com\/librCritN\/wp-json\/wp\/v2\/types\/post"}],"author":[{"embeddable":true,"href":"https:\/\/t-pas-net.com\/librCritN\/wp-json\/wp\/v2\/users\/2"}],"replies":[{"embeddable":true,"href":"https:\/\/t-pas-net.com\/librCritN\/wp-json\/wp\/v2\/comments?post=1082"}],"version-history":[{"count":5,"href":"https:\/\/t-pas-net.com\/librCritN\/wp-json\/wp\/v2\/posts\/1082\/revisions"}],"predecessor-version":[{"id":1094,"href":"https:\/\/t-pas-net.com\/librCritN\/wp-json\/wp\/v2\/posts\/1082\/revisions\/1094"}],"wp:featuredmedia":[{"embeddable":true,"href":"https:\/\/t-pas-net.com\/librCritN\/wp-json\/wp\/v2\/media\/1093"}],"wp:attachment":[{"href":"https:\/\/t-pas-net.com\/librCritN\/wp-json\/wp\/v2\/media?parent=1082"}],"wp:term":[{"taxonomy":"category","embeddable":true,"href":"https:\/\/t-pas-net.com\/librCritN\/wp-json\/wp\/v2\/categories?post=1082"},{"taxonomy":"post_tag","embeddable":true,"href":"https:\/\/t-pas-net.com\/librCritN\/wp-json\/wp\/v2\/tags?post=1082"}],"curies":[{"name":"wp","href":"https:\/\/api.w.org\/{rel}","templated":true}]}}