{"id":1201,"date":"2021-06-13T21:06:54","date_gmt":"2021-06-13T19:06:54","guid":{"rendered":"http:\/\/t-pas-net.com\/librCritN\/?p=1201"},"modified":"2021-06-14T20:34:31","modified_gmt":"2021-06-14T18:34:31","slug":"news-news-du-dimanche-32","status":"publish","type":"post","link":"https:\/\/t-pas-net.com\/librCritN\/2021\/06\/13\/news-news-du-dimanche-32\/","title":{"rendered":"[News] News du dimanche"},"content":{"rendered":"<p>Que de l&rsquo;extraordinaire en ce 2e dimanche de juin : c\u00f4t\u00e9 \u00e9v\u00e9nement, c\u00f4t\u00e9 livres re\u00e7us et c\u00f4t\u00e9 aventure d&rsquo;Ovaine&#8230;<\/p>\n<p>&nbsp;<\/p>\n<p style=\"text-align: center;\"><span style=\"background-color: #ff0000; color: #ffffff;\"><strong>Libr-\u00e9v\u00e9nement en UNE<\/strong><\/span><\/p>\n<p><center><b>La collection \u00ab Pli \u00bb des Presses du r\u00e9el<\/b><\/center><\/p>\n<p style=\"text-align: center;\">Avec des lectures et interventions de<br \/>\n<b>Jean-Marie Gleize<\/b>, <b>Sarah K\u00e9ryna<\/b>, <b>Daniel Pozner<\/b> et <b>Justin Delareux<\/b><\/p>\n<p style=\"text-align: center;\"><span style=\"background-color: #ffff00;\"><b>Le samedi 19 juin \u00e0 15h, Cipm<\/b><\/span><\/p>\n<p style=\"text-align: justify;\">La collection PLI, cr\u00e9\u00e9e en 2018, est une extension autonome d&rsquo;Al Dante au sein des Presses du r\u00e9el. Elle est dirig\u00e9e par Justin Delareux et Jean-Marie Gleize.<\/p>\n<p style=\"text-align: center;\"><img loading=\"lazy\" decoding=\"async\" class=\"aligncenter size-full wp-image-1217\" src=\"http:\/\/t-pas-net.com\/librCritN\/wp-content\/uploads\/2021\/06\/CipmPLI.jpg\" alt=\"\" width=\"540\" height=\"280\" srcset=\"https:\/\/t-pas-net.com\/librCritN\/wp-content\/uploads\/2021\/06\/CipmPLI.jpg 540w, https:\/\/t-pas-net.com\/librCritN\/wp-content\/uploads\/2021\/06\/CipmPLI-300x156.jpg 300w, https:\/\/t-pas-net.com\/librCritN\/wp-content\/uploads\/2021\/06\/CipmPLI-150x78.jpg 150w, https:\/\/t-pas-net.com\/librCritN\/wp-content\/uploads\/2021\/06\/CipmPLI-366x190.jpg 366w\" sizes=\"auto, (max-width: 540px) 100vw, 540px\" \/><\/p>\n<p>&nbsp;<\/p>\n<p style=\"text-align: center;\"><span style=\"background-color: #ff0000; color: #ffffff;\"><strong>Livres re\u00e7us en mai-juin 2021 \/FT\/<\/strong><\/span><\/p>\n<p style=\"text-align: justify;\"><strong>\u25ba\u00a0<\/strong>V\u00e9ronique BERGEN, <em><strong>Ic\u00f4ne H. H\u00e9l\u00e8ne de Troie<\/strong><\/em>, \u00e9ditions Onlit, Bruxelles, 288 pages, 19 \u20ac.<\/p>\n<p style=\"text-align: justify;\"><span style=\"background-color: #ffff00;\"><strong>Pr\u00e9sentation \u00e9ditoriale.<\/strong><\/span> <em><strong>Ic\u00f4ne H.<\/strong><\/em> projette au 21e si\u00e8cle la l\u00e9gendaire H\u00e9l\u00e8ne, la \u00ab plus belle<img loading=\"lazy\" decoding=\"async\" class=\"alignright wp-image-1206\" src=\"http:\/\/t-pas-net.com\/librCritN\/wp-content\/uploads\/2021\/06\/BergenHelene.jpg\" alt=\"\" width=\"130\" height=\"202\" srcset=\"https:\/\/t-pas-net.com\/librCritN\/wp-content\/uploads\/2021\/06\/BergenHelene.jpg 180w, https:\/\/t-pas-net.com\/librCritN\/wp-content\/uploads\/2021\/06\/BergenHelene-96x150.jpg 96w\" sizes=\"auto, (max-width: 130px) 100vw, 130px\" \/> femme du monde \u00bb dont l\u2019enl\u00e8vement par P\u00e2ris provoqua la guerre de Troie. S\u00e9ductrice compulsive, elle \u00e9l\u00e8ve au rang d\u2019art son odyss\u00e9e dans les plaisirs, son g\u00e9nie de l\u2019\u00e9rotisme.<\/p>\n<p style=\"text-align: justify;\"><span style=\"background-color: #ffff00;\"><strong>Libr-commentaire.<\/strong><\/span> <em>Enchantement et poison<\/em>, dans cette nouvelle fantasmagorie que l&rsquo;on peut encore qualifier de \u00ab\u00a0biofiction\u00a0\u00bb, H\u00e9l\u00e8ne est s\u0153ur d&rsquo;<a href=\"http:\/\/www.t-pas-net.com\/libr-critique\/chronique-veronique-bergen-edie-danse-dicare\/\">Eddie Sedgwick<\/a>, <a href=\"http:\/\/www.t-pas-net.com\/libr-critique\/chronique-veronique-bergen-mm-marilyn-au-miroir\/\">Marylin Monroe<\/a> et <a href=\"http:\/\/www.t-pas-net.com\/libr-critique\/entretien-a-propos-de-janis-joplin-entretien-de-veronique-bergen-avec-emmanuele-jawad\/\">Janis Joplin<\/a>&#8230; Une \u00e9criture bouillonnante nous plonge entre Eros et Thanatos&#8230;<\/p>\n<p>&nbsp;<\/p>\n<p style=\"text-align: justify;\"><strong>\u25ba\u00a0<\/strong>Hermine KARAGHEUZ, <em><strong>Roger Blin, une dette d&rsquo;amour<\/strong><\/em>, postface de Val\u00e8re Novarina : \u00ab\u00a0Recevoir la parole pour entendre\u00a0\u00bb, \u00e9ditions Ypsilon, en librairie depuis le 4 juin, 112 pages, 15 \u20ac.<\/p>\n<p style=\"text-align: justify;\"><strong><span style=\"background-color: #ffff00;\">Pr\u00e9sentation \u00e9ditoriale.<\/span>\u00a0<\/strong>Hermine Karagheuz raconte les derniers jours du com\u00e9dien et<img loading=\"lazy\" decoding=\"async\" class=\"alignright size-full wp-image-1225\" src=\"http:\/\/t-pas-net.com\/librCritN\/wp-content\/uploads\/2021\/06\/BlinHermineValere.jpg\" alt=\"\" width=\"200\" height=\"295\" srcset=\"https:\/\/t-pas-net.com\/librCritN\/wp-content\/uploads\/2021\/06\/BlinHermineValere.jpg 200w, https:\/\/t-pas-net.com\/librCritN\/wp-content\/uploads\/2021\/06\/BlinHermineValere-102x150.jpg 102w\" sizes=\"auto, (max-width: 200px) 100vw, 200px\" \/> metteur en sc\u00e8ne Roger Blin et \u00e9voque des souvenirs de leur vie commune. De l&rsquo;enregistrement de \u00ab\u00a0Pour en finir avec le jugement de Dieu\u00a0\u00bb d&rsquo;Artaud \u00e0 son r\u00f4le dans Le Corbeau d&rsquo;Henri-Georges Clouzeau jusqu&rsquo;\u00e0 ses derni\u00e8res semaines en passant par mai 1968, l&rsquo;hypoth\u00e8se de l&rsquo;auteure est que l&rsquo;on meurt comme on a v\u00e9cu.<\/p>\n<p style=\"text-align: justify;\"><strong><span style=\"background-color: #ffff00;\">Libr-commentaire.<\/span>\u00a0<\/strong>Un t\u00e9moignage haut en couleur sur un qui \u00ab\u00a0marche universel\u00a0\u00bb (combien en reste-t-il aujourd&rsquo;hui de cette trempe ?), suivi par une postface qui rend hommage au \u00ab\u00a0parfait <em>rythmicien<\/em>\u00a0\u00bb pass\u00e9 ma\u00eetre dans l&rsquo;art d&rsquo;<em>inconstruire<\/em> et sensible \u00e0 la <em>fulguration<\/em>.<\/p>\n<p>&nbsp;<\/p>\n<p style=\"text-align: justify;\"><strong>\u25ba\u00a0<\/strong>Claude MINI\u00c8RE, <strong><em>Comment peut-on \u00eatre cart\u00e9sien ?<\/em><\/strong>, \u00e9ditions Tituli, 88 pages, 14 \u20ac.<\/p>\n<p style=\"text-align: justify;\"><strong><span style=\"background-color: #ffff00;\">Pr\u00e9sentation \u00e9ditoriale.<\/span>\u00a0<\/strong>Alors que l&rsquo;on parle d&rsquo;esprit cart\u00e9sien, de syst\u00e8me cart\u00e9sien, les \u00e9crits de Descartes ne posent pas un \u00e9difice stable ni clos, leurs conqu\u00eates sont mouvantes,<img loading=\"lazy\" decoding=\"async\" class=\"alignright wp-image-1222\" src=\"http:\/\/t-pas-net.com\/librCritN\/wp-content\/uploads\/2021\/06\/MiniereDescartes.jpg\" alt=\"\" width=\"220\" height=\"330\" srcset=\"https:\/\/t-pas-net.com\/librCritN\/wp-content\/uploads\/2021\/06\/MiniereDescartes.jpg 200w, https:\/\/t-pas-net.com\/librCritN\/wp-content\/uploads\/2021\/06\/MiniereDescartes-100x150.jpg 100w\" sizes=\"auto, (max-width: 220px) 100vw, 220px\" \/> inqui\u00e8tes, travers\u00e9es de contradictions et retouches. Bataille &#8211; peut-\u00eatre le meilleur lecteur de Descartes &#8211; dira qu&rsquo;il a eu une intuition non-subordonn\u00e9e qu&rsquo;il a tent\u00e9 de domestiquer en la soumettant \u00e0 des principes. Comment peut-on \u00eatre cart\u00e9sien ? En le voyant raisonner, m\u00e9diter, \u00e9crire, sur un th\u00e9\u00e2tre personnel.<\/p>\n<p style=\"text-align: justify;\"><strong><span style=\"background-color: #ffff00;\">Libr-commentaire.<\/span>\u00a0<\/strong>On se serait m\u00eame attendu \u00e0 un adjectif \u00ab\u00a0encore\u00a0\u00bb avant le verbe \u00ab\u00a0\u00eatre\u00a0\u00bb, tant l&rsquo;\u00e9poque semble avoir liquid\u00e9 l&rsquo;h\u00e9ritage du cart\u00e9sianisme comme des Lumi\u00e8res&#8230; Avec intelligence et clart\u00e9, Claude Mini\u00e8re nous pr\u00e9sente un <em>autre<\/em> Descartes, faisant tourbillonner des aspects inattendus de l&rsquo;illustre philosophe : \u00ab On a fait du philosophe (qu&rsquo;on ne lit plus) une figure imposante ; majestueuse, certes, mais \u00ab\u00a0pass\u00e9e\u00a0\u00bb, d&rsquo;arri\u00e8re-plan. Et pourtant, parfois, une figure vivante se rapproche&#8230; Qu&rsquo;avait-il encore \u00e0 dire ?\u00a0\u00bb (p. 57).<\/p>\n<p>&nbsp;<\/p>\n<p style=\"text-align: justify;\"><strong>\u25ba\u00a0<\/strong>NATYOT, <em><strong>Ils &#8211;\u00a0d\u00e9faut de langue<\/strong><\/em>, \u00e9ditions de la Boucherie litt\u00e9raire, Visan (84), coll. \u00ab\u00a0Sur le billot\u00a0\u00bb, en librairie depuis le 4 juin, 84 pages, 14 \u20ac.<\/p>\n<p style=\"text-align: justify;\"><strong><span style=\"background-color: #ffff00;\">Quatri\u00e8me de couverture.<\/span><\/strong> Ces textes rassemblent une grande partie des activit\u00e9s que nous menons ensemble. C&rsquo;est un regard sans jugement, une description chirurgicale et minimaliste<img loading=\"lazy\" decoding=\"async\" class=\"alignright size-full wp-image-1203\" src=\"http:\/\/t-pas-net.com\/librCritN\/wp-content\/uploads\/2021\/06\/Natyot-Ils.jpg\" alt=\"\" width=\"180\" height=\"294\" srcset=\"https:\/\/t-pas-net.com\/librCritN\/wp-content\/uploads\/2021\/06\/Natyot-Ils.jpg 180w, https:\/\/t-pas-net.com\/librCritN\/wp-content\/uploads\/2021\/06\/Natyot-Ils-92x150.jpg 92w\" sizes=\"auto, (max-width: 180px) 100vw, 180px\" \/> de nos moments en commun. Se d\u00e9gage l&rsquo;universalit\u00e9 de nos vies, voire la banalit\u00e9, parfois une tristesse nait, parfois un sourire. Une interrogation sur notre langue termine le recueil, voyons-nous des \u00a0\u00bb elles\u00a0\u00bb dans ces \u00ab\u00a0ils\u00a0\u00bb ?<\/p>\n<p style=\"text-align: justify;\"><strong><span style=\"background-color: #ffff00;\">Libr-commentaire.<\/span>\u00a0<\/strong>Ne vous fiez pas \u00e0 cette quatri\u00e8me banalisante, vous attend, par le biais de listes objectivantes (ARN : Agencements R\u00e9p\u00e9titifs Neutralisants) une vision distanci\u00e9e et critique de nos vies absurdes (humour jaune). Par exemple, fin d&rsquo;enterrement, une chute qui n&rsquo;a jamais si bien port\u00e9 son nom : \u00ab\u00a0les plus tristes se retrouvent pour un bon repas \/ ils parlent enfin \/ de choses mat\u00e9rielles\u00a0\u00bb&#8230;<\/p>\n<p>&nbsp;<\/p>\n<p style=\"text-align: center;\"><span style=\"background-color: #ff0000; color: #ffffff;\"><strong>Les nouvelles aventures d&rsquo;Ovaine \/Tristan Felix\/<\/strong><\/span><\/p>\n<div style=\"text-align: justify;\">Il est grand temps de faire vinaigre, urge Ovaine, en \u00e9cartant ses doigts qu&rsquo;elle a tr\u00e8s innombrables&#8230;<br \/>\n<img loading=\"lazy\" decoding=\"async\" class=\"alignleft size-full wp-image-1209\" src=\"http:\/\/t-pas-net.com\/librCritN\/wp-content\/uploads\/2021\/06\/OvainePetit.jpg\" alt=\"\" width=\"210\" height=\"290\" srcset=\"https:\/\/t-pas-net.com\/librCritN\/wp-content\/uploads\/2021\/06\/OvainePetit.jpg 210w, https:\/\/t-pas-net.com\/librCritN\/wp-content\/uploads\/2021\/06\/OvainePetit-109x150.jpg 109w\" sizes=\"auto, (max-width: 210px) 100vw, 210px\" \/>Alors, d&rsquo;un coup sec sur son frein \u00e0 main, elle ex\u00e9cute un t\u00eate \u00e0 queue spectaculaire.<\/div>\n<div style=\"text-align: justify;\"><\/div>\n<div style=\"text-align: justify;\">Le temps en tombe \u00e0 la renverse. Dans un travelling arri\u00e8re au ralenti, on l&rsquo;entend qui appelle \u00e0 l&rsquo;aide.<\/div>\n<div style=\"text-align: justify;\"><\/div>\n<div style=\"text-align: justify;\">Ovaine sort de son v\u00e9hicule \u00e0 la vitesse de l&rsquo;ombre puis se penche sur la victime&#8230; dont l&rsquo;heure est arriv\u00e9e.<\/div>\n<div style=\"text-align: justify;\"><\/div>\n<div style=\"text-align: justify;\">Mais, assist\u00e9e de son loup gr\u00eale toujours en avance d&rsquo;un retard, elle op\u00e8re illico sur place.<\/div>\n<div style=\"text-align: justify;\"><\/div>\n<div id=\"yiv1019006864yMail_cursorElementTracker_1623610637801\" style=\"text-align: justify;\">Le temps, redevenu intemporel, affiche d\u00e9sormais complet.<\/div>\n","protected":false},"excerpt":{"rendered":"<p>Que de l&rsquo;extraordinaire en ce 2e dimanche de juin : c\u00f4t\u00e9 \u00e9v\u00e9nement, c\u00f4t\u00e9 livres re\u00e7us et c\u00f4t\u00e9 aventure d&rsquo;Ovaine&#8230; &nbsp; Libr-\u00e9v\u00e9nement en UNE La collection \u00ab Pli \u00bb des Presses du r\u00e9el Avec des lectures et interventions de Jean-Marie Gleize, Sarah K\u00e9ryna, Daniel Pozner et Justin Delareux Le samedi 19 juin \u00e0 15h, Cipm La collection PLI, cr\u00e9\u00e9e en 2018, est une extension autonome d&rsquo;Al Dante au sein des Presses du r\u00e9el. Elle est dirig\u00e9e par Justin Delareux et Jean-Marie Gleize. &nbsp; Livres re\u00e7us en mai-juin 2021 \/FT\/ \u25ba\u00a0V\u00e9ronique BERGEN, Ic\u00f4ne H. H\u00e9l\u00e8ne de Troie, \u00e9ditions Onlit, Bruxelles, 288 pages, 19 \u20ac. Pr\u00e9sentation \u00e9ditoriale. Ic\u00f4ne H. projette au 21e si\u00e8cle la l\u00e9gendaire H\u00e9l\u00e8ne, la \u00ab plus belle femme du monde \u00bb dont l\u2019enl\u00e8vement par P\u00e2ris provoqua la guerre de Troie. S\u00e9ductrice compulsive, elle \u00e9l\u00e8ve au rang d\u2019art son odyss\u00e9e dans les plaisirs, son g\u00e9nie de l\u2019\u00e9rotisme. Libr-commentaire. Enchantement et poison, dans cette nouvelle fantasmagorie que l&rsquo;on peut encore qualifier de \u00ab\u00a0biofiction\u00a0\u00bb, H\u00e9l\u00e8ne est s\u0153ur d&rsquo;Eddie Sedgwick, Marylin Monroe et Janis Joplin&#8230; Une \u00e9criture bouillonnante nous plonge entre Eros et Thanatos&#8230; &nbsp; \u25ba\u00a0Hermine KARAGHEUZ, Roger Blin, une dette d&rsquo;amour, postface de Val\u00e8re Novarina : \u00ab\u00a0Recevoir la parole pour entendre\u00a0\u00bb, \u00e9ditions Ypsilon, en librairie depuis le 4 juin, 112 pages, 15 \u20ac. Pr\u00e9sentation \u00e9ditoriale.\u00a0Hermine Karagheuz raconte les derniers jours du com\u00e9dien et metteur en sc\u00e8ne Roger Blin et \u00e9voque des souvenirs de leur vie commune. De l&rsquo;enregistrement de \u00ab\u00a0Pour en finir avec le jugement de Dieu\u00a0\u00bb d&rsquo;Artaud \u00e0 son r\u00f4le dans Le Corbeau d&rsquo;Henri-Georges Clouzeau jusqu&rsquo;\u00e0 ses derni\u00e8res semaines en passant par mai 1968, l&rsquo;hypoth\u00e8se de l&rsquo;auteure est que l&rsquo;on meurt comme on a v\u00e9cu. Libr-commentaire.\u00a0Un t\u00e9moignage haut en couleur sur un qui \u00ab\u00a0marche universel\u00a0\u00bb (combien en reste-t-il aujourd&rsquo;hui de cette trempe ?), suivi par une postface qui rend hommage au \u00ab\u00a0parfait rythmicien\u00a0\u00bb pass\u00e9 ma\u00eetre dans l&rsquo;art d&rsquo;inconstruire et sensible \u00e0 la fulguration. &nbsp; \u25ba\u00a0Claude MINI\u00c8RE, Comment peut-on \u00eatre cart\u00e9sien ?, \u00e9ditions Tituli, 88 pages, 14 \u20ac. Pr\u00e9sentation \u00e9ditoriale.\u00a0Alors que l&rsquo;on parle d&rsquo;esprit cart\u00e9sien, de syst\u00e8me cart\u00e9sien, les \u00e9crits de Descartes ne posent pas un \u00e9difice stable ni clos, leurs conqu\u00eates sont mouvantes, inqui\u00e8tes, travers\u00e9es de contradictions et retouches. Bataille &#8211; peut-\u00eatre le meilleur lecteur de Descartes &#8211; dira qu&rsquo;il a eu une intuition non-subordonn\u00e9e qu&rsquo;il a tent\u00e9 de domestiquer en la soumettant \u00e0 des principes. Comment peut-on \u00eatre cart\u00e9sien ? En le voyant raisonner, m\u00e9diter, \u00e9crire, sur un th\u00e9\u00e2tre personnel. Libr-commentaire.\u00a0On se serait m\u00eame attendu \u00e0 un adjectif \u00ab\u00a0encore\u00a0\u00bb avant le verbe \u00ab\u00a0\u00eatre\u00a0\u00bb, tant l&rsquo;\u00e9poque semble avoir liquid\u00e9 l&rsquo;h\u00e9ritage du cart\u00e9sianisme comme des Lumi\u00e8res&#8230; Avec intelligence et clart\u00e9, Claude Mini\u00e8re nous pr\u00e9sente un autre Descartes, faisant tourbillonner des aspects inattendus de l&rsquo;illustre philosophe : \u00ab On a fait du philosophe (qu&rsquo;on ne lit plus) une figure imposante ; majestueuse, certes, mais \u00ab\u00a0pass\u00e9e\u00a0\u00bb, d&rsquo;arri\u00e8re-plan. Et pourtant, parfois, une figure vivante se rapproche&#8230; Qu&rsquo;avait-il encore \u00e0 dire ?\u00a0\u00bb (p. 57). &nbsp; \u25ba\u00a0NATYOT, Ils &#8211;\u00a0d\u00e9faut de langue, \u00e9ditions de la Boucherie litt\u00e9raire, Visan (84), coll. \u00ab\u00a0Sur le billot\u00a0\u00bb, en librairie depuis le 4 juin, 84 pages, 14 \u20ac. Quatri\u00e8me de couverture. Ces textes rassemblent une grande partie des activit\u00e9s que nous menons ensemble. C&rsquo;est un regard sans jugement, une description chirurgicale et minimaliste de nos moments en commun. Se d\u00e9gage l&rsquo;universalit\u00e9 de nos vies, voire la banalit\u00e9, parfois une tristesse nait, parfois un sourire. Une interrogation sur notre langue termine le recueil, voyons-nous des \u00a0\u00bb elles\u00a0\u00bb dans ces \u00ab\u00a0ils\u00a0\u00bb ? Libr-commentaire.\u00a0Ne vous fiez pas \u00e0 cette quatri\u00e8me banalisante, vous attend, par le biais de listes objectivantes (ARN : Agencements R\u00e9p\u00e9titifs Neutralisants) une vision distanci\u00e9e et critique de nos vies absurdes (humour jaune). Par exemple, fin d&rsquo;enterrement, une chute qui n&rsquo;a jamais si bien port\u00e9 son nom : \u00ab\u00a0les plus tristes se retrouvent pour un bon repas \/ ils parlent enfin \/ de choses mat\u00e9rielles\u00a0\u00bb&#8230; &nbsp; Les nouvelles aventures d&rsquo;Ovaine \/Tristan Felix\/ Il est grand temps de faire vinaigre, urge Ovaine, en \u00e9cartant ses doigts qu&rsquo;elle a tr\u00e8s innombrables&#8230; Alors, d&rsquo;un coup sec sur son frein \u00e0 main, elle ex\u00e9cute un t\u00eate \u00e0 queue spectaculaire. Le temps en tombe \u00e0 la renverse. Dans un travelling arri\u00e8re au ralenti, on l&rsquo;entend qui appelle \u00e0 l&rsquo;aide. Ovaine sort de son v\u00e9hicule \u00e0 la vitesse de l&rsquo;ombre puis se penche sur la victime&#8230; dont l&rsquo;heure est arriv\u00e9e. Mais, assist\u00e9e de son loup gr\u00eale toujours en avance d&rsquo;un retard, elle op\u00e8re illico sur place. Le temps, redevenu intemporel, affiche d\u00e9sormais complet.<\/p>\n","protected":false},"author":2,"featured_media":40,"comment_status":"open","ping_status":"open","sticky":false,"template":"","format":"standard","meta":{"footnotes":""},"categories":[7,10,2],"tags":[634,142,270,1112,1113,1117,1120,12,1119,1115,1116,1111,148,453,1118,454,13,174,20],"class_list":["post-1201","post","type-post","status-publish","format-standard","has-post-thumbnail","hentry","category-livres-recus","category-news","category-une","tag-cipm-marseille","tag-claude-miniere","tag-daniel-pozner","tag-editions-la-boucherie-litteraire","tag-editions-onlit","tag-editions-tituli","tag-editions-ypsilon","tag-fabrice-thumerel","tag-hermine-karagheuz","tag-jean-marie-gleize","tag-justin-delareux","tag-natyot","tag-presses-du-reel-al-dante","tag-presses-du-reel-collection-pli","tag-roger-blin","tag-sarah-keryna","tag-tristan-felix","tag-valere-novarina","tag-veronique-bergen"],"post_mailing_queue_ids":[],"_links":{"self":[{"href":"https:\/\/t-pas-net.com\/librCritN\/wp-json\/wp\/v2\/posts\/1201","targetHints":{"allow":["GET"]}}],"collection":[{"href":"https:\/\/t-pas-net.com\/librCritN\/wp-json\/wp\/v2\/posts"}],"about":[{"href":"https:\/\/t-pas-net.com\/librCritN\/wp-json\/wp\/v2\/types\/post"}],"author":[{"embeddable":true,"href":"https:\/\/t-pas-net.com\/librCritN\/wp-json\/wp\/v2\/users\/2"}],"replies":[{"embeddable":true,"href":"https:\/\/t-pas-net.com\/librCritN\/wp-json\/wp\/v2\/comments?post=1201"}],"version-history":[{"count":17,"href":"https:\/\/t-pas-net.com\/librCritN\/wp-json\/wp\/v2\/posts\/1201\/revisions"}],"predecessor-version":[{"id":1227,"href":"https:\/\/t-pas-net.com\/librCritN\/wp-json\/wp\/v2\/posts\/1201\/revisions\/1227"}],"wp:featuredmedia":[{"embeddable":true,"href":"https:\/\/t-pas-net.com\/librCritN\/wp-json\/wp\/v2\/media\/40"}],"wp:attachment":[{"href":"https:\/\/t-pas-net.com\/librCritN\/wp-json\/wp\/v2\/media?parent=1201"}],"wp:term":[{"taxonomy":"category","embeddable":true,"href":"https:\/\/t-pas-net.com\/librCritN\/wp-json\/wp\/v2\/categories?post=1201"},{"taxonomy":"post_tag","embeddable":true,"href":"https:\/\/t-pas-net.com\/librCritN\/wp-json\/wp\/v2\/tags?post=1201"}],"curies":[{"name":"wp","href":"https:\/\/api.w.org\/{rel}","templated":true}]}}