{"id":1415,"date":"2021-08-30T20:47:09","date_gmt":"2021-08-30T18:47:09","guid":{"rendered":"http:\/\/t-pas-net.com\/librCritN\/?p=1415"},"modified":"2021-08-31T22:03:57","modified_gmt":"2021-08-31T20:03:57","slug":"livres-libr-vacance-3","status":"publish","type":"post","link":"https:\/\/t-pas-net.com\/librCritN\/2021\/08\/30\/livres-libr-vacance-3\/","title":{"rendered":"[Livres] Libr-vacance (3)"},"content":{"rendered":"<p>La rentr\u00e9e \/ rentr\u00e9e-litt\u00e9raire n&rsquo;existe pas : <strong><em>LIBR-CRITIQUE<\/em><\/strong> vous invite \u00e0 faire le vide en soi des repr\u00e9sentations dominantes&#8230; Avec CUHEL comme avec tous les RV \u00e0 venir, et aussi la s\u00e9lection de livres que nous n&rsquo;avons encore pu pr\u00e9senter depuis 2020&#8230;<\/p>\n<p>&nbsp;<\/p>\n<p style=\"text-align: center;\"><span style=\"background-color: #ff0000; color: #ffffff;\"><strong>CUHEL :\u00a0<\/strong><strong>Demokratos, la Voix-du-Peuple<\/strong><\/span><\/p>\n<p>Nous les antivax hein<br \/>\non n\u2019est pas dans le p\u00e9trin<br \/>\nil nous prend pour des moins-que-rien<br \/>\nle Mar\u00e9chal Putain<br \/>\non n\u2019est pas des \u00e9toil\u00e9s mais des z\u00e9ros<br \/>\ninterdits de tous restos<br \/>\nnotre seul p\u00e9ch\u00e9<br \/>\nc\u2019est d\u2019affirmer notre libert\u00e9<\/p>\n<p>Demokratos c\u2019est tout gratos<br \/>\non n\u2019est plus des gosses<br \/>\nn\u2019en d\u00e9plaise aux gogos<br \/>\nde la d\u00e9magogocrazy<br \/>\nnous on ne file pas droit<br \/>\nnous on r\u00e9clame nos droits<\/p>\n<p style=\"text-align: right;\">d\u2019\u00eatre sensibles<br \/>\n\u00e0 la circulation virale<br \/>\nl\u00e0 o\u00f9 tout n\u2019est pas net<\/p>\n<p style=\"text-align: right;\">de faire pr\u00e9valoir l\u2019individuel sur le consensuel<br \/>\nle nombril sur le p\u00e9ril<br \/>\nles effets secondaires sur les besoins primaires<\/p>\n<p>&nbsp;<\/p>\n<p style=\"text-align: center;\">\u00c0 chacun sa popote<br \/>\nsa popost-v\u00e9rit\u00e9<br \/>\nGo on<br \/>\net vive Antigone\u00a0!<\/p>\n<p>&nbsp;<\/p>\n<p style=\"text-align: center;\"><span style=\"background-color: #ff0000; color: #ffffff;\"><strong>Libr-br\u00e8ves<\/strong><\/span><\/p>\n<p style=\"text-align: justify;\"><strong>\u25ba\u00a0<\/strong>De l&rsquo;exposition (jusqu&rsquo;au 25 octobre 2021) au <a href=\"https:\/\/www.salondusalon.com\"><strong>livre<\/strong><\/a> : <span style=\"background-color: #ffff00;\"><strong class=\"yiv9462107687\">\u00ab JE VOULAIS M&rsquo;EN ALLER MAIS JE N&rsquo;AI PAS BOUG\u00c9 \u00bb\u00a0\u00a0<\/strong><\/span><br class=\"yiv9462107687\" \/><span style=\"background-color: #ffff00;\"><strong class=\"yiv9462107687\">MARC-ANTOINE SERRA\u00a0<\/strong><\/span><\/p>\n<p style=\"text-align: center;\"><img loading=\"lazy\" decoding=\"async\" class=\"aligncenter size-full wp-image-1541\" src=\"http:\/\/t-pas-net.com\/librCritN\/wp-content\/uploads\/2021\/08\/Serra.jpg\" alt=\"\" width=\"540\" height=\"400\" srcset=\"https:\/\/t-pas-net.com\/librCritN\/wp-content\/uploads\/2021\/08\/Serra.jpg 540w, https:\/\/t-pas-net.com\/librCritN\/wp-content\/uploads\/2021\/08\/Serra-300x222.jpg 300w, https:\/\/t-pas-net.com\/librCritN\/wp-content\/uploads\/2021\/08\/Serra-150x111.jpg 150w, https:\/\/t-pas-net.com\/librCritN\/wp-content\/uploads\/2021\/08\/Serra-366x271.jpg 366w\" sizes=\"auto, (max-width: 540px) 100vw, 540px\" \/><\/p>\n<p style=\"text-align: justify;\"><strong class=\"yiv9462107687\">\u00ab JE VOULAIS M&rsquo;EN ALLER MAIS JE N&rsquo;AI PAS BOUG\u00c9 \u00bb\u00a0\u00a0<\/strong><br class=\"yiv9462107687\" \/><strong class=\"yiv9462107687\">MARC-ANTOINE SERRA\u00a0<\/strong><br class=\"yiv9462107687\" \/>C\u2019est l\u2019\u00e9t\u00e9, SALON DU SALON, Marseille, appartement avenue du Prado. Les personnages s\u2019activent dans diff\u00e9rentes pi\u00e8ces : dormir, se laver, manger, lire. Marc-Antoine Serra les a photographi\u00e9s in situ et les photographies ont \u00e9t\u00e9 expos\u00e9es \u00e0 la fois dans les pi\u00e8ces et dans les chapitres du livre. Le dernier chapitre contient un texte de Jean-Jacques Viton qui se trouve \u00e0 la campagne ; le titre de l\u2019exposition et du livre reprend celui d\u2019un de ses livres publi\u00e9 aux \u00e9ditions P.O.L \/P. Munda\/<\/p>\n<p class=\"yiv9462107687\" style=\"text-align: justify;\"><u class=\"yiv9462107687\">EXPOSITION<\/u><br class=\"yiv9462107687\" \/>\u00a0<br class=\"yiv9462107687\" \/><strong class=\"yiv9462107687\">\u00ab JE VOULAIS M&rsquo;EN ALLER MAIS JE N&rsquo;AI PAS BOUG\u00c9 \u00bb\u00a0\u00a0<\/strong><br class=\"yiv9462107687\" \/><strong class=\"yiv9462107687\">MARC-ANTOINE SERRA\u00a0<\/strong><\/p>\n<p class=\"yiv9462107687\" style=\"text-align: justify;\">PHOTOGRAPHIES DE MARC-ANTOINE SERRA<br class=\"yiv9462107687\" \/>COMMISSARIAT D\u2019EXPOSITION PAR P. MUNDA<\/p>\n<p class=\"yiv9462107687\" style=\"text-align: justify;\"><strong class=\"yiv9462107687\">DU\u00a025 AO\u00dbT AU\u200625 OCTOBRE 2021<\/strong><br class=\"yiv9462107687\" \/>VISITES PUBLIQUES DU JEUDI AU SAMEDI DE\u200616 \u00c0\u200619\u2006H ET SUR RDV<\/p>\n<p class=\"yiv9462107687\" style=\"text-align: justify;\"><strong class=\"yiv9462107687\">OUVERTURE SAMEDI 28 AO\u00dbT DE 19H\u00a0\u00c0\u00a023H59<\/strong><br class=\"yiv9462107687\" \/>DANS LE CADRE DE\u00a0\u201cGALERIE NIGHT\u201d P-A-C<\/p>\n<p class=\"yiv9462107687\" style=\"text-align: justify;\"><strong class=\"yiv9462107687\">VERNISSAGE DIMANCHE 29 AO\u00dbT 12H \u00c0\u00a018H<\/strong><br class=\"yiv9462107687\" \/>EN PR\u00c9SENCE DE L\u2019ARTISTE MARC-ANTOINE SERRA, DU COMMISSAIRE PHILIPPE MUNDA<br class=\"yiv9462107687\" \/>PERFORMANCE AVEC LES MOD\u00c8LES :\u00a0<br class=\"yiv9462107687\" \/>MOUSSA BEN, RODRIGUE BOTOURATSI, ABDEL-SAMAD GUEZOULI ET\u00a0THOMAS MIQUEL<br class=\"yiv9462107687\" \/><br class=\"yiv9462107687\" \/><strong class=\"yiv9462107687\">SAMEDI 25 SEPTEMBRE 2021 \u00c0\u00a020H\u00a0: &lsquo;PROPAGER LE PO\u00c8ME&rsquo;<\/strong><br class=\"yiv9462107687\" \/>LE CIPM CENTRE INTERNATIONAL DE\u00a0PO\u00c9SIE\u00a0AU SALON DU SALON<br class=\"yiv9462107687\" \/>LECTURE D\u2019UN TEXTE\u00a0DE JEAN-JACQUES VITON\u00a0PAR \u00c9RIC HOUSER<\/p>\n<p class=\"yiv9462107687\" style=\"text-align: justify;\"><strong class=\"yiv9462107687\">SALON DU SALON\u00a0<\/strong>21 AVENUE DU PRADO\u00a013006 MARSEILLE\u00a0FRANCE<br class=\"yiv9462107687\" \/>INFO PRESE\u00a0: +33(0)6 50 00 34 51 \u00a0<a class=\"yiv9462107687\" href=\"mailto:EDITION@SALONDUSALON.COM\" target=\"_blank\" rel=\"nofollow noopener noreferrer\">EDITION@SALONDUSALON.COM<\/a><\/p>\n<p>&nbsp;<\/p>\n<p><span style=\"background-color: #ffff00;\"><strong><strong style=\"text-align: justify;\">\u25ba\u00a0<\/strong>Du 8 au 19 septembre, Centre Pompidou Paris<\/strong><\/span>,<span style=\"background-color: #ffff00;\"> <a style=\"background-color: #ffff00;\" href=\"https:\/\/www.centrepompidou.fr\/fr\/programme\/agenda\/evenement\/ixAEl16\"><strong>Festival EXTRA<\/strong><\/a><\/span> !<\/p>\n<p style=\"text-align: justify;\">\u00c0 la Biblioth\u00e8que publique d&rsquo;informations, <a href=\"https:\/\/agenda.bpi.fr\/cycle\/festival-extra-2021\/\"><strong>ateliers d&rsquo;\u00e9criture<\/strong><\/a> avec Sandra Moussemp\u00e8s et Christophe Manon.<\/p>\n<p style=\"text-align: center;\"><img loading=\"lazy\" decoding=\"async\" class=\"aligncenter size-full wp-image-1552\" src=\"http:\/\/t-pas-net.com\/librCritN\/wp-content\/uploads\/2021\/08\/EXTRA2021.jpg\" alt=\"\" width=\"540\" height=\"790\" srcset=\"https:\/\/t-pas-net.com\/librCritN\/wp-content\/uploads\/2021\/08\/EXTRA2021.jpg 540w, https:\/\/t-pas-net.com\/librCritN\/wp-content\/uploads\/2021\/08\/EXTRA2021-205x300.jpg 205w, https:\/\/t-pas-net.com\/librCritN\/wp-content\/uploads\/2021\/08\/EXTRA2021-103x150.jpg 103w, https:\/\/t-pas-net.com\/librCritN\/wp-content\/uploads\/2021\/08\/EXTRA2021-366x535.jpg 366w\" sizes=\"auto, (max-width: 540px) 100vw, 540px\" \/><\/p>\n<p>&nbsp;<\/p>\n<p><strong style=\"text-align: justify;\">\u25ba\u00a0<\/strong><strong style=\"text-align: justify;\"><span style=\"background-color: #ffff00;\">Mercredi 8 septembre \u00e0 20H, SACD Paris<\/span><\/strong><span style=\"background-color: #ffff00;\">\u00a0(11, rue Ballu 75009 Paris)\u00a0<\/span><span style=\"background-color: #ffff00;\">:<\/span><strong style=\"text-align: justify;\"><span style=\"background-color: #ffff00;\"> Anti-th\u00e9\u00e2tre farouche<\/span>&#8230;<\/strong><\/p>\n<p style=\"text-align: justify;\">Entr\u00e9e libre. Une g\u00e9n\u00e9rale qui sera aussi la premi\u00e8re qui sera aussi toutes les suivantes et<img loading=\"lazy\" decoding=\"async\" class=\"alignright size-full wp-image-1536\" src=\"http:\/\/t-pas-net.com\/librCritN\/wp-content\/uploads\/2021\/08\/AntiTheatre.jpg\" alt=\"\" width=\"200\" height=\"300\" srcset=\"https:\/\/t-pas-net.com\/librCritN\/wp-content\/uploads\/2021\/08\/AntiTheatre.jpg 200w, https:\/\/t-pas-net.com\/librCritN\/wp-content\/uploads\/2021\/08\/AntiTheatre-100x150.jpg 100w\" sizes=\"auto, (max-width: 200px) 100vw, 200px\" \/> aucune autre&#8230;<br \/>\n\u00ab\u00a0Je suis l\u2019ennemi du th\u00e9\u00e2tre disait Artaud. Nous aussi. Nous allons donc, apr\u00e8s Antonin Artaud, Isidore Isou, Filippo Tomasso Marinetti, Yves Klein, et les autres, le foudroyer. Nous avons fond\u00e9 un groupe de d\u00e9stabilisation pour mener des actions coups de poing dans le corps du texte.\u00a0\u00bb<\/p>\n<p style=\"text-align: justify;\">Avec Valentina Fago, Jacques Dor, Gael Baron, Elisabeth Doll, Katell Jan, Cyril Bothorel, Antoine Kobi (distribution en cours).<br \/>\nTexte de Garance Dor en collaboration avec Pierre di Sciullo.<br \/>\nR\u00e9servations par email (merci de mentionner votre nom, pr\u00e9nom et le nombre de places) \u00e0 : associationvroum@gmail.com<\/p>\n<p>&nbsp;<\/p>\n<p style=\"text-align: justify;\"><span style=\"background-color: #ffff00;\"><strong>\u25ba Vendredi 10 septembre \u00e0 20H, <a href=\"https:\/\/www.maisondelapoesieparis.com\/events\/soiree-de-lancement-de-la-revue-catastrophes-3\/?fbclid=IwAR2eVxyGjpG6ooDRkIoifE-aMKJZUwD69-buYzXcd-31hvO9I5sZnKKIen0\">Maison de la po\u00e9sie Paris<\/a><\/strong><\/span> : soir\u00e9e de <span style=\"background-color: #ffff00;\"><strong>lancement de la revue <em>Catastrophes<\/em> #3<\/strong><\/span>.<\/p>\n<p style=\"text-align: center;\"><img loading=\"lazy\" decoding=\"async\" class=\"aligncenter size-full wp-image-1543\" src=\"http:\/\/t-pas-net.com\/librCritN\/wp-content\/uploads\/2021\/08\/Revue-Catastrophe3.jpg\" alt=\"\" width=\"540\" height=\"540\" srcset=\"https:\/\/t-pas-net.com\/librCritN\/wp-content\/uploads\/2021\/08\/Revue-Catastrophe3.jpg 540w, https:\/\/t-pas-net.com\/librCritN\/wp-content\/uploads\/2021\/08\/Revue-Catastrophe3-300x300.jpg 300w, https:\/\/t-pas-net.com\/librCritN\/wp-content\/uploads\/2021\/08\/Revue-Catastrophe3-150x150.jpg 150w, https:\/\/t-pas-net.com\/librCritN\/wp-content\/uploads\/2021\/08\/Revue-Catastrophe3-144x144.jpg 144w, https:\/\/t-pas-net.com\/librCritN\/wp-content\/uploads\/2021\/08\/Revue-Catastrophe3-366x366.jpg 366w, https:\/\/t-pas-net.com\/librCritN\/wp-content\/uploads\/2021\/08\/Revue-Catastrophe3-75x75.jpg 75w\" sizes=\"auto, (max-width: 540px) 100vw, 540px\" \/><\/p>\n<p>&nbsp;<\/p>\n<p style=\"text-align: justify;\"><strong>\u25ba <span style=\"background-color: #ffff00;\">Dimanche 12 septembre \u00e0 14H : Revue <a href=\"http:\/\/www.revuevehicule.net\"><em>V\u00c9HICULE<\/em><\/a> au MAD-\u00e9ditions VROUM, fondation <a href=\"https:\/\/www.fondationfiminco.com\/event-fiminco\/mad-multiple-art-days\/\">Fiminco<\/a>\u00a0<\/span><\/strong><span style=\"background-color: #ffff00;\">(Romainville, 93)<\/span><\/p>\n<p style=\"text-align: justify;\">Des lectures perform\u00e9es et des activations avec Yoann Thommerel, Pierre di Sciullo, Garance Dor et Vincent Menu.<\/p>\n<p style=\"text-align: center;\"><img loading=\"lazy\" decoding=\"async\" class=\"aligncenter size-full wp-image-1538\" src=\"http:\/\/t-pas-net.com\/librCritN\/wp-content\/uploads\/2021\/08\/Revue-VEHICULE.jpg\" alt=\"\" width=\"540\" height=\"700\" srcset=\"https:\/\/t-pas-net.com\/librCritN\/wp-content\/uploads\/2021\/08\/Revue-VEHICULE.jpg 540w, https:\/\/t-pas-net.com\/librCritN\/wp-content\/uploads\/2021\/08\/Revue-VEHICULE-231x300.jpg 231w, https:\/\/t-pas-net.com\/librCritN\/wp-content\/uploads\/2021\/08\/Revue-VEHICULE-116x150.jpg 116w, https:\/\/t-pas-net.com\/librCritN\/wp-content\/uploads\/2021\/08\/Revue-VEHICULE-366x474.jpg 366w\" sizes=\"auto, (max-width: 540px) 100vw, 540px\" \/><\/p>\n<p>&nbsp;<\/p>\n<p style=\"text-align: center;\"><span style=\"background-color: #ff0000; color: #ffffff;\"><strong><em>LIBR-CRITIQUE<\/em> attend avec impatience&#8230;<\/strong><\/span><\/p>\n<div dir=\"auto\" style=\"text-align: justify;\">Collection \u00ab\u00a0Al Dante\u00a0\u00bb aux Presses du r\u00e9el : \u00e0 para\u00eetre, septembre-octobre 2021 :<\/div>\n<div dir=\"auto\" style=\"text-align: justify;\">\u2022 Po\u00e9sie (format poche) :<\/div>\n<div dir=\"auto\" style=\"text-align: justify;\">Emmanu\u00e8le Jawad \u2014 \u00ab Interf\u00e9rences \u00bb<\/div>\n<div dir=\"auto\" style=\"text-align: justify;\">Vincent Lafaille \u2014 \u00ab Il a fallu apprendre \u00e0 lire dans le noir \u00bb<\/div>\n<div dir=\"auto\" style=\"text-align: justify;\">Jean-Luc Parant \u2014 \u00ab Soleil des autres \u00bb<\/div>\n<div dir=\"auto\" style=\"text-align: justify;\">\u2022 Essais :<\/div>\n<div dir=\"auto\" style=\"text-align: justify;\">Yoann Sarrat \u2014 \u00ab Phonosophie et corporalit\u00e9 compositionnelle : l\u2019art sonore de fr\u00e9d\u00e9ric Acquaviva \u00bb<\/div>\n<div dir=\"auto\" style=\"text-align: justify;\">Michel Surya \u2014 \u00ab Principes pour une litt\u00e9rature qui empeste \u00bb<\/div>\n<div dir=\"auto\" style=\"text-align: justify;\">\u2022 Art contemporain :<\/div>\n<div dir=\"auto\" style=\"text-align: justify;\">Laurent Marissal \u2014 \u00ab Brecht &amp; Brecht \u00bb<\/div>\n<div dir=\"auto\"><\/div>\n<div dir=\"auto\" style=\"text-align: center;\"><img loading=\"lazy\" decoding=\"async\" class=\"aligncenter size-full wp-image-1547\" src=\"http:\/\/t-pas-net.com\/librCritN\/wp-content\/uploads\/2021\/08\/AD-automne-2021.jpg\" alt=\"\" width=\"540\" height=\"525\" srcset=\"https:\/\/t-pas-net.com\/librCritN\/wp-content\/uploads\/2021\/08\/AD-automne-2021.jpg 540w, https:\/\/t-pas-net.com\/librCritN\/wp-content\/uploads\/2021\/08\/AD-automne-2021-300x292.jpg 300w, https:\/\/t-pas-net.com\/librCritN\/wp-content\/uploads\/2021\/08\/AD-automne-2021-150x146.jpg 150w, https:\/\/t-pas-net.com\/librCritN\/wp-content\/uploads\/2021\/08\/AD-automne-2021-366x356.jpg 366w\" sizes=\"auto, (max-width: 540px) 100vw, 540px\" \/><\/div>\n<p>&nbsp;<\/p>\n<p style=\"text-align: center;\"><span style=\"background-color: #ff0000; color: #ffffff;\"><strong>Libr-6 \/Fabrice Thumerel\/<\/strong><\/span><\/p>\n<p style=\"text-align: justify;\"><strong>\u25ba\u00a0<\/strong>V\u00e9ronique BERGEN, <em><strong>Ic\u00f4ne H. H\u00e9l\u00e8ne de Troie<\/strong><\/em>, \u00e9ditions Onlit, Bruxelles, printemps 2021, 288 pages, 19 \u20ac.<\/p>\n<p style=\"text-align: justify;\"><span style=\"background-color: #ffff00;\"><strong>Pr\u00e9sentation \u00e9ditoriale.<\/strong><span style=\"background-color: #ffffff;\"> <em><strong>Ic\u00f4ne H.<\/strong><\/em><\/span><\/span> projette au 21e si\u00e8cle la l\u00e9gendaire H\u00e9l\u00e8ne, la \u00ab plus belle<img loading=\"lazy\" decoding=\"async\" class=\"alignright wp-image-1206\" src=\"http:\/\/t-pas-net.com\/librCritN\/wp-content\/uploads\/2021\/06\/BergenHelene.jpg\" sizes=\"auto, (max-width: 130px) 100vw, 130px\" srcset=\"http:\/\/t-pas-net.com\/librCritN\/wp-content\/uploads\/2021\/06\/BergenHelene.jpg 180w, http:\/\/t-pas-net.com\/librCritN\/wp-content\/uploads\/2021\/06\/BergenHelene-96x150.jpg 96w\" alt=\"\" width=\"160\" height=\"249\" \/> femme du monde \u00bb dont l\u2019enl\u00e8vement par P\u00e2ris provoqua la guerre de Troie. S\u00e9ductrice compulsive, elle \u00e9l\u00e8ve au rang d\u2019art son odyss\u00e9e dans les plaisirs, son g\u00e9nie de l\u2019\u00e9rotisme.<\/p>\n<p style=\"text-align: justify;\"><span style=\"background-color: #ffff00;\"><strong>Libr-commentaire.<\/strong><\/span> \u00ab\u00a0Je m&rsquo;appelle H\u00e9l\u00e8ne de Troie, je ne suis pas ce que mon nom dit que je suis\u00a0\u00bb&#8230;<br \/>\n<em>Enchantement et poison<\/em>, dans cette nouvelle fantasmagorie que l\u2019on peut encore qualifier de \u00ab\u00a0biofiction\u00a0\u00bb, H\u00e9l\u00e8ne est s\u0153ur d\u2019<a href=\"http:\/\/www.t-pas-net.com\/libr-critique\/chronique-veronique-bergen-edie-danse-dicare\/\">Eddie Sedgwick<\/a>, <a href=\"http:\/\/www.t-pas-net.com\/libr-critique\/chronique-veronique-bergen-mm-marilyn-au-miroir\/\">Marylin Monroe<\/a> et <a href=\"http:\/\/www.t-pas-net.com\/libr-critique\/entretien-a-propos-de-janis-joplin-entretien-de-veronique-bergen-avec-emmanuele-jawad\/\">Janis Joplin<\/a>\u2026 Une \u00e9criture bouillonnante nous plonge entre Eros et Thanatos\u2026<br \/>\nLabel H\u00e9l\u00e8ne<sup>TM<\/sup> : du mytho au scato&#8230; emport\u00e9s que nous sommes par une \u00e9criture \u00e9lectrique !<\/p>\n<p>&nbsp;<\/p>\n<p style=\"text-align: justify;\"><strong>\u25ba\u00a0<\/strong>Suzanne DOPPELT, <strong><em>Meta donna<\/em><\/strong>, P.O.L, janvier 2021, 80 pages, 13 \u20ac.<\/p>\n<p style=\"text-align: justify;\"><strong><span style=\"background-color: #ffff00;\">Quatri\u00e8me de couverture.<\/span>\u00a0<\/strong><\/p>\n<p style=\"text-align: justify;\">Dans la petite ville de Galatina, dans les Pouilles, on peut assister \u00e0 un curieux rituel de d\u00e9possession autour de l\u2019araign\u00e9e et sa morsure. Un exorcisme dans\u00e9 et chant\u00e9, sur plusieurs jours, qui permet une forme de r\u00e9gulation de l\u2019ordre social, de redonner un sens au d\u00e9sordre, de soulager les conflits individuels et collectifs. Le pseudo poison circule entre l\u2019araign\u00e9e, les musiciens, la famille et les villageois rassembl\u00e9s pour la circonstance. Il faut s\u2019identifier \u00e0 l\u2019araign\u00e9e, danser comme elle le ferait puisqu\u2019elle se d\u00e9place en dansant, pense-t-on, sur une musique effr\u00e9n\u00e9e puisque sa morsure est musicale. Il est question de pauvret\u00e9, de grande fatigue, d\u2019ennui mortel, de conflits irr\u00e9solus, et de poison donc, d\u2019envo\u00fbtement et de d\u00e9senvo\u00fbtement.<\/p>\n<p style=\"text-align: center;\"><img loading=\"lazy\" decoding=\"async\" class=\"aligncenter size-full wp-image-1562\" src=\"http:\/\/t-pas-net.com\/librCritN\/wp-content\/uploads\/2021\/08\/Tarentula.jpg\" alt=\"\" width=\"540\" height=\"360\" srcset=\"https:\/\/t-pas-net.com\/librCritN\/wp-content\/uploads\/2021\/08\/Tarentula.jpg 540w, https:\/\/t-pas-net.com\/librCritN\/wp-content\/uploads\/2021\/08\/Tarentula-300x200.jpg 300w, https:\/\/t-pas-net.com\/librCritN\/wp-content\/uploads\/2021\/08\/Tarentula-150x100.jpg 150w, https:\/\/t-pas-net.com\/librCritN\/wp-content\/uploads\/2021\/08\/Tarentula-366x244.jpg 366w\" sizes=\"auto, (max-width: 540px) 100vw, 540px\" \/><\/p>\n<p style=\"text-align: justify;\">Suzanne Doppelt s\u2019inspire de l\u2019extraordinaire petit film en noir et blanc de Gian Franco Mingozzi, <a href=\"https:\/\/www.youtube.com\/watch?v=wmbXOdI1yhE\"><i>Tarantula<\/i><\/a>, tourn\u00e9 en 1961 dans le Salento, au sud de l\u2019Italie. \u00c0 sa mani\u00e8re, par des textes en prose po\u00e9tique et quelques images qui jouent librement avec ces diff\u00e9rents aspects, Suzanne Doppelt tisse une toile pour rendre hommage \u00e0 cette c\u00e9r\u00e9monie cathartique, ce rituel jou\u00e9 et symbolis\u00e9 dont elle se fait l\u2019\u00e9cho aujourd\u2019hui. Elle r\u00e9invente dans sa propre \u00e9criture ce th\u00e9\u00e2tre arachn\u00e9en, magn\u00e9tique au plus haut point, qui repr\u00e9sente l\u2019un des derniers cultes de<img loading=\"lazy\" decoding=\"async\" class=\"alignright size-full wp-image-1565\" src=\"http:\/\/t-pas-net.com\/librCritN\/wp-content\/uploads\/2021\/08\/DoppeltMetaDonna.jpg\" alt=\"\" width=\"200\" height=\"280\" srcset=\"https:\/\/t-pas-net.com\/librCritN\/wp-content\/uploads\/2021\/08\/DoppeltMetaDonna.jpg 200w, https:\/\/t-pas-net.com\/librCritN\/wp-content\/uploads\/2021\/08\/DoppeltMetaDonna-107x150.jpg 107w\" sizes=\"auto, (max-width: 200px) 100vw, 200px\" \/> possession en Europe.<\/p>\n<p style=\"text-align: justify;\">\u2666 Sur <strong><em>Metaclassique<\/em><\/strong>, on ne manquera pas d\u2019\u00e9couter l\u2019\u00e9mission d\u2019une heure, intitul\u00e9e <a href=\"http:\/\/metaclassique.com\/metaclassique-108-mordre\/\"><strong>\u00ab\u00a0Mordre\u00a0\u00bb<\/strong><\/a>, consacr\u00e9e \u00e0 <em><strong>Meta donna<\/strong><\/em> de Suzanne Doppelt.<\/p>\n<p style=\"text-align: justify;\"><strong><span style=\"background-color: #ffff00;\">Libr-commentaire.<\/span><\/strong> D&rsquo;une danse conjuratoire qui la fascine, comme \u00e0 son habitude la po\u00e8te\u00a0va faire \u00ab\u00a0un beau th\u00e9\u00e2tre surnaturel\u00a0\u00bb. Des virevoltes vertigineuses (\u00ab\u00a0elle danse en imitant la rotation de la Terre ou celle de l&rsquo;araign\u00e9e\u00a0\u00bb) on est transport\u00e9 dans un monde de passages et de vibrations, un monde de m\u00e9tamorphoses et de correspondances baudelairiennes : \u00ab\u00a0Une parfaite bo\u00eete \u00e0 \u00e9cho o\u00f9 se m\u00e9langent les couleurs les sons ceux aigus du syst\u00e8me nerveux, les formes les figures celles d&rsquo;un monde finissant\u00a0\u00bb&#8230; Telle est la magie de l&rsquo;\u00e9criture cosmopo\u00e9tique, d&rsquo;une <a href=\"http:\/\/www.t-pas-net.com\/libr-critique\/chronique-suzanne-doppelt-vak-spectra-par-fabrice-thumerel\/\">\u00e9criture spectrale<\/a> (comme \u00ab\u00a0ghost dance\u00a0\u00bb) qui fait appara\u00eetre l&rsquo;image de l&rsquo;araign\u00e9e en son absence.<\/p>\n<p>&nbsp;<\/p>\n<p style=\"text-align: justify;\"><strong>\u25ba\u00a0<\/strong>Corinne Lovera Vitali, <strong><em>Coupe-le<\/em><\/strong>, \u00e9ditions MF, coll. \u00ab\u00a0Inventions\u00a0\u00bb, janvier 2021, 108 pages, 15 \u20ac.<\/p>\n<p style=\"text-align: justify;\"><span style=\"background-color: #ffff00;\"><strong>Pr\u00e9sentation \u00e9ditoriale. <\/strong><\/span><em>Coupe-le<\/em>\u00a0 est une \u00e9pop\u00e9e \u00e0 la premi\u00e8re personne\u00a0: celle d\u2019une femme \u00e0 la conqu\u00eate d\u2019elle-m\u00eame. Le h\u00e9ros \u00e9pique devient ici un Je contemporain qui chante ses aventures. Sa voie, longue et sinueuse, est celle des traumas amoureux et sexuels. Rien de lyrique cependant dans ce texte. Car c\u2019est par le sexe et l\u2019amour que s\u2019exerce ici la domination. Chaque chant du livre est l\u2019exposition d\u2019une forme de cette domination et des efforts non toujours conscients et volontaires du Je pour la contourner ou la vaincre. La guerre, except\u00e9 \u00e0 la toute fin, demeure innomm\u00e9e. L\u2019\u00e9noncer comme telle, comme violence subie mais jamais dite, sera une des conqu\u00eates majeures du Je-personnage.<\/p>\n<p style=\"text-align: justify;\">La forme est de r\u00e9p\u00e9tition litanique de blocs sans ponctuation. De longues apn\u00e9es entre<img loading=\"lazy\" decoding=\"async\" class=\"alignright size-full wp-image-1573\" src=\"http:\/\/t-pas-net.com\/librCritN\/wp-content\/uploads\/2021\/08\/CLV-MF-Coupe-le.jpg\" alt=\"\" width=\"220\" height=\"370\" srcset=\"https:\/\/t-pas-net.com\/librCritN\/wp-content\/uploads\/2021\/08\/CLV-MF-Coupe-le.jpg 220w, https:\/\/t-pas-net.com\/librCritN\/wp-content\/uploads\/2021\/08\/CLV-MF-Coupe-le-178x300.jpg 178w, https:\/\/t-pas-net.com\/librCritN\/wp-content\/uploads\/2021\/08\/CLV-MF-Coupe-le-89x150.jpg 89w\" sizes=\"auto, (max-width: 220px) 100vw, 220px\" \/> lesquels le lecteur respire avant de replonger dans le flux textuel et qui font de sa lecture une exp\u00e9rience autant physique que po\u00e9tique et morale. L\u2019ensemble constitue un r\u00e9cit non chronologique \u2013 fait de va-et-vient entre l\u2019enfance et l\u2019\u00e2ge adulte \u2013 dont les p\u00e9rip\u00e9ties dissimulent l\u2019enjeu v\u00e9ritable : l\u2019\u00e9volution progressive du rapport \u00e0 soi du Je-sujet. Peu \u00e0 peu, de mani\u00e8re discontinue, par sauts successifs qui ne vont pas sans quelques r\u00e9gressions, l\u2019\u00e9criture du Je, et donc le Je lui-m\u00eame, change. Il devient le sujet de ses actions et de ses phrases. L\u2019histoire que <em>coupe-le<\/em> raconte est de mani\u00e8re indiscernable celle d\u2019une \u00e9criture et d\u2019un personnage\u00a0: celle d\u2019un Je dont l\u2019\u00e9mancipation suppose la transformation de la langue.<\/p>\n<p style=\"text-align: justify;\">La coupure qu\u2019\u00e9nonce le titre est une des cl\u00e9s du livre. Elle est ce qui fragmente le personnage et d\u00e9coupe le flux textuel en blocs discrets. Elle est donc ce que le Je doit sans cesse suturer comme il doit sans cesse rassembler les morceaux \u00e9pars de son moi et de sa vie. Mais elle est aussi le geste avec lequel il exerce finalement sa puissance. Le Je devient celle qui exerce la coupure, physique et textuelle c\u2019est tout un. Elle \u00e9crit et en \u00e9crivant coupe et en coupant renverse la structure de la domination. Elle \u00e9crit et en \u00e9crivant rassemble et suture, se construit un moi qui peut agir et parler. La coupure est ce qui passe de la forme au sens, du texte au personnage, de ce qui est subi \u00e0 ce qui est agi. Il faut lire <em>coupe-le<\/em> en respectant jusqu\u2019au bout l\u2019imp\u00e9ratif de son titre\u00a0: lire afin d\u2019agir hors du livre. \/Bastien Gallet\/<\/p>\n<p style=\"text-align: justify;\"><strong><span style=\"background-color: #ffff00;\">Libr-commentaire.<\/span>\u00a0<\/strong>De \u00ab\u00a0Vacarme\u00a0\u00bb \u00e0 \u00ab\u00a0Coupe-le\u00a0\u00bb, en passant par \u00ab\u00a0Lovers rendez-vous\u00a0\u00bb et <img loading=\"lazy\" decoding=\"async\" class=\"alignleft size-full wp-image-1576\" src=\"http:\/\/t-pas-net.com\/librCritN\/wp-content\/uploads\/2021\/08\/CLVPortrait.jpg\" alt=\"\" width=\"220\" height=\"235\" srcset=\"https:\/\/t-pas-net.com\/librCritN\/wp-content\/uploads\/2021\/08\/CLVPortrait.jpg 220w, https:\/\/t-pas-net.com\/librCritN\/wp-content\/uploads\/2021\/08\/CLVPortrait-140x150.jpg 140w\" sizes=\"auto, (max-width: 220px) 100vw, 220px\" \/>\u00ab\u00a0Asphyxie\u00a0\u00bb&#8230; Une vision du monde \u2013 et de ses relations de domination \u2013 \u00e0 fleur de peau, dans une \u00e9criture \u00e2pre et obsessionnelle : \u00ab\u00a0[&#8230;] une odeur de Klute sent la peau seule or ces hommes n&rsquo;arrivent pas \u00e0 changer de peau or ces hommes n&rsquo;essaient m\u00eame pas ils sont coll\u00e9s \u00e0 leur peau d&rsquo;hommes-clients comme les animaux sont coll\u00e9s \u00e0 leur peau mais les animaux n&rsquo;ont pas le choix et j&rsquo;offre le choix \u00e0 ces hommes maintenant [&#8230;]\u00a0\u00bb&#8230; Une descente angoiss\u00e9e en soi, dans une langue \u00e9corch\u00e9e \u00e0 vif qui tourbillonne parfois sous la puissance de l&rsquo;affect (pour cligner vers Deleuze) : \u00ab\u00a0Je sais pourquoi je n&rsquo;ai pas appel\u00e9 Leo le 11 septembre enfouie dans le pli profond du moi ce puits qui est moi seul souffre et moi seul souffre solitude et moi seul souffre col\u00e8re\u00a0\u00bb&#8230; Le t\u00e9lescopage des mots pour exprimer le dur-\u00e0-dire : coupe le dire pour mieux dire, quitte \u00e0 t&rsquo;approcher du cri ! \/Fabrice Thumerel\/<\/p>\n<p>&nbsp;<\/p>\n<p style=\"text-align: justify;\">\u25ba Jean-Claude PINSON, <strong><em>Sur Pierre Michon. Trois chemins dans l\u2019\u0153uvre<\/em><\/strong>, Fario \u00e9diteur, printemps 2020, 108 pages, 14 \u20ac.<\/p>\n<p style=\"text-align: justify;\"><strong><span style=\"background-color: #ffff00;\">Quatri\u00e8me de couverture.<\/span>\u00a0<\/strong><i>\u201cDes comprim\u00e9s de magie\u201d \u2014 c\u2019est la belle formule par laquelle Giono qualifiait les Sonates de Scarlatti. De plus puissants, ajoutait-il, je ne connais pas, \u201cni<img loading=\"lazy\" decoding=\"async\" class=\"alignright size-full wp-image-1555\" src=\"http:\/\/t-pas-net.com\/librCritN\/wp-content\/uploads\/2021\/08\/Sur-Pierre-Michon-Jean-Claude-Pinson-2020-edition-Fario-01.jpg\" alt=\"\" width=\"200\" height=\"300\" srcset=\"https:\/\/t-pas-net.com\/librCritN\/wp-content\/uploads\/2021\/08\/Sur-Pierre-Michon-Jean-Claude-Pinson-2020-edition-Fario-01.jpg 200w, https:\/\/t-pas-net.com\/librCritN\/wp-content\/uploads\/2021\/08\/Sur-Pierre-Michon-Jean-Claude-Pinson-2020-edition-Fario-01-100x150.jpg 100w\" sizes=\"auto, (max-width: 200px) 100vw, 200px\" \/> qui, d\u2019un si petit volume, puissent d\u00e9chainer soudain une telle abondance de couleurs et d\u2019images\u201d. La formule pourrait valoir pour les r\u00e9cits de Michon, son art du bref, la force hallucinatoire des images que sa phrase fait surgir.\u00a0<\/i><\/p>\n<p style=\"text-align: justify;\">Les trois \u00e9tudes magistrales sur l\u2019oeuvre de Pierre Michon que signe ici Jean-Claude Pinson sont \u00e9crites par un philosophe et po\u00e8te reconnu, proche de l\u2019auteur de <em>Vies minuscules<\/em> et <em>Rimbaud le fils. <\/em>Elles invitent le lecteur \u00e0 parcourir l\u2019\u0153uvre de Michon en suivant trois chemins distincts mais entrecrois\u00e9s : celui du religieux et du sacr\u00e9 \u00e0 partir de George Bataille ; celui de l\u2019amour et de ses temporalit\u00e9s en regard des <em>Fragments d\u2019un discours amoureux<\/em> de Roland Barthes ; celui des limites de la mim\u00e9sis et du r\u00e9cit qui d\u00e9voile, en toile de fond, le dialogue secret qu\u2019entretient Pierre Michon avec l\u2019oeuvre d\u2019Antonin Artaud.<\/p>\n<p style=\"text-align: justify;\"><span style=\"background-color: #ffff00;\"><strong>Libr-commentaire.\u00a0<\/strong><\/span>Le pari pinsonnien : r\u00e9v\u00e9ler de fa\u00e7on d\u00e9sint\u00e9ress\u00e9e la beaut\u00e9 d&rsquo;une \u0153uvre qu&rsquo;il a rencontr\u00e9e avec bonheur \u2013 et dans laquelle il trace trois chemins avec pour<img loading=\"lazy\" decoding=\"async\" class=\"alignright size-full wp-image-1297\" src=\"http:\/\/t-pas-net.com\/librCritN\/wp-content\/uploads\/2021\/06\/PinsonCerisy2014.jpg\" alt=\"\" width=\"210\" height=\"280\" srcset=\"https:\/\/t-pas-net.com\/librCritN\/wp-content\/uploads\/2021\/06\/PinsonCerisy2014.jpg 210w, https:\/\/t-pas-net.com\/librCritN\/wp-content\/uploads\/2021\/06\/PinsonCerisy2014-113x150.jpg 113w\" sizes=\"auto, (max-width: 210px) 100vw, 210px\" \/> guides Bataille, Barthes et Artaud. Le premier explore la n\u00e9gativit\u00e9 de cet univers, une exp\u00e9rience des limites dans une \u00e9criture sous tensions ; le deuxi\u00e8me montre que l&rsquo;absence de roman d&rsquo;amour chez Michon \u2013 en raison de son impossibilit\u00e9 m\u00eame \u2013 laisse place \u00e0 \u00ab une po\u00e9tique du \u00ab\u00a0rapt\u00a0\u00bb \u00bb ; le troisi\u00e8me analyse le rapport \u00e0 Artaud, par del\u00e0 les apparences (\u00ab\u00a0lisibilit\u00e9 <em>critique<\/em>\u00a0\u00bb <em>versus<\/em> illisibilit\u00e9 <em>clinique\u00a0<\/em>; esth\u00e9tique d&rsquo;un Beau qui comporte une part d&rsquo;effroi <em>versus<\/em>\u00a0\u00ab\u00a0esth\u00e9tique du sublime et du ratage\u00a0\u00bb) : chacun s&rsquo;efforce \u00ab de porter la langue \u00ab\u00a0\u00e0 un point d&rsquo;incandescence absolue\u00a0\u00bb\u00a0\u00bb.<\/p>\n<p>&nbsp;<\/p>\n<p style=\"text-align: justify;\"><strong>\u25ba\u00a0<\/strong>Xavier SERRANO, <strong><em>Pill dream<\/em><\/strong>, Flatland \u00e9diteur, coll. \u00ab\u00a0La Tangente\u00a0\u00bb, f\u00e9vrier 2021, 104 pages, 8,50 \u20ac.<\/p>\n<p style=\"text-align: justify;\"><strong><span style=\"background-color: #ffff00;\">Quatri\u00e8me de couverture.<\/span>\u00a0<\/strong>Dans <em>Pill Dream<\/em>, il est question de stup\u00e9fiants, de r\u00e9seaux sociaux, d\u2019une \u00eele myst\u00e9rieuse, de bureaux aseptis\u00e9s, de boissons euphorisantes, de d\u00e9rives<img loading=\"lazy\" decoding=\"async\" class=\"alignright size-full wp-image-1559\" src=\"http:\/\/t-pas-net.com\/librCritN\/wp-content\/uploads\/2021\/08\/SerranoPillDream.jpg\" alt=\"\" width=\"200\" height=\"400\" srcset=\"https:\/\/t-pas-net.com\/librCritN\/wp-content\/uploads\/2021\/08\/SerranoPillDream.jpg 200w, https:\/\/t-pas-net.com\/librCritN\/wp-content\/uploads\/2021\/08\/SerranoPillDream-150x300.jpg 150w, https:\/\/t-pas-net.com\/librCritN\/wp-content\/uploads\/2021\/08\/SerranoPillDream-75x150.jpg 75w\" sizes=\"auto, (max-width: 200px) 100vw, 200px\" \/> urbaines, de melting-pot, de d\u00e9rives nocturnes et d\u2019un jardin japonais. Mais pas seulement.<br \/>\nNous y croisons trois personnages. Theo Voight, un employ\u00e9 quasi-mod\u00e8le au service d\u2019une multinationale pharmaceutique. Manuella Goldstein, serveuse de son \u00e9tat et rebelle jusqu\u2019au bout des ongles. Sur la fin, il sera question d\u2019un troisi\u00e8me homme, facteur X qui d\u00e9boulera \u00e0 corps perdu pour marquer le r\u00e9cit de son empreinte.<br \/>\nEntre deux non-dits, il n\u2019est pas impossible que surviennent des visions et des voix parall\u00e8les. Le texte s\u2019entrouvre alors pour laisser place \u00e0 des fant\u00f4mes connus ou perdus de vue, lesquels semblent exprimer le mal \u00eatre des morts-vivants.<br \/>\nDans <em>Pill Dream<\/em>, il y a Pill et toutes ses d\u00e9clinaisons, c\u2019est-\u00e0-dire cachets, pilules, capsules, pastilles, sachets, tablettes et dix mille mani\u00e8re de les packager ou de les consommer. Heureusement, nous ne les aborderons pas toutes.<br \/>\nDans <em>Pill Dream<\/em>, il y a Dream, et forc\u00e9ment celui-ci tournera au cauchemar.<br \/>\n(Avec une postface de Jacques Barb\u00e9ri)<\/p>\n<p style=\"text-align: justify;\"><strong><span style=\"background-color: #ffff00;\">Libr-commentaire.<\/span><\/strong> Dans cette dystopie rythm\u00e9e par l&rsquo;alternance de courts chapitres et d&rsquo;interm\u00e8des, d\u00e8s son jeune \u00e2ge Theo Voight \u00ab\u00a0absorbe les \u00e9clats d&rsquo;un monde s&rsquo;autod\u00e9truisant et que les m\u00e9dias rab\u00e2chent \u00e0 longueur de flashes ou d&rsquo;\u00e9ditions sp\u00e9ciales\u00a0\u00bb ; devenu informaticien en poste dans le laboratoire Exnihilor, il assiste \u00e0 \u00ab\u00a0l&rsquo;av\u00e8nement du pathologiquement correct\u00a0\u00bb. L&#8217;emprise du pouvoir technoscientifique est telle que \u00ab\u00a0la peur m\u00eame de la mort\u00a0\u00bb est en passe de devenir \u00ab\u00a0un concept p\u00e9rim\u00e9, une image peu troublante sur un tableau de J\u00e9r\u00f4me Bosch ou dans un film d&rsquo;Ingmar Bergman\u00a0\u00bb&#8230; C&rsquo;est dire \u00e0 quel point se r\u00e9v\u00e8le cauchemardesque ce monde high tech \u2013 dans lequel r\u00f4dent n\u00e9anmoins de nouveaux types de migrants.<\/p>\n<p>&nbsp;<\/p>\n<p style=\"text-align: justify;\"><strong>\u25ba\u00a0<\/strong>Vincent THOLOM\u00c9, <em><strong>Mon \u00e9pop\u00e9e<\/strong><\/em>, \u00e9ditions Lanskine, coll. \u00ab\u00a0Po\u00e9film\u00a0\u00bb, printemps 2020, 132 pages, 15 \u20ac. [<a href=\"http:\/\/www.t-pas-net.com\/libr-critique\/creation-gauthier-keyaerts-vincent-tholome-mon-epopee-chant-27\/\"><strong>Extrait \u00e0 \u00e9couter<\/strong><\/a> sur <strong><em>Libr-critique<\/em><\/strong>]<\/p>\n<div class=\"col col-8\">\n<div id=\"d_bio\" class=\"livre_resume\" style=\"text-align: justify;\"><strong><span style=\"background-color: #ffff00;\">Quatri\u00e8me de couverture.<\/span>\u00a0<\/strong>C&rsquo;\u00e9tait \u00e0 Dubna. Au centre atomique. \u00c0 la caf\u00e9t\u00e9ria du centre.<img loading=\"lazy\" decoding=\"async\" class=\"alignright size-full wp-image-1557\" src=\"http:\/\/t-pas-net.com\/librCritN\/wp-content\/uploads\/2021\/08\/TholomeEpopee.jpg\" alt=\"\" width=\"210\" height=\"310\" srcset=\"https:\/\/t-pas-net.com\/librCritN\/wp-content\/uploads\/2021\/08\/TholomeEpopee.jpg 210w, https:\/\/t-pas-net.com\/librCritN\/wp-content\/uploads\/2021\/08\/TholomeEpopee-203x300.jpg 203w, https:\/\/t-pas-net.com\/librCritN\/wp-content\/uploads\/2021\/08\/TholomeEpopee-102x150.jpg 102w\" sizes=\"auto, (max-width: 210px) 100vw, 210px\" \/> C&rsquo;\u00e9tait il y a cinquante ans. \u00c0 l&rsquo;\u00e8re sovi\u00e9tique. C&rsquo;\u00e9tait t\u00f4t le matin. Avant le travail.<\/div>\n<div class=\"livre_resume\" style=\"text-align: justify;\">\n<p style=\"text-align: justify;\">\u00ab\u00a0C&rsquo;est un texte joyeux. Bord\u00e9lique. M\u00ealant, sans se prendre la t\u00eate, fiction et po\u00e9sie, sens et non-sens. C&rsquo;est un texte venu de loin. Trouv\u00e9 sur une brocante, un matin d&rsquo;hiver, en Russie. C&rsquo;est un texte \u00e0 lire lentement. \u00c0 haute voix. C&rsquo;est quelque chose \u00e0 porter en sc\u00e8ne.\u00a0\u00bb(Vincent Tholom\u00e9)<\/p>\n<p class=\"footer\" style=\"text-align: justify;\"><strong><span style=\"background-color: #ffff00;\">Libr-commentaire.<\/span><\/strong><\/p>\n<p style=\"text-align: justify;\">\u00c0 coups de slashs, une \u00e9criture syncop\u00e9e qui \u00e9voque un monde perdu, mais sans oublier de trouer la r\u00e9alit\u00e9 de visions singuli\u00e8res : \u00ab\u00a0je coudrai des l\u00e8vres \u00e0 une chaise qui poussera le fondement d&rsquo;une ch\u00e8vre \u00e0 sourire dans un pr\u00e9 o\u00f9 luira un tesson de verre blanc\u00a0\u00bb&#8230; L&rsquo;\u00e9pop\u00e9e antique\/classique \u00e9tant devenue impossible, il s&rsquo;agit ici d&rsquo;un patchwork et d&rsquo;une polyphonie qui fulgurent.<\/p>\n<\/div>\n<\/div>\n","protected":false},"excerpt":{"rendered":"<p>La rentr\u00e9e \/ rentr\u00e9e-litt\u00e9raire n&rsquo;existe pas : LIBR-CRITIQUE vous invite \u00e0 faire le vide en soi des repr\u00e9sentations dominantes&#8230; Avec CUHEL comme avec tous les RV \u00e0 venir, et aussi la s\u00e9lection de livres que nous n&rsquo;avons encore pu pr\u00e9senter depuis 2020&#8230; &nbsp; CUHEL :\u00a0Demokratos, la Voix-du-Peuple Nous les antivax hein on n\u2019est pas dans le p\u00e9trin il nous prend pour des moins-que-rien le Mar\u00e9chal Putain on n\u2019est pas des \u00e9toil\u00e9s mais des z\u00e9ros interdits de tous restos notre seul p\u00e9ch\u00e9 c\u2019est d\u2019affirmer notre libert\u00e9 Demokratos c\u2019est tout gratos on n\u2019est plus des gosses n\u2019en d\u00e9plaise aux gogos de la d\u00e9magogocrazy nous on ne file pas droit nous on r\u00e9clame nos droits d\u2019\u00eatre sensibles \u00e0 la circulation virale l\u00e0 o\u00f9 tout n\u2019est pas net de faire pr\u00e9valoir l\u2019individuel sur le consensuel le nombril sur le p\u00e9ril les effets secondaires sur les besoins primaires &nbsp; \u00c0 chacun sa popote sa popost-v\u00e9rit\u00e9 Go on et vive Antigone\u00a0! &nbsp; Libr-br\u00e8ves \u25ba\u00a0De l&rsquo;exposition (jusqu&rsquo;au 25 octobre 2021) au livre : \u00ab JE VOULAIS M&rsquo;EN ALLER MAIS JE N&rsquo;AI PAS BOUG\u00c9 \u00bb\u00a0\u00a0MARC-ANTOINE SERRA\u00a0 \u00ab JE VOULAIS M&rsquo;EN ALLER MAIS JE N&rsquo;AI PAS BOUG\u00c9 \u00bb\u00a0\u00a0MARC-ANTOINE SERRA\u00a0C\u2019est l\u2019\u00e9t\u00e9, SALON DU SALON, Marseille, appartement avenue du Prado. Les personnages s\u2019activent dans diff\u00e9rentes pi\u00e8ces : dormir, se laver, manger, lire. Marc-Antoine Serra les a photographi\u00e9s in situ et les photographies ont \u00e9t\u00e9 expos\u00e9es \u00e0 la fois dans les pi\u00e8ces et dans les chapitres du livre. Le dernier chapitre contient un texte de Jean-Jacques Viton qui se trouve \u00e0 la campagne ; le titre de l\u2019exposition et du livre reprend celui d\u2019un de ses livres publi\u00e9 aux \u00e9ditions P.O.L \/P. Munda\/ EXPOSITION\u00a0\u00ab JE VOULAIS M&rsquo;EN ALLER MAIS JE N&rsquo;AI PAS BOUG\u00c9 \u00bb\u00a0\u00a0MARC-ANTOINE SERRA\u00a0 PHOTOGRAPHIES DE MARC-ANTOINE SERRACOMMISSARIAT D\u2019EXPOSITION PAR P. MUNDA DU\u00a025 AO\u00dbT AU\u200625 OCTOBRE 2021VISITES PUBLIQUES DU JEUDI AU SAMEDI DE\u200616 \u00c0\u200619\u2006H ET SUR RDV OUVERTURE SAMEDI 28 AO\u00dbT DE 19H\u00a0\u00c0\u00a023H59DANS LE CADRE DE\u00a0\u201cGALERIE NIGHT\u201d P-A-C VERNISSAGE DIMANCHE 29 AO\u00dbT 12H \u00c0\u00a018HEN PR\u00c9SENCE DE L\u2019ARTISTE MARC-ANTOINE SERRA, DU COMMISSAIRE PHILIPPE MUNDAPERFORMANCE AVEC LES MOD\u00c8LES :\u00a0MOUSSA BEN, RODRIGUE BOTOURATSI, ABDEL-SAMAD GUEZOULI ET\u00a0THOMAS MIQUELSAMEDI 25 SEPTEMBRE 2021 \u00c0\u00a020H\u00a0: &lsquo;PROPAGER LE PO\u00c8ME&rsquo;LE CIPM CENTRE INTERNATIONAL DE\u00a0PO\u00c9SIE\u00a0AU SALON DU SALONLECTURE D\u2019UN TEXTE\u00a0DE JEAN-JACQUES VITON\u00a0PAR \u00c9RIC HOUSER SALON DU SALON\u00a021 AVENUE DU PRADO\u00a013006 MARSEILLE\u00a0FRANCEINFO PRESE\u00a0: +33(0)6 50 00 34 51 \u00a0EDITION@SALONDUSALON.COM &nbsp; \u25ba\u00a0Du 8 au 19 septembre, Centre Pompidou Paris, Festival EXTRA ! \u00c0 la Biblioth\u00e8que publique d&rsquo;informations, ateliers d&rsquo;\u00e9criture avec Sandra Moussemp\u00e8s et Christophe Manon. &nbsp; \u25ba\u00a0Mercredi 8 septembre \u00e0 20H, SACD Paris\u00a0(11, rue Ballu 75009 Paris)\u00a0: Anti-th\u00e9\u00e2tre farouche&#8230; Entr\u00e9e libre. Une g\u00e9n\u00e9rale qui sera aussi la premi\u00e8re qui sera aussi toutes les suivantes et aucune autre&#8230; \u00ab\u00a0Je suis l\u2019ennemi du th\u00e9\u00e2tre disait Artaud. Nous aussi. Nous allons donc, apr\u00e8s Antonin Artaud, Isidore Isou, Filippo Tomasso Marinetti, Yves Klein, et les autres, le foudroyer. Nous avons fond\u00e9 un groupe de d\u00e9stabilisation pour mener des actions coups de poing dans le corps du texte.\u00a0\u00bb Avec Valentina Fago, Jacques Dor, Gael Baron, Elisabeth Doll, Katell Jan, Cyril Bothorel, Antoine Kobi (distribution en cours). Texte de Garance Dor en collaboration avec Pierre di Sciullo. R\u00e9servations par email (merci de mentionner votre nom, pr\u00e9nom et le nombre de places) \u00e0 : associationvroum@gmail.com &nbsp; \u25ba Vendredi 10 septembre \u00e0 20H, Maison de la po\u00e9sie Paris : soir\u00e9e de lancement de la revue Catastrophes #3. &nbsp; \u25ba Dimanche 12 septembre \u00e0 14H : Revue V\u00c9HICULE au MAD-\u00e9ditions VROUM, fondation Fiminco\u00a0(Romainville, 93) Des lectures perform\u00e9es et des activations avec Yoann Thommerel, Pierre di Sciullo, Garance Dor et Vincent Menu. &nbsp; LIBR-CRITIQUE attend avec impatience&#8230; Collection \u00ab\u00a0Al Dante\u00a0\u00bb aux Presses du r\u00e9el : \u00e0 para\u00eetre, septembre-octobre 2021 : \u2022 Po\u00e9sie (format poche) : Emmanu\u00e8le Jawad \u2014 \u00ab Interf\u00e9rences \u00bb Vincent Lafaille \u2014 \u00ab Il a fallu apprendre \u00e0 lire dans le noir \u00bb Jean-Luc Parant \u2014 \u00ab Soleil des autres \u00bb \u2022 Essais : Yoann Sarrat \u2014 \u00ab Phonosophie et corporalit\u00e9 compositionnelle : l\u2019art sonore de fr\u00e9d\u00e9ric Acquaviva \u00bb Michel Surya \u2014 \u00ab Principes pour une litt\u00e9rature qui empeste \u00bb \u2022 Art contemporain : Laurent Marissal \u2014 \u00ab Brecht &amp; Brecht \u00bb &nbsp; Libr-6 \/Fabrice Thumerel\/ \u25ba\u00a0V\u00e9ronique BERGEN, Ic\u00f4ne H. H\u00e9l\u00e8ne de Troie, \u00e9ditions Onlit, Bruxelles, printemps 2021, 288 pages, 19 \u20ac. Pr\u00e9sentation \u00e9ditoriale. Ic\u00f4ne H. projette au 21e si\u00e8cle la l\u00e9gendaire H\u00e9l\u00e8ne, la \u00ab plus belle femme du monde \u00bb dont l\u2019enl\u00e8vement par P\u00e2ris provoqua la guerre de Troie. S\u00e9ductrice compulsive, elle \u00e9l\u00e8ve au rang d\u2019art son odyss\u00e9e dans les plaisirs, son g\u00e9nie de l\u2019\u00e9rotisme. Libr-commentaire. \u00ab\u00a0Je m&rsquo;appelle H\u00e9l\u00e8ne de Troie, je ne suis pas ce que mon nom dit que je suis\u00a0\u00bb&#8230; Enchantement et poison, dans cette nouvelle fantasmagorie que l\u2019on peut encore qualifier de \u00ab\u00a0biofiction\u00a0\u00bb, H\u00e9l\u00e8ne est s\u0153ur d\u2019Eddie Sedgwick, Marylin Monroe et Janis Joplin\u2026 Une \u00e9criture bouillonnante nous plonge entre Eros et Thanatos\u2026 Label H\u00e9l\u00e8neTM : du mytho au scato&#8230; emport\u00e9s que nous sommes par une \u00e9criture \u00e9lectrique ! &nbsp; \u25ba\u00a0Suzanne DOPPELT, Meta donna, P.O.L, janvier 2021, 80 pages, 13 \u20ac. Quatri\u00e8me de couverture.\u00a0 Dans la petite ville de Galatina, dans les Pouilles, on peut assister \u00e0 un curieux rituel de d\u00e9possession autour de l\u2019araign\u00e9e et sa morsure. Un exorcisme dans\u00e9 et chant\u00e9, sur plusieurs jours, qui permet une forme de r\u00e9gulation de l\u2019ordre social, de redonner un sens au d\u00e9sordre, de soulager les conflits individuels et collectifs. Le pseudo poison circule entre l\u2019araign\u00e9e, les musiciens, la famille et les villageois rassembl\u00e9s pour la circonstance. Il faut s\u2019identifier \u00e0 l\u2019araign\u00e9e, danser comme elle le ferait puisqu\u2019elle se d\u00e9place en dansant, pense-t-on, sur une musique effr\u00e9n\u00e9e puisque sa morsure est musicale. Il est question de pauvret\u00e9, de grande fatigue, d\u2019ennui mortel, de conflits irr\u00e9solus, et de poison donc, d\u2019envo\u00fbtement et de d\u00e9senvo\u00fbtement. Suzanne Doppelt s\u2019inspire de l\u2019extraordinaire petit film en noir et blanc de Gian Franco Mingozzi, Tarantula, tourn\u00e9 en 1961 dans le Salento, au sud de l\u2019Italie. \u00c0 sa mani\u00e8re, par des textes en prose po\u00e9tique et quelques images qui jouent librement avec ces diff\u00e9rents aspects, Suzanne Doppelt tisse une toile pour rendre hommage \u00e0 cette c\u00e9r\u00e9monie cathartique, ce rituel jou\u00e9 et symbolis\u00e9 dont elle se&#8230;<\/p>\n","protected":false},"author":2,"featured_media":1405,"comment_status":"open","ping_status":"open","sticky":false,"template":"","format":"standard","meta":{"footnotes":""},"categories":[7,10,2],"tags":[1245,1247,113,976,114,86,485,41,36,1113,12,794,88,1240,383,796,1243,1242,1241,1173,148,1244,1228,1246,120,20,787,93],"class_list":["post-1415","post","type-post","status-publish","format-standard","has-post-thumbnail","hentry","category-livres-recus","category-news","category-une","tag-5e-festival-extra","tag-anti-theatre","tag-christoffel-metaclassique","tag-corinne-lovera-vitali","tag-cuhel","tag-cuhel-critique-sociale","tag-editions-mf","tag-editions-p-o-l","tag-editions-lanskine","tag-editions-onlit","tag-fabrice-thumerel","tag-fario-editions","tag-flatland-editeur","tag-garance-dor","tag-georges-bataille","tag-jean-claude-pinson","tag-jean-jacques-viton","tag-marc-antoine-serra","tag-pierre-di-sciullo","tag-pierre-michon","tag-presses-du-reel-al-dante","tag-revue-catastrophes","tag-revue-vehicule-4","tag-salon-du-salon-marseille","tag-suzanne-doppelt","tag-veronique-bergen","tag-vincent-tholome","tag-xavier-serrano"],"post_mailing_queue_ids":[],"_links":{"self":[{"href":"https:\/\/t-pas-net.com\/librCritN\/wp-json\/wp\/v2\/posts\/1415","targetHints":{"allow":["GET"]}}],"collection":[{"href":"https:\/\/t-pas-net.com\/librCritN\/wp-json\/wp\/v2\/posts"}],"about":[{"href":"https:\/\/t-pas-net.com\/librCritN\/wp-json\/wp\/v2\/types\/post"}],"author":[{"embeddable":true,"href":"https:\/\/t-pas-net.com\/librCritN\/wp-json\/wp\/v2\/users\/2"}],"replies":[{"embeddable":true,"href":"https:\/\/t-pas-net.com\/librCritN\/wp-json\/wp\/v2\/comments?post=1415"}],"version-history":[{"count":32,"href":"https:\/\/t-pas-net.com\/librCritN\/wp-json\/wp\/v2\/posts\/1415\/revisions"}],"predecessor-version":[{"id":1577,"href":"https:\/\/t-pas-net.com\/librCritN\/wp-json\/wp\/v2\/posts\/1415\/revisions\/1577"}],"wp:featuredmedia":[{"embeddable":true,"href":"https:\/\/t-pas-net.com\/librCritN\/wp-json\/wp\/v2\/media\/1405"}],"wp:attachment":[{"href":"https:\/\/t-pas-net.com\/librCritN\/wp-json\/wp\/v2\/media?parent=1415"}],"wp:term":[{"taxonomy":"category","embeddable":true,"href":"https:\/\/t-pas-net.com\/librCritN\/wp-json\/wp\/v2\/categories?post=1415"},{"taxonomy":"post_tag","embeddable":true,"href":"https:\/\/t-pas-net.com\/librCritN\/wp-json\/wp\/v2\/tags?post=1415"}],"curies":[{"name":"wp","href":"https:\/\/api.w.org\/{rel}","templated":true}]}}