{"id":1432,"date":"2021-07-14T19:59:52","date_gmt":"2021-07-14T17:59:52","guid":{"rendered":"http:\/\/t-pas-net.com\/librCritN\/?p=1432"},"modified":"2021-07-14T19:59:52","modified_gmt":"2021-07-14T17:59:52","slug":"entretien-charybde-une-aventure-en-livres-entretien-de-fabrice-thumerel-avec-hugues-robert","status":"publish","type":"post","link":"https:\/\/t-pas-net.com\/librCritN\/2021\/07\/14\/entretien-charybde-une-aventure-en-livres-entretien-de-fabrice-thumerel-avec-hugues-robert\/","title":{"rendered":"[Entretien] Charybde, une aventure en livres (entretien de Fabrice Thumerel avec Hugues Robert)"},"content":{"rendered":"<p>Depuis 2011, la <a href=\"https:\/\/www.charybde.fr\">Librairie CHARYBDE<\/a> est un lieu unique qui d\u00e9fend les m\u00eames valeurs que <strong><em>Libr-critique<\/em><\/strong> : ind\u00e9pendance, curiosit\u00e9, esprit critique, \u00e9critures exigeantes&#8230; Un lieu rare qui vous propose de v\u00e9ritables livres, des \u00e9v\u00e9nements, un blog critique&#8230; et m\u00eame des <a href=\"https:\/\/www.charybde.fr\/pages\/vente-en-ligne\"><strong>ventes en ligne<\/strong><\/a> (n&rsquo;h\u00e9sitez pas \u00e0 commander, en cette p\u00e9riode de libr-vacance o\u00f9 l&rsquo;on prend le temps du lire et du d\u00e9lire)&#8230;<\/p>\n<p>&nbsp;<\/p>\n<p style=\"text-align: justify;\"><strong>FT.\u00a0<\/strong>Hugues, je connais peu d\u2019acteurs aussi engag\u00e9s que toi dans le sous-champ tr\u00e8s sp\u00e9cifique des pratiques exigeantes de la litt\u00e9rature, toi qui es \u00e0 la fois libraire et critique passionn\u00e9 \u2013 en perp\u00e9tuel mouvement, donc,&#8230; Au moment de repartir \u00e0 l\u2019aventure avec CHARYBDE \u2013 car c\u2019est une aventure, n\u2019est-ce pas\u00a0? \u2013, quel bilan provisoire\u00a0? Dans l\u2019univers de la librairie, comme ailleurs, la crise sanitaire n\u2019a fait qu\u2019accentuer les in\u00e9galit\u00e9s&#8230; tu me le confirmes\u00a0?<\/p>\n<p style=\"text-align: justify;\"><strong>HR.<\/strong> Merci de ces compliments, Fabrice, qui nous touchent beaucoup, mes coll\u00e8gues et moi, au moment o\u00f9 nous r\u00e9ouvrons enfin Charybde \u00ab\u00a0pour de bon\u00a0\u00bb, en effet, apr\u00e8s une ann\u00e9e o\u00f9 nous aurons \u00e9t\u00e9 ferm\u00e9s de facto huit mois en cumul\u00e9, au sein de notre beau tiers-lieu Ground Control, pr\u00e8s de la gare de Lyon, \u00e0 Paris. Il m\u2019est difficile \u00e9videmment de parler ici pour l\u2019ensemble de l\u2019univers de la librairie, la n\u00f4tre \u00e9tant largement atypique, mais de ce qui s\u2019entend ou se lit ces temps-ci, en public ou en priv\u00e9, il semble bien que oui, la lame des confinements et des restrictions face \u00e0 la pand\u00e9mie aura in fine cr\u00e9\u00e9 un certain d\u00e9sarroi, in\u00e9galement r\u00e9parti, et ce malgr\u00e9 les aides non n\u00e9gligeables re\u00e7ues par une grande partie de la profession, et malgr\u00e9 surtout un v\u00e9ritable sursaut de solidarit\u00e9 durant plusieurs mois de la part des lectrices et des lecteurs.<\/p>\n<p style=\"text-align: justify;\">Il me semble que c\u2019est surtout la diversit\u00e9 \u00e9ditoriale qui aura \u00e9t\u00e9 la plus affect\u00e9e par cette ann\u00e9e sous contraintes\u00a0: de nombreux t\u00e9moignages de libraires, d\u2019\u00e9ditrices et d\u2019\u00e9diteurs semblent confirmer que dans cette situation de crise sans pr\u00e9c\u00e9dent, une sorte de r\u00e9flexe global de s\u00e9curit\u00e9 des ventes et de refuge dans des valeurs dites \u00ab\u00a0s\u00fbres\u00a0\u00bb a pleinement jou\u00e9, et qu\u2019il a \u00e9t\u00e9 beaucoup plus difficile qu\u2019\u00e0 l\u2019accoutum\u00e9e de mettre en avant des d\u00e9couvertes, des textes d\u00e9fricheurs, des bouff\u00e9es d\u2019oxyg\u00e8ne qui cr\u00e9ent sous nos yeux la litt\u00e9rature de demain \u2013 ou qui en balisent le chemin avec force, lorsqu\u2019il s\u2019agit d\u2019autrices et d\u2019auteurs d\u00e9j\u00e0 davantage connus.<\/p>\n<p style=\"text-align: center;\"><img loading=\"lazy\" decoding=\"async\" class=\"aligncenter size-full wp-image-1437\" src=\"http:\/\/t-pas-net.com\/librCritN\/wp-content\/uploads\/2021\/07\/HuguesCHARYBDE.jpg\" alt=\"\" width=\"540\" height=\"410\" srcset=\"https:\/\/t-pas-net.com\/librCritN\/wp-content\/uploads\/2021\/07\/HuguesCHARYBDE.jpg 540w, https:\/\/t-pas-net.com\/librCritN\/wp-content\/uploads\/2021\/07\/HuguesCHARYBDE-300x228.jpg 300w, https:\/\/t-pas-net.com\/librCritN\/wp-content\/uploads\/2021\/07\/HuguesCHARYBDE-150x114.jpg 150w, https:\/\/t-pas-net.com\/librCritN\/wp-content\/uploads\/2021\/07\/HuguesCHARYBDE-366x278.jpg 366w\" sizes=\"auto, (max-width: 540px) 100vw, 540px\" \/><\/p>\n<p>&nbsp;<\/p>\n<p style=\"text-align: justify;\"><strong>FT.<\/strong> En mati\u00e8re de diversit\u00e9 \u00e9ditoriale, quelles craintes t\u2019inspirent les derniers soubresauts dans le monde de l\u2019\u00e9dition et de la diffusion, qui s\u2019oriente vers davantage de concentration encore (Vivendi\/Hachette)\u00a0?<\/p>\n<p style=\"text-align: justify;\"><strong>HR.\u00a0<\/strong>La concentration en soi ne devrait pas \u00eatre une crainte, si elle conduisait seulement \u00e0 une am\u00e9lioration de l\u2019efficacit\u00e9 technique, logistique et \u00e9conomique de la cha\u00eene du livre, avec un b\u00e9n\u00e9fice qui serait distribu\u00e9 \u00e0 l\u2019ensemble de ses actrices et de ses acteurs. Ce qui inqui\u00e8te, naturellement, comme l\u2019exposait d\u00e9j\u00e0 avec une force visionnaire peu commune et une v\u00e9ritable humilit\u00e9 le grand Andr\u00e9 Schiffrin il y a maintenant plus de vingt ans, c\u2019est lorsque cette concentration, et les \u00e9conomies d\u2019\u00e9chelle qui en d\u00e9coulent, a lieu uniquement ou presque au b\u00e9n\u00e9fice d\u2019actionnaires de plus en plus banalis\u00e9s, qui consid\u00e8rent peu ou prou l\u2019\u00e9dition au sens large comme proc\u00e9dant de la m\u00eame logique de rentabilit\u00e9 pour l\u2019investisseur que, disons au hasard, des complexes portuaires africains n\u00e9o-coloniaux ou des boutiques de luxe d\u2019a\u00e9roport.<\/p>\n<p style=\"text-align: justify;\">C\u2019est bien dans l\u2019attention port\u00e9e \u00e0 cette terrible logique d\u00e9rivante que les pouvoirs publics pourraient montrer, de mani\u00e8re plus forte que par un soutien ponctuel et charg\u00e9 de symboles, qu\u2019ils consid\u00e8rent, avec les lectrices et les lecteurs, que le livre constitue un objet essentiel (et pas uniquement un commerce essentiel) de nos soci\u00e9t\u00e9s.<\/p>\n<p style=\"text-align: center;\"><img loading=\"lazy\" decoding=\"async\" class=\"aligncenter size-full wp-image-1435\" src=\"http:\/\/t-pas-net.com\/librCritN\/wp-content\/uploads\/2021\/07\/Charybde.jpg\" alt=\"\" width=\"540\" height=\"540\" srcset=\"https:\/\/t-pas-net.com\/librCritN\/wp-content\/uploads\/2021\/07\/Charybde.jpg 540w, https:\/\/t-pas-net.com\/librCritN\/wp-content\/uploads\/2021\/07\/Charybde-300x300.jpg 300w, https:\/\/t-pas-net.com\/librCritN\/wp-content\/uploads\/2021\/07\/Charybde-150x150.jpg 150w, https:\/\/t-pas-net.com\/librCritN\/wp-content\/uploads\/2021\/07\/Charybde-144x144.jpg 144w, https:\/\/t-pas-net.com\/librCritN\/wp-content\/uploads\/2021\/07\/Charybde-366x366.jpg 366w, https:\/\/t-pas-net.com\/librCritN\/wp-content\/uploads\/2021\/07\/Charybde-75x75.jpg 75w\" sizes=\"auto, (max-width: 540px) 100vw, 540px\" \/><\/p>\n<p style=\"text-align: justify;\"><strong>FT.\u00a0<\/strong>Quel est pr\u00e9cis\u00e9ment l\u2019enjeu de ce red\u00e9marrage pour Charybde\u00a0?<\/p>\n<p style=\"text-align: justify;\"><strong>HR.\u00a0<\/strong>C\u2019est un moment tr\u00e8s d\u00e9licat. Au d\u00e9but de 2020, juste avant que la pand\u00e9mie frappe en France, notre librairie amor\u00e7ait enfin une convalescence prometteuse et enthousiaste, apr\u00e8s \u00eatre pass\u00e9e tout pr\u00e8s du gouffre en 2018. L\u2019ann\u00e9e \u00e9coul\u00e9e nous a mis v\u00e9ritablement \u00e0 genoux, les caract\u00e9ristiques sp\u00e9cifiques de notre lieu (commerce essentiel \u00ab\u00a0ouvert\u00a0\u00bb \u00e0 l\u2019int\u00e9rieur d\u2019un espace \u00ab\u00a0non essentiel\u00a0\u00bb ferm\u00e9) ayant rendu les aides largement al\u00e9atoires \u00e0 ce stade (m\u00eame si nous ne d\u00e9sesp\u00e9rons pas d\u2019obtenir de ce c\u00f4t\u00e9 un soutien a posteriori). Sans la solidarit\u00e9 massive, f\u00fbt-ce \u00e0 distance, de nos lectrices et de nos lecteurs, par leurs commandes, d\u2019Artcena (le fabuleux centre de documentation du th\u00e9\u00e2tre en France) et de la cr\u00e9atrice de contenus Bulledop, dont la communaut\u00e9 Twitch nous a \u00e9mus quasiment aux larmes par sa mobilisation soudaine et inattendue, nous ne serions sans doute plus l\u00e0.<\/p>\n<p style=\"text-align: justify;\">Nous venons de f\u00eater nos dix ans, dans la douleur et dans la joie, en compagnie d\u2019autrices, d\u2019auteurs, d\u2019\u00e9ditrices et d\u2019\u00e9diteurs que nous aimons (pas toutes et pas tous, huit soir\u00e9es en juin n\u2019auraient jamais suffi, \u00e9videmment\u00a0!), nous comptons tr\u00e8s fort sur celles et ceux qui appr\u00e9cient notre travail pour nous aider \u00e0 repartir \u00e0 nouveau du bon pied pour encore au moins dix ans, et \u00e0 nous extraire de cette orni\u00e8re impr\u00e9vue.<\/p>\n<p style=\"text-align: justify;\"><strong>FT.\u00a0<\/strong>Tes coups de c\u0153ur estivaux\u00a0?<\/p>\n<p style=\"text-align: justify;\"><img loading=\"lazy\" decoding=\"async\" class=\"alignleft wp-image-1436\" src=\"http:\/\/t-pas-net.com\/librCritN\/wp-content\/uploads\/2021\/07\/Boulevard-Yougoslavie.jpg\" alt=\"\" width=\"170\" height=\"240\" srcset=\"https:\/\/t-pas-net.com\/librCritN\/wp-content\/uploads\/2021\/07\/Boulevard-Yougoslavie.jpg 220w, https:\/\/t-pas-net.com\/librCritN\/wp-content\/uploads\/2021\/07\/Boulevard-Yougoslavie-213x300.jpg 213w, https:\/\/t-pas-net.com\/librCritN\/wp-content\/uploads\/2021\/07\/Boulevard-Yougoslavie-106x150.jpg 106w\" sizes=\"auto, (max-width: 170px) 100vw, 170px\" \/><strong>HR.\u00a0<\/strong>En \u00e9vitant de parler d\u00e9j\u00e0 (malgr\u00e9 la fr\u00e9n\u00e9sie anticipative qui parcourt de plus en plus fortement la cha\u00eene du livre) des tr\u00e8s beaux textes pr\u00e9vus pour ao\u00fbt, septembre et octobre, il n\u2019y a d\u2019ores et d\u00e9j\u00e0 que, comme souvent (ne soyons pas plus pessimistes que n\u00e9cessaire\u00a0!), l\u2019embarras du choix\u00a0: mentionnons par exemple le superbe <a href=\"https:\/\/www.charybde.fr\/evenements\/10-ans-arno-bertina-mathieu-larnaudie-boulevard-de-yougoslavie\"><em>Boulevard de Yougoslavie<\/em><\/a> d\u2019Arno Bertina, Mathieu Larnaudie et Oliver Rohe (chez Inculte Derni\u00e8re Marge), formidable mise en roman choral d\u2019une r\u00e9novation urbaine \u00e0 Rennes conduite comme une exp\u00e9rience forte de d\u00e9mocratie participative, n\u2019en masquant ni les difficult\u00e9s ni les esp\u00e9rances, et passionnante de bout en bout, le <em>M\u00e9caniques sauvages<\/em> de Daylon (chez Courant Alternatif), une somptueuse exp\u00e9rimentation de \u00ab\u00a0monde en petit\u00a0\u00bb o\u00f9 l\u2019intelligence artificielle et la marche au<img loading=\"lazy\" decoding=\"async\" class=\"alignright wp-image-1365\" src=\"http:\/\/t-pas-net.com\/librCritN\/wp-content\/uploads\/2021\/07\/Chino-au-jardin.jpg\" alt=\"\" width=\"185\" height=\"251\" srcset=\"https:\/\/t-pas-net.com\/librCritN\/wp-content\/uploads\/2021\/07\/Chino-au-jardin.jpg 210w, https:\/\/t-pas-net.com\/librCritN\/wp-content\/uploads\/2021\/07\/Chino-au-jardin-111x150.jpg 111w\" sizes=\"auto, (max-width: 185px) 100vw, 185px\" \/> d\u00e9sastre climatique sont sublim\u00e9s par une \u00e9criture pr\u00e9cise et n\u00e9anmoins po\u00e9tique, l\u2019<em>H\u00f4tel Andromeda<\/em> de Gabriel Josipovici (chez Quidam), qui transforme les bo\u00eetes de l\u2019artiste new-yorkais Joseph Cornell en filtre cruel et tendre de notre contemporain, ou le <em>Basqu.I.A.t<\/em> de Ian Soliane (chez Jou), qui constitue les toiles de Basquiat en ultime fronti\u00e8re face \u00e0 une intelligence artificielle de plus en plus omnipr\u00e9sente, ou encore le <a href=\"https:\/\/autourdechristianprigent.blogspot.com\/2021\/07\/chino-au-jardin-par-tristan-horde.html?fbclid=IwAR22VYSHZtpT_NTdjcJL0oeFBZN603f5lHgEeiWUzlQ4iPqqPHG3gALoBo8\"><em>Chino au jardin<\/em><\/a> de <a href=\"https:\/\/www.youtube.com\/watch?v=MZuWdwNX97Y\">Christian Prigent<\/a> (chez P.O.L.), nouveau triomphe d\u2019inventivit\u00e9 langagi\u00e8re, po\u00e9tique et subtilement humoristique dans la projection de l\u2019enfance dans le pr\u00e9sent, d\u00e9senchant\u00e9 ou non.<\/p>\n<p>&nbsp;<\/p>\n","protected":false},"excerpt":{"rendered":"<p>Depuis 2011, la Librairie CHARYBDE est un lieu unique qui d\u00e9fend les m\u00eames valeurs que Libr-critique : ind\u00e9pendance, curiosit\u00e9, esprit critique, \u00e9critures exigeantes&#8230; Un lieu rare qui vous propose de v\u00e9ritables livres, des \u00e9v\u00e9nements, un blog critique&#8230; et m\u00eame des ventes en ligne (n&rsquo;h\u00e9sitez pas \u00e0 commander, en cette p\u00e9riode de libr-vacance o\u00f9 l&rsquo;on prend le temps du lire et du d\u00e9lire)&#8230; &nbsp; FT.\u00a0Hugues, je connais peu d\u2019acteurs aussi engag\u00e9s que toi dans le sous-champ tr\u00e8s sp\u00e9cifique des pratiques exigeantes de la litt\u00e9rature, toi qui es \u00e0 la fois libraire et critique passionn\u00e9 \u2013 en perp\u00e9tuel mouvement, donc,&#8230; Au moment de repartir \u00e0 l\u2019aventure avec CHARYBDE \u2013 car c\u2019est une aventure, n\u2019est-ce pas\u00a0? \u2013, quel bilan provisoire\u00a0? Dans l\u2019univers de la librairie, comme ailleurs, la crise sanitaire n\u2019a fait qu\u2019accentuer les in\u00e9galit\u00e9s&#8230; tu me le confirmes\u00a0? HR. Merci de ces compliments, Fabrice, qui nous touchent beaucoup, mes coll\u00e8gues et moi, au moment o\u00f9 nous r\u00e9ouvrons enfin Charybde \u00ab\u00a0pour de bon\u00a0\u00bb, en effet, apr\u00e8s une ann\u00e9e o\u00f9 nous aurons \u00e9t\u00e9 ferm\u00e9s de facto huit mois en cumul\u00e9, au sein de notre beau tiers-lieu Ground Control, pr\u00e8s de la gare de Lyon, \u00e0 Paris. Il m\u2019est difficile \u00e9videmment de parler ici pour l\u2019ensemble de l\u2019univers de la librairie, la n\u00f4tre \u00e9tant largement atypique, mais de ce qui s\u2019entend ou se lit ces temps-ci, en public ou en priv\u00e9, il semble bien que oui, la lame des confinements et des restrictions face \u00e0 la pand\u00e9mie aura in fine cr\u00e9\u00e9 un certain d\u00e9sarroi, in\u00e9galement r\u00e9parti, et ce malgr\u00e9 les aides non n\u00e9gligeables re\u00e7ues par une grande partie de la profession, et malgr\u00e9 surtout un v\u00e9ritable sursaut de solidarit\u00e9 durant plusieurs mois de la part des lectrices et des lecteurs. Il me semble que c\u2019est surtout la diversit\u00e9 \u00e9ditoriale qui aura \u00e9t\u00e9 la plus affect\u00e9e par cette ann\u00e9e sous contraintes\u00a0: de nombreux t\u00e9moignages de libraires, d\u2019\u00e9ditrices et d\u2019\u00e9diteurs semblent confirmer que dans cette situation de crise sans pr\u00e9c\u00e9dent, une sorte de r\u00e9flexe global de s\u00e9curit\u00e9 des ventes et de refuge dans des valeurs dites \u00ab\u00a0s\u00fbres\u00a0\u00bb a pleinement jou\u00e9, et qu\u2019il a \u00e9t\u00e9 beaucoup plus difficile qu\u2019\u00e0 l\u2019accoutum\u00e9e de mettre en avant des d\u00e9couvertes, des textes d\u00e9fricheurs, des bouff\u00e9es d\u2019oxyg\u00e8ne qui cr\u00e9ent sous nos yeux la litt\u00e9rature de demain \u2013 ou qui en balisent le chemin avec force, lorsqu\u2019il s\u2019agit d\u2019autrices et d\u2019auteurs d\u00e9j\u00e0 davantage connus. &nbsp; FT. En mati\u00e8re de diversit\u00e9 \u00e9ditoriale, quelles craintes t\u2019inspirent les derniers soubresauts dans le monde de l\u2019\u00e9dition et de la diffusion, qui s\u2019oriente vers davantage de concentration encore (Vivendi\/Hachette)\u00a0? HR.\u00a0La concentration en soi ne devrait pas \u00eatre une crainte, si elle conduisait seulement \u00e0 une am\u00e9lioration de l\u2019efficacit\u00e9 technique, logistique et \u00e9conomique de la cha\u00eene du livre, avec un b\u00e9n\u00e9fice qui serait distribu\u00e9 \u00e0 l\u2019ensemble de ses actrices et de ses acteurs. Ce qui inqui\u00e8te, naturellement, comme l\u2019exposait d\u00e9j\u00e0 avec une force visionnaire peu commune et une v\u00e9ritable humilit\u00e9 le grand Andr\u00e9 Schiffrin il y a maintenant plus de vingt ans, c\u2019est lorsque cette concentration, et les \u00e9conomies d\u2019\u00e9chelle qui en d\u00e9coulent, a lieu uniquement ou presque au b\u00e9n\u00e9fice d\u2019actionnaires de plus en plus banalis\u00e9s, qui consid\u00e8rent peu ou prou l\u2019\u00e9dition au sens large comme proc\u00e9dant de la m\u00eame logique de rentabilit\u00e9 pour l\u2019investisseur que, disons au hasard, des complexes portuaires africains n\u00e9o-coloniaux ou des boutiques de luxe d\u2019a\u00e9roport. C\u2019est bien dans l\u2019attention port\u00e9e \u00e0 cette terrible logique d\u00e9rivante que les pouvoirs publics pourraient montrer, de mani\u00e8re plus forte que par un soutien ponctuel et charg\u00e9 de symboles, qu\u2019ils consid\u00e8rent, avec les lectrices et les lecteurs, que le livre constitue un objet essentiel (et pas uniquement un commerce essentiel) de nos soci\u00e9t\u00e9s. FT.\u00a0Quel est pr\u00e9cis\u00e9ment l\u2019enjeu de ce red\u00e9marrage pour Charybde\u00a0? HR.\u00a0C\u2019est un moment tr\u00e8s d\u00e9licat. Au d\u00e9but de 2020, juste avant que la pand\u00e9mie frappe en France, notre librairie amor\u00e7ait enfin une convalescence prometteuse et enthousiaste, apr\u00e8s \u00eatre pass\u00e9e tout pr\u00e8s du gouffre en 2018. L\u2019ann\u00e9e \u00e9coul\u00e9e nous a mis v\u00e9ritablement \u00e0 genoux, les caract\u00e9ristiques sp\u00e9cifiques de notre lieu (commerce essentiel \u00ab\u00a0ouvert\u00a0\u00bb \u00e0 l\u2019int\u00e9rieur d\u2019un espace \u00ab\u00a0non essentiel\u00a0\u00bb ferm\u00e9) ayant rendu les aides largement al\u00e9atoires \u00e0 ce stade (m\u00eame si nous ne d\u00e9sesp\u00e9rons pas d\u2019obtenir de ce c\u00f4t\u00e9 un soutien a posteriori). Sans la solidarit\u00e9 massive, f\u00fbt-ce \u00e0 distance, de nos lectrices et de nos lecteurs, par leurs commandes, d\u2019Artcena (le fabuleux centre de documentation du th\u00e9\u00e2tre en France) et de la cr\u00e9atrice de contenus Bulledop, dont la communaut\u00e9 Twitch nous a \u00e9mus quasiment aux larmes par sa mobilisation soudaine et inattendue, nous ne serions sans doute plus l\u00e0. Nous venons de f\u00eater nos dix ans, dans la douleur et dans la joie, en compagnie d\u2019autrices, d\u2019auteurs, d\u2019\u00e9ditrices et d\u2019\u00e9diteurs que nous aimons (pas toutes et pas tous, huit soir\u00e9es en juin n\u2019auraient jamais suffi, \u00e9videmment\u00a0!), nous comptons tr\u00e8s fort sur celles et ceux qui appr\u00e9cient notre travail pour nous aider \u00e0 repartir \u00e0 nouveau du bon pied pour encore au moins dix ans, et \u00e0 nous extraire de cette orni\u00e8re impr\u00e9vue. FT.\u00a0Tes coups de c\u0153ur estivaux\u00a0? HR.\u00a0En \u00e9vitant de parler d\u00e9j\u00e0 (malgr\u00e9 la fr\u00e9n\u00e9sie anticipative qui parcourt de plus en plus fortement la cha\u00eene du livre) des tr\u00e8s beaux textes pr\u00e9vus pour ao\u00fbt, septembre et octobre, il n\u2019y a d\u2019ores et d\u00e9j\u00e0 que, comme souvent (ne soyons pas plus pessimistes que n\u00e9cessaire\u00a0!), l\u2019embarras du choix\u00a0: mentionnons par exemple le superbe Boulevard de Yougoslavie d\u2019Arno Bertina, Mathieu Larnaudie et Oliver Rohe (chez Inculte Derni\u00e8re Marge), formidable mise en roman choral d\u2019une r\u00e9novation urbaine \u00e0 Rennes conduite comme une exp\u00e9rience forte de d\u00e9mocratie participative, n\u2019en masquant ni les difficult\u00e9s ni les esp\u00e9rances, et passionnante de bout en bout, le M\u00e9caniques sauvages de Daylon (chez Courant Alternatif), une somptueuse exp\u00e9rimentation de \u00ab\u00a0monde en petit\u00a0\u00bb o\u00f9 l\u2019intelligence artificielle et la marche au d\u00e9sastre climatique sont sublim\u00e9s par une \u00e9criture pr\u00e9cise et n\u00e9anmoins po\u00e9tique, l\u2019H\u00f4tel Andromeda de Gabriel Josipovici (chez Quidam), qui transforme les bo\u00eetes de l\u2019artiste new-yorkais Joseph Cornell en filtre cruel et tendre de notre contemporain, ou le Basqu.I.A.t de Ian Soliane (chez Jou), qui constitue les toiles de&#8230;<\/p>\n","protected":false},"author":2,"featured_media":1434,"comment_status":"open","ping_status":"open","sticky":false,"template":"","format":"standard","meta":{"footnotes":""},"categories":[570,2],"tags":[629,38,1195,41,635,12,209,639,450,1194],"class_list":["post-1432","post","type-post","status-publish","format-standard","has-post-thumbnail","hentry","category-entretien","category-une","tag-arno-bertina","tag-christian-prigent","tag-crise-de-la-librairie","tag-editions-p-o-l","tag-editions-inculte","tag-fabrice-thumerel","tag-hugues-robert","tag-librairie-charybde","tag-mathieu-larnaudie","tag-olivier-rohe"],"post_mailing_queue_ids":[],"_links":{"self":[{"href":"https:\/\/t-pas-net.com\/librCritN\/wp-json\/wp\/v2\/posts\/1432","targetHints":{"allow":["GET"]}}],"collection":[{"href":"https:\/\/t-pas-net.com\/librCritN\/wp-json\/wp\/v2\/posts"}],"about":[{"href":"https:\/\/t-pas-net.com\/librCritN\/wp-json\/wp\/v2\/types\/post"}],"author":[{"embeddable":true,"href":"https:\/\/t-pas-net.com\/librCritN\/wp-json\/wp\/v2\/users\/2"}],"replies":[{"embeddable":true,"href":"https:\/\/t-pas-net.com\/librCritN\/wp-json\/wp\/v2\/comments?post=1432"}],"version-history":[{"count":6,"href":"https:\/\/t-pas-net.com\/librCritN\/wp-json\/wp\/v2\/posts\/1432\/revisions"}],"predecessor-version":[{"id":1442,"href":"https:\/\/t-pas-net.com\/librCritN\/wp-json\/wp\/v2\/posts\/1432\/revisions\/1442"}],"wp:featuredmedia":[{"embeddable":true,"href":"https:\/\/t-pas-net.com\/librCritN\/wp-json\/wp\/v2\/media\/1434"}],"wp:attachment":[{"href":"https:\/\/t-pas-net.com\/librCritN\/wp-json\/wp\/v2\/media?parent=1432"}],"wp:term":[{"taxonomy":"category","embeddable":true,"href":"https:\/\/t-pas-net.com\/librCritN\/wp-json\/wp\/v2\/categories?post=1432"},{"taxonomy":"post_tag","embeddable":true,"href":"https:\/\/t-pas-net.com\/librCritN\/wp-json\/wp\/v2\/tags?post=1432"}],"curies":[{"name":"wp","href":"https:\/\/api.w.org\/{rel}","templated":true}]}}