{"id":1756,"date":"2021-10-17T20:59:56","date_gmt":"2021-10-17T18:59:56","guid":{"rendered":"http:\/\/t-pas-net.com\/librCritN\/?p=1756"},"modified":"2021-10-19T19:45:03","modified_gmt":"2021-10-19T17:45:03","slug":"news-news-du-dimanche-39","status":"publish","type":"post","link":"https:\/\/t-pas-net.com\/librCritN\/2021\/10\/17\/news-news-du-dimanche-39\/","title":{"rendered":"[News] News du dimanche"},"content":{"rendered":"<p>En ce mois riche en \u00e9v\u00e9nements, quelques <strong>libr-\u00e9v\u00e9nements<\/strong> suppl\u00e9mentaires, apr\u00e8s notre <strong>Libr-10<\/strong>&#8230;<\/p>\n<p style=\"text-align: center;\"><span style=\"color: #ffffff; background-color: #ff0000;\"><strong>Libr-10 (s\u00e9lection de livres re\u00e7us en octobre 2021)<\/strong><\/span><\/p>\n<p style=\"text-align: center;\"><img loading=\"lazy\" decoding=\"async\" class=\"aligncenter size-full wp-image-1759\" src=\"http:\/\/t-pas-net.com\/librCritN\/wp-content\/uploads\/2021\/10\/LC10octobre21.jpg\" alt=\"\" width=\"540\" height=\"360\" srcset=\"https:\/\/t-pas-net.com\/librCritN\/wp-content\/uploads\/2021\/10\/LC10octobre21.jpg 540w, https:\/\/t-pas-net.com\/librCritN\/wp-content\/uploads\/2021\/10\/LC10octobre21-300x200.jpg 300w, https:\/\/t-pas-net.com\/librCritN\/wp-content\/uploads\/2021\/10\/LC10octobre21-150x100.jpg 150w, https:\/\/t-pas-net.com\/librCritN\/wp-content\/uploads\/2021\/10\/LC10octobre21-366x244.jpg 366w\" sizes=\"auto, (max-width: 540px) 100vw, 540px\" \/><\/p>\n<p style=\"text-align: justify;\">\u25ba Franck DOYEN, <strong><em>Les Chants de Kiepja<\/em><\/strong>, Fa\u00ef fioc, 88 pages, 12 \u20ac.<\/p>\n<p style=\"text-align: justify;\">\u25ba Florence JOU, <strong><em>Explorizons<\/em><\/strong>, Lanskine, 72 pages, 14 \u20ac.<\/p>\n<p style=\"text-align: justify;\">\u25ba Alain JUGNON, <em><strong>Malcolm \u00e9crit<\/strong>. Le Th\u00e9\u00e2tre des mati\u00e8res 1<\/em>, Propos 2, 148 pages, 14 \u20ac.<\/p>\n<p style=\"text-align: justify;\">\u25ba Vincent LAFAILLE, <em><strong>Il a fallu apprendre \u00e0 lire dans le noir<\/strong><\/em>, Les Presses du r\u00e9el, coll. \u00ab\u00a0Al dante\u00a0\u00bb, 64 pages, 10 \u20ac.<\/p>\n<p style=\"text-align: justify;\">\u25ba Alain MARC, <em><strong>De la profondeur<\/strong>. Lectures, articles<\/em>, \u00e9ditions Douro, 218 pages, 19 \u20ac.<\/p>\n<p style=\"text-align: justify;\">\u25ba Laurent MARISSAL, <em><strong>Brecht &amp; Brecht<\/strong><\/em>, Les Presses du r\u00e9el, coll. \u00ab\u00a0Al dante\u00a0\u00bb, 272 pages, 10 \u20ac.<\/p>\n<p style=\"text-align: justify;\">\u25ba Mich\u00e8le M\u00c9TAIL, <strong><em>Le Paysage apr\u00e8s Wang Wei<\/em><\/strong>, Lanskine, 224 pages, 20 \u20ac.<\/p>\n<p style=\"text-align: justify;\">\u25ba Audrey REGALA, <strong><em>La L\u00ednea<\/em><\/strong>, Lanskine, 82 pages, 16 \u20ac.<\/p>\n<p style=\"text-align: justify;\">\u25ba Michel SURYA, <em><strong>Principes pour une litt\u00e9RATure qui empeste<\/strong>. Mat\u00e9riologies V<\/em>, Les Presses du r\u00e9el, coll. \u00ab\u00a0Al dante\u00a0\u00bb, 104 pages, 15 \u20ac.<\/p>\n<p style=\"text-align: justify;\">\u25ba Mary-Laure ZOSS, <em><strong>D&rsquo;ici qu&rsquo;\u00e0 sa perte<\/strong><\/em>, Fa\u00ef fioc, 80 pages, 12 \u20ac.<\/p>\n<p>&nbsp;<\/p>\n<p style=\"text-align: center;\"><span style=\"background-color: #ff0000; color: #ffffff;\"><strong>Libr-\u00e9v\u00e9nements<\/strong><\/span><\/p>\n<p style=\"text-align: justify;\">\u25ba Avant que ne paraissent en f\u00e9vrier 2022 le <em>Cahier de l&rsquo;Herne<\/em> qui lui est consacr\u00e9 et le film tir\u00e9<img loading=\"lazy\" decoding=\"async\" class=\"alignright wp-image-1757\" src=\"http:\/\/t-pas-net.com\/librCritN\/wp-content\/uploads\/2021\/10\/AE-Prix-Monaco.jpg\" alt=\"\" width=\"135\" height=\"141\" srcset=\"https:\/\/t-pas-net.com\/librCritN\/wp-content\/uploads\/2021\/10\/AE-Prix-Monaco.jpg 225w, https:\/\/t-pas-net.com\/librCritN\/wp-content\/uploads\/2021\/10\/AE-Prix-Monaco-144x150.jpg 144w\" sizes=\"auto, (max-width: 135px) 100vw, 135px\" \/> de <em>L&rsquo;\u00c9v\u00e9nement<\/em> (Lion d&rsquo;or \u00e0 Venise), faute de Nobel, le mardi 12 octobre, Annie ERNAUX a finalement re\u00e7u le prix Prince Pierre de Monaco, dot\u00e9 de 25 000 \u20ac.<\/p>\n<p style=\"text-align: justify;\">\u25ba <strong>Mardi 19 octobre \u00e0 18H30<\/strong>, Enseigne des Oudins (75010) :<\/p>\n<p style=\"text-align: center;\"><img loading=\"lazy\" decoding=\"async\" class=\"aligncenter size-full wp-image-1760\" src=\"http:\/\/t-pas-net.com\/librCritN\/wp-content\/uploads\/2021\/10\/Soiree-Al-dante-octobre-2021.jpg\" alt=\"\" width=\"540\" height=\"555\" srcset=\"https:\/\/t-pas-net.com\/librCritN\/wp-content\/uploads\/2021\/10\/Soiree-Al-dante-octobre-2021.jpg 540w, https:\/\/t-pas-net.com\/librCritN\/wp-content\/uploads\/2021\/10\/Soiree-Al-dante-octobre-2021-292x300.jpg 292w, https:\/\/t-pas-net.com\/librCritN\/wp-content\/uploads\/2021\/10\/Soiree-Al-dante-octobre-2021-146x150.jpg 146w, https:\/\/t-pas-net.com\/librCritN\/wp-content\/uploads\/2021\/10\/Soiree-Al-dante-octobre-2021-366x376.jpg 366w\" sizes=\"auto, (max-width: 540px) 100vw, 540px\" \/><\/p>\n<p style=\"text-align: justify;\">\u25ba<strong> Mercredi 20 \u00e0 19H, Bourse du travail<\/strong> (75010) : ANNUL\u00c9 (derni\u00e8re minute)<\/p>\n<p style=\"text-align: center;\"><img loading=\"lazy\" decoding=\"async\" class=\"aligncenter size-full wp-image-1761\" src=\"http:\/\/t-pas-net.com\/librCritN\/wp-content\/uploads\/2021\/10\/Friot-Lordon.jpg\" alt=\"\" width=\"540\" height=\"290\" srcset=\"https:\/\/t-pas-net.com\/librCritN\/wp-content\/uploads\/2021\/10\/Friot-Lordon.jpg 540w, https:\/\/t-pas-net.com\/librCritN\/wp-content\/uploads\/2021\/10\/Friot-Lordon-300x161.jpg 300w, https:\/\/t-pas-net.com\/librCritN\/wp-content\/uploads\/2021\/10\/Friot-Lordon-150x81.jpg 150w, https:\/\/t-pas-net.com\/librCritN\/wp-content\/uploads\/2021\/10\/Friot-Lordon-366x197.jpg 366w\" sizes=\"auto, (max-width: 540px) 100vw, 540px\" \/><\/p>\n<p style=\"text-align: justify;\">\u25ba Vendredi 22 \u00e0 20H, Librairie L&rsquo;Atelier (2bis Rue du Jourdain 75020) :<\/p>\n<p style=\"text-align: center;\"><img loading=\"lazy\" decoding=\"async\" class=\"aligncenter size-full wp-image-1762\" src=\"http:\/\/t-pas-net.com\/librCritN\/wp-content\/uploads\/2021\/10\/VasquezRencontre-octobre-2021.jpg\" alt=\"\" width=\"540\" height=\"760\" srcset=\"https:\/\/t-pas-net.com\/librCritN\/wp-content\/uploads\/2021\/10\/VasquezRencontre-octobre-2021.jpg 540w, https:\/\/t-pas-net.com\/librCritN\/wp-content\/uploads\/2021\/10\/VasquezRencontre-octobre-2021-213x300.jpg 213w, https:\/\/t-pas-net.com\/librCritN\/wp-content\/uploads\/2021\/10\/VasquezRencontre-octobre-2021-107x150.jpg 107w, https:\/\/t-pas-net.com\/librCritN\/wp-content\/uploads\/2021\/10\/VasquezRencontre-octobre-2021-366x515.jpg 366w\" sizes=\"auto, (max-width: 540px) 100vw, 540px\" \/><\/p>\n","protected":false},"excerpt":{"rendered":"<p>En ce mois riche en \u00e9v\u00e9nements, quelques libr-\u00e9v\u00e9nements suppl\u00e9mentaires, apr\u00e8s notre Libr-10&#8230; Libr-10 (s\u00e9lection de livres re\u00e7us en octobre 2021) \u25ba Franck DOYEN, Les Chants de Kiepja, Fa\u00ef fioc, 88 pages, 12 \u20ac. \u25ba Florence JOU, Explorizons, Lanskine, 72 pages, 14 \u20ac. \u25ba Alain JUGNON, Malcolm \u00e9crit. Le Th\u00e9\u00e2tre des mati\u00e8res 1, Propos 2, 148 pages, 14 \u20ac. \u25ba Vincent LAFAILLE, Il a fallu apprendre \u00e0 lire dans le noir, Les Presses du r\u00e9el, coll. \u00ab\u00a0Al dante\u00a0\u00bb, 64 pages, 10 \u20ac. \u25ba Alain MARC, De la profondeur. Lectures, articles, \u00e9ditions Douro, 218 pages, 19 \u20ac. \u25ba Laurent MARISSAL, Brecht &amp; Brecht, Les Presses du r\u00e9el, coll. \u00ab\u00a0Al dante\u00a0\u00bb, 272 pages, 10 \u20ac. \u25ba Mich\u00e8le M\u00c9TAIL, Le Paysage apr\u00e8s Wang Wei, Lanskine, 224 pages, 20 \u20ac. \u25ba Audrey REGALA, La L\u00ednea, Lanskine, 82 pages, 16 \u20ac. \u25ba Michel SURYA, Principes pour une litt\u00e9RATure qui empeste. Mat\u00e9riologies V, Les Presses du r\u00e9el, coll. \u00ab\u00a0Al dante\u00a0\u00bb, 104 pages, 15 \u20ac. \u25ba Mary-Laure ZOSS, D&rsquo;ici qu&rsquo;\u00e0 sa perte, Fa\u00ef fioc, 80 pages, 12 \u20ac. &nbsp; Libr-\u00e9v\u00e9nements \u25ba Avant que ne paraissent en f\u00e9vrier 2022 le Cahier de l&rsquo;Herne qui lui est consacr\u00e9 et le film tir\u00e9 de L&rsquo;\u00c9v\u00e9nement (Lion d&rsquo;or \u00e0 Venise), faute de Nobel, le mardi 12 octobre, Annie ERNAUX a finalement re\u00e7u le prix Prince Pierre de Monaco, dot\u00e9 de 25 000 \u20ac. \u25ba Mardi 19 octobre \u00e0 18H30, Enseigne des Oudins (75010) : \u25ba Mercredi 20 \u00e0 19H, Bourse du travail (75010) : ANNUL\u00c9 (derni\u00e8re minute) \u25ba Vendredi 22 \u00e0 20H, Librairie L&rsquo;Atelier (2bis Rue du Jourdain 75020) :<\/p>\n","protected":false},"author":2,"featured_media":40,"comment_status":"open","ping_status":"open","sticky":false,"template":"","format":"standard","meta":{"footnotes":""},"categories":[7,10,2],"tags":[145,81,1307,110,1310,1308,208,36,1255,991,1306,85,1305,1309,189,1311,309,367,148,273,1227],"class_list":["post-1756","post","type-post","status-publish","format-standard","has-post-thumbnail","hentry","category-livres-recus","category-news","category-une","tag-ac-hello","tag-alain-jugnon","tag-alain-marc","tag-annie-ernaux","tag-audrey-regala","tag-editions-douro","tag-editions-fai-fioc","tag-editions-lanskine","tag-emmanuele-jawad","tag-florence-jou","tag-franck-doyen","tag-julien-blaine","tag-laura-vazquez","tag-laurent-marissal","tag-liliane-giraudon","tag-mary-laure-zoss","tag-michel-surya","tag-michele-metail","tag-presses-du-reel-al-dante","tag-propos2editions","tag-vincent-lafaille"],"post_mailing_queue_ids":[],"_links":{"self":[{"href":"https:\/\/t-pas-net.com\/librCritN\/wp-json\/wp\/v2\/posts\/1756","targetHints":{"allow":["GET"]}}],"collection":[{"href":"https:\/\/t-pas-net.com\/librCritN\/wp-json\/wp\/v2\/posts"}],"about":[{"href":"https:\/\/t-pas-net.com\/librCritN\/wp-json\/wp\/v2\/types\/post"}],"author":[{"embeddable":true,"href":"https:\/\/t-pas-net.com\/librCritN\/wp-json\/wp\/v2\/users\/2"}],"replies":[{"embeddable":true,"href":"https:\/\/t-pas-net.com\/librCritN\/wp-json\/wp\/v2\/comments?post=1756"}],"version-history":[{"count":5,"href":"https:\/\/t-pas-net.com\/librCritN\/wp-json\/wp\/v2\/posts\/1756\/revisions"}],"predecessor-version":[{"id":1766,"href":"https:\/\/t-pas-net.com\/librCritN\/wp-json\/wp\/v2\/posts\/1756\/revisions\/1766"}],"wp:featuredmedia":[{"embeddable":true,"href":"https:\/\/t-pas-net.com\/librCritN\/wp-json\/wp\/v2\/media\/40"}],"wp:attachment":[{"href":"https:\/\/t-pas-net.com\/librCritN\/wp-json\/wp\/v2\/media?parent=1756"}],"wp:term":[{"taxonomy":"category","embeddable":true,"href":"https:\/\/t-pas-net.com\/librCritN\/wp-json\/wp\/v2\/categories?post=1756"},{"taxonomy":"post_tag","embeddable":true,"href":"https:\/\/t-pas-net.com\/librCritN\/wp-json\/wp\/v2\/tags?post=1756"}],"curies":[{"name":"wp","href":"https:\/\/api.w.org\/{rel}","templated":true}]}}