{"id":1946,"date":"2021-11-14T21:10:35","date_gmt":"2021-11-14T20:10:35","guid":{"rendered":"http:\/\/t-pas-net.com\/librCritN\/?p=1946"},"modified":"2021-11-14T21:13:58","modified_gmt":"2021-11-14T20:13:58","slug":"news-news-du-dimanche-40","status":"publish","type":"post","link":"https:\/\/t-pas-net.com\/librCritN\/2021\/11\/14\/news-news-du-dimanche-40\/","title":{"rendered":"[News] News du dimanche"},"content":{"rendered":"<p>\u00c0 un mois de la fameuse tr\u00eave des confiseurs dans un monde qui commence \u00e0 conna\u00eetre la p\u00e9nurie, quoi de bien qu&rsquo;une solide s\u00e9lection de <strong>Libr-livres re\u00e7us<\/strong> ? Avec aussi quelques <strong>Libr-\u00e9v\u00e9nements<\/strong> et le retour des <strong>Nouvelles Aventures d&rsquo;Ovaine<\/strong> (grand merci \u00e0 Tristan Felix !)&#8230;<\/p>\n<p>&nbsp;<\/p>\n<p style=\"text-align: center;\"><span style=\"background-color: #ff0000; color: #ffffff;\"><strong>Libr-livres re\u00e7us en octobre-novembre 2021<\/strong><\/span><\/p>\n<p style=\"text-align: center;\"><img loading=\"lazy\" decoding=\"async\" class=\"aligncenter size-full wp-image-1951\" src=\"http:\/\/t-pas-net.com\/librCritN\/wp-content\/uploads\/2021\/11\/LC8Nov2021.jpg\" alt=\"\" width=\"540\" height=\"520\" srcset=\"https:\/\/t-pas-net.com\/librCritN\/wp-content\/uploads\/2021\/11\/LC8Nov2021.jpg 540w, https:\/\/t-pas-net.com\/librCritN\/wp-content\/uploads\/2021\/11\/LC8Nov2021-300x289.jpg 300w, https:\/\/t-pas-net.com\/librCritN\/wp-content\/uploads\/2021\/11\/LC8Nov2021-150x144.jpg 150w, https:\/\/t-pas-net.com\/librCritN\/wp-content\/uploads\/2021\/11\/LC8Nov2021-366x352.jpg 366w\" sizes=\"auto, (max-width: 540px) 100vw, 540px\" \/><\/p>\n<p style=\"text-align: justify;\">Patrick BEURARD-VALDOYE, <strong><em>Palabre avec les arbres<\/em><\/strong>, Corti, 78 pages, 15,50\u20ac.<\/p>\n<p style=\"text-align: justify;\">Revue <em><strong>Dissonances<\/strong><\/em>, n\u00b0 41, hiver 2021, 56 pages, 7\u20ac. [dissonons@revuedissonances.com]<\/p>\n<p style=\"text-align: justify;\">Ma\u00ebl GUESDON, <strong><em>Mon plan<\/em><\/strong>, Corti, 96 pages, 16\u20ac.<\/p>\n<p style=\"text-align: justify;\">Jean-Claude HAUC, <strong><em>Un arri\u00e8re-go\u00fbt de rat<\/em><\/strong>, \u00e9ditions Tinbad, coll. \u00ab\u00a0Roman\u00a0\u00bb, 176 pages, 18\u20ac.<\/p>\n<p style=\"text-align: justify;\">Alain JUGNON, <em><strong>Rimbaud des bois<\/strong> pr\u00e9c\u00e9d\u00e9 de <strong>Le Vent se l\u00e8ve monsieur Nietzsche<\/strong><\/em>, \u00e9ditions du Cano\u00eb, 176 pages, 16\u20ac.<\/p>\n<p style=\"text-align: justify;\">Antonio MORESCO, <strong><em>Les Ouvertures<\/em><\/strong>, Verdier, septembre 2021, 710 pages, 31\u20ac.<\/p>\n<p style=\"text-align: justify;\">Marc-\u00c9mile THINEZ, <strong><em>J&rsquo;aurai \u00e9t\u00e9 ceux que je suis<\/em><\/strong>, \u00e9ditions Louise Bottu, coll. \u00ab\u00a0ContraintEs\u00a0\u00bb, 58 pages, 8\u20ac.<\/p>\n<p style=\"text-align: justify;\">Laura VASQUEZ, <strong><em>La Semaine perp\u00e9tuelle<\/em><\/strong>, \u00e9ditions du Sous-Sol, septembre 2021, 320 pages, 20\u20ac.<\/p>\n<p>&nbsp;<\/p>\n<p style=\"text-align: center;\"><span style=\"background-color: #ff0000; color: #ffffff;\"><strong>Libr-\u00e9v\u00e9nements<\/strong><\/span><\/p>\n<p style=\"text-align: justify;\">\u25ba Samedi 20 et dimanche 21 novembre, <span style=\"background-color: #ffff00;\"><strong>Festival litt\u00e9raire Le Bruit des mots<\/strong><\/span> : d\u00e9couvrez le programme <a href=\"https:\/\/www.ville-creteil.fr\/festival-litteraire-le-bruit-des-mots-resonne-dans-tout-creteil\"><strong>ici<\/strong><\/a>.<\/p>\n<p style=\"text-align: center;\"><img loading=\"lazy\" decoding=\"async\" class=\"aligncenter size-full wp-image-1952\" src=\"http:\/\/t-pas-net.com\/librCritN\/wp-content\/uploads\/2021\/11\/BruitMots.jpg\" alt=\"\" width=\"540\" height=\"270\" srcset=\"https:\/\/t-pas-net.com\/librCritN\/wp-content\/uploads\/2021\/11\/BruitMots.jpg 540w, https:\/\/t-pas-net.com\/librCritN\/wp-content\/uploads\/2021\/11\/BruitMots-300x150.jpg 300w, https:\/\/t-pas-net.com\/librCritN\/wp-content\/uploads\/2021\/11\/BruitMots-150x75.jpg 150w, https:\/\/t-pas-net.com\/librCritN\/wp-content\/uploads\/2021\/11\/BruitMots-366x183.jpg 366w\" sizes=\"auto, (max-width: 540px) 100vw, 540px\" \/><\/p>\n<p>&nbsp;<\/p>\n<p style=\"text-align: justify;\"><span style=\"background-color: #ffff00;\"><strong>\u25ba Jeudi 9 d\u00e9cembre \u00e0 19H30<\/strong><\/span>,<\/p>\n<div class=\"footer__item\"><a class=\"js-hoverLink\" href=\"https:\/\/cwb.fr\/\" target=\"_self\" rel=\"noopener\">Centre Wallonie Bruxelles<\/a><\/div>\n<div class=\"footer__item footer__item--double\"><a href=\"https:\/\/g.page\/CentreWallonieBruxelles\" target=\"_blank\" rel=\"noopener\">127-129 rue Saint-Martin 75004 Paris<\/a><\/div>\n<p style=\"text-align: justify;\"><span style=\"background-color: #ffff00;\"><strong>Dialogue entre Christian Prigent et Eric Cl\u00e9mens<\/strong><\/span>, qui a publi\u00e9 en 2020 <strong><em>Le fictionnel et le fictif<\/em> <\/strong>(\u00e9ditions CEP).<\/p>\n<p style=\"text-align: justify;\">Cela a-t-il un sens de parler de \u00ab\u2009Belgian Theory\u2009\u00bb &#8211; comme on parle de \u00ab\u2009French Theory\u2009\u00bb ou d\u2019\u00ab\u2009Italian Theory\u2009\u00bb\u2009?<br \/>\nA d\u00e9faut de r\u00e9pondre \u00e0 cette question, le cycle de rencontres Belgian Theory a pour ambition de pr\u00e9senter au public pluralit\u00e9 de la pens\u00e9e contemporaine par le biais de dialogues publics avec ses repr\u00e9sentants embl\u00e9matiques. Chaque rencontre, qui aura lieu \u00e0 l\u2019occasion de la parution d\u2019un ouvrage important, verra la confrontation de son auteur.trice. avec une personnalit\u00e9 franc\u0327aise sous la forme d\u2019une conversation ouverte.<\/p>\n<p style=\"text-align: justify;\"><strong>Le livre :<\/strong><br \/>\nDepuis les temps modernes, lorsque Thomas Hobbes entre autres \u00ab\u00a0d\u00e9couvrit\u00a0\u00bb le pacte social depuis<img loading=\"lazy\" decoding=\"async\" class=\"alignright size-full wp-image-1950\" src=\"http:\/\/t-pas-net.com\/librCritN\/wp-content\/uploads\/2021\/11\/ClemensFiction.jpg\" alt=\"\" width=\"200\" height=\"300\" srcset=\"https:\/\/t-pas-net.com\/librCritN\/wp-content\/uploads\/2021\/11\/ClemensFiction.jpg 200w, https:\/\/t-pas-net.com\/librCritN\/wp-content\/uploads\/2021\/11\/ClemensFiction-100x150.jpg 100w\" sizes=\"auto, (max-width: 200px) 100vw, 200px\" \/> l\u2019institution du langage entre les humains, l\u2019usage du mot fiction est abondant &#8211; et aujourd\u2019hui plus que jamais. Il recouvre un champ mouvant, de tr\u00e8s restreint \u00e0 tr\u00e8s large\u00a0: de fiction litt\u00e9raire ou m\u00e9diatique \u00e0 fiction juridique, voire math\u00e9matique\u2026 Il en devient quasi synonyme de culture ce qui l\u2019oppose \u00e0 nature, mais pas \u00e0 monde ou \u00e0 r\u00e9alit\u00e9, ce qui le met \u00e0 distance de l\u2019id\u00e9e d\u2019une chim\u00e8re, d\u2019une erreur ou d\u2019une irr\u00e9alit\u00e9. Il est aussi le plus souvent employ\u00e9 \u00e0 tort et \u00e0 travers &#8211; mais aussi \u00e0 raison, ce qui n\u2019est pas sans paradoxe puisque la fiction s\u2019oppose habituellement \u00e0 la raison comme au r\u00e9el\u2026<\/p>\n<p style=\"text-align: justify;\">Pour cette premi\u00e8re s\u00e9ance Le journaliste Sylvain Bourmeau anime un dialogue entre Eric Clemens et Christian Prigent.<\/p>\n<p>&nbsp;<\/p>\n<p style=\"text-align: center;\"><span style=\"background-color: #ff0000; color: #ffffff;\"><strong>Les nouvelles aventures d&rsquo;Ovaine \/Tristan Felix\/<\/strong><\/span><\/p>\n<div style=\"text-align: justify;\">Un r\u00eave tentaculaire visite Ovaine.<\/div>\n<div style=\"text-align: justify;\"><\/div>\n<div style=\"text-align: justify;\">Elle doit rendre visite \u00e0 un petit poulpe qu&rsquo;elle conna\u00eet depuis qu&rsquo;il est n\u00e9 et dont l&rsquo;\u00e2me ne tient plus qu&rsquo;\u00e0 une pellicule de sel.<\/div>\n<div style=\"text-align: justify;\"><\/div>\n<div style=\"text-align: justify;\">&#8211;\u00a0 Voil\u00e0 des lustres qu&rsquo;on m&rsquo;a oubli\u00e9. Tous se sont \u00e9vapor\u00e9s, m\u00eame l&rsquo;eau, geint-il derri\u00e8re son rocher poussi\u00e9reux.<\/div>\n<div style=\"text-align: justify;\"><\/div>\n<div style=\"text-align: justify;\">&#8211; Moi je suis toujours \u00e0 flot, l\u00e2che-t-elle en d\u00e9versant une trombe de larmes dans l&rsquo;aquarium vide.<\/div>\n<div style=\"text-align: justify;\"><\/div>\n<div style=\"text-align: justify;\">Et le pulpito d&rsquo;agiter soudain tous ses bras dans une fr\u00e9n\u00e9sie de r\u00e9surrection.<\/div>\n<div style=\"text-align: justify;\"><\/div>\n<div style=\"text-align: justify;\">Ovaine est d\u00e9sormais assign\u00e9e au pleur jusqu&rsquo;\u00e0 \u00e9vaporation de son r\u00eave.<\/div>\n<div><\/div>\n<div style=\"text-align: center;\">\u2666\u2666\u2666\u2666\u2666<\/div>\n<div><\/div>\n<div style=\"text-align: justify;\">L&rsquo;horizon est tout bouch\u00e9. On ne sait plus comment \u00e9vacuer. Ovaine ne voit m\u00eame plus o\u00f9 est son rectum.<\/div>\n<div style=\"text-align: justify;\"><\/div>\n<div style=\"text-align: justify;\">En poussant tr\u00e8s fort, elle finit par le retrouver.<\/div>\n<div style=\"text-align: justify;\"><\/div>\n<div style=\"text-align: justify;\">Eructant de joie, elle p\u00e9tarade au quart de tour et se demande o\u00f9 peut bien maintenant se trouver son<img loading=\"lazy\" decoding=\"async\" class=\"alignright size-full wp-image-1209\" src=\"http:\/\/t-pas-net.com\/librCritN\/wp-content\/uploads\/2021\/06\/OvainePetit.jpg\" alt=\"\" width=\"210\" height=\"290\" srcset=\"https:\/\/t-pas-net.com\/librCritN\/wp-content\/uploads\/2021\/06\/OvainePetit.jpg 210w, https:\/\/t-pas-net.com\/librCritN\/wp-content\/uploads\/2021\/06\/OvainePetit-109x150.jpg 109w\" sizes=\"auto, (max-width: 210px) 100vw, 210px\" \/> versum.<\/div>\n<div style=\"text-align: justify;\"><\/div>\n<div style=\"text-align: justify;\">Tout le jour elle tourne en rond en reniflant dans toutes les directions.<\/div>\n<div style=\"text-align: justify;\"><\/div>\n<div style=\"text-align: justify;\">Etourdie, elle se rend bient\u00f4t compte que son versum doit se trouver ailleurs dans l&rsquo;univers, o\u00f9 rien n&rsquo;est plus tr\u00e8s \u00e0 l&rsquo;endroit.<\/div>\n<div style=\"text-align: justify;\"><\/div>\n<div style=\"text-align: justify;\">Elle consulte alors un astronome qui, dans une averse de sanglots, lui avoue que tout est r\u00e9versible et que chaque astre est un d\u00e9sastre.<\/div>\n<div style=\"text-align: justify;\"><\/div>\n<div style=\"text-align: justify;\">Face \u00e0 si renversante v\u00e9rit\u00e9, Ovaine soudain doute si son rectum ne va pas virer de bord.<\/div>\n","protected":false},"excerpt":{"rendered":"<p>\u00c0 un mois de la fameuse tr\u00eave des confiseurs dans un monde qui commence \u00e0 conna\u00eetre la p\u00e9nurie, quoi de bien qu&rsquo;une solide s\u00e9lection de Libr-livres re\u00e7us ? Avec aussi quelques Libr-\u00e9v\u00e9nements et le retour des Nouvelles Aventures d&rsquo;Ovaine (grand merci \u00e0 Tristan Felix !)&#8230; &nbsp; Libr-livres re\u00e7us en octobre-novembre 2021 Patrick BEURARD-VALDOYE, Palabre avec les arbres, Corti, 78 pages, 15,50\u20ac. Revue Dissonances, n\u00b0 41, hiver 2021, 56 pages, 7\u20ac. [dissonons@revuedissonances.com] Ma\u00ebl GUESDON, Mon plan, Corti, 96 pages, 16\u20ac. Jean-Claude HAUC, Un arri\u00e8re-go\u00fbt de rat, \u00e9ditions Tinbad, coll. \u00ab\u00a0Roman\u00a0\u00bb, 176 pages, 18\u20ac. Alain JUGNON, Rimbaud des bois pr\u00e9c\u00e9d\u00e9 de Le Vent se l\u00e8ve monsieur Nietzsche, \u00e9ditions du Cano\u00eb, 176 pages, 16\u20ac. Antonio MORESCO, Les Ouvertures, Verdier, septembre 2021, 710 pages, 31\u20ac. Marc-\u00c9mile THINEZ, J&rsquo;aurai \u00e9t\u00e9 ceux que je suis, \u00e9ditions Louise Bottu, coll. \u00ab\u00a0ContraintEs\u00a0\u00bb, 58 pages, 8\u20ac. Laura VASQUEZ, La Semaine perp\u00e9tuelle, \u00e9ditions du Sous-Sol, septembre 2021, 320 pages, 20\u20ac. &nbsp; Libr-\u00e9v\u00e9nements \u25ba Samedi 20 et dimanche 21 novembre, Festival litt\u00e9raire Le Bruit des mots : d\u00e9couvrez le programme ici. &nbsp; \u25ba Jeudi 9 d\u00e9cembre \u00e0 19H30, Centre Wallonie Bruxelles 127-129 rue Saint-Martin 75004 Paris Dialogue entre Christian Prigent et Eric Cl\u00e9mens, qui a publi\u00e9 en 2020 Le fictionnel et le fictif (\u00e9ditions CEP). Cela a-t-il un sens de parler de \u00ab\u2009Belgian Theory\u2009\u00bb &#8211; comme on parle de \u00ab\u2009French Theory\u2009\u00bb ou d\u2019\u00ab\u2009Italian Theory\u2009\u00bb\u2009? A d\u00e9faut de r\u00e9pondre \u00e0 cette question, le cycle de rencontres Belgian Theory a pour ambition de pr\u00e9senter au public pluralit\u00e9 de la pens\u00e9e contemporaine par le biais de dialogues publics avec ses repr\u00e9sentants embl\u00e9matiques. Chaque rencontre, qui aura lieu \u00e0 l\u2019occasion de la parution d\u2019un ouvrage important, verra la confrontation de son auteur.trice. avec une personnalit\u00e9 franc\u0327aise sous la forme d\u2019une conversation ouverte. Le livre : Depuis les temps modernes, lorsque Thomas Hobbes entre autres \u00ab\u00a0d\u00e9couvrit\u00a0\u00bb le pacte social depuis l\u2019institution du langage entre les humains, l\u2019usage du mot fiction est abondant &#8211; et aujourd\u2019hui plus que jamais. Il recouvre un champ mouvant, de tr\u00e8s restreint \u00e0 tr\u00e8s large\u00a0: de fiction litt\u00e9raire ou m\u00e9diatique \u00e0 fiction juridique, voire math\u00e9matique\u2026 Il en devient quasi synonyme de culture ce qui l\u2019oppose \u00e0 nature, mais pas \u00e0 monde ou \u00e0 r\u00e9alit\u00e9, ce qui le met \u00e0 distance de l\u2019id\u00e9e d\u2019une chim\u00e8re, d\u2019une erreur ou d\u2019une irr\u00e9alit\u00e9. Il est aussi le plus souvent employ\u00e9 \u00e0 tort et \u00e0 travers &#8211; mais aussi \u00e0 raison, ce qui n\u2019est pas sans paradoxe puisque la fiction s\u2019oppose habituellement \u00e0 la raison comme au r\u00e9el\u2026 Pour cette premi\u00e8re s\u00e9ance Le journaliste Sylvain Bourmeau anime un dialogue entre Eric Clemens et Christian Prigent. &nbsp; Les nouvelles aventures d&rsquo;Ovaine \/Tristan Felix\/ Un r\u00eave tentaculaire visite Ovaine. Elle doit rendre visite \u00e0 un petit poulpe qu&rsquo;elle conna\u00eet depuis qu&rsquo;il est n\u00e9 et dont l&rsquo;\u00e2me ne tient plus qu&rsquo;\u00e0 une pellicule de sel. &#8211;\u00a0 Voil\u00e0 des lustres qu&rsquo;on m&rsquo;a oubli\u00e9. Tous se sont \u00e9vapor\u00e9s, m\u00eame l&rsquo;eau, geint-il derri\u00e8re son rocher poussi\u00e9reux. &#8211; Moi je suis toujours \u00e0 flot, l\u00e2che-t-elle en d\u00e9versant une trombe de larmes dans l&rsquo;aquarium vide. Et le pulpito d&rsquo;agiter soudain tous ses bras dans une fr\u00e9n\u00e9sie de r\u00e9surrection. Ovaine est d\u00e9sormais assign\u00e9e au pleur jusqu&rsquo;\u00e0 \u00e9vaporation de son r\u00eave. \u2666\u2666\u2666\u2666\u2666 L&rsquo;horizon est tout bouch\u00e9. On ne sait plus comment \u00e9vacuer. Ovaine ne voit m\u00eame plus o\u00f9 est son rectum. En poussant tr\u00e8s fort, elle finit par le retrouver. Eructant de joie, elle p\u00e9tarade au quart de tour et se demande o\u00f9 peut bien maintenant se trouver son versum. Tout le jour elle tourne en rond en reniflant dans toutes les directions. Etourdie, elle se rend bient\u00f4t compte que son versum doit se trouver ailleurs dans l&rsquo;univers, o\u00f9 rien n&rsquo;est plus tr\u00e8s \u00e0 l&rsquo;endroit. Elle consulte alors un astronome qui, dans une averse de sanglots, lui avoue que tout est r\u00e9versible et que chaque astre est un d\u00e9sastre. Face \u00e0 si renversante v\u00e9rit\u00e9, Ovaine soudain doute si son rectum ne va pas virer de bord.<\/p>\n","protected":false},"author":1,"featured_media":40,"comment_status":"open","ping_status":"open","sticky":false,"template":"","format":"standard","meta":{"footnotes":""},"categories":[7,10,2],"tags":[81,1387,38,1389,1384,229,28,1385,944,12,1390,1213,1386,1391,1388,14,1392,1383,13],"class_list":["post-1946","post","type-post","status-publish","format-standard","has-post-thumbnail","hentry","category-livres-recus","category-news","category-une","tag-alain-jugnon","tag-antonio-moresco","tag-christian-prigent","tag-editions-du-canoe","tag-editions-du-sous-sol","tag-editions-louise-bottu","tag-editions-tinbad","tag-editions-verdier","tag-eric-clemens","tag-fabrice-thumerel","tag-jean-claude-hauc","tag-jose-corti","tag-laura-vasquez","tag-mael-guesdon","tag-marc-emile-thinez","tag-patrick-beurard-valdoye","tag-revue-dissonances","tag-sylvain-bourmeau","tag-tristan-felix"],"post_mailing_queue_ids":[],"_links":{"self":[{"href":"https:\/\/t-pas-net.com\/librCritN\/wp-json\/wp\/v2\/posts\/1946","targetHints":{"allow":["GET"]}}],"collection":[{"href":"https:\/\/t-pas-net.com\/librCritN\/wp-json\/wp\/v2\/posts"}],"about":[{"href":"https:\/\/t-pas-net.com\/librCritN\/wp-json\/wp\/v2\/types\/post"}],"author":[{"embeddable":true,"href":"https:\/\/t-pas-net.com\/librCritN\/wp-json\/wp\/v2\/users\/1"}],"replies":[{"embeddable":true,"href":"https:\/\/t-pas-net.com\/librCritN\/wp-json\/wp\/v2\/comments?post=1946"}],"version-history":[{"count":8,"href":"https:\/\/t-pas-net.com\/librCritN\/wp-json\/wp\/v2\/posts\/1946\/revisions"}],"predecessor-version":[{"id":1957,"href":"https:\/\/t-pas-net.com\/librCritN\/wp-json\/wp\/v2\/posts\/1946\/revisions\/1957"}],"wp:featuredmedia":[{"embeddable":true,"href":"https:\/\/t-pas-net.com\/librCritN\/wp-json\/wp\/v2\/media\/40"}],"wp:attachment":[{"href":"https:\/\/t-pas-net.com\/librCritN\/wp-json\/wp\/v2\/media?parent=1946"}],"wp:term":[{"taxonomy":"category","embeddable":true,"href":"https:\/\/t-pas-net.com\/librCritN\/wp-json\/wp\/v2\/categories?post=1946"},{"taxonomy":"post_tag","embeddable":true,"href":"https:\/\/t-pas-net.com\/librCritN\/wp-json\/wp\/v2\/tags?post=1946"}],"curies":[{"name":"wp","href":"https:\/\/api.w.org\/{rel}","templated":true}]}}