{"id":1985,"date":"2021-11-28T20:37:25","date_gmt":"2021-11-28T19:37:25","guid":{"rendered":"http:\/\/t-pas-net.com\/librCritN\/?p=1985"},"modified":"2021-11-28T20:37:25","modified_gmt":"2021-11-28T19:37:25","slug":"news-news-du-dimanche-41","status":"publish","type":"post","link":"https:\/\/t-pas-net.com\/librCritN\/2021\/11\/28\/news-news-du-dimanche-41\/","title":{"rendered":"[News] News du dimanche"},"content":{"rendered":"<p>Cette fin d&rsquo;ann\u00e9e est encore riche en Libr-\u00e9v\u00e9nements : on y f\u00eatera m\u00eame le Bizarre&#8230; Bizarre comme ce nouvel extrait des Nouvelles Aventures d&rsquo;Ovaine (Tristan Felix) ! Mais auparavant, retrouvons l&rsquo;Observatoire des Forces N\u00e9o-Lib\u00e9rales et d\u00e9couvrons deux livres re\u00e7us hauts de gamme&#8230;<\/p>\n<p>&nbsp;<\/p>\n<p style=\"text-align: center;\"><span style=\"background-color: #ff0000; color: #ffffff;\"><strong>\u00c9DITO : Observatoire des Forces N\u00e9o-Lib\u00e9rales en fRANCE<br \/>\n<\/strong><strong>(OFNLF) \/CUHEL &amp; Bernard THOMAS-ROUDEIX\/<\/strong><\/span><\/p>\n<p>La soci\u00e9t\u00e9 holiste n\u2019est pas moderne.<br \/>\nUn type de soci\u00e9t\u00e9 holiste, le r\u00e9gime communiste, est totalitarisme.<\/p>\n<p>Le moderne, c\u2019est le respect de l\u2019individu.<br \/>\nL\u2019individualisme n\u00e9o-lib\u00e9ral est moderne.<\/p>\n<p>Et pour assurer la s\u00e9curit\u00e9 de chaque individu, la soci\u00e9t\u00e9 n\u00e9o-lib\u00e9rale lui \u00e9pargne les infections les introspections et les manifestations<br \/>\nveille \u00e0 son ar\u00e9seaunement<br \/>\n\u00e0 son clivage son archivage son encodage son quadrillage son \u00e9tiquetage<br \/>\nEt pour le bien de chaque individu, la soci\u00e9t\u00e9 n\u00e9o-lib\u00e9rale pratique le management par le stress\u00a0: il ne faut pas le laisser v\u00e9g\u00e9ter dans sa zone-de-confort<\/p>\n<p>La soci\u00e9t\u00e9 n\u00e9o-lib\u00e9rale va jusqu\u2019\u00e0 assurer l\u2019\u00e9galit\u00e9 de chaque individu\u00a0: dans les embouteillages des autoroutes r\u00e9elles ou virtuelles<br \/>\nl\u2019exposition \u00e0 la pollution et aux effets du r\u00e9chauffement climatique<br \/>\ndevant la hausse des prix et taxes<br \/>\ndes taxis et des tocs-si<br \/>\ndes p\u00e9nuries et autopsies<br \/>\ndes pesticides et anthropocides<\/p>\n<p>La r\u00e9volution n\u00e9o-lib\u00e9rale permet enfin l\u2019av\u00e8nement de la flexibilit\u00e9\u00a0:<br \/>\nnos mat\u00e9riaux sont flexibles<br \/>\nnos sc\u00e9narios sont flexibles<br \/>\nnos app\u00e9tences sont flexibles<br \/>\nnos comp\u00e9tences sont flexibles<br \/>\nnos d\u00e9cisions sont flexibles<br \/>\nnos ambitions sont flexibles<br \/>\nnos r\u00e9solutions sont flexibles<\/p>\n<p>Notre s\u00e9curit\u00e9 est flexible\u00a0: c\u2019est la flexis\u00e9curit\u00e9\u00a0!<br \/>\nNotre r\u00e9gime alimentaire est flexible\u00a0: c\u2019est le flexitarisme\u00a0!<br \/>\nNotre r\u00e9gime d\u00e9mocratique est flexible\u00a0: c\u2019est l\u2019autoritarisme\u00a0!<br \/>\nNotre humanit\u00e9 est flexible\u00a0: c\u2019est le transhumanisme\u00a0!<br \/>\nNotre avenir est flexible\u00a0: c\u2019est la fin de l\u2019humanit\u00e9\u00a0!<\/p>\n<p>&nbsp;<\/p>\n<p>Le virus \u00f4 Micron est arriv\u00e9 : un holisme individualiste&#8230;<br \/>\nSauve qui veut\u00a0!<\/p>\n<p><img loading=\"lazy\" decoding=\"async\" class=\"aligncenter size-full wp-image-1994\" src=\"http:\/\/t-pas-net.com\/librCritN\/wp-content\/uploads\/2021\/11\/JupiteuxProtege.jpg\" alt=\"\" width=\"540\" height=\"200\" srcset=\"https:\/\/t-pas-net.com\/librCritN\/wp-content\/uploads\/2021\/11\/JupiteuxProtege.jpg 540w, https:\/\/t-pas-net.com\/librCritN\/wp-content\/uploads\/2021\/11\/JupiteuxProtege-300x111.jpg 300w, https:\/\/t-pas-net.com\/librCritN\/wp-content\/uploads\/2021\/11\/JupiteuxProtege-150x56.jpg 150w, https:\/\/t-pas-net.com\/librCritN\/wp-content\/uploads\/2021\/11\/JupiteuxProtege-366x136.jpg 366w\" sizes=\"auto, (max-width: 540px) 100vw, 540px\" \/><\/p>\n<p style=\"text-align: right;\"><span style=\"font-size: 14px;\">\u00a9 Bernard Thomas-Roudeix<\/span><\/p>\n<p style=\"text-align: center;\"><span style=\"background-color: #ff0000; color: #ffffff;\"><strong>Libr-livres re\u00e7us<\/strong><\/span><\/p>\n<p style=\"text-align: justify;\">\u25ba Rachelle HOLBEIN, <em><strong>Laborintus Vox<\/strong> (Petite axiomatique des voix et non voix)<\/em>, Mouvement I, EEEOYS \u00e9ditions, St Malo (35), novembre 2021, 116 pages, 9,50\u20ac.<\/p>\n<p style=\"text-align: justify;\"><strong><span style=\"background-color: #ffff00;\">Quatri\u00e8me de couverture<\/span>. <\/strong>\u00ab<i> .Si chaque langue ne forme pas une voix, une voix peut former plusieurs langues. En ce sens, elle ne vit que par les temp\u00eates \u00e0 sa surface, des continents de<img loading=\"lazy\" decoding=\"async\" class=\"alignright size-full wp-image-1996\" src=\"http:\/\/t-pas-net.com\/librCritN\/wp-content\/uploads\/2021\/11\/HolbeinLaborintus.jpg\" alt=\"\" width=\"190\" height=\"290\" srcset=\"https:\/\/t-pas-net.com\/librCritN\/wp-content\/uploads\/2021\/11\/HolbeinLaborintus.jpg 190w, https:\/\/t-pas-net.com\/librCritN\/wp-content\/uploads\/2021\/11\/HolbeinLaborintus-98x150.jpg 98w\" sizes=\"auto, (max-width: 190px) 100vw, 190px\" \/> non voix y fouettant le manteau, une amulette grave de l\u2019histoire sonnant les fleurs noires dans l\u2019ut\u00e9rin d\u2019un si\u00e8cle de marche de non voix dans la voix. Pour certaines voix encore stationnaires et fixes, l\u2019op\u00e9rateur \u00ab j\u2019ai mang\u00e9 la voix \u00bb se transforme en voix en construction. Aucune voix ne s\u2019arr\u00eatant pour faire \u00e9cho. Toute non voix transformant l\u2019\u00e9cho m\u00eame de la voix dans la voix. \u00bb<\/i><\/p>\n<p>Filant le fil \u00e9trange et s\u00e9minal de la tradition ontique inaugur\u00e9e par Wittgenstein dans son <i>Tractatus Logico-philosophicus<\/i>, Rachelle Holbein condamne ici la langue \u00e0 se renverser m\u00e9andreusement sur soi pour sinuer autour d\u2019un inappr\u00e9hensible objet, la voix, dont elle forme et pose le \u00ab fait \u00bb, c\u2019est-\u00e0-dire, tout \u00e0 la fois, l\u2019\u00e9mergence lumineuse et le refus d\u2019entrer en repr\u00e9sentation.<\/p>\n<p style=\"text-align: justify;\">\u25ba Elke de RIJCKE, <strong><em>Juin sur avril<\/em><\/strong>, Lanskine \u00e9ditions, automne 2021, 176 pages, 18\u20ac.<img loading=\"lazy\" decoding=\"async\" class=\"alignright size-full wp-image-1998\" src=\"http:\/\/t-pas-net.com\/librCritN\/wp-content\/uploads\/2021\/11\/RijckeAvril.jpg\" alt=\"\" width=\"200\" height=\"300\" srcset=\"https:\/\/t-pas-net.com\/librCritN\/wp-content\/uploads\/2021\/11\/RijckeAvril.jpg 200w, https:\/\/t-pas-net.com\/librCritN\/wp-content\/uploads\/2021\/11\/RijckeAvril-100x150.jpg 100w\" sizes=\"auto, (max-width: 200px) 100vw, 200px\" \/><\/p>\n<p style=\"text-align: justify;\"><strong><span style=\"background-color: #ffff00;\">Pr\u00e9sentation \u00e9ditoriale<\/span>.\u00a0<\/strong>Ce livre est envisag\u00e9 comme s&rsquo;il s&rsquo;agissait d&rsquo;une oeuvre architecturale. Son point d&rsquo;ancrage est la sculpture gigantesque et labyrinthique The Flux and the Puddle (2014) de l&rsquo;artiste canadien David Altmejd. L&rsquo;objectif de Juin sur Avril n&rsquo;a pas \u00e9t\u00e9 de d\u00e9crire la sculpture, mais d&rsquo;investir celle-ci comme l&rsquo;espace d&rsquo;une qu\u00eate po\u00e9tique. Cette qu\u00eate po\u00e9tique n&rsquo;est autre que le voyage de la vie r\u00e9cente de l&rsquo;auteure.<br \/>\nY sont abord\u00e9es plusieurs th\u00e9matiques, comme l&rsquo;univers en tant que donn\u00e9e physique, certaines avanc\u00e9es en neurosciences, le savoir astrologique, l&rsquo;exigence de l&rsquo;amour, le d\u00e9sir sexuel, Eros comme juge et possibilit\u00e9 du bonheur.<\/p>\n<p>&nbsp;<\/p>\n<p style=\"text-align: center;\"><span style=\"background-color: #ff0000; color: #ffffff;\"><strong>Libr-\u00e9v\u00e9nements<\/strong><\/span><\/p>\n<p style=\"text-align: justify;\">\u25ba \u00c0 L&rsquo;IMPROVISTE, <span style=\"background-color: #ffff00;\"><strong>RENCONTRE AVEC ANTOINE BASILE MOUTON<img loading=\"lazy\" decoding=\"async\" class=\"alignright size-full wp-image-1992\" src=\"http:\/\/t-pas-net.com\/librCritN\/wp-content\/uploads\/2021\/11\/Antoine-Mouton.jpg\" alt=\"\" width=\"150\" height=\"160\" srcset=\"https:\/\/t-pas-net.com\/librCritN\/wp-content\/uploads\/2021\/11\/Antoine-Mouton.jpg 150w, https:\/\/t-pas-net.com\/librCritN\/wp-content\/uploads\/2021\/11\/Antoine-Mouton-141x150.jpg 141w\" sizes=\"auto, (max-width: 150px) 100vw, 150px\" \/><\/strong><\/span><br \/>\nUNE PROPOSITION DE LA MARELLE<br \/>\n<strong><span style=\"background-color: #ffff00;\">MERCREDI 1er D\u00c9CEMBRE \u00c0 19H30<\/span><\/strong> (Zo\u00e8me, 8 rue Vian \u00e0 Marseille)<\/p>\n<div class=\"o9v6fnle cxmmr5t8 oygrvhab hcukyx3x c1et5uql\" style=\"text-align: justify;\">\u00ab \u00c0 l\u2019improviste \u00bb, ce sont des moments organis\u00e9s spontan\u00e9ment, selon les envies des personnes concern\u00e9es, en dehors du cadre de nos cycles r\u00e9guliers de rencontres. Cette fois-ci, La Marelle invite Antoine Mouton, actuellement en r\u00e9sidence \u00e0 la Villa Deroze \u00e0 La Ciotat, pour une soir\u00e9e de lecture.<\/div>\n<p style=\"text-align: justify;\">\u25ba <span style=\"background-color: #ffff00;\"><strong>Vendredi 3 d\u00e9cembre \u00e0 19H, L&rsquo;Hydre aux mille t\u00eates \u00e0 Marseille<\/strong><\/span> (96, rue St Savournin, 1er arrondissement) : <span style=\"background-color: #ffff00;\"><strong>rencontre avec Laura VASQUEZ pour sa <em>Semaine perp\u00e9tuelle<\/em><\/strong><\/span>.<\/p>\n<p style=\"text-align: justify;\">\u25ba Du <span style=\"background-color: #ffff00;\"><strong>7 au 11 d\u00e9cembre<\/strong><\/span>, au <a href=\"https:\/\/tmb-jeanguerrin.fr\"><strong>Th\u00e9\u00e2tre Municipal Berthelot-Jean Guerrin de Montreuil<\/strong><\/a> (93) : <span style=\"background-color: #ffff00;\"><strong>Semaine du Bizarre #10<\/strong><\/span><\/p>\n<p><img loading=\"lazy\" decoding=\"async\" class=\"aligncenter size-full wp-image-1988\" src=\"http:\/\/t-pas-net.com\/librCritN\/wp-content\/uploads\/2021\/11\/Semaine-du-Bizarre.jpg\" alt=\"\" width=\"540\" height=\"270\" srcset=\"https:\/\/t-pas-net.com\/librCritN\/wp-content\/uploads\/2021\/11\/Semaine-du-Bizarre.jpg 540w, https:\/\/t-pas-net.com\/librCritN\/wp-content\/uploads\/2021\/11\/Semaine-du-Bizarre-300x150.jpg 300w, https:\/\/t-pas-net.com\/librCritN\/wp-content\/uploads\/2021\/11\/Semaine-du-Bizarre-150x75.jpg 150w, https:\/\/t-pas-net.com\/librCritN\/wp-content\/uploads\/2021\/11\/Semaine-du-Bizarre-366x183.jpg 366w\" sizes=\"auto, (max-width: 540px) 100vw, 540px\" \/><\/p>\n<p>\u25ba <img loading=\"lazy\" decoding=\"async\" class=\"aligncenter size-full wp-image-1990\" src=\"http:\/\/t-pas-net.com\/librCritN\/wp-content\/uploads\/2021\/11\/Poesie-motile.jpg\" alt=\"\" width=\"540\" height=\"400\" srcset=\"https:\/\/t-pas-net.com\/librCritN\/wp-content\/uploads\/2021\/11\/Poesie-motile.jpg 540w, https:\/\/t-pas-net.com\/librCritN\/wp-content\/uploads\/2021\/11\/Poesie-motile-300x222.jpg 300w, https:\/\/t-pas-net.com\/librCritN\/wp-content\/uploads\/2021\/11\/Poesie-motile-150x111.jpg 150w, https:\/\/t-pas-net.com\/librCritN\/wp-content\/uploads\/2021\/11\/Poesie-motile-366x271.jpg 366w\" sizes=\"auto, (max-width: 540px) 100vw, 540px\" \/><\/p>\n<p>&nbsp;<\/p>\n<p style=\"text-align: center;\"><span style=\"background-color: #ff0000; color: #ffffff;\"><strong>Les nouvelles aventures d&rsquo;Ovaine \/Tristan Felix\/<\/strong><\/span><\/p>\n<div style=\"text-align: justify;\">Ovaine, par d\u00e9soeuvrement, vient d&rsquo;assassiner un jeune roi sanguinaire.<img loading=\"lazy\" decoding=\"async\" class=\"alignright size-full wp-image-205\" src=\"http:\/\/t-pas-net.com\/librCritN\/wp-content\/uploads\/2021\/05\/OvainePetit.jpg\" alt=\"\" width=\"210\" height=\"290\" srcset=\"https:\/\/t-pas-net.com\/librCritN\/wp-content\/uploads\/2021\/05\/OvainePetit.jpg 210w, https:\/\/t-pas-net.com\/librCritN\/wp-content\/uploads\/2021\/05\/OvainePetit-109x150.jpg 109w\" sizes=\"auto, (max-width: 210px) 100vw, 210px\" \/><\/div>\n<div style=\"text-align: justify;\"><\/div>\n<div style=\"text-align: justify;\">Elle\u00a0 court se rendre \u00e0 la police pour \u00e9viter d&rsquo;\u00eatre d\u00e9nonc\u00e9e.<\/div>\n<div style=\"text-align: justify;\"><\/div>\n<div style=\"text-align: justify;\">Mais son alibi est en b\u00e9ton arm\u00e9 : elle \u00e9tait \u00e0 la f\u00eate \u00e0 neuneu o\u00f9 elle jouait la Femme Invisible transperc\u00e9e par un sabre.<\/div>\n<div style=\"text-align: justify;\"><\/div>\n<div style=\"text-align: justify;\">Son proc\u00e8s conna\u00eet, vous l&rsquo;imaginez bien, un retentissant succ\u00e8s.<\/div>\n<div style=\"text-align: justify;\"><\/div>\n<div style=\"text-align: justify;\">Faute de preuve, mais dans le doute, elle est condamn\u00e9e \u00e0 10 ans de prison avec 12 ans de sursis ferme.<\/div>\n<div style=\"text-align: justify;\"><\/div>\n<div style=\"text-align: justify;\">Il lui reste donc 2 ans d&rsquo;assassinats \u00e0 commettre.<\/div>\n","protected":false},"excerpt":{"rendered":"<p>Cette fin d&rsquo;ann\u00e9e est encore riche en Libr-\u00e9v\u00e9nements : on y f\u00eatera m\u00eame le Bizarre&#8230; Bizarre comme ce nouvel extrait des Nouvelles Aventures d&rsquo;Ovaine (Tristan Felix) ! Mais auparavant, retrouvons l&rsquo;Observatoire des Forces N\u00e9o-Lib\u00e9rales et d\u00e9couvrons deux livres re\u00e7us hauts de gamme&#8230; &nbsp; \u00c9DITO : Observatoire des Forces N\u00e9o-Lib\u00e9rales en fRANCE (OFNLF) \/CUHEL &amp; Bernard THOMAS-ROUDEIX\/ La soci\u00e9t\u00e9 holiste n\u2019est pas moderne. Un type de soci\u00e9t\u00e9 holiste, le r\u00e9gime communiste, est totalitarisme. Le moderne, c\u2019est le respect de l\u2019individu. L\u2019individualisme n\u00e9o-lib\u00e9ral est moderne. Et pour assurer la s\u00e9curit\u00e9 de chaque individu, la soci\u00e9t\u00e9 n\u00e9o-lib\u00e9rale lui \u00e9pargne les infections les introspections et les manifestations veille \u00e0 son ar\u00e9seaunement \u00e0 son clivage son archivage son encodage son quadrillage son \u00e9tiquetage Et pour le bien de chaque individu, la soci\u00e9t\u00e9 n\u00e9o-lib\u00e9rale pratique le management par le stress\u00a0: il ne faut pas le laisser v\u00e9g\u00e9ter dans sa zone-de-confort La soci\u00e9t\u00e9 n\u00e9o-lib\u00e9rale va jusqu\u2019\u00e0 assurer l\u2019\u00e9galit\u00e9 de chaque individu\u00a0: dans les embouteillages des autoroutes r\u00e9elles ou virtuelles l\u2019exposition \u00e0 la pollution et aux effets du r\u00e9chauffement climatique devant la hausse des prix et taxes des taxis et des tocs-si des p\u00e9nuries et autopsies des pesticides et anthropocides La r\u00e9volution n\u00e9o-lib\u00e9rale permet enfin l\u2019av\u00e8nement de la flexibilit\u00e9\u00a0: nos mat\u00e9riaux sont flexibles nos sc\u00e9narios sont flexibles nos app\u00e9tences sont flexibles nos comp\u00e9tences sont flexibles nos d\u00e9cisions sont flexibles nos ambitions sont flexibles nos r\u00e9solutions sont flexibles Notre s\u00e9curit\u00e9 est flexible\u00a0: c\u2019est la flexis\u00e9curit\u00e9\u00a0! Notre r\u00e9gime alimentaire est flexible\u00a0: c\u2019est le flexitarisme\u00a0! Notre r\u00e9gime d\u00e9mocratique est flexible\u00a0: c\u2019est l\u2019autoritarisme\u00a0! Notre humanit\u00e9 est flexible\u00a0: c\u2019est le transhumanisme\u00a0! Notre avenir est flexible\u00a0: c\u2019est la fin de l\u2019humanit\u00e9\u00a0! &nbsp; Le virus \u00f4 Micron est arriv\u00e9 : un holisme individualiste&#8230; Sauve qui veut\u00a0! \u00a9 Bernard Thomas-Roudeix Libr-livres re\u00e7us \u25ba Rachelle HOLBEIN, Laborintus Vox (Petite axiomatique des voix et non voix), Mouvement I, EEEOYS \u00e9ditions, St Malo (35), novembre 2021, 116 pages, 9,50\u20ac. Quatri\u00e8me de couverture. \u00ab .Si chaque langue ne forme pas une voix, une voix peut former plusieurs langues. En ce sens, elle ne vit que par les temp\u00eates \u00e0 sa surface, des continents de non voix y fouettant le manteau, une amulette grave de l\u2019histoire sonnant les fleurs noires dans l\u2019ut\u00e9rin d\u2019un si\u00e8cle de marche de non voix dans la voix. Pour certaines voix encore stationnaires et fixes, l\u2019op\u00e9rateur \u00ab j\u2019ai mang\u00e9 la voix \u00bb se transforme en voix en construction. Aucune voix ne s\u2019arr\u00eatant pour faire \u00e9cho. Toute non voix transformant l\u2019\u00e9cho m\u00eame de la voix dans la voix. \u00bb Filant le fil \u00e9trange et s\u00e9minal de la tradition ontique inaugur\u00e9e par Wittgenstein dans son Tractatus Logico-philosophicus, Rachelle Holbein condamne ici la langue \u00e0 se renverser m\u00e9andreusement sur soi pour sinuer autour d\u2019un inappr\u00e9hensible objet, la voix, dont elle forme et pose le \u00ab fait \u00bb, c\u2019est-\u00e0-dire, tout \u00e0 la fois, l\u2019\u00e9mergence lumineuse et le refus d\u2019entrer en repr\u00e9sentation. \u25ba Elke de RIJCKE, Juin sur avril, Lanskine \u00e9ditions, automne 2021, 176 pages, 18\u20ac. Pr\u00e9sentation \u00e9ditoriale.\u00a0Ce livre est envisag\u00e9 comme s&rsquo;il s&rsquo;agissait d&rsquo;une oeuvre architecturale. Son point d&rsquo;ancrage est la sculpture gigantesque et labyrinthique The Flux and the Puddle (2014) de l&rsquo;artiste canadien David Altmejd. L&rsquo;objectif de Juin sur Avril n&rsquo;a pas \u00e9t\u00e9 de d\u00e9crire la sculpture, mais d&rsquo;investir celle-ci comme l&rsquo;espace d&rsquo;une qu\u00eate po\u00e9tique. Cette qu\u00eate po\u00e9tique n&rsquo;est autre que le voyage de la vie r\u00e9cente de l&rsquo;auteure. Y sont abord\u00e9es plusieurs th\u00e9matiques, comme l&rsquo;univers en tant que donn\u00e9e physique, certaines avanc\u00e9es en neurosciences, le savoir astrologique, l&rsquo;exigence de l&rsquo;amour, le d\u00e9sir sexuel, Eros comme juge et possibilit\u00e9 du bonheur. &nbsp; Libr-\u00e9v\u00e9nements \u25ba \u00c0 L&rsquo;IMPROVISTE, RENCONTRE AVEC ANTOINE BASILE MOUTON UNE PROPOSITION DE LA MARELLE MERCREDI 1er D\u00c9CEMBRE \u00c0 19H30 (Zo\u00e8me, 8 rue Vian \u00e0 Marseille) \u00ab \u00c0 l\u2019improviste \u00bb, ce sont des moments organis\u00e9s spontan\u00e9ment, selon les envies des personnes concern\u00e9es, en dehors du cadre de nos cycles r\u00e9guliers de rencontres. Cette fois-ci, La Marelle invite Antoine Mouton, actuellement en r\u00e9sidence \u00e0 la Villa Deroze \u00e0 La Ciotat, pour une soir\u00e9e de lecture. \u25ba Vendredi 3 d\u00e9cembre \u00e0 19H, L&rsquo;Hydre aux mille t\u00eates \u00e0 Marseille (96, rue St Savournin, 1er arrondissement) : rencontre avec Laura VASQUEZ pour sa Semaine perp\u00e9tuelle. \u25ba Du 7 au 11 d\u00e9cembre, au Th\u00e9\u00e2tre Municipal Berthelot-Jean Guerrin de Montreuil (93) : Semaine du Bizarre #10 \u25ba &nbsp; Les nouvelles aventures d&rsquo;Ovaine \/Tristan Felix\/ Ovaine, par d\u00e9soeuvrement, vient d&rsquo;assassiner un jeune roi sanguinaire. Elle\u00a0 court se rendre \u00e0 la police pour \u00e9viter d&rsquo;\u00eatre d\u00e9nonc\u00e9e. Mais son alibi est en b\u00e9ton arm\u00e9 : elle \u00e9tait \u00e0 la f\u00eate \u00e0 neuneu o\u00f9 elle jouait la Femme Invisible transperc\u00e9e par un sabre. Son proc\u00e8s conna\u00eet, vous l&rsquo;imaginez bien, un retentissant succ\u00e8s. Faute de preuve, mais dans le doute, elle est condamn\u00e9e \u00e0 10 ans de prison avec 12 ans de sursis ferme. Il lui reste donc 2 ans d&rsquo;assassinats \u00e0 commettre.<\/p>\n","protected":false},"author":2,"featured_media":40,"comment_status":"open","ping_status":"open","sticky":false,"template":"","format":"standard","meta":{"footnotes":""},"categories":[7,10,2],"tags":[145,1406,112,1403,114,86,929,36,1407,1386,1404,1275,1405,13],"class_list":["post-1985","post","type-post","status-publish","format-standard","has-post-thumbnail","hentry","category-livres-recus","category-news","category-une","tag-ac-hello","tag-antoine-mouton","tag-bernard-thomas-roudeix","tag-cedric-lerible","tag-cuhel","tag-cuhel-critique-sociale","tag-cuhel-satire","tag-editions-lanskine","tag-elke-de-rijcke","tag-laura-vasquez","tag-pascal-poyet","tag-rachelle-holbein","tag-semaine-du-bizarre-10","tag-tristan-felix"],"post_mailing_queue_ids":[],"_links":{"self":[{"href":"https:\/\/t-pas-net.com\/librCritN\/wp-json\/wp\/v2\/posts\/1985","targetHints":{"allow":["GET"]}}],"collection":[{"href":"https:\/\/t-pas-net.com\/librCritN\/wp-json\/wp\/v2\/posts"}],"about":[{"href":"https:\/\/t-pas-net.com\/librCritN\/wp-json\/wp\/v2\/types\/post"}],"author":[{"embeddable":true,"href":"https:\/\/t-pas-net.com\/librCritN\/wp-json\/wp\/v2\/users\/2"}],"replies":[{"embeddable":true,"href":"https:\/\/t-pas-net.com\/librCritN\/wp-json\/wp\/v2\/comments?post=1985"}],"version-history":[{"count":8,"href":"https:\/\/t-pas-net.com\/librCritN\/wp-json\/wp\/v2\/posts\/1985\/revisions"}],"predecessor-version":[{"id":1999,"href":"https:\/\/t-pas-net.com\/librCritN\/wp-json\/wp\/v2\/posts\/1985\/revisions\/1999"}],"wp:featuredmedia":[{"embeddable":true,"href":"https:\/\/t-pas-net.com\/librCritN\/wp-json\/wp\/v2\/media\/40"}],"wp:attachment":[{"href":"https:\/\/t-pas-net.com\/librCritN\/wp-json\/wp\/v2\/media?parent=1985"}],"wp:term":[{"taxonomy":"category","embeddable":true,"href":"https:\/\/t-pas-net.com\/librCritN\/wp-json\/wp\/v2\/categories?post=1985"},{"taxonomy":"post_tag","embeddable":true,"href":"https:\/\/t-pas-net.com\/librCritN\/wp-json\/wp\/v2\/tags?post=1985"}],"curies":[{"name":"wp","href":"https:\/\/api.w.org\/{rel}","templated":true}]}}