{"id":2392,"date":"2022-02-20T20:30:15","date_gmt":"2022-02-20T19:30:15","guid":{"rendered":"http:\/\/t-pas-net.com\/librCritN\/?p=2392"},"modified":"2022-02-22T13:15:33","modified_gmt":"2022-02-22T12:15:33","slug":"news-news-du-dimanche-49","status":"publish","type":"post","link":"https:\/\/t-pas-net.com\/librCritN\/2022\/02\/20\/news-news-du-dimanche-49\/","title":{"rendered":"[NEWS] News du dimanche"},"content":{"rendered":"<p>En cet avant-dernier dimanche de f\u00e9vrier, quelques RV \u00e0 ne pas manquer&#8230;<\/p>\n<div><\/div>\n<div style=\"text-align: center;\"><span style=\"background-color: #ff0000; color: #ffffff;\"><strong>Livre de la semaine : Patrick Robin, <em>Le Visage \u00a0tout bleu\u00a0<\/em>(P.O.L)\u00a0<\/strong><\/span><\/div>\n<div>\n<p style=\"text-align: justify;\">Patrick ROBIN, <strong><em>Le Visage tout bleu<\/em><\/strong>, P.O.L, f\u00e9vrier 2022, 128 pages, 14 \u20ac.<\/p>\n<p style=\"text-align: justify;\"><strong><span style=\"background-color: #ffff00;\">Pr\u00e9sentation<\/span>.\u00a0<\/strong>Je suis n\u00e9 avec le cordon ombilical enroul\u00e9 autour du cou, le visage tout bleu. Ma m\u00e8re ayant accouch\u00e9 chez ses parents, le m\u00e9decin n\u2019avait eu d\u2019autre choix, pour me sortir de ce tr\u00e8s mauvais pas, que de me faire respirer le seul oxyg\u00e8ne disponible \u00e0 proximit\u00e9, celui utilis\u00e9 par mon oncle, le forgeron du bourg, pour ses soudures au chalumeau. Un homme \u00e0 qui je dois la vie ou au moins de ne pas avoir gard\u00e9 de graves s\u00e9quelles neurologiques de cette naissance.<\/p>\n<p style=\"text-align: justify;\"><img loading=\"lazy\" decoding=\"async\" class=\"alignleft size-full wp-image-2396\" src=\"http:\/\/t-pas-net.com\/librCritN\/wp-content\/uploads\/2022\/02\/visage-tout-bleu.jpg\" alt=\"\" width=\"200\" height=\"300\" srcset=\"https:\/\/t-pas-net.com\/librCritN\/wp-content\/uploads\/2022\/02\/visage-tout-bleu.jpg 200w, https:\/\/t-pas-net.com\/librCritN\/wp-content\/uploads\/2022\/02\/visage-tout-bleu-100x150.jpg 100w\" sizes=\"auto, (max-width: 200px) 100vw, 200px\" \/>J\u2019aurais pu aussi ne pas na\u00eetre. Le 30 juillet 1934 \u00e0 14 heures, la machine \u00e0 vapeur qui entra\u00eene depuis le matin la batteuse \u00e0 bl\u00e9 au Grand Logis, une ferme du centre bourg de Beaulieu-sous-Bressuire (Deux-S\u00e8vres), situ\u00e9e \u00e0 une cinquantaine de m\u00e8tres du caf\u00e9 tenu par mes grands-parents-maternels, explose. Neuf personnes sont tu\u00e9es. Une pluie de pi\u00e8ces m\u00e9talliques s\u2019abat sur le bourg. L\u2019une d\u2019elles, une plaque de t\u00f4le, vient percuter violemment la porte du caf\u00e9 de mes grands-parents. Devant laquelle ma m\u00e8re, trois ans et demi \u00e0 l\u2019\u00e9poque, joue la plupart du temps \u00e0 cette heure.<\/p>\n<p style=\"text-align: justify;\">J\u2019aurais pu enfin mourir \u00e0 26 ans, comme R.. Il \u00e9tait fils de petits-commer\u00e7ants comme moi, avait grandi \u00e0 quelques kilom\u00e8tres du gros bourg o\u00f9 j\u2019ai pass\u00e9 mon enfance et mon adolescence. Ses parents \u00e9taient amis des miens. Je l\u2019ai crois\u00e9 plusieurs fois dans les ann\u00e9es 90 au cours de mes s\u00e9jours en Deux-S\u00e8vres. Nous avions sympathis\u00e9. Il \u00e9tait silencieux, discret, un comportement aux antipodes de son milieu o\u00f9 l\u2019on parlait et riait fort, qui me rappelait celui de l\u2019adolescent que j\u2019avais \u00e9t\u00e9, silencieux lui aussi au milieu du vacarme familial. Il suivait des \u00e9tudes d\u2019ing\u00e9nieur, a obtenu son dipl\u00f4me et trouv\u00e9 du travail dans la r\u00e9gion parisienne. Il s\u2019est donn\u00e9 la mort deux ans plus tard, en 1997.<\/p>\n<p style=\"text-align: justify;\">Mesurant ma chance d\u2019\u00eatre vivant, j\u2019ai enqu\u00eat\u00e9 sur ces trois \u00e9v\u00e8nements, sur ce qu\u2019ils disent du monde d\u2019o\u00f9 je viens. Trois enqu\u00eates qui en sont aussi une sur la n\u00e9cessit\u00e9 vitale que j\u2019ai eue de rester fid\u00e8le \u00e0 ceux dont je suis issu et celle, tout aussi vitale, de devoir les quitter pour devenir ce que je voulais \u00eatre.<\/p>\n<p style=\"text-align: center;\"><img loading=\"lazy\" decoding=\"async\" class=\"aligncenter wp-image-2397\" src=\"http:\/\/t-pas-net.com\/librCritN\/wp-content\/uploads\/2022\/02\/ChouetteRobin.jpg\" alt=\"\" width=\"541\" height=\"246\" srcset=\"https:\/\/t-pas-net.com\/librCritN\/wp-content\/uploads\/2022\/02\/ChouetteRobin.jpg 550w, https:\/\/t-pas-net.com\/librCritN\/wp-content\/uploads\/2022\/02\/ChouetteRobin-300x136.jpg 300w, https:\/\/t-pas-net.com\/librCritN\/wp-content\/uploads\/2022\/02\/ChouetteRobin-150x68.jpg 150w, https:\/\/t-pas-net.com\/librCritN\/wp-content\/uploads\/2022\/02\/ChouetteRobin-366x166.jpg 366w\" sizes=\"auto, (max-width: 541px) 100vw, 541px\" \/><\/p>\n<p style=\"text-align: justify;\"><span style=\"background-color: #ffff00;\"><strong>Premi\u00e8res impressions.<\/strong><\/span>\u00a0Saluons une d\u00e9marche \u2013 l&rsquo;objectivation empathique \u2013 qui nous permet de bien appr\u00e9hender le monde des domin\u00e9s et transfuges de classe, des ann\u00e9es 30 \u00e0 90, au cours de trois histoires d&rsquo;oxyg\u00e8ne, si l&rsquo;on peut dire : la premi\u00e8re concerne la naissance m\u00eame de l&rsquo;auteur, sauv\u00e9 par l&rsquo;oxyg\u00e8ne du forgeron, l&rsquo;oncle Roger ; la seconde, l&rsquo;explosion accidentelle d&rsquo;une machine agricole, en pleine crise \u00e9conomique (1934), \u00e0 cause d&rsquo;un d\u00e9faut (effet cocotte minute ?) ; la troisi\u00e8me, le suicide de Richard, qui manque d&rsquo;air apr\u00e8s avoir quitt\u00e9 son milieu originel. \/FT\/<\/p>\n<p style=\"text-align: center;\"><strong><span style=\"background-color: #ff0000; color: #ffffff;\">Libr-\u00e9v\u00e9nements<\/span><\/strong><\/p>\n<p style=\"text-align: justify;\">\u2666\u00a0Tracts, th\u00e9\u00e2tre, radio, vid\u00e9o ou exposition. Traductions, livrets, performances. <strong>Liliane Giraudon<\/strong> vit dans un laboratoire d\u2019id\u00e9es et de voix multiples. Une \u00e9criture qui s\u2019adapte, qui change et qui combat, une langue qui invente et s\u2019\u00e9mancipe. Son dernier texte, <a href=\"http:\/\/t-pas-net.com\/librCritN\/2022\/02\/15\/chronique-ce-que-les-femmes-font-a-la-poesie-2-a-propos-de-liliane-giraudon-polyphonie-penthesilee-par-fabrice-thumerel\/\"><strong><em>Polyphonie Penth\u00e9sil\u00e9e<\/em><\/strong><\/a>, est le fruit d\u2019un braconnage dans nos vies. La braconni\u00e8re nous rapporte dans ce long po\u00e8me des morts plus vivants que les vivants, un homme qui mord un chien, une femme qui aboie, la peur et l\u2019\u00e9nigmatique beaut\u00e9 du monde.<\/p>\n<p style=\"text-align: center;\"><img loading=\"lazy\" decoding=\"async\" class=\"aligncenter wp-image-2405\" src=\"http:\/\/t-pas-net.com\/librCritN\/wp-content\/uploads\/2022\/02\/frise-giraudon-mq-300x.jpg\" alt=\"\" width=\"400\" height=\"160\" srcset=\"https:\/\/t-pas-net.com\/librCritN\/wp-content\/uploads\/2022\/02\/frise-giraudon-mq-300x.jpg 300w, https:\/\/t-pas-net.com\/librCritN\/wp-content\/uploads\/2022\/02\/frise-giraudon-mq-300x-150x60.jpg 150w\" sizes=\"auto, (max-width: 400px) 100vw, 400px\" \/><\/p>\n<p style=\"text-align: justify;\"><strong><span style=\"background-color: #ffff00;\">Grand Soir jeudi 24 f\u00e9vrier \u00e0 20h<\/span>.<\/strong><br \/>\nUne rencontre anim\u00e9e par Nathalie L\u00e9ger, \u00e0 l\u2019occasion de l\u2019exposition <em>La rage d\u2019\u00e9crire, de Gustave Flaubert \u00e0 Peter Handke<\/em> exceptionnellement ouverte entre 19h et 20h.<\/p>\n<p style=\"text-align: justify;\"><strong><span style=\"background-color: #ffff00;\"><em>Masterclass<\/em> vendredi 25 f\u00e9vrier \u00e0 11h<\/span>.<\/strong><\/p>\n<p style=\"text-align: justify;\"><span style=\"background-color: #ffff00;\"><strong>Abbaye d&rsquo;Ardenne \/ IMEC<\/strong><\/span><br \/>\nR\u00e9servation : <a href=\"mailto:reservations@imec-archives.com\">reservations@imec-archives.com<\/a> (pr\u00e9cisez Grand Soir et\/ou masterclass)<\/p>\n<p>\u2666<\/p>\n<p><img loading=\"lazy\" decoding=\"async\" class=\"aligncenter size-full wp-image-2398\" src=\"http:\/\/t-pas-net.com\/librCritN\/wp-content\/uploads\/2022\/02\/TARKOS-MPP.jpg\" alt=\"\" width=\"540\" height=\"300\" srcset=\"https:\/\/t-pas-net.com\/librCritN\/wp-content\/uploads\/2022\/02\/TARKOS-MPP.jpg 540w, https:\/\/t-pas-net.com\/librCritN\/wp-content\/uploads\/2022\/02\/TARKOS-MPP-300x167.jpg 300w, https:\/\/t-pas-net.com\/librCritN\/wp-content\/uploads\/2022\/02\/TARKOS-MPP-150x83.jpg 150w, https:\/\/t-pas-net.com\/librCritN\/wp-content\/uploads\/2022\/02\/TARKOS-MPP-366x203.jpg 366w\" sizes=\"auto, (max-width: 540px) 100vw, 540px\" \/><\/p>\n<p class=\"cxmmr5t8 oygrvhab hcukyx3x c1et5uql o9v6fnle\" style=\"text-align: justify;\">\u2666 Dans le cadre de la <span style=\"background-color: #ffff00;\"><strong>3\u00e8me \u00e9dition du festival Les \u00c9chapp\u00e9es<\/strong><\/span> qui aura lieu du 1er mars 2022 au 31 mars 2022 dans tout le d\u00e9partement du Val de Marne, le G\u00e9n\u00e9rateur accueille une nouvelle fois artistes, po\u00e8tes, musiciens et performeurs pendant le week-end du 12 au 13 mars.<\/p>\n<\/div>\n<div class=\"cxmmr5t8 oygrvhab hcukyx3x c1et5uql o9v6fnle\" style=\"text-align: justify;\">\n<div class=\"cxmmr5t8 oygrvhab hcukyx3x c1et5uql o9v6fnle\" style=\"text-align: justify;\"><span class=\"pq6dq46d tbxw36s4 knj5qynh kvgmc6g5 ditlmg2l oygrvhab nvdbi5me sf5mxxl7 gl3lb2sf hhz5lgdu\"><img loading=\"lazy\" decoding=\"async\" src=\"https:\/\/static.xx.fbcdn.net\/images\/emoji.php\/v9\/tf9\/2\/16\/1f47e.png\" alt=\"\ud83d\udc7e\" width=\"16\" height=\"16\" \/><\/span> <span class=\"pq6dq46d tbxw36s4 knj5qynh kvgmc6g5 ditlmg2l oygrvhab nvdbi5me sf5mxxl7 gl3lb2sf hhz5lgdu\"><img loading=\"lazy\" decoding=\"async\" src=\"https:\/\/static.xx.fbcdn.net\/images\/emoji.php\/v9\/t1d\/2\/16\/1f3a4.png\" alt=\"\ud83c\udfa4\" width=\"16\" height=\"16\" \/><\/span> SAMEDI 12 MARS \u00c0 20H :<br \/>\nPO\u00c9SIE NUM\u00c9RIQUE ET PERFORMANCES <span class=\"pq6dq46d tbxw36s4 knj5qynh kvgmc6g5 ditlmg2l oygrvhab nvdbi5me sf5mxxl7 gl3lb2sf hhz5lgdu\"><img loading=\"lazy\" decoding=\"async\" src=\"https:\/\/static.xx.fbcdn.net\/images\/emoji.php\/v9\/tf9\/2\/16\/1f47e.png\" alt=\"\ud83d\udc7e\" width=\"16\" height=\"16\" \/><\/span> <span class=\"pq6dq46d tbxw36s4 knj5qynh kvgmc6g5 ditlmg2l oygrvhab nvdbi5me sf5mxxl7 gl3lb2sf hhz5lgdu\"><img loading=\"lazy\" decoding=\"async\" src=\"https:\/\/static.xx.fbcdn.net\/images\/emoji.php\/v9\/t1d\/2\/16\/1f3a4.png\" alt=\"\ud83c\udfa4\" width=\"16\" height=\"16\" \/><\/span><\/div>\n<div class=\"cxmmr5t8 oygrvhab hcukyx3x c1et5uql o9v6fnle\" style=\"text-align: justify;\"><\/div>\n<div><img loading=\"lazy\" decoding=\"async\" class=\"aligncenter size-full wp-image-2399\" src=\"http:\/\/t-pas-net.com\/librCritN\/wp-content\/uploads\/2022\/02\/Festival-Echappees.jpg\" alt=\"\" width=\"540\" height=\"300\" srcset=\"https:\/\/t-pas-net.com\/librCritN\/wp-content\/uploads\/2022\/02\/Festival-Echappees.jpg 540w, https:\/\/t-pas-net.com\/librCritN\/wp-content\/uploads\/2022\/02\/Festival-Echappees-300x167.jpg 300w, https:\/\/t-pas-net.com\/librCritN\/wp-content\/uploads\/2022\/02\/Festival-Echappees-150x83.jpg 150w, https:\/\/t-pas-net.com\/librCritN\/wp-content\/uploads\/2022\/02\/Festival-Echappees-366x203.jpg 366w\" sizes=\"auto, (max-width: 540px) 100vw, 540px\" \/><\/div>\n<div><\/div>\n<div class=\"cxmmr5t8 oygrvhab hcukyx3x c1et5uql o9v6fnle\" style=\"text-align: justify;\">\u2022 Atari Poem &amp; mon \u00e2me en chair \u2022<br \/>\n&#8211; Jacques Donguy et Sarah Cassenti &#8211;<\/div>\n<div class=\"cxmmr5t8 oygrvhab hcukyx3x c1et5uql o9v6fnle\" style=\"text-align: justify;\">L\u2019Atari Poem, projection du mythique po\u00e8me g\u00e9n\u00e9ratif de Jacques Donguy con\u00e7u en 1993 sur un Atari 520ST &amp; mon \u00e2me en chair, sc\u00e8ne-mouvante de Sarah Cassenti, l\u2019oiseau couronn\u00e9 traverse la d\u00e9marcation, il se pose sur les corps complices.<\/div>\n<div class=\"cxmmr5t8 oygrvhab hcukyx3x c1et5uql o9v6fnle\" style=\"text-align: justify;\">\u00ab Mon corps d\u2019artiste au f\u00e9minin est appel\u00e9 \u00e0 ne plus appara\u00eetre sur le web public, l\u2019IA l\u2019efface de son doigt vertueux, le G\u00e9n\u00e9rateur est l\u2019un des derniers espaces o\u00f9 il peut encore se d\u00e9placer librement. \u00bb<\/div>\n<div class=\"cxmmr5t8 oygrvhab hcukyx3x c1et5uql o9v6fnle\" style=\"text-align: justify;\">Sarah Cassenti est au comit\u00e9 de r\u00e9daction de la revue Celebrity Cafe, avec Jacques Donguy et Jean-Fran\u00e7ois Bory. Voir sur son travail la revue Celebrity Cafe n\u00b04 (presses du r\u00e9el).<\/div>\n<div class=\"cxmmr5t8 oygrvhab hcukyx3x c1et5uql o9v6fnle\" style=\"text-align: justify;\"><\/div>\n<div class=\"cxmmr5t8 oygrvhab hcukyx3x c1et5uql o9v6fnle\" style=\"text-align: justify;\">\u2022 Pd-extended I,<br \/>\nPo\u00e9sie num\u00e9rique en Pure Data \u2022<br \/>\n&#8211; Jacques Donguy &#8211;<\/div>\n<div class=\"cxmmr5t8 oygrvhab hcukyx3x c1et5uql o9v6fnle\" style=\"text-align: justify;\">L\u2019id\u00e9e est celui d\u2019un texte infini, puisque machine il y a, m\u00eame s\u2019il s\u2019agit de machine logicielle. L\u2019IA n\u2019invente rien. Il g\u00e8re al\u00e9atoirement des data choisis par l\u2019artiste, selon son choix artistique. La s\u00e9rie \u201cPd-extended\u201d, litt\u00e9ralement \u201cPure Data \u00e9largi\u201d, date de 2013, mise en place avec l\u2019aide de Philippe Boisnard. Jacques Donguy s\u2019est int\u00e9ress\u00e9 tr\u00e8s t\u00f4t aux textes de sorties imprimante. Il lit au micro en 1986, lors d\u2019un festival de performances, des sorties imprimante de centrales atomiques que lui avait fourni l\u2019artiste Jean-Luc Moul\u00e8ne, comme il le dit et l\u2019illustre dans un r\u00e9cent article intitul\u00e9 \u00ab Num\u00e9rique et oralit\u00e9 \u00bb paru dans la revue Inter n\u00b0137 consacr\u00e9e aux pratiques du silence, du son et de l\u2019oralit\u00e9 (presses du r\u00e9el).<\/div>\n<div class=\"cxmmr5t8 oygrvhab hcukyx3x c1et5uql o9v6fnle\" style=\"text-align: justify;\"><\/div>\n<div class=\"cxmmr5t8 oygrvhab hcukyx3x c1et5uql o9v6fnle\" style=\"text-align: justify;\">\u2022 Ev\u00e9nements 19 \u2022<br \/>\n&#8211; Anne-James Chaton &#8211;<\/div>\n<div class=\"cxmmr5t8 oygrvhab hcukyx3x c1et5uql o9v6fnle\" style=\"text-align: justify;\">Texte\/son : Anne-James Chaton<br \/>\nProgrammation visuelle : Hugo Hilaire<\/div>\n<div class=\"cxmmr5t8 oygrvhab hcukyx3x c1et5uql o9v6fnle\" style=\"text-align: justify;\">Avec Ev\u00e9nements 19 Anne-James Chaton poursuit son \u00e9coute du monde contemporain au travers des traces textuelles que celui-ci \u00e9met en continu. Apr\u00e8s Ev\u00e9nements 99, ce nouvel opus fait appara\u00eetre des figures in\u00e9dites et d\u2019autres g\u00e9ographies mondiales. Les langues ont elles-aussi chang\u00e9es, ainsi que le processus de composition de l\u2019auteur qui revisite \u00e0 chaque d\u00e9cade ce flux monodique de l\u2019information.<br \/>\nEv\u00e9nements 19 sera publi\u00e9 sur le label NOTON au mois de septembre 2022.<\/div>\n<div class=\"cxmmr5t8 oygrvhab hcukyx3x c1et5uql o9v6fnle\" style=\"text-align: justify;\">Production et diffusion : Lebeau &amp; Associ\u00e9s<\/div>\n<div class=\"cxmmr5t8 oygrvhab hcukyx3x c1et5uql o9v6fnle\" style=\"text-align: justify;\"><\/div>\n<div class=\"cxmmr5t8 oygrvhab hcukyx3x c1et5uql o9v6fnle\" style=\"text-align: justify;\"><span class=\"pq6dq46d tbxw36s4 knj5qynh kvgmc6g5 ditlmg2l oygrvhab nvdbi5me sf5mxxl7 gl3lb2sf hhz5lgdu\"><img loading=\"lazy\" decoding=\"async\" src=\"https:\/\/static.xx.fbcdn.net\/images\/emoji.php\/v9\/tdd\/2\/16\/1f50a.png\" alt=\"\ud83d\udd0a\" width=\"16\" height=\"16\" \/><\/span><span class=\"pq6dq46d tbxw36s4 knj5qynh kvgmc6g5 ditlmg2l oygrvhab nvdbi5me sf5mxxl7 gl3lb2sf hhz5lgdu\"><img loading=\"lazy\" decoding=\"async\" src=\"https:\/\/static.xx.fbcdn.net\/images\/emoji.php\/v9\/t4d\/2\/16\/1f5ef.png\" alt=\"\ud83d\uddef\" width=\"16\" height=\"16\" \/><\/span>DIMANCHE 13 MARS \u00c0 16H :<br \/>\nCONCERT, PO\u00c9SIE SONORE ET PERFORMANCES <span class=\"pq6dq46d tbxw36s4 knj5qynh kvgmc6g5 ditlmg2l oygrvhab nvdbi5me sf5mxxl7 gl3lb2sf hhz5lgdu\"><img loading=\"lazy\" decoding=\"async\" src=\"https:\/\/static.xx.fbcdn.net\/images\/emoji.php\/v9\/tdd\/2\/16\/1f50a.png\" alt=\"\ud83d\udd0a\" width=\"16\" height=\"16\" \/><\/span><span class=\"pq6dq46d tbxw36s4 knj5qynh kvgmc6g5 ditlmg2l oygrvhab nvdbi5me sf5mxxl7 gl3lb2sf hhz5lgdu\"><img loading=\"lazy\" decoding=\"async\" src=\"https:\/\/static.xx.fbcdn.net\/images\/emoji.php\/v9\/t4d\/2\/16\/1f5ef.png\" alt=\"\ud83d\uddef\" width=\"16\" height=\"16\" \/><\/span><\/div>\n<div class=\"cxmmr5t8 oygrvhab hcukyx3x c1et5uql o9v6fnle\" style=\"text-align: justify;\"><\/div>\n<div class=\"cxmmr5t8 oygrvhab hcukyx3x c1et5uql o9v6fnle\" style=\"text-align: justify;\">\u2022 Restitution de l\u2019atelier \u201cS\u2019\u00e9chapper\u201c\u2022<br \/>\n&#8211; Sarah Brown &amp; Rosalie Bribes &#8211;<\/div>\n<div class=\"cxmmr5t8 oygrvhab hcukyx3x c1et5uql o9v6fnle\" style=\"text-align: justify;\">Avec : les deux artistes intervenantes et les participant.e.s aux ateliers<\/div>\n<div class=\"cxmmr5t8 oygrvhab hcukyx3x c1et5uql o9v6fnle\" style=\"text-align: justify;\">Cette pi\u00e8ce sonore s\u2019apparente \u00e0 une digression autour d\u2019un th\u00e8me et des \u00e9vocations et images mentales des participant.e.s. Elle est diffus\u00e9e lors de cette restitution des ateliers et est ponctu\u00e9e par des interventions (phrases, textes, mots) des participant.e.s. Sarah Brown animant r\u00e9guli\u00e8rement une \u00e9mission intitul\u00e9e Domestic noise, cette performance-restitution est diffus\u00e9e en direct sur la radio exp\u00e9rimentale et hautement po\u00e9tique <a class=\"oajrlxb2 g5ia77u1 qu0x051f esr5mh6w e9989ue4 r7d6kgcz rq0escxv nhd2j8a9 nc684nl6 p7hjln8o kvgmc6g5 cxmmr5t8 oygrvhab hcukyx3x jb3vyjys rz4wbd8a qt6c0cv9 a8nywdso i1ao9s8h esuyzwwr f1sip0of lzcic4wl gpro0wi8 py34i1dx\" tabindex=\"0\" role=\"link\" href=\"https:\/\/l.facebook.com\/l.php?u=http%3A%2F%2Fp-node.org%2F%3Ffbclid%3DIwAR2e0bL0dcFsYzXeDkWJknDjzJ5IU2zBlS1JESzauc3ilhSus_IfaEIKTqo&amp;h=AT3EUg3DRY-bfxXKGwu4icRuAFYotd5L_pEs1oKXgzr4yJb7K-aiD87PVvjt8iQTf5m-Uiop_GJ8ovEEP3ko8oylklzrcqxXtXmUvXC8Kn6PQlYnhQBb_3HpFbB0zNtoJHmgrjUdvbD_rfwiGtKhnjI&amp;__tn__=q&amp;c[0]=AT2-ENlyqlRY9yFuBUo-WwBhLkA2RCwCuwgYWew1CLhfe_cRX_L2jpAq4LZwfTpfXNd8gwFjb8sJO49HvHa8xjcuKtVCQCcW0VmYyFPg8zY0A1a5vpkwHqQXRru212yRFDdb3cMNSUYwGFHLz7bdiQc9\" target=\"_blank\" rel=\"nofollow noopener\">p-node.org.<\/a><\/div>\n<div class=\"cxmmr5t8 oygrvhab hcukyx3x c1et5uql o9v6fnle\" style=\"text-align: justify;\"><\/div>\n<div class=\"cxmmr5t8 oygrvhab hcukyx3x c1et5uql o9v6fnle\" style=\"text-align: justify;\">\u2022 Pneuma-R\u00e9cital \u2022<br \/>\n&#8211; S\u00e9bastien Lespinasse &#8211;<\/div>\n<div class=\"cxmmr5t8 oygrvhab hcukyx3x c1et5uql o9v6fnle\" style=\"text-align: justify;\">Lecture de po\u00e9sie pneumatique<br \/>\npo\u00e9sie sonore et performance<\/div>\n<div class=\"cxmmr5t8 oygrvhab hcukyx3x c1et5uql o9v6fnle\" style=\"text-align: justify;\">Le Pneuma-r\u00e9cital est un moment d\u2019exp\u00e9rimentation de la langue pouss\u00e9e \u00e0 ses limites. Les mots deviennent des signaux, des coups de poing, des d\u00e9placements physiques d\u2019ondes. Les phrases dansent, d\u00e9sorientent les \u00e9vidences, forment un carnaval de la parole.<br \/>\n\u201c Celui qui parle est parl\u00e9 par tous les bouts de la machine \u00e0 dire.<br \/>\nCelui qui parle dissout son nom dans les identit\u00e9s intenses de la langue.<br \/>\nCelui qui parle est un animal exclamatif.<br \/>\n\u00c7a prend les discours, les retourne dans tous les sens, \u00e7a parle d\u2019en dessous, en langue secr\u00e8te : nous partageons la m\u00eame pr\u00e9sence<br \/>\nNous ne savons pas qui nous sommes. [\u2026]\u201c<br \/>\nIn progress existe depuis 2012, il a \u00e9t\u00e9 cr\u00e9\u00e9 au Th\u00e9\u00e2tre Le Hangar \u00e0 Toulouse lors du festival des Bruissonnantes.<\/div>\n<div class=\"cxmmr5t8 oygrvhab hcukyx3x c1et5uql o9v6fnle\" style=\"text-align: justify;\"><\/div>\n<div class=\"cxmmr5t8 oygrvhab hcukyx3x c1et5uql o9v6fnle\" style=\"text-align: justify;\">\u2022 Le voyage immobile \u2022<br \/>\n&#8211; Nora Sigu\u00e9 (musicienne) &amp; Rosalie Bribes (po\u00e8te) &#8211;<\/div>\n<div class=\"cxmmr5t8 oygrvhab hcukyx3x c1et5uql o9v6fnle\" style=\"text-align: justify;\">Live A\/V &#8211; concert et po\u00e9sie<\/div>\n<div class=\"cxmmr5t8 oygrvhab hcukyx3x c1et5uql o9v6fnle\" style=\"text-align: justify;\">Le voyage immobile raconte une \u00e9pop\u00e9e intime. L\u2019action de ce r\u00eave-\u00e9veill\u00e9 se d\u00e9roule dans un lit-vaisseau devenu le th\u00e9\u00e2tre de tous les possibles car c\u2019est en son sein que peut advenir la rencontre entre les \u00e2mes des deux h\u00e9roines et celles des esprits et animaux magiques qui s\u2019inviteront tour \u00e0 tour dans cette conversation inspir\u00e9e.<\/div>\n<\/div>\n","protected":false},"excerpt":{"rendered":"<p>En cet avant-dernier dimanche de f\u00e9vrier, quelques RV \u00e0 ne pas manquer&#8230; Livre de la semaine : Patrick Robin, Le Visage \u00a0tout bleu\u00a0(P.O.L)\u00a0 Patrick ROBIN, Le Visage tout bleu, P.O.L, f\u00e9vrier 2022, 128 pages, 14 \u20ac. Pr\u00e9sentation.\u00a0Je suis n\u00e9 avec le cordon ombilical enroul\u00e9 autour du cou, le visage tout bleu. Ma m\u00e8re ayant accouch\u00e9 chez ses parents, le m\u00e9decin n\u2019avait eu d\u2019autre choix, pour me sortir de ce tr\u00e8s mauvais pas, que de me faire respirer le seul oxyg\u00e8ne disponible \u00e0 proximit\u00e9, celui utilis\u00e9 par mon oncle, le forgeron du bourg, pour ses soudures au chalumeau. Un homme \u00e0 qui je dois la vie ou au moins de ne pas avoir gard\u00e9 de graves s\u00e9quelles neurologiques de cette naissance. J\u2019aurais pu aussi ne pas na\u00eetre. Le 30 juillet 1934 \u00e0 14 heures, la machine \u00e0 vapeur qui entra\u00eene depuis le matin la batteuse \u00e0 bl\u00e9 au Grand Logis, une ferme du centre bourg de Beaulieu-sous-Bressuire (Deux-S\u00e8vres), situ\u00e9e \u00e0 une cinquantaine de m\u00e8tres du caf\u00e9 tenu par mes grands-parents-maternels, explose. Neuf personnes sont tu\u00e9es. Une pluie de pi\u00e8ces m\u00e9talliques s\u2019abat sur le bourg. L\u2019une d\u2019elles, une plaque de t\u00f4le, vient percuter violemment la porte du caf\u00e9 de mes grands-parents. Devant laquelle ma m\u00e8re, trois ans et demi \u00e0 l\u2019\u00e9poque, joue la plupart du temps \u00e0 cette heure. J\u2019aurais pu enfin mourir \u00e0 26 ans, comme R.. Il \u00e9tait fils de petits-commer\u00e7ants comme moi, avait grandi \u00e0 quelques kilom\u00e8tres du gros bourg o\u00f9 j\u2019ai pass\u00e9 mon enfance et mon adolescence. Ses parents \u00e9taient amis des miens. Je l\u2019ai crois\u00e9 plusieurs fois dans les ann\u00e9es 90 au cours de mes s\u00e9jours en Deux-S\u00e8vres. Nous avions sympathis\u00e9. Il \u00e9tait silencieux, discret, un comportement aux antipodes de son milieu o\u00f9 l\u2019on parlait et riait fort, qui me rappelait celui de l\u2019adolescent que j\u2019avais \u00e9t\u00e9, silencieux lui aussi au milieu du vacarme familial. Il suivait des \u00e9tudes d\u2019ing\u00e9nieur, a obtenu son dipl\u00f4me et trouv\u00e9 du travail dans la r\u00e9gion parisienne. Il s\u2019est donn\u00e9 la mort deux ans plus tard, en 1997. Mesurant ma chance d\u2019\u00eatre vivant, j\u2019ai enqu\u00eat\u00e9 sur ces trois \u00e9v\u00e8nements, sur ce qu\u2019ils disent du monde d\u2019o\u00f9 je viens. Trois enqu\u00eates qui en sont aussi une sur la n\u00e9cessit\u00e9 vitale que j\u2019ai eue de rester fid\u00e8le \u00e0 ceux dont je suis issu et celle, tout aussi vitale, de devoir les quitter pour devenir ce que je voulais \u00eatre. Premi\u00e8res impressions.\u00a0Saluons une d\u00e9marche \u2013 l&rsquo;objectivation empathique \u2013 qui nous permet de bien appr\u00e9hender le monde des domin\u00e9s et transfuges de classe, des ann\u00e9es 30 \u00e0 90, au cours de trois histoires d&rsquo;oxyg\u00e8ne, si l&rsquo;on peut dire : la premi\u00e8re concerne la naissance m\u00eame de l&rsquo;auteur, sauv\u00e9 par l&rsquo;oxyg\u00e8ne du forgeron, l&rsquo;oncle Roger ; la seconde, l&rsquo;explosion accidentelle d&rsquo;une machine agricole, en pleine crise \u00e9conomique (1934), \u00e0 cause d&rsquo;un d\u00e9faut (effet cocotte minute ?) ; la troisi\u00e8me, le suicide de Richard, qui manque d&rsquo;air apr\u00e8s avoir quitt\u00e9 son milieu originel. \/FT\/ Libr-\u00e9v\u00e9nements \u2666\u00a0Tracts, th\u00e9\u00e2tre, radio, vid\u00e9o ou exposition. Traductions, livrets, performances. Liliane Giraudon vit dans un laboratoire d\u2019id\u00e9es et de voix multiples. Une \u00e9criture qui s\u2019adapte, qui change et qui combat, une langue qui invente et s\u2019\u00e9mancipe. Son dernier texte, Polyphonie Penth\u00e9sil\u00e9e, est le fruit d\u2019un braconnage dans nos vies. La braconni\u00e8re nous rapporte dans ce long po\u00e8me des morts plus vivants que les vivants, un homme qui mord un chien, une femme qui aboie, la peur et l\u2019\u00e9nigmatique beaut\u00e9 du monde. Grand Soir jeudi 24 f\u00e9vrier \u00e0 20h. Une rencontre anim\u00e9e par Nathalie L\u00e9ger, \u00e0 l\u2019occasion de l\u2019exposition La rage d\u2019\u00e9crire, de Gustave Flaubert \u00e0 Peter Handke exceptionnellement ouverte entre 19h et 20h. Masterclass vendredi 25 f\u00e9vrier \u00e0 11h. Abbaye d&rsquo;Ardenne \/ IMEC R\u00e9servation : reservations@imec-archives.com (pr\u00e9cisez Grand Soir et\/ou masterclass) \u2666 \u2666 Dans le cadre de la 3\u00e8me \u00e9dition du festival Les \u00c9chapp\u00e9es qui aura lieu du 1er mars 2022 au 31 mars 2022 dans tout le d\u00e9partement du Val de Marne, le G\u00e9n\u00e9rateur accueille une nouvelle fois artistes, po\u00e8tes, musiciens et performeurs pendant le week-end du 12 au 13 mars. SAMEDI 12 MARS \u00c0 20H : PO\u00c9SIE NUM\u00c9RIQUE ET PERFORMANCES \u2022 Atari Poem &amp; mon \u00e2me en chair \u2022 &#8211; Jacques Donguy et Sarah Cassenti &#8211; L\u2019Atari Poem, projection du mythique po\u00e8me g\u00e9n\u00e9ratif de Jacques Donguy con\u00e7u en 1993 sur un Atari 520ST &amp; mon \u00e2me en chair, sc\u00e8ne-mouvante de Sarah Cassenti, l\u2019oiseau couronn\u00e9 traverse la d\u00e9marcation, il se pose sur les corps complices. \u00ab Mon corps d\u2019artiste au f\u00e9minin est appel\u00e9 \u00e0 ne plus appara\u00eetre sur le web public, l\u2019IA l\u2019efface de son doigt vertueux, le G\u00e9n\u00e9rateur est l\u2019un des derniers espaces o\u00f9 il peut encore se d\u00e9placer librement. \u00bb Sarah Cassenti est au comit\u00e9 de r\u00e9daction de la revue Celebrity Cafe, avec Jacques Donguy et Jean-Fran\u00e7ois Bory. Voir sur son travail la revue Celebrity Cafe n\u00b04 (presses du r\u00e9el). \u2022 Pd-extended I, Po\u00e9sie num\u00e9rique en Pure Data \u2022 &#8211; Jacques Donguy &#8211; L\u2019id\u00e9e est celui d\u2019un texte infini, puisque machine il y a, m\u00eame s\u2019il s\u2019agit de machine logicielle. L\u2019IA n\u2019invente rien. Il g\u00e8re al\u00e9atoirement des data choisis par l\u2019artiste, selon son choix artistique. La s\u00e9rie \u201cPd-extended\u201d, litt\u00e9ralement \u201cPure Data \u00e9largi\u201d, date de 2013, mise en place avec l\u2019aide de Philippe Boisnard. Jacques Donguy s\u2019est int\u00e9ress\u00e9 tr\u00e8s t\u00f4t aux textes de sorties imprimante. Il lit au micro en 1986, lors d\u2019un festival de performances, des sorties imprimante de centrales atomiques que lui avait fourni l\u2019artiste Jean-Luc Moul\u00e8ne, comme il le dit et l\u2019illustre dans un r\u00e9cent article intitul\u00e9 \u00ab Num\u00e9rique et oralit\u00e9 \u00bb paru dans la revue Inter n\u00b0137 consacr\u00e9e aux pratiques du silence, du son et de l\u2019oralit\u00e9 (presses du r\u00e9el). \u2022 Ev\u00e9nements 19 \u2022 &#8211; Anne-James Chaton &#8211; Texte\/son : Anne-James Chaton Programmation visuelle : Hugo Hilaire Avec Ev\u00e9nements 19 Anne-James Chaton poursuit son \u00e9coute du monde contemporain au travers des traces textuelles que celui-ci \u00e9met en continu. Apr\u00e8s Ev\u00e9nements 99, ce nouvel opus fait appara\u00eetre des figures in\u00e9dites et d\u2019autres g\u00e9ographies mondiales. Les langues ont elles-aussi chang\u00e9es, ainsi que le processus de composition de l\u2019auteur qui&#8230;<\/p>\n","protected":false},"author":2,"featured_media":2401,"comment_status":"open","ping_status":"open","sticky":false,"template":"","format":"standard","meta":{"footnotes":""},"categories":[7,10,2],"tags":[1518,424,1515,41,1514,1517,197,1516,1305,189,210,1513,280,987],"class_list":["post-2392","post","type-post","status-publish","format-standard","has-post-thumbnail","hentry","category-livres-recus","category-news","category-une","tag-abbaye-ardenne","tag-anne-james-chaton","tag-christophe-tarkos","tag-editions-p-o-l","tag-festival-les-echappees","tag-imec","tag-jacques-donguy","tag-la-chouette-librairie","tag-laura-vazquez","tag-liliane-giraudon","tag-maison-de-la-poesie-paris","tag-patrice-robin","tag-patrick-varetz","tag-sebastien-lespinasse"],"post_mailing_queue_ids":[],"_links":{"self":[{"href":"https:\/\/t-pas-net.com\/librCritN\/wp-json\/wp\/v2\/posts\/2392","targetHints":{"allow":["GET"]}}],"collection":[{"href":"https:\/\/t-pas-net.com\/librCritN\/wp-json\/wp\/v2\/posts"}],"about":[{"href":"https:\/\/t-pas-net.com\/librCritN\/wp-json\/wp\/v2\/types\/post"}],"author":[{"embeddable":true,"href":"https:\/\/t-pas-net.com\/librCritN\/wp-json\/wp\/v2\/users\/2"}],"replies":[{"embeddable":true,"href":"https:\/\/t-pas-net.com\/librCritN\/wp-json\/wp\/v2\/comments?post=2392"}],"version-history":[{"count":10,"href":"https:\/\/t-pas-net.com\/librCritN\/wp-json\/wp\/v2\/posts\/2392\/revisions"}],"predecessor-version":[{"id":2408,"href":"https:\/\/t-pas-net.com\/librCritN\/wp-json\/wp\/v2\/posts\/2392\/revisions\/2408"}],"wp:featuredmedia":[{"embeddable":true,"href":"https:\/\/t-pas-net.com\/librCritN\/wp-json\/wp\/v2\/media\/2401"}],"wp:attachment":[{"href":"https:\/\/t-pas-net.com\/librCritN\/wp-json\/wp\/v2\/media?parent=2392"}],"wp:term":[{"taxonomy":"category","embeddable":true,"href":"https:\/\/t-pas-net.com\/librCritN\/wp-json\/wp\/v2\/categories?post=2392"},{"taxonomy":"post_tag","embeddable":true,"href":"https:\/\/t-pas-net.com\/librCritN\/wp-json\/wp\/v2\/tags?post=2392"}],"curies":[{"name":"wp","href":"https:\/\/api.w.org\/{rel}","templated":true}]}}