{"id":2621,"date":"2022-04-17T21:01:12","date_gmt":"2022-04-17T19:01:12","guid":{"rendered":"http:\/\/t-pas-net.com\/librCritN\/?p=2621"},"modified":"2022-04-20T08:56:45","modified_gmt":"2022-04-20T06:56:45","slug":"news-news-du-dimanche-55","status":"publish","type":"post","link":"https:\/\/t-pas-net.com\/librCritN\/2022\/04\/17\/news-news-du-dimanche-55\/","title":{"rendered":"[News] News du dimanche"},"content":{"rendered":"<p>En ces temps qui clochent, regardons le monde avec le regard d\u00e9cal\u00e9 de CUHEL et d&rsquo;Ovaine (Tristan Felix)&#8230; Et d\u00e9couvrons le \u00ab\u00a0fant\u00f4me\u00a0\u00bb de S\u00e9bastien Lespinasse&#8230; entre autres \u00e9v\u00e9nements !<\/p>\n<p>&nbsp;<\/p>\n<p style=\"text-align: center;\"><span style=\"background-color: #ff0000; color: #ffffff;\"><strong>Observatoire des Forces N\u00e9o-Lib\u00e9rales en fRANCE (OFNLF)<\/strong><\/span><br \/>\n<span style=\"background-color: #ff0000; color: #ffffff;\"><strong>CUHEL\/Thomas-Roudeix<\/strong><\/span><\/p>\n<p style=\"text-align: center;\"><img loading=\"lazy\" decoding=\"async\" class=\"aligncenter size-full wp-image-2622\" src=\"http:\/\/t-pas-net.com\/librCritN\/wp-content\/uploads\/2022\/04\/JupiteuxProtege.jpg\" alt=\"\" width=\"540\" height=\"200\" srcset=\"https:\/\/t-pas-net.com\/librCritN\/wp-content\/uploads\/2022\/04\/JupiteuxProtege.jpg 540w, https:\/\/t-pas-net.com\/librCritN\/wp-content\/uploads\/2022\/04\/JupiteuxProtege-300x111.jpg 300w, https:\/\/t-pas-net.com\/librCritN\/wp-content\/uploads\/2022\/04\/JupiteuxProtege-150x56.jpg 150w, https:\/\/t-pas-net.com\/librCritN\/wp-content\/uploads\/2022\/04\/JupiteuxProtege-366x136.jpg 366w\" sizes=\"auto, (max-width: 540px) 100vw, 540px\" \/><\/p>\n<p style=\"text-align: justify;\">Micron 1<sup>er<\/sup>\u00a0est un GrandModerne qui, contre les primitifs et plumitifs, continue de subventionner le Progr\u00e8s, qui est toujours en Marche, gr\u00e2ce \u00e0 un tas de machines, dont la\u00a0Machine-\u00e0-crotons, qui \u00e9claire et chauffe notre monde en surchauffe&#8230; Et dans sa Grande Sagesse il nous demande seulement de ne pas trop en abuser.<\/p>\n<p style=\"text-align: justify;\">Plus encore qu&rsquo;un LouisMachinChose, Micron 1<sup>er <\/sup>est un GrandMagicien qui nous prot\u00e8ge de tout sans rien d&rsquo;autre que la puissance de son verbe, y compris contre le GrandVirus.<br \/>\nMicron 1<sup>er <\/sup>est un GrandMagicien : on l&rsquo;a bien vu quand il s&rsquo;est oppos\u00e9 \u00e0 Toupine <sup>1er<\/sup> \u00e0 coups de t\u00e9l\u00e9phone et tapis rouge. Et gr\u00e2ce \u00e0 lui, l&rsquo;Argent ruisselle, et il suffit m\u00eame de traverser la rue pour trouver un emploi : le Bonheur tient parfois \u00e0 peu de choses. Tous ses sujets l&rsquo;ont m\u00eame vu faire appara\u00eetre et dispara\u00eetre ces GrandsMaux que sont le wokisme et l&rsquo;islamogauchisme.<\/p>\n<p>&nbsp;<\/p>\n<p style=\"text-align: center;\"><strong><span style=\"background-color: #ff0000; color: #ffffff;\">Pleins feux sur S\u00e9bastien Lespinasse<\/span><\/strong><\/p>\n<div class=\"kvgmc6g5 cxmmr5t8 oygrvhab hcukyx3x c1et5uql ii04i59q\">\n<div dir=\"auto\" style=\"text-align: justify;\">S\u00e9bastien LESPINASSE, <a href=\"http:\/\/www.derniertelegramme.fr\/Traduire-le-Fantome\"><strong><em>Traduire le fant\u00f4me<\/em><\/strong><\/a>, Dernier T\u00e9l\u00e9gramme, printemps 2022, 80<img loading=\"lazy\" decoding=\"async\" class=\"alignright size-full wp-image-2625\" src=\"http:\/\/t-pas-net.com\/librCritN\/wp-content\/uploads\/2022\/04\/LespinasseFantome.jpg\" alt=\"\" width=\"220\" height=\"300\" srcset=\"https:\/\/t-pas-net.com\/librCritN\/wp-content\/uploads\/2022\/04\/LespinasseFantome.jpg 220w, https:\/\/t-pas-net.com\/librCritN\/wp-content\/uploads\/2022\/04\/LespinasseFantome-110x150.jpg 110w\" sizes=\"auto, (max-width: 220px) 100vw, 220px\" \/> pages, 12 \u20ac, ISBN : 979-10-97146-42-9.<\/div>\n<div dir=\"auto\" style=\"text-align: justify;\"><\/div>\n<\/div>\n<div class=\"cxmmr5t8 oygrvhab hcukyx3x c1et5uql o9v6fnle ii04i59q\">\n<div dir=\"auto\" style=\"text-align: justify;\"><strong><em>Traduire le Fant\u00f4me<\/em><\/strong>est le r\u00e9sultat d\u2019une exp\u00e9rience d\u2019\u00e9coute men\u00e9e dans la dur\u00e9e : comment recueillir la parole des fant\u00f4mes \u2013 obsessions, refrains idiots, bribes de discours \u2013 qui nous hantent, comment lui donner forme, la transcrire en phrases, elle qui n\u2019est qu\u2019un balbutiement du devenir, un quelque chose qui reste, refuse d\u2019\u00eatre englouti dans le brassage quotidien et incessant des pens\u00e9es flottantes.<\/div>\n<div dir=\"auto\" style=\"text-align: justify;\">Refuser tout plan pr\u00e9\u00e9tabli pour mieux se mettre \u00e0 la port\u00e9e de ce qui vient : accepter une rencontre, suivre le grain de ces voix presque sans paroles qui affluent, m\u00e9nager ainsi des espaces entre les phrases.<\/div>\n<p style=\"text-align: justify;\">Plut\u00f4t que de frayer un chemin, poser r\u00e9solument, \u00ab\u00a0en conscience\u00a0\u00bb, des phrases les unes \u00e0 c\u00f4t\u00e9 des autres afin que le paysage se r\u00e9v\u00e8le hors-champ.<\/p>\n<p><img loading=\"lazy\" decoding=\"async\" class=\"aligncenter size-full wp-image-2626\" src=\"http:\/\/t-pas-net.com\/librCritN\/wp-content\/uploads\/2022\/04\/EvtLespinasseFantome.jpg\" alt=\"\" width=\"540\" height=\"800\" srcset=\"https:\/\/t-pas-net.com\/librCritN\/wp-content\/uploads\/2022\/04\/EvtLespinasseFantome.jpg 540w, https:\/\/t-pas-net.com\/librCritN\/wp-content\/uploads\/2022\/04\/EvtLespinasseFantome-203x300.jpg 203w, https:\/\/t-pas-net.com\/librCritN\/wp-content\/uploads\/2022\/04\/EvtLespinasseFantome-101x150.jpg 101w, https:\/\/t-pas-net.com\/librCritN\/wp-content\/uploads\/2022\/04\/EvtLespinasseFantome-366x542.jpg 366w\" sizes=\"auto, (max-width: 540px) 100vw, 540px\" \/><\/p>\n<p>&nbsp;<\/p>\n<p style=\"text-align: center;\"><span style=\"background-color: #ff0000; color: #ffffff;\"><strong>Lib\u00e9ralisation de la BNF # libert\u00e9 des usagers et employ\u00e9s&#8230;<\/strong><\/span><\/p>\n<p style=\"text-align: justify;\">Lors du CHSCT du 31 mars dernier, la direction de la <strong>Biblioth\u00e8que nationale de France<\/strong> a pr\u00e9sent\u00e9 une <strong>r\u00e9forme de la communication<\/strong> qui sera mise en place \u00e0 partir du 2 mai prochain. Cette r\u00e9forme vise \u00e0 restreindre drastiquement la communication directe des documents \u00e0 la tranche horaire 13h30-17h. Elle s&rsquo;accompagne \u00e0 l&rsquo;horizon du mois de septembre d&rsquo;une augmentation notable du prix du pass Recherche (+ 10% de 50 \u00e0 55 euros) faisant d\u00e9finitivement de la BnF la biblioth\u00e8que de recherche la plus ch\u00e8re d&rsquo;Europe.<br \/>\nLa r\u00e9forme de la communication aura \u00e9galement un effet sur les rythmes de travail des personnels de la BnF et elle intervient alors que la direction de la BnF a d\u00e9cid\u00e9 d&rsquo;accentuer la pr\u00e9carisation des agents charg\u00e9s du service public (passage de CDI \u00e0 temps partiel pour les postes correspondant \u00e0 des missions p\u00e9rennes, \u00e0 des CDD \u00e0 mi-temps d&rsquo;un an non renouvelables).<\/p>\n<p style=\"text-align: center;\"><img loading=\"lazy\" decoding=\"async\" class=\"aligncenter size-full wp-image-2636\" src=\"http:\/\/t-pas-net.com\/librCritN\/wp-content\/uploads\/2022\/04\/visite-bnf-richelieu.jpg\" alt=\"\" width=\"540\" height=\"540\" srcset=\"https:\/\/t-pas-net.com\/librCritN\/wp-content\/uploads\/2022\/04\/visite-bnf-richelieu.jpg 540w, https:\/\/t-pas-net.com\/librCritN\/wp-content\/uploads\/2022\/04\/visite-bnf-richelieu-300x300.jpg 300w, https:\/\/t-pas-net.com\/librCritN\/wp-content\/uploads\/2022\/04\/visite-bnf-richelieu-150x150.jpg 150w, https:\/\/t-pas-net.com\/librCritN\/wp-content\/uploads\/2022\/04\/visite-bnf-richelieu-144x144.jpg 144w, https:\/\/t-pas-net.com\/librCritN\/wp-content\/uploads\/2022\/04\/visite-bnf-richelieu-366x366.jpg 366w, https:\/\/t-pas-net.com\/librCritN\/wp-content\/uploads\/2022\/04\/visite-bnf-richelieu-75x75.jpg 75w\" sizes=\"auto, (max-width: 540px) 100vw, 540px\" \/><\/p>\n<p style=\"text-align: justify;\">Cette d\u00e9gradation du service public et des conditions de travail des personnels a suscit\u00e9 une double mobilisation. Deux p\u00e9titions ont \u00e9t\u00e9 lanc\u00e9es qui ont d&rsquo;ores et d\u00e9j\u00e0 rassembl\u00e9 un nombre tr\u00e8s important de signatures :<\/p>\n<\/div>\n<div class=\"cxmmr5t8 oygrvhab hcukyx3x c1et5uql o9v6fnle ii04i59q\" style=\"text-align: justify;\">\n<div dir=\"auto\">&#8211; la <a href=\"https:\/\/www.mesopinions.com\/petition\/social\/missions-bnf-lecteurs-conditions-travail-personnels\/10119\"><strong>p\u00e9tition<\/strong><\/a>\u00a0lanc\u00e9e par l&rsquo;intersyndicale de la BnF ;<\/div>\n<\/div>\n<div class=\"cxmmr5t8 oygrvhab hcukyx3x c1et5uql o9v6fnle ii04i59q\" style=\"text-align: justify;\">\n<div dir=\"auto\">&#8211; la p\u00e9tition des lectrices et lecteurs de la BnF: <a class=\"oajrlxb2 g5ia77u1 qu0x051f esr5mh6w e9989ue4 r7d6kgcz rq0escxv nhd2j8a9 nc684nl6 p7hjln8o kvgmc6g5 cxmmr5t8 oygrvhab hcukyx3x jb3vyjys rz4wbd8a qt6c0cv9 a8nywdso i1ao9s8h esuyzwwr f1sip0of lzcic4wl gpro0wi8 py34i1dx\" tabindex=\"0\" role=\"link\" href=\"https:\/\/l.facebook.com\/l.php?u=https%3A%2F%2Fwww.leslignesbougent.org%2Fpetitions%2Ftous-ensemble-defendons-le-services-public-de-la-bnf-7384%2F%3Ffbclid%3DIwAR0bEat-blKECIv98SXV--Vdp64BiPF9itL8yq0AbPplf8TaRR-4djT6ARU&amp;h=AT0zCIUcSObf6ucv3O5sxtTrq-xx3BEalyH9dxQobVjv55eGGanXr8zsyF6t9wumJQICCSRuQsRaZ4RKT804tVGw_uSw83oefeWnAt1QUjSNP09UiKiA9mEq9HotkFygZ7UHVrY&amp;__tn__=-UK-R&amp;c[0]=AT2mWcqbBG9_BsMgME3R8e68Tm4jA5s8lgVIqlJUe3AOqyE8x0ZEMDDYFuqiToGJqWkevOiNvS-vnYSL-HOjPVEAEHqZyf3KEKOklVrXnqjqFOFw62eAoDf8zEymQTTNr7kHbVhAHuDx35NYCr2te9CJ0NY\" target=\"_blank\" rel=\"nofollow noopener\">https:\/\/www.leslignesbougent.org\/&#8230;\/tous-ensemble&#8230;\/<\/a><\/div>\n<\/div>\n<div class=\"cxmmr5t8 oygrvhab hcukyx3x c1et5uql o9v6fnle ii04i59q\" style=\"text-align: justify;\">\n<div dir=\"auto\">Ces deux p\u00e9titions sont toujours ouvertes aux signatures.<\/div>\n<\/div>\n<div class=\"cxmmr5t8 oygrvhab hcukyx3x c1et5uql o9v6fnle ii04i59q\" style=\"text-align: justify;\">\n<div dir=\"auto\">L&rsquo;Association des lectrices, lecteurs et usag\u00e8res et usagers de la BnF (ALUBnF) contribue \u00e0 cette mobilisation. Deux communiqu\u00e9s de presse ont paru \u00e0 ce jour :<\/div>\n<\/div>\n<div class=\"cxmmr5t8 oygrvhab hcukyx3x c1et5uql o9v6fnle ii04i59q\" style=\"text-align: justify;\">\n<div dir=\"auto\">&#8211; le 8 avril 2022 : \u00ab\u00a0Les usagers et les usag\u00e8res de la Biblioth\u00e8que nationale de France exigent le retour \u00e0 des conditions de travail dignes\u00a0\u00bb, <a class=\"oajrlxb2 g5ia77u1 qu0x051f esr5mh6w e9989ue4 r7d6kgcz rq0escxv nhd2j8a9 nc684nl6 p7hjln8o kvgmc6g5 cxmmr5t8 oygrvhab hcukyx3x jb3vyjys rz4wbd8a qt6c0cv9 a8nywdso i1ao9s8h esuyzwwr f1sip0of lzcic4wl gpro0wi8 py34i1dx\" tabindex=\"0\" role=\"link\" href=\"https:\/\/l.facebook.com\/l.php?u=https%3A%2F%2Facademia.hypotheses.org%2F37796%3Ffbclid%3DIwAR3siCoNtbsEVcHF6_MKjDD93ZRiGyiLcPXxwh6ak8ZRHICsU1sl5Mleitw&amp;h=AT3qYWVpS47ZdHkC56TR8wBTFD5tic9qpyCLuIi6KnmFl71foG0ZpraQnj9rjRnn-GgSKiv6PIKz2tkKT4TGgUdan-hBWkTzEt8xZCGBD5Mw_n9agyYWlklWnmqWgEpqcrMyTVs&amp;__tn__=-UK-R&amp;c[0]=AT2mWcqbBG9_BsMgME3R8e68Tm4jA5s8lgVIqlJUe3AOqyE8x0ZEMDDYFuqiToGJqWkevOiNvS-vnYSL-HOjPVEAEHqZyf3KEKOklVrXnqjqFOFw62eAoDf8zEymQTTNr7kHbVhAHuDx35NYCr2te9CJ0NY\" target=\"_blank\" rel=\"nofollow noopener\">https:\/\/academia.hypotheses.org\/37796<\/a><\/div>\n<\/div>\n<div class=\"cxmmr5t8 oygrvhab hcukyx3x c1et5uql o9v6fnle ii04i59q\" style=\"text-align: justify;\">\n<div dir=\"auto\">&#8211; le 13 avril 2022 : \u00ab\u00a0La direction de la Biblioth\u00e8que nationale de France refuse d\u2019entendre le m\u00e9contentement et la mobilisation massive de ses lectrices et lecteurs <a class=\"oajrlxb2 g5ia77u1 qu0x051f esr5mh6w e9989ue4 r7d6kgcz rq0escxv nhd2j8a9 nc684nl6 p7hjln8o kvgmc6g5 cxmmr5t8 oygrvhab hcukyx3x jb3vyjys rz4wbd8a qt6c0cv9 a8nywdso i1ao9s8h esuyzwwr f1sip0of lzcic4wl gpro0wi8 q66pz984 b1v8xokw\" tabindex=\"0\" role=\"link\" href=\"https:\/\/www.facebook.com\/hashtag\/bnfgate?__eep__=6&amp;__cft__[0]=AZVciN8CR6hSmZ6niPo0uwUuR6cJ6QDBQRpxy-YAMZ52Fwa4jztthzWLWoAJi_3k-iIr3sRdAE1a_iAg5-inpCgXj9p67XkZLYgnWZROE5pdswRY-exUweB3Koin0CHg0wQ&amp;__tn__=*NK-R\">#BnFGate<\/a>\u00ab\u00a0, <a class=\"oajrlxb2 g5ia77u1 qu0x051f esr5mh6w e9989ue4 r7d6kgcz rq0escxv nhd2j8a9 nc684nl6 p7hjln8o kvgmc6g5 cxmmr5t8 oygrvhab hcukyx3x jb3vyjys rz4wbd8a qt6c0cv9 a8nywdso i1ao9s8h esuyzwwr f1sip0of lzcic4wl gpro0wi8 py34i1dx\" tabindex=\"0\" role=\"link\" href=\"https:\/\/l.facebook.com\/l.php?u=https%3A%2F%2Facademia.hypotheses.org%2F37875%3Ffbclid%3DIwAR2IpjDWSmnBFFziqVW1l2KY30lHHN0ZulZHoiuNZF-T4p-g0in3l1BHh6U&amp;h=AT0nzsHmzymKaVrzyIhqPfH46STDI8CR5SUtgwGB8vwXcxTLBoUanegJkzmnabA-TfNw_r_uzJssQsEkgJrdH_Kx3TcmWIGrywkZHsBRkd8GqIP05001XXtHy2H_Sc_lTPfWCYE&amp;__tn__=-UK-R&amp;c[0]=AT2mWcqbBG9_BsMgME3R8e68Tm4jA5s8lgVIqlJUe3AOqyE8x0ZEMDDYFuqiToGJqWkevOiNvS-vnYSL-HOjPVEAEHqZyf3KEKOklVrXnqjqFOFw62eAoDf8zEymQTTNr7kHbVhAHuDx35NYCr2te9CJ0NY\" target=\"_blank\" rel=\"nofollow noopener\">https:\/\/academia.hypotheses.org\/37875<\/a><\/div>\n<\/div>\n<p style=\"text-align: justify;\">Le 14 avril 2022, se tenait le comit\u00e9 technique de la BnF. Le point 6 de l&rsquo;ordre du jour portait justement sur le \u00ab\u00a0fonctionnement des salles de lecture des salles de lecture recherche du site Fran\u00e7ois-Mitterrand \u00e0 partir du 2 mai 2022\u00a0\u00bb et les \u00ab\u00a0modalit\u00e9s de communication des documents\u00a0\u00bb. Les syndicats repr\u00e9sent\u00e9s au CT avaient d\u00e9pos\u00e9 une demande pour que M. Francisco Roa-Bastos, ancien repr\u00e9sentant des lecteurs (coll\u00e8ge Recherche) au CA de la BnF, et cofondateur de l&rsquo;ALUBnF, puisse \u00eatre invit\u00e9 \u00e0 titre d&rsquo;expert sur cette question. La direction a pris pr\u00e9texte que le d\u00e9lai pour cette demande \u00e9tait inf\u00e9rieur aux 48h r\u00e9glementaires pour refuser la pr\u00e9sence d&rsquo;un repr\u00e9sentant des lecteurs, fermant ainsi de mani\u00e8re exemplaire la porte au dialogue sur les conditions d&rsquo;accueil du public.<\/p>\n<p style=\"text-align: justify;\">L&rsquo;ALUBnF et l&rsquo;intersyndicale de la BnF se sont donc associ\u00e9es pour signer un communiqu\u00e9 de presse commun : <a class=\"oajrlxb2 g5ia77u1 qu0x051f esr5mh6w e9989ue4 r7d6kgcz rq0escxv nhd2j8a9 nc684nl6 p7hjln8o kvgmc6g5 cxmmr5t8 oygrvhab hcukyx3x jb3vyjys rz4wbd8a qt6c0cv9 a8nywdso i1ao9s8h esuyzwwr f1sip0of lzcic4wl gpro0wi8 py34i1dx\" tabindex=\"0\" role=\"link\" href=\"https:\/\/l.facebook.com\/l.php?u=https%3A%2F%2Ft.co%2FicMFhKhtph%3Ffbclid%3DIwAR0eiv2j2gHV-N_ctzCCjTujjGJrw_FWEiWuOtffMKnl8xJLUs_w7k0IdYw&amp;h=AT0kXDKOfGOr2zz83YIzCsiMVhpox8X_KMpH8XJbAwL2NgSA-4dn3VWY1tBcXS5RKkwzPgUInWR621b4jgFpS8IaPt8ZTY4ivFpaplqBrtI71gNn0h62nhKzHho3QoPtqpSt8so&amp;__tn__=-UK-R&amp;c[0]=AT2mWcqbBG9_BsMgME3R8e68Tm4jA5s8lgVIqlJUe3AOqyE8x0ZEMDDYFuqiToGJqWkevOiNvS-vnYSL-HOjPVEAEHqZyf3KEKOklVrXnqjqFOFw62eAoDf8zEymQTTNr7kHbVhAHuDx35NYCr2te9CJ0NY\" target=\"_blank\" rel=\"nofollow noopener\">https:\/\/t.co\/icMFhKhtph<\/a><\/p>\n<p style=\"text-align: justify;\">La mobilisation des lectrices, lecteurs et du personnel ne refluera pas tant que la direction de la BnF refusera de retirer ces r\u00e9formes.<\/p>\n<p>&nbsp;<\/p>\n<p style=\"text-align: center;\"><span style=\"background-color: #ff0000; color: #ffffff;\"><strong>Libr-br\u00e8ves<\/strong><\/span><\/p>\n<p>\u25ba <span style=\"background-color: #ffff00;\"><strong>Mercredi 20 avril 2022, S\u00e9bastien Rongier \u00e0 la Man\u0153uvre<\/strong><\/span> (Librairie La Man\u0153uvre, 58 rue de la Roquette 75011 Paris)&#8230;<\/p>\n<p style=\"text-align: center;\"><img loading=\"lazy\" decoding=\"async\" class=\"aligncenter size-full wp-image-2634\" src=\"http:\/\/t-pas-net.com\/librCritN\/wp-content\/uploads\/2022\/04\/RongierLaManoeuvre.jpg\" alt=\"\" width=\"530\" height=\"530\" srcset=\"https:\/\/t-pas-net.com\/librCritN\/wp-content\/uploads\/2022\/04\/RongierLaManoeuvre.jpg 530w, https:\/\/t-pas-net.com\/librCritN\/wp-content\/uploads\/2022\/04\/RongierLaManoeuvre-300x300.jpg 300w, https:\/\/t-pas-net.com\/librCritN\/wp-content\/uploads\/2022\/04\/RongierLaManoeuvre-150x150.jpg 150w, https:\/\/t-pas-net.com\/librCritN\/wp-content\/uploads\/2022\/04\/RongierLaManoeuvre-144x144.jpg 144w, https:\/\/t-pas-net.com\/librCritN\/wp-content\/uploads\/2022\/04\/RongierLaManoeuvre-366x366.jpg 366w, https:\/\/t-pas-net.com\/librCritN\/wp-content\/uploads\/2022\/04\/RongierLaManoeuvre-75x75.jpg 75w\" sizes=\"auto, (max-width: 530px) 100vw, 530px\" \/><\/p>\n<p>\u25ba <img loading=\"lazy\" decoding=\"async\" class=\"aligncenter size-full wp-image-2631\" src=\"http:\/\/t-pas-net.com\/librCritN\/wp-content\/uploads\/2022\/04\/VDHCharybde.jpg\" alt=\"\" width=\"540\" height=\"310\" srcset=\"https:\/\/t-pas-net.com\/librCritN\/wp-content\/uploads\/2022\/04\/VDHCharybde.jpg 540w, https:\/\/t-pas-net.com\/librCritN\/wp-content\/uploads\/2022\/04\/VDHCharybde-300x172.jpg 300w, https:\/\/t-pas-net.com\/librCritN\/wp-content\/uploads\/2022\/04\/VDHCharybde-150x86.jpg 150w, https:\/\/t-pas-net.com\/librCritN\/wp-content\/uploads\/2022\/04\/VDHCharybde-366x210.jpg 366w\" sizes=\"auto, (max-width: 540px) 100vw, 540px\" \/><\/p>\n<p>&nbsp;<\/p>\n<p>\u25ba <img loading=\"lazy\" decoding=\"async\" class=\"aligncenter size-full wp-image-2632\" src=\"http:\/\/t-pas-net.com\/librCritN\/wp-content\/uploads\/2022\/04\/LG-Toque.jpg\" alt=\"\" width=\"540\" height=\"300\" srcset=\"https:\/\/t-pas-net.com\/librCritN\/wp-content\/uploads\/2022\/04\/LG-Toque.jpg 540w, https:\/\/t-pas-net.com\/librCritN\/wp-content\/uploads\/2022\/04\/LG-Toque-300x167.jpg 300w, https:\/\/t-pas-net.com\/librCritN\/wp-content\/uploads\/2022\/04\/LG-Toque-150x83.jpg 150w, https:\/\/t-pas-net.com\/librCritN\/wp-content\/uploads\/2022\/04\/LG-Toque-366x203.jpg 366w\" sizes=\"auto, (max-width: 540px) 100vw, 540px\" \/><\/p>\n<p style=\"text-align: justify;\"><span style=\"background-color: #ffff00;\"><strong>\u25ba 14e \u00e9dition du festival les Eauditives, du 6 au 29 mai<\/strong><\/span> : Toulon, Barjols, Ch\u00e2teauvert, Saint-Rapha\u00ebl, Saint-Maximin, Seillons.<\/p>\n<p style=\"text-align: justify;\">Le festival<strong> Les Eauditives<\/strong>, port\u00e9 par l&rsquo;association Plaine page, revient pour sa 14e \u00e9dition en<img loading=\"lazy\" decoding=\"async\" class=\"alignright size-full wp-image-2629\" src=\"http:\/\/t-pas-net.com\/librCritN\/wp-content\/uploads\/2022\/04\/Eauditives-2022.jpg\" alt=\"\" width=\"220\" height=\"300\" srcset=\"https:\/\/t-pas-net.com\/librCritN\/wp-content\/uploads\/2022\/04\/Eauditives-2022.jpg 220w, https:\/\/t-pas-net.com\/librCritN\/wp-content\/uploads\/2022\/04\/Eauditives-2022-110x150.jpg 110w\" sizes=\"auto, (max-width: 220px) 100vw, 220px\" \/> 2022, du 6 au 29 mai, avec onze jours d\u00e9di\u00e9s aux po\u00e9sies et arts contemporains.<\/p>\n<p style=\"text-align: justify;\">Plus de quarante auteurs, traducteurs et artistes, onze dates, six villes et dix-sept lieux de diffusion culturelle tracent un itin\u00e9raire d&rsquo;exploration et de d\u00e9couverte de la cr\u00e9ation po\u00e9tique actuelle, au confluent des lectures, des arts visuels, des conf\u00e9rences, des performances, du cin\u00e9ma, de la musique et de la chor\u00e9graphie\u2026 avec des escales au mus\u00e9e, au centre d&rsquo;art, en m\u00e9diath\u00e8ques, en librairies, en galeries, dans l\u2019espace public, en \u00e9cole sup\u00e9rieure d&rsquo;art et design et en lyc\u00e9es, coll\u00e8ge et \u00e9cole primaire\u2026<br \/>\nDe son inauguration, vendredi 6 mai \u00e0 l&rsquo;\u00c9cole Sup\u00e9rieure d&rsquo;Art et Design \u00e0 Toulon, jusqu&rsquo;\u00e0 sa cl\u00f4ture, dimanche 29 mai dans l\u2019espace public \u00e0 Seillons-Source d&rsquo;Argens, le festival circule de la M\u00e9diterran\u00e9e au pays de Provence Verte-Verdon, entre eau douce et eau sal\u00e9e, eau pure ou trop souvent us\u00e9e, pour remonter le fleuve Argens jusqu&rsquo;\u00e0 sa source. Ce courant d&rsquo;Eauditives puise son inspiration dans l&rsquo;eau d&rsquo;ici et les eaux du monde, porteuses d&rsquo;enjeux pr\u00e9sents et \u00e0 venir.<\/p>\n<p style=\"text-align: justify;\">Une po\u00e9sie sonore ou silencieuse, m\u00e9tiss\u00e9e des langues d&rsquo;ici et d&rsquo;ailleurs, des langues parl\u00e9es et des langues des signes qui dialoguent avec les arts et l\u2019environnement.<\/p>\n<p style=\"text-align: justify;\">Plus d&rsquo;info sur <a class=\"yiv0030732097moz-txt-link-abbreviated\" href=\"http:\/\/www.plainepage.com\/eauditives2022.pdf\" target=\"_blank\" rel=\"nofollow noopener noreferrer\">www.plainepage.com\/eauditives2022.pdf<\/a><\/p>\n<p style=\"text-align: justify;\">Renseignements par t\u00e9l\u00e9phone : 06 68 35 89 5.<\/p>\n<p>&nbsp;<\/p>\n<p style=\"text-align: center;\"><span style=\"background-color: #ff0000; color: #ffffff;\"><strong>Les nouvelles aventures d&rsquo;Ovaine \/Tristan Felix\/<\/strong><\/span><\/p>\n<p style=\"text-align: justify;\">Ovaine vient de mourir. Ce n\u2019est pas la premi\u00e8re fois. Elle est rod\u00e9e.<br \/>\nElle respecte nonobstant le deuil, pour amuser la galerie, qui expose ses reliques encore toutes <img loading=\"lazy\" decoding=\"async\" class=\"alignright size-full wp-image-1209\" src=\"http:\/\/t-pas-net.com\/librCritN\/wp-content\/uploads\/2021\/06\/OvainePetit.jpg\" alt=\"\" width=\"210\" height=\"290\" srcset=\"https:\/\/t-pas-net.com\/librCritN\/wp-content\/uploads\/2021\/06\/OvainePetit.jpg 210w, https:\/\/t-pas-net.com\/librCritN\/wp-content\/uploads\/2021\/06\/OvainePetit-109x150.jpg 109w\" sizes=\"auto, (max-width: 210px) 100vw, 210px\" \/>fra\u00eeches.<br \/>\nMais Ovaine n\u2019arrive pas \u00e0 faire son deuil. Alors elle ressuscite plus t\u00f4t que pr\u00e9vu.<br \/>\nLa galerie, d\u00e9contenanc\u00e9e, remballe incontinent sa came qu\u2019elle fourgue au cong\u00e9lo en cas de r\u00e9cidive.<br \/>\nNi une ni deux, Ovaine, outr\u00e9e d\u2019un tel m\u00e9pris, remeurt en un clin d\u2019\u0153il.<br \/>\nLa Mort, exc\u00e9d\u00e9e d\u2019une telle d\u00e9sinvolture, la renvoie dans l\u2019ici-bas. D\u2019ailleurs, elle n\u2019a plus de place et puis aujourd\u2019hui, c\u2019est f\u00e9ri\u00e9.<\/p>\n","protected":false},"excerpt":{"rendered":"<p>En ces temps qui clochent, regardons le monde avec le regard d\u00e9cal\u00e9 de CUHEL et d&rsquo;Ovaine (Tristan Felix)&#8230; Et d\u00e9couvrons le \u00ab\u00a0fant\u00f4me\u00a0\u00bb de S\u00e9bastien Lespinasse&#8230; entre autres \u00e9v\u00e9nements ! &nbsp; Observatoire des Forces N\u00e9o-Lib\u00e9rales en fRANCE (OFNLF) CUHEL\/Thomas-Roudeix Micron 1er\u00a0est un GrandModerne qui, contre les primitifs et plumitifs, continue de subventionner le Progr\u00e8s, qui est toujours en Marche, gr\u00e2ce \u00e0 un tas de machines, dont la\u00a0Machine-\u00e0-crotons, qui \u00e9claire et chauffe notre monde en surchauffe&#8230; Et dans sa Grande Sagesse il nous demande seulement de ne pas trop en abuser. Plus encore qu&rsquo;un LouisMachinChose, Micron 1er est un GrandMagicien qui nous prot\u00e8ge de tout sans rien d&rsquo;autre que la puissance de son verbe, y compris contre le GrandVirus. Micron 1er est un GrandMagicien : on l&rsquo;a bien vu quand il s&rsquo;est oppos\u00e9 \u00e0 Toupine 1er \u00e0 coups de t\u00e9l\u00e9phone et tapis rouge. Et gr\u00e2ce \u00e0 lui, l&rsquo;Argent ruisselle, et il suffit m\u00eame de traverser la rue pour trouver un emploi : le Bonheur tient parfois \u00e0 peu de choses. Tous ses sujets l&rsquo;ont m\u00eame vu faire appara\u00eetre et dispara\u00eetre ces GrandsMaux que sont le wokisme et l&rsquo;islamogauchisme. &nbsp; Pleins feux sur S\u00e9bastien Lespinasse S\u00e9bastien LESPINASSE, Traduire le fant\u00f4me, Dernier T\u00e9l\u00e9gramme, printemps 2022, 80 pages, 12 \u20ac, ISBN : 979-10-97146-42-9. Traduire le Fant\u00f4meest le r\u00e9sultat d\u2019une exp\u00e9rience d\u2019\u00e9coute men\u00e9e dans la dur\u00e9e : comment recueillir la parole des fant\u00f4mes \u2013 obsessions, refrains idiots, bribes de discours \u2013 qui nous hantent, comment lui donner forme, la transcrire en phrases, elle qui n\u2019est qu\u2019un balbutiement du devenir, un quelque chose qui reste, refuse d\u2019\u00eatre englouti dans le brassage quotidien et incessant des pens\u00e9es flottantes. Refuser tout plan pr\u00e9\u00e9tabli pour mieux se mettre \u00e0 la port\u00e9e de ce qui vient : accepter une rencontre, suivre le grain de ces voix presque sans paroles qui affluent, m\u00e9nager ainsi des espaces entre les phrases. Plut\u00f4t que de frayer un chemin, poser r\u00e9solument, \u00ab\u00a0en conscience\u00a0\u00bb, des phrases les unes \u00e0 c\u00f4t\u00e9 des autres afin que le paysage se r\u00e9v\u00e8le hors-champ. &nbsp; Lib\u00e9ralisation de la BNF # libert\u00e9 des usagers et employ\u00e9s&#8230; Lors du CHSCT du 31 mars dernier, la direction de la Biblioth\u00e8que nationale de France a pr\u00e9sent\u00e9 une r\u00e9forme de la communication qui sera mise en place \u00e0 partir du 2 mai prochain. Cette r\u00e9forme vise \u00e0 restreindre drastiquement la communication directe des documents \u00e0 la tranche horaire 13h30-17h. Elle s&rsquo;accompagne \u00e0 l&rsquo;horizon du mois de septembre d&rsquo;une augmentation notable du prix du pass Recherche (+ 10% de 50 \u00e0 55 euros) faisant d\u00e9finitivement de la BnF la biblioth\u00e8que de recherche la plus ch\u00e8re d&rsquo;Europe. La r\u00e9forme de la communication aura \u00e9galement un effet sur les rythmes de travail des personnels de la BnF et elle intervient alors que la direction de la BnF a d\u00e9cid\u00e9 d&rsquo;accentuer la pr\u00e9carisation des agents charg\u00e9s du service public (passage de CDI \u00e0 temps partiel pour les postes correspondant \u00e0 des missions p\u00e9rennes, \u00e0 des CDD \u00e0 mi-temps d&rsquo;un an non renouvelables). Cette d\u00e9gradation du service public et des conditions de travail des personnels a suscit\u00e9 une double mobilisation. Deux p\u00e9titions ont \u00e9t\u00e9 lanc\u00e9es qui ont d&rsquo;ores et d\u00e9j\u00e0 rassembl\u00e9 un nombre tr\u00e8s important de signatures : &#8211; la p\u00e9tition\u00a0lanc\u00e9e par l&rsquo;intersyndicale de la BnF ; &#8211; la p\u00e9tition des lectrices et lecteurs de la BnF: https:\/\/www.leslignesbougent.org\/&#8230;\/tous-ensemble&#8230;\/ Ces deux p\u00e9titions sont toujours ouvertes aux signatures. L&rsquo;Association des lectrices, lecteurs et usag\u00e8res et usagers de la BnF (ALUBnF) contribue \u00e0 cette mobilisation. Deux communiqu\u00e9s de presse ont paru \u00e0 ce jour : &#8211; le 8 avril 2022 : \u00ab\u00a0Les usagers et les usag\u00e8res de la Biblioth\u00e8que nationale de France exigent le retour \u00e0 des conditions de travail dignes\u00a0\u00bb, https:\/\/academia.hypotheses.org\/37796 &#8211; le 13 avril 2022 : \u00ab\u00a0La direction de la Biblioth\u00e8que nationale de France refuse d\u2019entendre le m\u00e9contentement et la mobilisation massive de ses lectrices et lecteurs #BnFGate\u00ab\u00a0, https:\/\/academia.hypotheses.org\/37875 Le 14 avril 2022, se tenait le comit\u00e9 technique de la BnF. Le point 6 de l&rsquo;ordre du jour portait justement sur le \u00ab\u00a0fonctionnement des salles de lecture des salles de lecture recherche du site Fran\u00e7ois-Mitterrand \u00e0 partir du 2 mai 2022\u00a0\u00bb et les \u00ab\u00a0modalit\u00e9s de communication des documents\u00a0\u00bb. Les syndicats repr\u00e9sent\u00e9s au CT avaient d\u00e9pos\u00e9 une demande pour que M. Francisco Roa-Bastos, ancien repr\u00e9sentant des lecteurs (coll\u00e8ge Recherche) au CA de la BnF, et cofondateur de l&rsquo;ALUBnF, puisse \u00eatre invit\u00e9 \u00e0 titre d&rsquo;expert sur cette question. La direction a pris pr\u00e9texte que le d\u00e9lai pour cette demande \u00e9tait inf\u00e9rieur aux 48h r\u00e9glementaires pour refuser la pr\u00e9sence d&rsquo;un repr\u00e9sentant des lecteurs, fermant ainsi de mani\u00e8re exemplaire la porte au dialogue sur les conditions d&rsquo;accueil du public. L&rsquo;ALUBnF et l&rsquo;intersyndicale de la BnF se sont donc associ\u00e9es pour signer un communiqu\u00e9 de presse commun : https:\/\/t.co\/icMFhKhtph La mobilisation des lectrices, lecteurs et du personnel ne refluera pas tant que la direction de la BnF refusera de retirer ces r\u00e9formes. &nbsp; Libr-br\u00e8ves \u25ba Mercredi 20 avril 2022, S\u00e9bastien Rongier \u00e0 la Man\u0153uvre (Librairie La Man\u0153uvre, 58 rue de la Roquette 75011 Paris)&#8230; \u25ba &nbsp; \u25ba \u25ba 14e \u00e9dition du festival les Eauditives, du 6 au 29 mai : Toulon, Barjols, Ch\u00e2teauvert, Saint-Rapha\u00ebl, Saint-Maximin, Seillons. Le festival Les Eauditives, port\u00e9 par l&rsquo;association Plaine page, revient pour sa 14e \u00e9dition en 2022, du 6 au 29 mai, avec onze jours d\u00e9di\u00e9s aux po\u00e9sies et arts contemporains. Plus de quarante auteurs, traducteurs et artistes, onze dates, six villes et dix-sept lieux de diffusion culturelle tracent un itin\u00e9raire d&rsquo;exploration et de d\u00e9couverte de la cr\u00e9ation po\u00e9tique actuelle, au confluent des lectures, des arts visuels, des conf\u00e9rences, des performances, du cin\u00e9ma, de la musique et de la chor\u00e9graphie\u2026 avec des escales au mus\u00e9e, au centre d&rsquo;art, en m\u00e9diath\u00e8ques, en librairies, en galeries, dans l\u2019espace public, en \u00e9cole sup\u00e9rieure d&rsquo;art et design et en lyc\u00e9es, coll\u00e8ge et \u00e9cole primaire\u2026 De son inauguration, vendredi 6 mai \u00e0 l&rsquo;\u00c9cole Sup\u00e9rieure d&rsquo;Art et Design \u00e0 Toulon, jusqu&rsquo;\u00e0 sa cl\u00f4ture, dimanche 29 mai dans l\u2019espace public \u00e0 Seillons-Source d&rsquo;Argens, le festival circule de la M\u00e9diterran\u00e9e au pays de Provence Verte-Verdon, entre eau douce et eau&#8230;<\/p>\n","protected":false},"author":2,"featured_media":2401,"comment_status":"open","ping_status":"open","sticky":false,"template":"","format":"standard","meta":{"footnotes":""},"categories":[7,10,2],"tags":[379,112,1565,114,1563,86,667,1564,48,1446,987,1445,13],"class_list":["post-2621","post","type-post","status-publish","format-standard","has-post-thumbnail","hentry","category-livres-recus","category-news","category-une","tag-benoit-toque","tag-bernard-thomas-roudeix","tag-bnf","tag-cuhel","tag-cuhel-carnavalesque","tag-cuhel-critique-sociale","tag-editions-dernier-telegramme","tag-festival-eauditives-14","tag-laure-gauthier","tag-quidam-editeur","tag-sebastien-lespinasse","tag-stephane-vanderhaeghe","tag-tristan-felix"],"post_mailing_queue_ids":[],"_links":{"self":[{"href":"https:\/\/t-pas-net.com\/librCritN\/wp-json\/wp\/v2\/posts\/2621","targetHints":{"allow":["GET"]}}],"collection":[{"href":"https:\/\/t-pas-net.com\/librCritN\/wp-json\/wp\/v2\/posts"}],"about":[{"href":"https:\/\/t-pas-net.com\/librCritN\/wp-json\/wp\/v2\/types\/post"}],"author":[{"embeddable":true,"href":"https:\/\/t-pas-net.com\/librCritN\/wp-json\/wp\/v2\/users\/2"}],"replies":[{"embeddable":true,"href":"https:\/\/t-pas-net.com\/librCritN\/wp-json\/wp\/v2\/comments?post=2621"}],"version-history":[{"count":12,"href":"https:\/\/t-pas-net.com\/librCritN\/wp-json\/wp\/v2\/posts\/2621\/revisions"}],"predecessor-version":[{"id":2646,"href":"https:\/\/t-pas-net.com\/librCritN\/wp-json\/wp\/v2\/posts\/2621\/revisions\/2646"}],"wp:featuredmedia":[{"embeddable":true,"href":"https:\/\/t-pas-net.com\/librCritN\/wp-json\/wp\/v2\/media\/2401"}],"wp:attachment":[{"href":"https:\/\/t-pas-net.com\/librCritN\/wp-json\/wp\/v2\/media?parent=2621"}],"wp:term":[{"taxonomy":"category","embeddable":true,"href":"https:\/\/t-pas-net.com\/librCritN\/wp-json\/wp\/v2\/categories?post=2621"},{"taxonomy":"post_tag","embeddable":true,"href":"https:\/\/t-pas-net.com\/librCritN\/wp-json\/wp\/v2\/tags?post=2621"}],"curies":[{"name":"wp","href":"https:\/\/api.w.org\/{rel}","templated":true}]}}