{"id":2658,"date":"2022-04-24T19:59:19","date_gmt":"2022-04-24T17:59:19","guid":{"rendered":"http:\/\/t-pas-net.com\/librCritN\/?p=2658"},"modified":"2022-05-05T09:02:24","modified_gmt":"2022-05-05T07:02:24","slug":"news-news-du-dimanche-56","status":"publish","type":"post","link":"https:\/\/t-pas-net.com\/librCritN\/2022\/04\/24\/news-news-du-dimanche-56\/","title":{"rendered":"[News] News du dimanche"},"content":{"rendered":"<p>En cette soir\u00e9e particuli\u00e8re, notre \u00c9dito de CUHEL, suivi d&rsquo;une s\u00e9lection de dix livres importants et de nos Libr-\u00e9v\u00e9nements&#8230;<\/p>\n<p>&nbsp;<\/p>\n<p style=\"text-align: center;\"><span style=\"background-color: #ff0000; color: #ffffff;\"><strong>\u00c9dito \/CUHEL\/<\/strong><\/span><\/p>\n<p>L&rsquo;Homoncule a toujours ador\u00e9 lez\u00e9lectionsPestilentielles<br \/>\navec ses affiches durables ses bulletins \u00e9cologiquement plastiqu\u00e9s<br \/>\nles homo caddicus qui remplissent automatiquement les urnes<br \/>\nles homoncitoyens qui en ont plein les burnes<br \/>\nles t\u00eat\u00e0claques qui croient \u00e0 l&rsquo;HomoProvidenciel<br \/>\nles t\u00eates-\u00e0-gnac qui crient victoire<br \/>\nles homonjournalisses qui remplissent le vide<br \/>\nles commenbaveurs toujours \u00e0 l&rsquo;heure<br \/>\nles homoracles qui gardent le tabernacle&#8230;<\/p>\n<p>L&rsquo;Homoncule est toujours honor\u00e9 qu&rsquo;on puisse compter sur lui<br \/>\nil en va de son identit\u00e9-nationale d&rsquo;ex-voter<br \/>\npour l&rsquo;HomoNatio qui repr\u00e9sentera tous les homoncitoyens<br \/>\n\u2013 assur\u00e9ment.<\/p>\n<p>&nbsp;<\/p>\n<p style=\"text-align: center;\"><span style=\"background-color: #ff0000; color: #ffffff;\"><strong>Libr-10<\/strong><\/span><\/p>\n<p style=\"text-align: center;\"><img loading=\"lazy\" decoding=\"async\" class=\"aligncenter size-full wp-image-2665\" src=\"http:\/\/t-pas-net.com\/librCritN\/wp-content\/uploads\/2022\/04\/Libr10avril2022.jpg\" alt=\"\" width=\"540\" height=\"560\" srcset=\"https:\/\/t-pas-net.com\/librCritN\/wp-content\/uploads\/2022\/04\/Libr10avril2022.jpg 540w, https:\/\/t-pas-net.com\/librCritN\/wp-content\/uploads\/2022\/04\/Libr10avril2022-289x300.jpg 289w, https:\/\/t-pas-net.com\/librCritN\/wp-content\/uploads\/2022\/04\/Libr10avril2022-145x150.jpg 145w, https:\/\/t-pas-net.com\/librCritN\/wp-content\/uploads\/2022\/04\/Libr10avril2022-366x380.jpg 366w\" sizes=\"auto, (max-width: 540px) 100vw, 540px\" \/><\/p>\n<p>&nbsp;<\/p>\n<p style=\"text-align: justify;\"><strong>\u25ba\u00a0<em>ATTAQUES<\/em><\/strong>, #4, Presses du r\u00e9el, printemps 2022, 864 pages, 35 \u20ac.<\/p>\n<p style=\"text-align: justify;\"><strong>\u25ba\u00a0<\/strong>Annie ERNAUX, <strong><em>Le Jeune Homme<\/em><\/strong> et Cahier de l&rsquo;Herne : dossier \u00e0 venir \u00e0 propos de cette double parution d\u00e9but mai.<\/p>\n<p style=\"text-align: justify;\"><strong>\u25ba <\/strong>Antoine Dufeu, <strong><em>Nous abstraire<\/em><\/strong>, \u00e9ditions de l&rsquo;Attente, 64 pages, 8 \u20ac.<\/p>\n<p style=\"text-align: justify;\"><strong>\u25ba <\/strong>Christophe ESNAULT, <strong><em>Aorte ador\u00e9e<\/em><\/strong> <em>(se pendre et autres id\u00e9es g\u00e9niales quand on s&rsquo;ennuie le dimanche)<\/em>, \u00e9ditions Conspiration, 42 pages, 7 \u20ac.<\/p>\n<p style=\"text-align: justify;\"><strong>\u25ba\u00a0<\/strong>Jean-Michel ESPITALLIER, <strong><em>Tueurs<\/em><\/strong>, \u00e9ditions Inculte, 174 pages, 14,90 \u20ac.<\/p>\n<p style=\"text-align: justify;\"><strong>\u25ba\u00a0<\/strong>Emmanuel HOCQUARD, <strong><em>Une grammaire de Tanger<\/em><\/strong>, \u00e9ditions \u00e9tablie par Emmanuel Ponsart, P.O.L, 208 pages, 18 \u20ac.<\/p>\n<p style=\"text-align: justify;\"><strong>\u25ba\u00a0<\/strong>Corinne LOVERA VITALI, <strong><em>Kill Jekyll<\/em><\/strong>, \u00e9ditions Do, 184 pages, 17 \u20ac.<\/p>\n<p style=\"text-align: justify;\"><strong>\u25ba\u00a0<\/strong>Jean-Charles MASSERA, <strong><em>Le Monde comme il d\u00e9bloque<\/em><\/strong>, \u00e9ditions Verticales, 410 pages, 23 \u20ac.<\/p>\n<p style=\"text-align: justify;\"><strong>\u25ba\u00a0<\/strong>Patrick VARETZ, <strong><em>Nu-propri\u00e9taire<\/em><\/strong>, P.O.L, 272 pages, 20 \u20ac.<\/p>\n<p>&nbsp;<\/p>\n<p style=\"text-align: center;\"><strong><span style=\"background-color: #ff0000; color: #ffffff;\">Libr-\u00e9v\u00e9nements<\/span><\/strong><\/p>\n<p style=\"text-align: justify;\"><span style=\"background-color: #ffff00;\"><strong>\u25ba Mercredi 11 mai \u00e0 20H, Maison de la po\u00e9sie Paris<\/strong><\/span> (<a href=\"https:\/\/www.maisondelapoesieparis.com\/events\/elsa-boyer-stephane-vanderhaeghe\/\"><strong>r\u00e9server<\/strong><\/a>) : <strong><span style=\"background-color: #ffff00;\">Histoires de protocoles&#8230; Nouvelles po\u00e9tiques. Soir\u00e9e avec Elsa Boyer et St\u00e9phane Vanderhaeghe<\/span><\/strong>.<\/p>\n<p style=\"text-align: center;\"><img loading=\"lazy\" decoding=\"async\" class=\"aligncenter size-full wp-image-2661\" src=\"http:\/\/t-pas-net.com\/librCritN\/wp-content\/uploads\/2022\/04\/ProtocolesMPP.jpg\" alt=\"\" width=\"540\" height=\"290\" srcset=\"https:\/\/t-pas-net.com\/librCritN\/wp-content\/uploads\/2022\/04\/ProtocolesMPP.jpg 540w, https:\/\/t-pas-net.com\/librCritN\/wp-content\/uploads\/2022\/04\/ProtocolesMPP-300x161.jpg 300w, https:\/\/t-pas-net.com\/librCritN\/wp-content\/uploads\/2022\/04\/ProtocolesMPP-150x81.jpg 150w, https:\/\/t-pas-net.com\/librCritN\/wp-content\/uploads\/2022\/04\/ProtocolesMPP-366x197.jpg 366w\" sizes=\"auto, (max-width: 540px) 100vw, 540px\" \/><\/p>\n<p style=\"text-align: justify;\">S\u2019il est un terme qui a connu une nette inflation avec la crise sanitaire, c\u2019est bien celui de <i>protocole<\/i>. Deux \u201cfictions ind\u00e9cidables\u201d (Bruno Blanckeman), dont les topiques et po\u00e9tiques divergent, proposent des repr\u00e9sentations protocolaires tr\u00e8s diff\u00e9rentes.<\/p>\n<p style=\"text-align: justify;\">La premi\u00e8re dystopie d\u2019Elsa Boyer nous plonge dans un univers feutr\u00e9 r\u00e9gi par la Juge : dans <i>Orbital<\/i>un vaisseau spatial tente l\u2019aventure avec \u00e0 son bord des cr\u00e9atures protocolairement guid\u00e9es\u2026 Que se passerait-il si un jour nous n\u2019\u00e9tions plus des personnes et qu\u2019une r\u00e9volution cognitive rendait caducs nos modes c\u00e9r\u00e9braux ? Que se passerait-il si un jour le pass\u00e9 et l\u2019avenir ne nous appartenaient plus et que l\u2019acc\u00e8s aux histoires ne nous \u00e9tait donc plus possible ?<br \/>\nQuant au <i>P.R.O.T.O.C.O.L.<\/i> de St\u00e9phane Vanderhaeghe, il nous interroge sur une soci\u00e9t\u00e9 qui appara\u00eet comme une copie exacerb\u00e9e de la n\u00f4tre : comment, dans une soci\u00e9t\u00e9 de l\u2019anticipation o\u00f9 tout semble pr\u00e9vu et pr\u00e9visible, cr\u00e9er un \u00e9v\u00e9nement, c\u2019est-\u00e0-dire ouvrir l\u2019espace des possibles ? Par un processus r\u00e9volutionnaire ?<\/p>\n<p><b>\u00c0 lire :<\/b> \u2013 Elsa Boyer, <strong><i>Orbital<\/i><\/strong>, coll. \u00ab Inventions \u00bb, \u00e9ditions MF,\u00a0 2021 \u2013 St\u00e9phane Vanderhaeghe, <strong><i>P.R.O.T.O.C.O.L.<\/i><\/strong>, Quidam \u00e9diteur, 2022.<\/p>\n<p>&nbsp;<\/p>\n<p style=\"text-align: justify;\"><strong>\u25ba <span style=\"background-color: #ffff00;\">Samedi 14 mai \u00e0 14H et dimanche 15 mai \u00e0 14H30, La G\u00e9n\u00e9rale<\/span> (39, rue Gassendi 75014 Paris)<\/strong><\/p>\n<p style=\"text-align: center;\"><img loading=\"lazy\" decoding=\"async\" class=\"aligncenter size-full wp-image-2663\" src=\"http:\/\/t-pas-net.com\/librCritN\/wp-content\/uploads\/2022\/04\/Theatre-ecritures.jpg\" alt=\"\" width=\"540\" height=\"270\" srcset=\"https:\/\/t-pas-net.com\/librCritN\/wp-content\/uploads\/2022\/04\/Theatre-ecritures.jpg 540w, https:\/\/t-pas-net.com\/librCritN\/wp-content\/uploads\/2022\/04\/Theatre-ecritures-300x150.jpg 300w, https:\/\/t-pas-net.com\/librCritN\/wp-content\/uploads\/2022\/04\/Theatre-ecritures-150x75.jpg 150w, https:\/\/t-pas-net.com\/librCritN\/wp-content\/uploads\/2022\/04\/Theatre-ecritures-366x183.jpg 366w\" sizes=\"auto, (max-width: 540px) 100vw, 540px\" \/><\/p>\n<p style=\"text-align: justify;\">Th\u00e9\u00e2tres, \u00e9critures : quels liens ? La diversite\u0301 des gestes d\u2019e\u0301criture en relation avec la sce\u0300ne est aujourd\u2019hui telle que l\u2019on ne sait plus les qualifier. E\u0301critures dramatiques, the\u0301a\u0302trales, sce\u0301niques ? E\u0301criture pour \u2013 contre, avec, a\u0300 co\u0302te\u0301 de, indiffe\u0301rente a\u0300 \u2013 la sce\u0300ne ? Ces deux demi-journe\u0301es proposent diverses entre\u0301es pour re\u0301fle\u0301chir a\u0300 ces questions a\u0300 travers des lectures, tables rondes, rencontres, ateliers.<\/p>\n<p style=\"text-align: justify;\"><strong>PROGRAMME<\/strong><\/p>\n<p style=\"text-align: justify;\">Tout au long des journe\u0301es, table de livres propose\u0301e par la the\u0301a\u0302trothe\u0300que Gaston-Baty, se\u0301lection de livres des auteurs et revues. Buvette sur place.<\/p>\n<p style=\"text-align: justify;\"><strong>\/\/ SAMEDI 14 MAI \/\/<\/strong><\/p>\n<p style=\"text-align: justify;\">Matine\u0301e : re\u0301union du groupe de recherche sur la Poe\u0301tique de la sce\u0300ne contemporaine \u2013 Laboratoire IRET (Sorbonne Nouvelle)<\/p>\n<p style=\"text-align: justify;\">14h &#8211; Ouverture par Sidonie Han. Pre\u0301sentation des journe\u0301es par Jean-Pierre Han.<\/p>\n<p style=\"text-align: justify;\">Rencontre<br \/>\n14h15 &#8211; Vale\u0300re Novarina, e\u0301change avec Ce\u0301line Hersant.<\/p>\n<p style=\"text-align: justify;\">Table ronde<br \/>\n15h30 &#8211; Les revues de the\u0301a\u0302tre et les e\u0301criture contemporaines.<br \/>\nAvec Michel Cochet (La Re\u0301colte), Fre\u0301de\u0301ric Vossier (Parages), Jean-Pierre Han (Frictions).<br \/>\nTable ronde anime\u0301e par Ce\u0301line Hersant.<\/p>\n<p style=\"text-align: justify;\">Carte blanche<br \/>\n16h30 &#8211; Nathalie Fillion<\/p>\n<p style=\"text-align: justify;\">Sortie d\u2019atelier<br \/>\n17h15 &#8211; De l\u2019e\u0301criture a\u0300 la lecture.<br \/>\nSortie d\u2019atelier des e\u0301tudiants de licence 3 (e\u0301tudes the\u0301a\u0302trales de la Sorbonne Nouvelle) dirige\u0301s par Pauline Guillier, autour des textes de Me\u0301tie Navajo et Be\u0301atrice Bienville, en pre\u0301sence de Be\u0301atrice Bienville.<\/p>\n<p style=\"text-align: justify;\">Carte blanche<br \/>\n18h30 &#8211; Euge\u0300ne Durif, suivi d\u2019un dialogue avec Jean-Pierre Han.<\/p>\n<p style=\"text-align: justify;\"><strong>\/\/ DIMANCHE 15 MAI \/\/<\/strong><\/p>\n<p style=\"text-align: justify;\">Lecture<br \/>\n14h30 &#8211; Christian Prigent et Vanda Bene\u0300s.<br \/>\nLecture et dialogue avec Jean-Pierre Han.<\/p>\n<p style=\"text-align: justify;\">Table ronde<br \/>\n15h30 &#8211; Les e\u0301critures hors limites.<br \/>\nAvec Claudine Gale\u0301a, Lancelot Hamelin et Julien Gaillard.<br \/>\nTable ronde anime\u0301e par Pierre Longuenesse.<\/p>\n<p style=\"text-align: justify;\">Lecture<br \/>\n16h30 &#8211; Philippe Malone, \u00ab\u00a0Molotov insect\u00a0\u00bb (texte en cours)<\/p>\n<p style=\"text-align: justify;\">Table ronde<br \/>\n17h15 &#8211; De l\u2019e\u0301criture a\u0300 la sce\u0300ne.<br \/>\nAvec Samuel Gallet et Se\u0301bastien Derrey. Table ronde anime\u0301e par Michel Simonot.<\/p>\n<p style=\"text-align: justify;\">Lecture<br \/>\n18h30 &#8211; Paloma Hermine Hidalgo, \u00ab\u00a0Rien, le ciel peut-e\u0302tre\u00a0\u00bb<\/p>\n<p style=\"text-align: justify;\">Clo\u0302ture des journe\u0301es \u00e0 19h.<\/p>\n<p style=\"text-align: justify;\"><strong>Journe\u0301es organise\u0301es en partenariat entre :<\/strong><br \/>\n&#8211; La Ge\u0301ne\u0301rale, laboratoire artistique, politique et social<br \/>\n&#8211; La revue Frictions The\u0301a\u0302tres \/ E\u0301critures<br \/>\n&#8211; L\u2019IET, Institut d\u2019e\u0301tudes the\u0301a\u0302trales de la Sorbonne Nouvelle<br \/>\n&#8211; La The\u0301a\u0302trothe\u0300que Gaston-Baty<br \/>\n&#8211; L\u2019association des Amis de la The\u0301a\u0302trothe\u0300que Gaston-Baty<br \/>\n&#8211; L\u2019IRET, Institut de recherche en e\u0301tudes the\u0301a\u0302trales (Sorbonne Nouvelle)<\/p>\n","protected":false},"excerpt":{"rendered":"<p>En cette soir\u00e9e particuli\u00e8re, notre \u00c9dito de CUHEL, suivi d&rsquo;une s\u00e9lection de dix livres importants et de nos Libr-\u00e9v\u00e9nements&#8230; &nbsp; \u00c9dito \/CUHEL\/ L&rsquo;Homoncule a toujours ador\u00e9 lez\u00e9lectionsPestilentielles avec ses affiches durables ses bulletins \u00e9cologiquement plastiqu\u00e9s les homo caddicus qui remplissent automatiquement les urnes les homoncitoyens qui en ont plein les burnes les t\u00eat\u00e0claques qui croient \u00e0 l&rsquo;HomoProvidenciel les t\u00eates-\u00e0-gnac qui crient victoire les homonjournalisses qui remplissent le vide les commenbaveurs toujours \u00e0 l&rsquo;heure les homoracles qui gardent le tabernacle&#8230; L&rsquo;Homoncule est toujours honor\u00e9 qu&rsquo;on puisse compter sur lui il en va de son identit\u00e9-nationale d&rsquo;ex-voter pour l&rsquo;HomoNatio qui repr\u00e9sentera tous les homoncitoyens \u2013 assur\u00e9ment. &nbsp; Libr-10 &nbsp; \u25ba\u00a0ATTAQUES, #4, Presses du r\u00e9el, printemps 2022, 864 pages, 35 \u20ac. \u25ba\u00a0Annie ERNAUX, Le Jeune Homme et Cahier de l&rsquo;Herne : dossier \u00e0 venir \u00e0 propos de cette double parution d\u00e9but mai. \u25ba Antoine Dufeu, Nous abstraire, \u00e9ditions de l&rsquo;Attente, 64 pages, 8 \u20ac. \u25ba Christophe ESNAULT, Aorte ador\u00e9e (se pendre et autres id\u00e9es g\u00e9niales quand on s&rsquo;ennuie le dimanche), \u00e9ditions Conspiration, 42 pages, 7 \u20ac. \u25ba\u00a0Jean-Michel ESPITALLIER, Tueurs, \u00e9ditions Inculte, 174 pages, 14,90 \u20ac. \u25ba\u00a0Emmanuel HOCQUARD, Une grammaire de Tanger, \u00e9ditions \u00e9tablie par Emmanuel Ponsart, P.O.L, 208 pages, 18 \u20ac. \u25ba\u00a0Corinne LOVERA VITALI, Kill Jekyll, \u00e9ditions Do, 184 pages, 17 \u20ac. \u25ba\u00a0Jean-Charles MASSERA, Le Monde comme il d\u00e9bloque, \u00e9ditions Verticales, 410 pages, 23 \u20ac. \u25ba\u00a0Patrick VARETZ, Nu-propri\u00e9taire, P.O.L, 272 pages, 20 \u20ac. &nbsp; Libr-\u00e9v\u00e9nements \u25ba Mercredi 11 mai \u00e0 20H, Maison de la po\u00e9sie Paris (r\u00e9server) : Histoires de protocoles&#8230; Nouvelles po\u00e9tiques. Soir\u00e9e avec Elsa Boyer et St\u00e9phane Vanderhaeghe. S\u2019il est un terme qui a connu une nette inflation avec la crise sanitaire, c\u2019est bien celui de protocole. Deux \u201cfictions ind\u00e9cidables\u201d (Bruno Blanckeman), dont les topiques et po\u00e9tiques divergent, proposent des repr\u00e9sentations protocolaires tr\u00e8s diff\u00e9rentes. La premi\u00e8re dystopie d\u2019Elsa Boyer nous plonge dans un univers feutr\u00e9 r\u00e9gi par la Juge : dans Orbitalun vaisseau spatial tente l\u2019aventure avec \u00e0 son bord des cr\u00e9atures protocolairement guid\u00e9es\u2026 Que se passerait-il si un jour nous n\u2019\u00e9tions plus des personnes et qu\u2019une r\u00e9volution cognitive rendait caducs nos modes c\u00e9r\u00e9braux ? Que se passerait-il si un jour le pass\u00e9 et l\u2019avenir ne nous appartenaient plus et que l\u2019acc\u00e8s aux histoires ne nous \u00e9tait donc plus possible ? Quant au P.R.O.T.O.C.O.L. de St\u00e9phane Vanderhaeghe, il nous interroge sur une soci\u00e9t\u00e9 qui appara\u00eet comme une copie exacerb\u00e9e de la n\u00f4tre : comment, dans une soci\u00e9t\u00e9 de l\u2019anticipation o\u00f9 tout semble pr\u00e9vu et pr\u00e9visible, cr\u00e9er un \u00e9v\u00e9nement, c\u2019est-\u00e0-dire ouvrir l\u2019espace des possibles ? Par un processus r\u00e9volutionnaire ? \u00c0 lire : \u2013 Elsa Boyer, Orbital, coll. \u00ab Inventions \u00bb, \u00e9ditions MF,\u00a0 2021 \u2013 St\u00e9phane Vanderhaeghe, P.R.O.T.O.C.O.L., Quidam \u00e9diteur, 2022. &nbsp; \u25ba Samedi 14 mai \u00e0 14H et dimanche 15 mai \u00e0 14H30, La G\u00e9n\u00e9rale (39, rue Gassendi 75014 Paris) Th\u00e9\u00e2tres, \u00e9critures : quels liens ? La diversite\u0301 des gestes d\u2019e\u0301criture en relation avec la sce\u0300ne est aujourd\u2019hui telle que l\u2019on ne sait plus les qualifier. E\u0301critures dramatiques, the\u0301a\u0302trales, sce\u0301niques ? E\u0301criture pour \u2013 contre, avec, a\u0300 co\u0302te\u0301 de, indiffe\u0301rente a\u0300 \u2013 la sce\u0300ne ? Ces deux demi-journe\u0301es proposent diverses entre\u0301es pour re\u0301fle\u0301chir a\u0300 ces questions a\u0300 travers des lectures, tables rondes, rencontres, ateliers. PROGRAMME Tout au long des journe\u0301es, table de livres propose\u0301e par la the\u0301a\u0302trothe\u0300que Gaston-Baty, se\u0301lection de livres des auteurs et revues. Buvette sur place. \/\/ SAMEDI 14 MAI \/\/ Matine\u0301e : re\u0301union du groupe de recherche sur la Poe\u0301tique de la sce\u0300ne contemporaine \u2013 Laboratoire IRET (Sorbonne Nouvelle) 14h &#8211; Ouverture par Sidonie Han. Pre\u0301sentation des journe\u0301es par Jean-Pierre Han. Rencontre 14h15 &#8211; Vale\u0300re Novarina, e\u0301change avec Ce\u0301line Hersant. Table ronde 15h30 &#8211; Les revues de the\u0301a\u0302tre et les e\u0301criture contemporaines. Avec Michel Cochet (La Re\u0301colte), Fre\u0301de\u0301ric Vossier (Parages), Jean-Pierre Han (Frictions). Table ronde anime\u0301e par Ce\u0301line Hersant. Carte blanche 16h30 &#8211; Nathalie Fillion Sortie d\u2019atelier 17h15 &#8211; De l\u2019e\u0301criture a\u0300 la lecture. Sortie d\u2019atelier des e\u0301tudiants de licence 3 (e\u0301tudes the\u0301a\u0302trales de la Sorbonne Nouvelle) dirige\u0301s par Pauline Guillier, autour des textes de Me\u0301tie Navajo et Be\u0301atrice Bienville, en pre\u0301sence de Be\u0301atrice Bienville. Carte blanche 18h30 &#8211; Euge\u0300ne Durif, suivi d\u2019un dialogue avec Jean-Pierre Han. \/\/ DIMANCHE 15 MAI \/\/ Lecture 14h30 &#8211; Christian Prigent et Vanda Bene\u0300s. Lecture et dialogue avec Jean-Pierre Han. Table ronde 15h30 &#8211; Les e\u0301critures hors limites. Avec Claudine Gale\u0301a, Lancelot Hamelin et Julien Gaillard. Table ronde anime\u0301e par Pierre Longuenesse. Lecture 16h30 &#8211; Philippe Malone, \u00ab\u00a0Molotov insect\u00a0\u00bb (texte en cours) Table ronde 17h15 &#8211; De l\u2019e\u0301criture a\u0300 la sce\u0300ne. Avec Samuel Gallet et Se\u0301bastien Derrey. Table ronde anime\u0301e par Michel Simonot. Lecture 18h30 &#8211; Paloma Hermine Hidalgo, \u00ab\u00a0Rien, le ciel peut-e\u0302tre\u00a0\u00bb Clo\u0302ture des journe\u0301es \u00e0 19h. Journe\u0301es organise\u0301es en partenariat entre : &#8211; La Ge\u0301ne\u0301rale, laboratoire artistique, politique et social &#8211; La revue Frictions The\u0301a\u0302tres \/ E\u0301critures &#8211; L\u2019IET, Institut d\u2019e\u0301tudes the\u0301a\u0302trales de la Sorbonne Nouvelle &#8211; La The\u0301a\u0302trothe\u0300que Gaston-Baty &#8211; L\u2019association des Amis de la The\u0301a\u0302trothe\u0300que Gaston-Baty &#8211; L\u2019IRET, Institut de recherche en e\u0301tudes the\u0301a\u0302trales (Sorbonne Nouvelle)<\/p>\n","protected":false},"author":2,"featured_media":2401,"comment_status":"open","ping_status":"open","sticky":false,"template":"","format":"standard","meta":{"footnotes":""},"categories":[7,10,2],"tags":[110,482,171,1573,387,1572,38,99,976,114,1563,264,41,1486,1577,635,1414,521,1576,1575,12,446,336,1574,1570,1415,280,148,1446,1151,1445,1571,174],"class_list":["post-2658","post","type-post","status-publish","format-standard","has-post-thumbnail","hentry","category-livres-recus","category-news","category-une","tag-annie-ernaux","tag-antoine-dufeu","tag-attente-editions","tag-bibliotheque-gaston-baty","tag-celine-hersant","tag-centre-de-recherches-iret","tag-christian-prigent","tag-christophe-esnault","tag-corinne-lovera-vitali","tag-cuhel","tag-cuhel-carnavalesque","tag-editions-gallimard","tag-editions-p-o-l","tag-editions-conspiration","tag-editions-do","tag-editions-inculte","tag-elsa-boyer","tag-emmanuel-hocquard","tag-emmanuel-ponsart","tag-eugene-durif","tag-fabrice-thumerel","tag-jean-charles-massera","tag-jean-michel-espitallier","tag-jean-pierre-han","tag-la-generale","tag-mf-editions","tag-patrick-varetz","tag-presses-du-reel-al-dante","tag-quidam-editeur","tag-revue-attaques","tag-stephane-vanderhaeghe","tag-theatre-ecritures","tag-valere-novarina"],"post_mailing_queue_ids":[],"_links":{"self":[{"href":"https:\/\/t-pas-net.com\/librCritN\/wp-json\/wp\/v2\/posts\/2658","targetHints":{"allow":["GET"]}}],"collection":[{"href":"https:\/\/t-pas-net.com\/librCritN\/wp-json\/wp\/v2\/posts"}],"about":[{"href":"https:\/\/t-pas-net.com\/librCritN\/wp-json\/wp\/v2\/types\/post"}],"author":[{"embeddable":true,"href":"https:\/\/t-pas-net.com\/librCritN\/wp-json\/wp\/v2\/users\/2"}],"replies":[{"embeddable":true,"href":"https:\/\/t-pas-net.com\/librCritN\/wp-json\/wp\/v2\/comments?post=2658"}],"version-history":[{"count":9,"href":"https:\/\/t-pas-net.com\/librCritN\/wp-json\/wp\/v2\/posts\/2658\/revisions"}],"predecessor-version":[{"id":2704,"href":"https:\/\/t-pas-net.com\/librCritN\/wp-json\/wp\/v2\/posts\/2658\/revisions\/2704"}],"wp:featuredmedia":[{"embeddable":true,"href":"https:\/\/t-pas-net.com\/librCritN\/wp-json\/wp\/v2\/media\/2401"}],"wp:attachment":[{"href":"https:\/\/t-pas-net.com\/librCritN\/wp-json\/wp\/v2\/media?parent=2658"}],"wp:term":[{"taxonomy":"category","embeddable":true,"href":"https:\/\/t-pas-net.com\/librCritN\/wp-json\/wp\/v2\/categories?post=2658"},{"taxonomy":"post_tag","embeddable":true,"href":"https:\/\/t-pas-net.com\/librCritN\/wp-json\/wp\/v2\/tags?post=2658"}],"curies":[{"name":"wp","href":"https:\/\/api.w.org\/{rel}","templated":true}]}}