{"id":288,"date":"2021-01-17T19:33:39","date_gmt":"2021-01-17T18:33:39","guid":{"rendered":"http:\/\/t-pas-net.com\/librCritN\/?p=288"},"modified":"2021-05-04T03:52:00","modified_gmt":"2021-05-04T01:52:00","slug":"news-news-du-dimanche-12","status":"publish","type":"post","link":"https:\/\/t-pas-net.com\/librCritN\/2021\/01\/17\/news-news-du-dimanche-12\/","title":{"rendered":"[NEWS] News du dimanche"},"content":{"rendered":"<p style=\"text-align: justify;\">Ces premi\u00e8res <strong>NEWS du dimanche<\/strong> de 2021 donnent d\u2019embl\u00e9e le ton : offensifs l\u2019\u00e9dito et les textes de CUHEL comme de Tristan Felix ! Suivent, en ce temps de m\u00e9diocre rentr\u00e9e-de-janvier, notre s\u00e9lection rigoureuse (<strong>LIBR-6<\/strong>), nos <strong>Libr-br\u00e8ves<\/strong> et notre avant-derni\u00e8re <strong>Libr-r\u00e9trospective de 2020<\/strong>\u2026<\/p>\n<p style=\"text-align: justify;\"><strong>\u00c9dito<\/strong><\/p>\n<p style=\"text-align: justify;\">\u2666 On n\u2019arr\u00eate pas le Progr\u00e8s : des files d\u2019attente et de la flicaille partout, couvre-feu<sup>*<\/sup>,\u00a0angoisse devant un Ennemi invisible\u2026 \u00e7a nous change la vie : c\u2019est vrai quoi, \u00e7a met un peu de piment dans les vies monotones de nos d\u00e9mocraties-molles\u2026 \u00a0Et puis, c\u2019est in\u00e9dit au moins, non ?!<\/p>\n<p style=\"text-align: justify;\">* La seule diff\u00e9rence avec 1942, c\u2019est que cette fois il concerne tous les (n\u00e9o)p\u00e9tainistes \u2013\u00a0et pas seulement les juifs\u2026<\/p>\n<p style=\"text-align: justify;\"><a href=\"http:\/\/www.t-pas-net.com\/libr-critique\/wp-content\/uploads\/2021\/01\/FrancenMarche.jpg\"><br \/>\n<img loading=\"lazy\" decoding=\"async\" class=\"aligncenter size-full wp-image-17530\" src=\"http:\/\/www.t-pas-net.com\/libr-critique\/wp-content\/uploads\/2021\/01\/FrancenMarche.jpg\" sizes=\"auto, (max-width: 540px) 100vw, 540px\" srcset=\"http:\/\/www.t-pas-net.com\/libr-critique\/wp-content\/uploads\/2021\/01\/FrancenMarche.jpg 540w, http:\/\/www.t-pas-net.com\/libr-critique\/wp-content\/uploads\/2021\/01\/FrancenMarche-300x222.jpg 300w, http:\/\/www.t-pas-net.com\/libr-critique\/wp-content\/uploads\/2021\/01\/FrancenMarche-150x111.jpg 150w, http:\/\/www.t-pas-net.com\/libr-critique\/wp-content\/uploads\/2021\/01\/FrancenMarche-366x271.jpg 366w\" alt=\"\" width=\"540\" height=\"400\" \/><\/a><\/p>\n<p style=\"text-align: justify;\">\u2666 Pour mieux deviner o\u00f9 va cette \u00ab\u00a0France en Marche\u00a0\u00bb, on lira l\u2019\u00e9dito du <a href=\"https:\/\/d74167e4-ce21-4472-ba9b-9f0a3c886a41.filesusr.com\/ugd\/5836ab_72ad4230695f452ba2b193923e59a76c.pdf\"><strong>n\u00b0 6 de<\/strong> <strong><em>COCKPIT voice recorder<\/em><\/strong><\/a> (novembre 2020),<a href=\"http:\/\/www.t-pas-net.com\/libr-critique\/wp-content\/uploads\/2021\/01\/Cockpit6.jpg\" rel=\"prettyphoto[288]\" rel=\"prettyphoto[17528]\"><img loading=\"lazy\" decoding=\"async\" class=\"alignright wp-image-17546\" src=\"http:\/\/www.t-pas-net.com\/libr-critique\/wp-content\/uploads\/2021\/01\/Cockpit6.jpg\" sizes=\"auto, (max-width: 165px) 100vw, 165px\" srcset=\"http:\/\/www.t-pas-net.com\/libr-critique\/wp-content\/uploads\/2021\/01\/Cockpit6.jpg 200w, http:\/\/www.t-pas-net.com\/libr-critique\/wp-content\/uploads\/2021\/01\/Cockpit6-100x150.jpg 100w\" alt=\"\" width=\"165\" height=\"247\" \/><\/a> sign\u00e9 Christophe Fiat :\u00a0\u00ab\u00a0Si au printemps, lors du premier confinement, on nous encourageait \u00e0 faire les Robinson Cruso\u00e9 : \u00ab\u00a0Robinson Cruso\u00e9 ne part pas avec de grandes id\u00e9es de po\u00e9sie et de r\u00e9cit. Il va chercher dans la cale ce qui va lui permettre de survivre\u00a0\u00bb a-t-on entendu lors d\u2019une visioconf\u00e9rence en direct de l\u2019\u00c9lys\u00e9e, nous n\u2019avons pas d\u2019autre choix, \u00e0 l\u2019occasion de ce second confinement, que d\u2019\u00eatre des Don Quichotte. Voil\u00e0, le d\u00e9lire du personnage de Cervant\u00e8s en qu\u00eate d\u2019aventures tout azimut nous semble plus \u00ab\u00a0adapt\u00e9\u00a0\u00bb\u00a0\u2013 terme d\u2019une Novlangue in\u00e9puisable \u2013 \u00e0 la r\u00e9alit\u00e9 de notre \u00e9poque que la clart\u00e9 z\u00e9l\u00e9e du personnage de Defoe\u00a0\u00bb\u2026<\/p>\n<p style=\"text-align: justify;\">\u2666 Pour bien commencer l\u2019An neuneuf, chantons avec <a href=\"https:\/\/laviemanifeste.com\/archives\/13859\"><strong><em>La Vie manifeste<\/em><\/strong><\/a> :<\/p>\n<p style=\"text-align: justify;\">\u00ab\u00a0L\u2019Etat noie, noie l\u2019Etat<br \/>\nil n\u2019y a pas d\u2019argent magique, il n\u2019y a que de l\u2019argent tragique<\/p>\n<p style=\"text-align: justify;\">D\u00e9boulonnons le r\u00e9cit officiel<br \/>\nPolice abolie, bient\u00f4t le paradis<br \/>\nEtranglons les \u00e9trangleurs<br \/>\nT\u00e9l\u00e9travail pour les CRS\u00a0\u00bb\u2026<\/p>\n<p style=\"text-align: justify;\"><strong>CUHEL, Ode au Coronnard\u00a0<\/strong><\/p>\n<p style=\"text-align: justify;\">\u00d4 Coronnard le Combinard<br \/>\ntoi qui n\u2019es pas n\u00e9 de la derni\u00e8re pluie<br \/>\nMERCI de nous rappeler que nous sommes cuits<br \/>\nToi l\u2019ultra-lib\u00e9raliste tu aimes la Libert\u00e9<br \/>\nde circuler<br \/>\npour nous parasiter<br \/>\ntu ch\u00e9ris l\u2019\u00c9galit\u00e9 (et surtout son Boulevard !)<br \/>\net la Fraternit\u00e9<br \/>\npour mieux nous parasiter<\/p>\n<p style=\"text-align: justify;\">\u00d4 Coronnard le Vicelard<br \/>\nqui nous m\u00e8ne la vie hard<br \/>\ntu es le meilleur coach de l\u2019apocalypse<br \/>\n\u00f4 vice oh hisse au supplice !<\/p>\n<p style=\"text-align: justify;\">\u00d4 Coronnard le Cognard<br \/>\ntu vas nous d\u00e9barrasser de tous les nullards<br \/>\nqui nuisent \u00e0 la s\u00e9curit\u00e9 des d\u00e9merdards<br \/>\nqui emp\u00eachent de tourner en rond<br \/>\nnotre immonde o\u00f9 seul compte le pognon<br \/>\nun pognon de dingues<\/p>\n<p style=\"text-align: justify;\">\u00d4 Coronnard<br \/>\ntoi qui as grandi sur la liti\u00e8re de nos id\u00e9aux<br \/>\nsur le terreau de l\u2019immonde expansion\u00a0des n\u00e9o-fl\u00e9aux<br \/>\ntoi l\u2019avant-garde des n\u00e9o-lib\u00e9raux<br \/>\npour rassurer les secturitaires<br \/>\ntu vas ramener l\u2019Ordre sur la Terre<br \/>\nl\u2019Ordre en Marche<br \/>\ncelui des marchands<br \/>\n\u00e0 qui profitera le Grand R\u00e9chauffement<br \/>\n\u00c0 bas les sans-dents !<br \/>\nEt vive le R\u00e9sident de la R\u00e9putblik<br \/>\nd\u00e9cor\u00e9 de l\u2019Ordre du \u00c7aProfite !<\/p>\n<p style=\"text-align: justify;\">\n<p style=\"text-align: justify;\"><strong>Les nouvelles aventures d\u2019Ovaine, par Tristan Felix<\/strong><\/p>\n<p style=\"text-align: justify;\">Pour prouver son innocence, Ovaine braque une baraque \u00e0 frites, en plein soleil.\u00a0<a href=\"http:\/\/www.t-pas-net.com\/libr-critique\/wp-content\/uploads\/2020\/05\/TristanFelix.jpg\" rel=\"prettyphoto[288]\" rel=\"prettyphoto[17528]\"><img loading=\"lazy\" decoding=\"async\" class=\"alignright size-full wp-image-16296\" src=\"http:\/\/www.t-pas-net.com\/libr-critique\/wp-content\/uploads\/2020\/05\/TristanFelix.jpg\" sizes=\"auto, (max-width: 220px) 100vw, 220px\" srcset=\"http:\/\/www.t-pas-net.com\/libr-critique\/wp-content\/uploads\/2020\/05\/TristanFelix.jpg 220w, http:\/\/www.t-pas-net.com\/libr-critique\/wp-content\/uploads\/2020\/05\/TristanFelix-100x100.jpg 100w, http:\/\/www.t-pas-net.com\/libr-critique\/wp-content\/uploads\/2020\/05\/TristanFelix-144x144.jpg 144w, http:\/\/www.t-pas-net.com\/libr-critique\/wp-content\/uploads\/2020\/05\/TristanFelix-150x150.jpg 150w, http:\/\/www.t-pas-net.com\/libr-critique\/wp-content\/uploads\/2020\/05\/TristanFelix-75x75.jpg 75w\" alt=\"\" width=\"220\" height=\"220\" \/><\/a><\/p>\n<p style=\"text-align: justify;\">Le fritier, d\u00e9sormais client, s\u2019enquiert :<\/p>\n<p style=\"text-align: justify;\">\u2013 O\u00f9 en est ton proc\u00e8s ?<br \/>\n\u2013 \u00c9tat stationnaire. Preuve que j\u2019ai rien fait. Et toi ?<br \/>\n\u2013 Bah, j\u2019ai pas de preuves que tu m\u2019as tout piqu\u00e9.<br \/>\n\u2013 Veux-tu que je t\u00e9moigne en ta faveur ? J\u2019ai tout vu, tu sais.<br \/>\n\u2013 Tu seras inculp\u00e9e pour faux t\u00e9moignage, laisse tomber.<\/p>\n<p style=\"text-align: justify;\">Ovaine, \u00e9mue, lui double sa dose de mayo.<\/p>\n<p style=\"text-align: justify;\">Transport\u00e9 par ce vent de solidarit\u00e9, il demande une barquette g\u00e9ante.<\/p>\n<p style=\"text-align: justify;\">Et de sa langue pr\u00e9l\u00e8ve les cristaux de sel \u00e9clatant d\u2019une v\u00e9rit\u00e9 nouvelle.<\/p>\n<p style=\"text-align: justify;\">\n<p style=\"text-align: justify;\"><strong>Libr-6 (Livres re\u00e7us : hiver 2020-21)<\/strong><\/p>\n<p style=\"text-align: justify;\"><a href=\"http:\/\/www.t-pas-net.com\/libr-critique\/wp-content\/uploads\/2021\/01\/Libr6Janvier21.jpg\" rel=\"prettyphoto[288]\" rel=\"prettyphoto[17528]\"><img loading=\"lazy\" decoding=\"async\" class=\"aligncenter size-full wp-image-17533\" src=\"http:\/\/www.t-pas-net.com\/libr-critique\/wp-content\/uploads\/2021\/01\/Libr6Janvier21.jpg\" sizes=\"auto, (max-width: 540px) 100vw, 540px\" srcset=\"http:\/\/www.t-pas-net.com\/libr-critique\/wp-content\/uploads\/2021\/01\/Libr6Janvier21.jpg 540w, http:\/\/www.t-pas-net.com\/libr-critique\/wp-content\/uploads\/2021\/01\/Libr6Janvier21-300x208.jpg 300w, http:\/\/www.t-pas-net.com\/libr-critique\/wp-content\/uploads\/2021\/01\/Libr6Janvier21-150x104.jpg 150w, http:\/\/www.t-pas-net.com\/libr-critique\/wp-content\/uploads\/2021\/01\/Libr6Janvier21-366x254.jpg 366w\" alt=\"\" width=\"540\" height=\"375\" \/><\/a><\/p>\n<p style=\"text-align: justify;\"><strong>\u25ba\u00a0<\/strong>Jean-Pierre BOBILLOT, <em><strong>Derni\u00e8res r\u00e9pliques avant la sieste<\/strong><\/em> <em>[notes sur le risible \u2013\u00a0II &amp; III]<\/em>, \u00e9ditions Tinbad, coll. \u00ab\u00a0Po\u00e9sie\u00a0\u00bb, 88 pages, 14 \u20ac.<\/p>\n<p style=\"text-align: justify;\"><strong>\u25ba\u00a0<\/strong>Sophie COIFFIER, <strong><em>Tiroir central<\/em><\/strong>, \u00e9ditions de l\u2019Attente, 88 pages, 11,50 \u20ac.<\/p>\n<p style=\"text-align: justify;\"><strong>\u25ba\u00a0<\/strong>Suzanne DOPPELT, <strong><em>Meta donna<\/em><\/strong>, P.O.L, 80 pages, 13 \u20ac.<\/p>\n<p style=\"text-align: justify;\"><strong>\u25ba\u00a0<\/strong>Anne KAWALA, <strong><em>Les Aventures d\u2019Orph\u00e9e Fo\u00ebne \u00e0 Dos Romeiros<\/em><\/strong>, S\u00e9rie Discr\u00e8te, 64 pages, 12 \u20ac.<\/p>\n<p style=\"text-align: justify;\"><strong>\u25ba\u00a0<\/strong>Sandra MOUSSEMP\u00c8S, <strong><em>Cassandre \u00e0 bout portant<\/em><\/strong>, Flammarion, coll. \u00ab\u00a0Po\u00e9sie\u00a0\u00bb, 174 pages, 18 \u20ac.<\/p>\n<p style=\"text-align: justify;\"><strong>\u25ba<\/strong> Patrick VARETZ, <strong><em>Deuxi\u00e8me mille<\/em><\/strong>, P.O.L, 528 pages, 32 \u20ac.<\/p>\n<p style=\"text-align: justify;\"><strong>Libr-br\u00e8ves<\/strong><\/p>\n<p style=\"text-align: justify;\"><strong>\u25ba\u00a0<\/strong>On retrouvera <a href=\"http:\/\/www.ensba-lyon.fr\/actualite_pierre-vinclair\"><strong>ici<\/strong><\/a> la visio-lecture de <strong><em>La Sauvagerie<\/em><\/strong> qu\u2019a donn\u00e9e <strong>Pierre Vinclair<\/strong> mercredi dernier 13 janvier dans le cadre de Station d\u2019arts po\u00e9tiques (Ecole Nationale Sup\u00e9rieure des Beaux-Arts de Lyon).<\/p>\n<p style=\"text-align: justify;\"><a href=\"http:\/\/www.t-pas-net.com\/libr-critique\/wp-content\/uploads\/2021\/01\/Vinclair-sauvagerie.jpg\" rel=\"prettyphoto[288]\" rel=\"prettyphoto[17528]\"><img loading=\"lazy\" decoding=\"async\" class=\"aligncenter size-full wp-image-17539\" src=\"http:\/\/www.t-pas-net.com\/libr-critique\/wp-content\/uploads\/2021\/01\/Vinclair-sauvagerie.jpg\" sizes=\"auto, (max-width: 540px) 100vw, 540px\" srcset=\"http:\/\/www.t-pas-net.com\/libr-critique\/wp-content\/uploads\/2021\/01\/Vinclair-sauvagerie.jpg 540w, http:\/\/www.t-pas-net.com\/libr-critique\/wp-content\/uploads\/2021\/01\/Vinclair-sauvagerie-300x189.jpg 300w, http:\/\/www.t-pas-net.com\/libr-critique\/wp-content\/uploads\/2021\/01\/Vinclair-sauvagerie-150x94.jpg 150w, http:\/\/www.t-pas-net.com\/libr-critique\/wp-content\/uploads\/2021\/01\/Vinclair-sauvagerie-366x230.jpg 366w\" alt=\"\" width=\"540\" height=\"340\" \/><\/a><\/p>\n<p style=\"text-align: justify;\"><strong>\u25ba <\/strong>Peu apr\u00e8s la publication du volume collectif issu du Colloque international de Cerisy sur son\u00a0\u0153uvre, <a href=\"http:\/\/www.t-pas-net.com\/libr-critique\/livre-valere-novarina-les-tourbillons-de-lecriture\/\"><strong><em>Val\u00e8re Novarina : Les<img loading=\"lazy\" decoding=\"async\" class=\"alignright wp-image-17088\" src=\"http:\/\/www.t-pas-net.com\/libr-critique\/wp-content\/uploads\/2020\/10\/TourbillonsVNcouv.jpg\" sizes=\"auto, (max-width: 85px) 100vw, 85px\" srcset=\"http:\/\/www.t-pas-net.com\/libr-critique\/wp-content\/uploads\/2020\/10\/TourbillonsVNcouv.jpg 220w, http:\/\/www.t-pas-net.com\/libr-critique\/wp-content\/uploads\/2020\/10\/TourbillonsVNcouv-200x300.jpg 200w, http:\/\/www.t-pas-net.com\/libr-critique\/wp-content\/uploads\/2020\/10\/TourbillonsVNcouv-100x150.jpg 100w\" alt=\"\" width=\"85\" height=\"127\" \/> Tourbillons de l\u2019\u00e9criture<\/em><\/strong><\/a>, le po\u00e8te, peintre, dramaturge et metteur en sc\u00e8ne vient de recevoir le <a href=\"http:\/\/www.academie-francaise.fr\/grand-prix-de-litterature-paul-morand?fbclid=IwAR0WGUN5bYmlJ3RHm2dHcFrakNaXpnJazIHJnbycNBe3u-Gf30RxKfjNORM\"><strong>Grand Prix Paul Morand de l\u2019Acad\u00e9mie fran\u00e7aise<\/strong><\/a>, destin\u00e9 \u00ab\u00a0\u00e0 l\u2019auteur d\u2019un ou plusieurs ouvrages remarquables par leurs qualit\u00e9s de pens\u00e9e, de style, d\u2019esprit d\u2019ind\u00e9pendance et de libert\u00e9 \u00bb \u2013 et dot\u00e9 de 45 000 \u20ac.<\/p>\n<p style=\"text-align: justify;\"><a href=\"http:\/\/www.t-pas-net.com\/libr-critique\/wp-content\/uploads\/2020\/10\/VN-dessine.jpg\" rel=\"prettyphoto[288]\" rel=\"prettyphoto[17528]\"><img loading=\"lazy\" decoding=\"async\" class=\"aligncenter size-full wp-image-17086\" src=\"http:\/\/www.t-pas-net.com\/libr-critique\/wp-content\/uploads\/2020\/10\/VN-dessine.jpg\" sizes=\"auto, (max-width: 540px) 100vw, 540px\" srcset=\"http:\/\/www.t-pas-net.com\/libr-critique\/wp-content\/uploads\/2020\/10\/VN-dessine.jpg 540w, http:\/\/www.t-pas-net.com\/libr-critique\/wp-content\/uploads\/2020\/10\/VN-dessine-300x225.jpg 300w, http:\/\/www.t-pas-net.com\/libr-critique\/wp-content\/uploads\/2020\/10\/VN-dessine-150x113.jpg 150w, http:\/\/www.t-pas-net.com\/libr-critique\/wp-content\/uploads\/2020\/10\/VN-dessine-366x275.jpg 366w\" alt=\"\" width=\"540\" height=\"405\" \/><\/a><\/p>\n<p style=\"text-align: justify;\"><strong>Libr-r\u00e9trospective 2020 (3)<\/strong><\/p>\n<p style=\"text-align: justify;\"><strong>\u25ba Cr\u00e9ations :\u00a0<\/strong>Jo\u00ebl Hubaut, \u00ab\u00a0\u00c9pid\u00e9miK\u00a0\u00bb [<a href=\"http:\/\/www.t-pas-net.com\/libr-critique\/texte-joel-hubaut-epidemik-1\/\"><strong>n\u00b0 1<\/strong><\/a> ; s\u00e9rie \u00e0 terminer en 2021] ; Philippe Jaffeux, <a href=\"http:\/\/www.t-pas-net.com\/libr-critique\/texte-philippe-jaffeux-john-coltrane-extrait-de-pages\/\"><strong>\u00ab\u00a0John Coltrane\u00a0\u00bb<\/strong><\/a> ; Julien Blaine, <strong><a href=\"http:\/\/www.t-pas-net.com\/libr-critique\/creation-julien-blaine-y\/\">\u00ab\u00a0(Y)\u00a0\u00bb<\/a><\/strong> ; Laure Gauthier, <strong><a href=\"http:\/\/www.t-pas-net.com\/libr-critique\/creation-laure-gauthier-transpoemes-rodez-blues-ou-ceci-nest-pas-un-voyage-autour-de-ma-chambre-2-2-du-dedans\/\">\u00ab\u00a0Transpo\u00e8mes\u00a0\u00bb<\/a>\u00a0<\/strong>; Tristan Felix, <a href=\"http:\/\/www.t-pas-net.com\/libr-critique\/creation-tristan-felix-le-male-dit-de-fine-amor-ou-de-laccord-inclusif-et-chimeres\/\"><strong>\u00ab\u00a0Le M\u00e2le dit de fine amor\u00a0\u00bb<\/strong><\/a>\u2026<\/p>\n<p style=\"text-align: justify;\"><strong>\u25ba Chroniques :\u00a0<\/strong>Ahmed Slama sur Ivar Ch\u2019vavar, <a href=\"http:\/\/www.t-pas-net.com\/libr-critique\/libr-relecture-ivar-chvavar-la-vache-dentropie-par-ahmed-slama\/\"><strong><em>La Vache d\u2019entropie<\/em> <\/strong><\/a>; Patrick Beurard-Valdoye, <a href=\"http:\/\/www.t-pas-net.com\/libr-critique\/chronique-patrick-beurard-valdoye-fleau-et-theatre-social\/\"><strong>\u00ab\u00a0Fl\u00e9au et th\u00e9\u00e2tre social\u00a0\u00bb<\/strong><\/a>\u00a0[&gt; 3 000 vues] ; Fabrice Thumerel, <a href=\"http:\/\/www.t-pas-net.com\/libr-critique\/chronique-news-julien-blaine-fin-de-partie-par-fabrice-thumerel\/\"><strong>\u00ab\u00a0Julien Blaine : fin de partie ?\u00a0\u00bb<\/strong><\/a> [&gt; 3 500 vues]\u2026<\/p>\n<p style=\"text-align: justify;\"><strong>\u25ba NEWS :\u00a0<\/strong>Poesie is not dead, <strong><a href=\"http:\/\/www.t-pas-net.com\/libr-critique\/news-poesie-is-not-dead-urgences-poesies\/\">\u00ab\u00a0Urgences po\u00e9sies\u00a0\u00bb<\/a><\/strong> [&gt; 5 000 vues] ; <a href=\"http:\/\/www.t-pas-net.com\/libr-critique\/news-news-du-dimanche-314\/\"><strong>\u00ab\u00a0News du dimanche du 17\/05\u00a0\u00bb<\/strong><\/a> [&gt; 2 500 vues]\u2026<\/p>\n<p style=\"text-align: justify;\"><a href=\"http:\/\/www.t-pas-net.com\/libr-critique\/entretien-lancement-dun-ovni-cockpit-trois-questions-a-christophe-fiat-par-fabrice-thumerel\/\"><strong>\u25ba\u00a0<\/strong>Entretien avec Christophe Fiat<\/a> pour le lancement de la revue <strong><em>Cockpit voice recorder<\/em><\/strong>\u2026<\/p>\n","protected":false},"excerpt":{"rendered":"<p>Ces premi\u00e8res NEWS du dimanche de 2021 donnent d\u2019embl\u00e9e le ton : offensifs l\u2019\u00e9dito et les textes de CUHEL comme de Tristan Felix ! Suivent, en ce temps de m\u00e9diocre rentr\u00e9e-de-janvier, notre s\u00e9lection rigoureuse (LIBR-6), nos Libr-br\u00e8ves et notre avant-derni\u00e8re Libr-r\u00e9trospective de 2020\u2026 \u00c9dito \u2666 On n\u2019arr\u00eate pas le Progr\u00e8s : des files d\u2019attente et de la flicaille partout, couvre-feu*,\u00a0angoisse devant un Ennemi invisible\u2026 \u00e7a nous change la vie : c\u2019est vrai quoi, \u00e7a met un peu de piment dans les vies monotones de nos d\u00e9mocraties-molles\u2026 \u00a0Et puis, c\u2019est in\u00e9dit au moins, non ?! * La seule diff\u00e9rence avec 1942, c\u2019est que cette fois il concerne tous les (n\u00e9o)p\u00e9tainistes \u2013\u00a0et pas seulement les juifs\u2026 \u2666 Pour mieux deviner o\u00f9 va cette \u00ab\u00a0France en Marche\u00a0\u00bb, on lira l\u2019\u00e9dito du n\u00b0 6 de COCKPIT voice recorder (novembre 2020), sign\u00e9 Christophe Fiat :\u00a0\u00ab\u00a0Si au printemps, lors du premier confinement, on nous encourageait \u00e0 faire les Robinson Cruso\u00e9 : \u00ab\u00a0Robinson Cruso\u00e9 ne part pas avec de grandes id\u00e9es de po\u00e9sie et de r\u00e9cit. Il va chercher dans la cale ce qui va lui permettre de survivre\u00a0\u00bb a-t-on entendu lors d\u2019une visioconf\u00e9rence en direct de l\u2019\u00c9lys\u00e9e, nous n\u2019avons pas d\u2019autre choix, \u00e0 l\u2019occasion de ce second confinement, que d\u2019\u00eatre des Don Quichotte. Voil\u00e0, le d\u00e9lire du personnage de Cervant\u00e8s en qu\u00eate d\u2019aventures tout azimut nous semble plus \u00ab\u00a0adapt\u00e9\u00a0\u00bb\u00a0\u2013 terme d\u2019une Novlangue in\u00e9puisable \u2013 \u00e0 la r\u00e9alit\u00e9 de notre \u00e9poque que la clart\u00e9 z\u00e9l\u00e9e du personnage de Defoe\u00a0\u00bb\u2026 \u2666 Pour bien commencer l\u2019An neuneuf, chantons avec La Vie manifeste : \u00ab\u00a0L\u2019Etat noie, noie l\u2019Etat il n\u2019y a pas d\u2019argent magique, il n\u2019y a que de l\u2019argent tragique D\u00e9boulonnons le r\u00e9cit officiel Police abolie, bient\u00f4t le paradis Etranglons les \u00e9trangleurs T\u00e9l\u00e9travail pour les CRS\u00a0\u00bb\u2026 CUHEL, Ode au Coronnard\u00a0 \u00d4 Coronnard le Combinard toi qui n\u2019es pas n\u00e9 de la derni\u00e8re pluie MERCI de nous rappeler que nous sommes cuits Toi l\u2019ultra-lib\u00e9raliste tu aimes la Libert\u00e9 de circuler pour nous parasiter tu ch\u00e9ris l\u2019\u00c9galit\u00e9 (et surtout son Boulevard !) et la Fraternit\u00e9 pour mieux nous parasiter \u00d4 Coronnard le Vicelard qui nous m\u00e8ne la vie hard tu es le meilleur coach de l\u2019apocalypse \u00f4 vice oh hisse au supplice ! \u00d4 Coronnard le Cognard tu vas nous d\u00e9barrasser de tous les nullards qui nuisent \u00e0 la s\u00e9curit\u00e9 des d\u00e9merdards qui emp\u00eachent de tourner en rond notre immonde o\u00f9 seul compte le pognon un pognon de dingues \u00d4 Coronnard toi qui as grandi sur la liti\u00e8re de nos id\u00e9aux sur le terreau de l\u2019immonde expansion\u00a0des n\u00e9o-fl\u00e9aux toi l\u2019avant-garde des n\u00e9o-lib\u00e9raux pour rassurer les secturitaires tu vas ramener l\u2019Ordre sur la Terre l\u2019Ordre en Marche celui des marchands \u00e0 qui profitera le Grand R\u00e9chauffement \u00c0 bas les sans-dents ! Et vive le R\u00e9sident de la R\u00e9putblik d\u00e9cor\u00e9 de l\u2019Ordre du \u00c7aProfite ! Les nouvelles aventures d\u2019Ovaine, par Tristan Felix Pour prouver son innocence, Ovaine braque une baraque \u00e0 frites, en plein soleil.\u00a0 Le fritier, d\u00e9sormais client, s\u2019enquiert : \u2013 O\u00f9 en est ton proc\u00e8s ? \u2013 \u00c9tat stationnaire. Preuve que j\u2019ai rien fait. Et toi ? \u2013 Bah, j\u2019ai pas de preuves que tu m\u2019as tout piqu\u00e9. \u2013 Veux-tu que je t\u00e9moigne en ta faveur ? J\u2019ai tout vu, tu sais. \u2013 Tu seras inculp\u00e9e pour faux t\u00e9moignage, laisse tomber. Ovaine, \u00e9mue, lui double sa dose de mayo. Transport\u00e9 par ce vent de solidarit\u00e9, il demande une barquette g\u00e9ante. Et de sa langue pr\u00e9l\u00e8ve les cristaux de sel \u00e9clatant d\u2019une v\u00e9rit\u00e9 nouvelle. Libr-6 (Livres re\u00e7us : hiver 2020-21) \u25ba\u00a0Jean-Pierre BOBILLOT, Derni\u00e8res r\u00e9pliques avant la sieste [notes sur le risible \u2013\u00a0II &amp; III], \u00e9ditions Tinbad, coll. \u00ab\u00a0Po\u00e9sie\u00a0\u00bb, 88 pages, 14 \u20ac. \u25ba\u00a0Sophie COIFFIER, Tiroir central, \u00e9ditions de l\u2019Attente, 88 pages, 11,50 \u20ac. \u25ba\u00a0Suzanne DOPPELT, Meta donna, P.O.L, 80 pages, 13 \u20ac. \u25ba\u00a0Anne KAWALA, Les Aventures d\u2019Orph\u00e9e Fo\u00ebne \u00e0 Dos Romeiros, S\u00e9rie Discr\u00e8te, 64 pages, 12 \u20ac. \u25ba\u00a0Sandra MOUSSEMP\u00c8S, Cassandre \u00e0 bout portant, Flammarion, coll. \u00ab\u00a0Po\u00e9sie\u00a0\u00bb, 174 pages, 18 \u20ac. \u25ba Patrick VARETZ, Deuxi\u00e8me mille, P.O.L, 528 pages, 32 \u20ac. Libr-br\u00e8ves \u25ba\u00a0On retrouvera ici la visio-lecture de La Sauvagerie qu\u2019a donn\u00e9e Pierre Vinclair mercredi dernier 13 janvier dans le cadre de Station d\u2019arts po\u00e9tiques (Ecole Nationale Sup\u00e9rieure des Beaux-Arts de Lyon). \u25ba Peu apr\u00e8s la publication du volume collectif issu du Colloque international de Cerisy sur son\u00a0\u0153uvre, Val\u00e8re Novarina : Les Tourbillons de l\u2019\u00e9criture, le po\u00e8te, peintre, dramaturge et metteur en sc\u00e8ne vient de recevoir le Grand Prix Paul Morand de l\u2019Acad\u00e9mie fran\u00e7aise, destin\u00e9 \u00ab\u00a0\u00e0 l\u2019auteur d\u2019un ou plusieurs ouvrages remarquables par leurs qualit\u00e9s de pens\u00e9e, de style, d\u2019esprit d\u2019ind\u00e9pendance et de libert\u00e9 \u00bb \u2013 et dot\u00e9 de 45 000 \u20ac. Libr-r\u00e9trospective 2020 (3) \u25ba Cr\u00e9ations :\u00a0Jo\u00ebl Hubaut, \u00ab\u00a0\u00c9pid\u00e9miK\u00a0\u00bb [n\u00b0 1 ; s\u00e9rie \u00e0 terminer en 2021] ; Philippe Jaffeux, \u00ab\u00a0John Coltrane\u00a0\u00bb ; Julien Blaine, \u00ab\u00a0(Y)\u00a0\u00bb ; Laure Gauthier, \u00ab\u00a0Transpo\u00e8mes\u00a0\u00bb\u00a0; Tristan Felix, \u00ab\u00a0Le M\u00e2le dit de fine amor\u00a0\u00bb\u2026 \u25ba Chroniques :\u00a0Ahmed Slama sur Ivar Ch\u2019vavar, La Vache d\u2019entropie ; Patrick Beurard-Valdoye, \u00ab\u00a0Fl\u00e9au et th\u00e9\u00e2tre social\u00a0\u00bb\u00a0[&gt; 3 000 vues] ; Fabrice Thumerel, \u00ab\u00a0Julien Blaine : fin de partie ?\u00a0\u00bb [&gt; 3 500 vues]\u2026 \u25ba NEWS :\u00a0Poesie is not dead, \u00ab\u00a0Urgences po\u00e9sies\u00a0\u00bb [&gt; 5 000 vues] ; \u00ab\u00a0News du dimanche du 17\/05\u00a0\u00bb [&gt; 2 500 vues]\u2026 \u25ba\u00a0Entretien avec Christophe Fiat pour le lancement de la revue Cockpit voice recorder\u2026<\/p>\n","protected":false},"author":2,"featured_media":40,"comment_status":"open","ping_status":"open","sticky":false,"template":"","format":"standard","meta":{"footnotes":""},"categories":[10,2],"tags":[274,275,114,86,276,277,44,41,278,28,12,19,279,280,281,212,282,215,232,120,13,174],"class_list":["post-288","post","type-post","status-publish","format-standard","has-post-thumbnail","hentry","category-news","category-une","tag-anne-kawala","tag-christophe-fiat","tag-cuhel","tag-cuhel-critique-sociale","tag-cuhel-ironie","tag-ecole-superieure-des-beaux-arts-de-lyon","tag-editions-de-lattente","tag-editions-p-o-l","tag-editions-serie-discrete","tag-editions-tinbad","tag-fabrice-thumerel","tag-jean-pierre-bobillot","tag-la-vie-manifeste","tag-patrick-varetz","tag-pierre-vinclair","tag-poesie-flammarion","tag-revue-cockpit","tag-sandra-moussempes","tag-sophie-coiffier","tag-suzanne-doppelt","tag-tristan-felix","tag-valere-novarina"],"post_mailing_queue_ids":[],"_links":{"self":[{"href":"https:\/\/t-pas-net.com\/librCritN\/wp-json\/wp\/v2\/posts\/288","targetHints":{"allow":["GET"]}}],"collection":[{"href":"https:\/\/t-pas-net.com\/librCritN\/wp-json\/wp\/v2\/posts"}],"about":[{"href":"https:\/\/t-pas-net.com\/librCritN\/wp-json\/wp\/v2\/types\/post"}],"author":[{"embeddable":true,"href":"https:\/\/t-pas-net.com\/librCritN\/wp-json\/wp\/v2\/users\/2"}],"replies":[{"embeddable":true,"href":"https:\/\/t-pas-net.com\/librCritN\/wp-json\/wp\/v2\/comments?post=288"}],"version-history":[{"count":2,"href":"https:\/\/t-pas-net.com\/librCritN\/wp-json\/wp\/v2\/posts\/288\/revisions"}],"predecessor-version":[{"id":290,"href":"https:\/\/t-pas-net.com\/librCritN\/wp-json\/wp\/v2\/posts\/288\/revisions\/290"}],"wp:featuredmedia":[{"embeddable":true,"href":"https:\/\/t-pas-net.com\/librCritN\/wp-json\/wp\/v2\/media\/40"}],"wp:attachment":[{"href":"https:\/\/t-pas-net.com\/librCritN\/wp-json\/wp\/v2\/media?parent=288"}],"wp:term":[{"taxonomy":"category","embeddable":true,"href":"https:\/\/t-pas-net.com\/librCritN\/wp-json\/wp\/v2\/categories?post=288"},{"taxonomy":"post_tag","embeddable":true,"href":"https:\/\/t-pas-net.com\/librCritN\/wp-json\/wp\/v2\/tags?post=288"}],"curies":[{"name":"wp","href":"https:\/\/api.w.org\/{rel}","templated":true}]}}