{"id":3015,"date":"2022-08-25T09:57:20","date_gmt":"2022-08-25T07:57:20","guid":{"rendered":"http:\/\/t-pas-net.com\/librCritN\/?p=3015"},"modified":"2022-08-25T10:12:12","modified_gmt":"2022-08-25T08:12:12","slug":"chronique-sebastien-rongier-je-ne-deserterai-pas-ma-vie","status":"publish","type":"post","link":"https:\/\/t-pas-net.com\/librCritN\/2022\/08\/25\/chronique-sebastien-rongier-je-ne-deserterai-pas-ma-vie\/","title":{"rendered":"[Chronique] S\u00e9bastien Rongier, Je ne d\u00e9serterai pas ma vie, par Fabrice Thumerel"},"content":{"rendered":"<p style=\"text-align: justify;\">S\u00e9bastien RONGIER, <strong><em>Je ne d\u00e9serterai pas ma vie<\/em><\/strong>, \u00e9ditions Finitude, avril 2022, 160 pages, 16 \u20ac, ISBN : 978-2-36339-162-9.<\/p>\n<p>&nbsp;<\/p>\n<p style=\"text-align: center;\"><span style=\"background-color: #ff0000; color: #ffffff;\"><strong>Pr\u00e9sentation \u00e9ditoriale\u00a0<\/strong><\/span><\/p>\n<p style=\"text-align: justify;\">Peu apr\u00e8s la premi\u00e8re guerre mondiale, dans les caf\u00e9s de Montparnasse, une belle Am\u00e9ricaine et un jeune artiste fran\u00e7ais forment un couple libre, moderne. Ils s\u2019appellent Mary Reynolds et Marcel Duchamp. Leur petite maison du 14e arrondissement devient vite le point de ralliement de tout ce que Paris compte de talents : Cocteau, Beckett, Dali, Brancusi\u2026 Mais quand revient la guerre, Marcel se r\u00e9fugie aux Etats-Unis.<br \/>\nMary, elle, \u00ab\u00a0ne d\u00e9serte pas\u00a0\u00bb . Elle est devenue parisienne et le restera. A tout prix. Elle est pr\u00eate, pour cela, \u00e0 tout risquer, m\u00eame sa vie. Commence alors le temps de la R\u00e9sistance.<\/p>\n<p style=\"text-align: center;\"><img loading=\"lazy\" decoding=\"async\" class=\"aligncenter size-full wp-image-3027\" src=\"http:\/\/t-pas-net.com\/librCritN\/wp-content\/uploads\/2022\/08\/RongierReynolds.jpg\" alt=\"\" width=\"540\" height=\"330\" srcset=\"https:\/\/t-pas-net.com\/librCritN\/wp-content\/uploads\/2022\/08\/RongierReynolds.jpg 540w, https:\/\/t-pas-net.com\/librCritN\/wp-content\/uploads\/2022\/08\/RongierReynolds-300x183.jpg 300w, https:\/\/t-pas-net.com\/librCritN\/wp-content\/uploads\/2022\/08\/RongierReynolds-150x92.jpg 150w, https:\/\/t-pas-net.com\/librCritN\/wp-content\/uploads\/2022\/08\/RongierReynolds-366x224.jpg 366w\" sizes=\"auto, (max-width: 540px) 100vw, 540px\" \/><\/p>\n<p>&nbsp;<\/p>\n<p style=\"text-align: center;\"><span style=\"background-color: #ff0000; color: #ffffff;\"><strong>Une biofiction po\u00e9tique\u00a0<\/strong><\/span><\/p>\n<p style=\"text-align: right;\">\u00ab\u00a0Nous savons tous que nous entretenons\u00a0une illusion ,<br \/>\ncelle des derniers temps du monde\u00a0(Lettre perdue de Samuel Beckett<br \/>\n\u00e0 son \u00a0fr\u00e8re Franck en 1940, cit\u00e9e pages 59).<\/p>\n<p>&nbsp;<\/p>\n<p style=\"text-align: justify;\">\u00ab\u00a0Je ne d\u00e9serterai pas ma vie\u00a0\u00bb est la phrase que prononce<img loading=\"lazy\" decoding=\"async\" class=\"alignright wp-image-2597\" src=\"http:\/\/t-pas-net.com\/librCritN\/wp-content\/uploads\/2022\/04\/RongierReynols.jpg\" sizes=\"auto, (max-width: 220px) 100vw, 220px\" srcset=\"http:\/\/t-pas-net.com\/librCritN\/wp-content\/uploads\/2022\/04\/RongierReynols.jpg 220w, http:\/\/t-pas-net.com\/librCritN\/wp-content\/uploads\/2022\/04\/RongierReynols-206x300.jpg 206w, http:\/\/t-pas-net.com\/librCritN\/wp-content\/uploads\/2022\/04\/RongierReynols-103x150.jpg 103w\" alt=\"\" width=\"185\" height=\"269\" \/> Mary Reynolds avant le d\u00e9part de Marcel Duchamp, finalement plus attir\u00e9 vers les USA que la riche Am\u00e9ricaine. Le nid douillet de la rue Hall\u00e9 sera d\u00e9sormais un paradis perdu. Cette rue dont l&rsquo;auteur salue la \u00ab\u00a0g\u00e9ographie de l&rsquo;enclave\u00a0\u00bb, savoir la valeur embl\u00e9matique tant \u00e0 l&rsquo;\u00e9chelle de Paris que de l&rsquo;histoire des arts :<\/p>\n<p style=\"text-align: justify;\">\u00ab\u00a0La rue Hall\u00e9 est caract\u00e9ristique d&rsquo;une lecture al\u00e9atoire de la ville, comme seule Paris peut en inventer. L&rsquo;h\u00e9t\u00e9roclite y est \u00e9lev\u00e9 au rang d&rsquo;art urbain. Une rue dada et duchampienne en quelque sorte : courbe coup\u00e9e et coupante, s&rsquo;achevant presque par un cercle, une sorte de verrue sur un plan qui permet \u00e0 la rue d&rsquo;atteindre finalement l&rsquo;avenue du parc de Montsouris et d&rsquo;\u00eatre rejointe en perpendiculaire par la rue d&rsquo;Alembert, laquelle est aussi une rue parall\u00e8le \u00e0 la rue Hall\u00e9&#8230; Puissance de la courbe gr\u00e2ce \u00e0 laquelle on peut \u00eatre \u00e0 la fois parall\u00e8le et perpendiculaire\u00a0\u00bb (p. 35-36).<\/p>\n<p style=\"text-align: center;\"><img loading=\"lazy\" decoding=\"async\" class=\"aligncenter size-full wp-image-3026\" src=\"http:\/\/t-pas-net.com\/librCritN\/wp-content\/uploads\/2022\/08\/Rue-Halle.jpg\" alt=\"\" width=\"540\" height=\"405\" srcset=\"https:\/\/t-pas-net.com\/librCritN\/wp-content\/uploads\/2022\/08\/Rue-Halle.jpg 540w, https:\/\/t-pas-net.com\/librCritN\/wp-content\/uploads\/2022\/08\/Rue-Halle-300x225.jpg 300w, https:\/\/t-pas-net.com\/librCritN\/wp-content\/uploads\/2022\/08\/Rue-Halle-150x113.jpg 150w, https:\/\/t-pas-net.com\/librCritN\/wp-content\/uploads\/2022\/08\/Rue-Halle-366x275.jpg 366w\" sizes=\"auto, (max-width: 540px) 100vw, 540px\" \/><\/p>\n<p>&nbsp;<\/p>\n<p style=\"text-align: justify;\">Un destin, un monde, \u00e9voqu\u00e9 en quinze savoureuses stases, essentiellement concentr\u00e9es sur la <img loading=\"lazy\" decoding=\"async\" class=\"alignleft size-full wp-image-3028\" src=\"http:\/\/t-pas-net.com\/librCritN\/wp-content\/uploads\/2022\/08\/Halle14.jpg\" alt=\"\" width=\"180\" height=\"240\" srcset=\"https:\/\/t-pas-net.com\/librCritN\/wp-content\/uploads\/2022\/08\/Halle14.jpg 180w, https:\/\/t-pas-net.com\/librCritN\/wp-content\/uploads\/2022\/08\/Halle14-113x150.jpg 113w\" sizes=\"auto, (max-width: 180px) 100vw, 180px\" \/>p\u00e9riode de l\u2019Occupation et le 14 rue Hall\u00e9. Retour sur une \u00e9poque o\u00f9, d\u00e9j\u00e0, \u00ab\u00a0en France, l\u2019\u00e9tranger est toujours suspect de quelque chose\u00a0\u00bb (p. 47). On retiendra, en autres, ce morceau de bravoure : une partie d\u2019\u00e9checs \u00e0 Arcachon entre l\u2019imbattable Marcel Duchamp et Samuel Beckett, o\u00f9 s\u2019affrontent deux logiques et deux esth\u00e9tiques.<\/p>\n<p style=\"text-align: justify;\">On y croise m\u00eame Walter Benjamin, ce qui rattache ce r\u00e9cit \u2013 qui pourrait bien donner lieu \u00e0 un document-fiction \u2013 au pr\u00e9c\u00e9dent opus de ce type, <a href=\"http:\/\/www.t-pas-net.com\/libr-critique\/chronique-sebastien-rongier-les-desordres-du-monde-walter-benjamin-a-port-bou-par-fabrice-thumerel\/\"><strong><em>Les D\u00e9sordres du monde<\/em><\/strong><\/a> (2017). Assur\u00e9ment, S\u00e9bastien Rongier r\u00e9invente le genre de la biofiction, qui repose sur une subtile tension entre invention et documentation : l&rsquo;agencement po\u00e9tique\/dramatique de ces quinze trou\u00e9es spatio-temporelles dans deux univers singuliers (Duchamp\/Reynolds) nous offre \u00e0 d\u00e9couvrimaginer une \u00e9poque chaotique o\u00f9 domine l&rsquo;impression de fin-du-monde, les trajectoires de deux amants magnifiques sur l&rsquo;\u00e9chiquier de ce monde tourment\u00e9 ; un artiste \u00a0en phase de reconnaissance dont \u00ab\u00a0le v\u00e9ritable chef-d&rsquo;\u0153uvre [&#8230;] est l&#8217;emploi de son temps\u00a0\u00bb et chez qui \u00ab\u00a0tout geste prend [&#8230;] un sens et une tournure artistique\u00a0\u00bb (32) ; l&rsquo;\u00e9nergie d&rsquo;une cr\u00e9atrice qui, aussi bien dans le microcosme artistique que dans celui de la R\u00e9sistance, \u0153uvre \u00e0 faire triompher les forces vitales.<\/p>\n<p style=\"text-align: center;\"><img loading=\"lazy\" decoding=\"async\" class=\"aligncenter size-full wp-image-3029\" src=\"http:\/\/t-pas-net.com\/librCritN\/wp-content\/uploads\/2022\/08\/DuchampReynolds.jpg\" alt=\"\" width=\"540\" height=\"290\" srcset=\"https:\/\/t-pas-net.com\/librCritN\/wp-content\/uploads\/2022\/08\/DuchampReynolds.jpg 540w, https:\/\/t-pas-net.com\/librCritN\/wp-content\/uploads\/2022\/08\/DuchampReynolds-300x161.jpg 300w, https:\/\/t-pas-net.com\/librCritN\/wp-content\/uploads\/2022\/08\/DuchampReynolds-150x81.jpg 150w, https:\/\/t-pas-net.com\/librCritN\/wp-content\/uploads\/2022\/08\/DuchampReynolds-366x197.jpg 366w\" sizes=\"auto, (max-width: 540px) 100vw, 540px\" \/><\/p>\n","protected":false},"excerpt":{"rendered":"<p>S\u00e9bastien RONGIER, Je ne d\u00e9serterai pas ma vie, \u00e9ditions Finitude, avril 2022, 160 pages, 16 \u20ac, ISBN : 978-2-36339-162-9. &nbsp; Pr\u00e9sentation \u00e9ditoriale\u00a0 Peu apr\u00e8s la premi\u00e8re guerre mondiale, dans les caf\u00e9s de Montparnasse, une belle Am\u00e9ricaine et un jeune artiste fran\u00e7ais forment un couple libre, moderne. Ils s\u2019appellent Mary Reynolds et Marcel Duchamp. Leur petite maison du 14e arrondissement devient vite le point de ralliement de tout ce que Paris compte de talents : Cocteau, Beckett, Dali, Brancusi\u2026 Mais quand revient la guerre, Marcel se r\u00e9fugie aux Etats-Unis. Mary, elle, \u00ab\u00a0ne d\u00e9serte pas\u00a0\u00bb . Elle est devenue parisienne et le restera. A tout prix. Elle est pr\u00eate, pour cela, \u00e0 tout risquer, m\u00eame sa vie. Commence alors le temps de la R\u00e9sistance. &nbsp; Une biofiction po\u00e9tique\u00a0 \u00ab\u00a0Nous savons tous que nous entretenons\u00a0une illusion , celle des derniers temps du monde\u00a0(Lettre perdue de Samuel Beckett \u00e0 son \u00a0fr\u00e8re Franck en 1940, cit\u00e9e pages 59). &nbsp; \u00ab\u00a0Je ne d\u00e9serterai pas ma vie\u00a0\u00bb est la phrase que prononce Mary Reynolds avant le d\u00e9part de Marcel Duchamp, finalement plus attir\u00e9 vers les USA que la riche Am\u00e9ricaine. Le nid douillet de la rue Hall\u00e9 sera d\u00e9sormais un paradis perdu. Cette rue dont l&rsquo;auteur salue la \u00ab\u00a0g\u00e9ographie de l&rsquo;enclave\u00a0\u00bb, savoir la valeur embl\u00e9matique tant \u00e0 l&rsquo;\u00e9chelle de Paris que de l&rsquo;histoire des arts : \u00ab\u00a0La rue Hall\u00e9 est caract\u00e9ristique d&rsquo;une lecture al\u00e9atoire de la ville, comme seule Paris peut en inventer. L&rsquo;h\u00e9t\u00e9roclite y est \u00e9lev\u00e9 au rang d&rsquo;art urbain. Une rue dada et duchampienne en quelque sorte : courbe coup\u00e9e et coupante, s&rsquo;achevant presque par un cercle, une sorte de verrue sur un plan qui permet \u00e0 la rue d&rsquo;atteindre finalement l&rsquo;avenue du parc de Montsouris et d&rsquo;\u00eatre rejointe en perpendiculaire par la rue d&rsquo;Alembert, laquelle est aussi une rue parall\u00e8le \u00e0 la rue Hall\u00e9&#8230; Puissance de la courbe gr\u00e2ce \u00e0 laquelle on peut \u00eatre \u00e0 la fois parall\u00e8le et perpendiculaire\u00a0\u00bb (p. 35-36). &nbsp; Un destin, un monde, \u00e9voqu\u00e9 en quinze savoureuses stases, essentiellement concentr\u00e9es sur la p\u00e9riode de l\u2019Occupation et le 14 rue Hall\u00e9. Retour sur une \u00e9poque o\u00f9, d\u00e9j\u00e0, \u00ab\u00a0en France, l\u2019\u00e9tranger est toujours suspect de quelque chose\u00a0\u00bb (p. 47). On retiendra, en autres, ce morceau de bravoure : une partie d\u2019\u00e9checs \u00e0 Arcachon entre l\u2019imbattable Marcel Duchamp et Samuel Beckett, o\u00f9 s\u2019affrontent deux logiques et deux esth\u00e9tiques. On y croise m\u00eame Walter Benjamin, ce qui rattache ce r\u00e9cit \u2013 qui pourrait bien donner lieu \u00e0 un document-fiction \u2013 au pr\u00e9c\u00e9dent opus de ce type, Les D\u00e9sordres du monde (2017). Assur\u00e9ment, S\u00e9bastien Rongier r\u00e9invente le genre de la biofiction, qui repose sur une subtile tension entre invention et documentation : l&rsquo;agencement po\u00e9tique\/dramatique de ces quinze trou\u00e9es spatio-temporelles dans deux univers singuliers (Duchamp\/Reynolds) nous offre \u00e0 d\u00e9couvrimaginer une \u00e9poque chaotique o\u00f9 domine l&rsquo;impression de fin-du-monde, les trajectoires de deux amants magnifiques sur l&rsquo;\u00e9chiquier de ce monde tourment\u00e9 ; un artiste \u00a0en phase de reconnaissance dont \u00ab\u00a0le v\u00e9ritable chef-d&rsquo;\u0153uvre [&#8230;] est l&#8217;emploi de son temps\u00a0\u00bb et chez qui \u00ab\u00a0tout geste prend [&#8230;] un sens et une tournure artistique\u00a0\u00bb (32) ; l&rsquo;\u00e9nergie d&rsquo;une cr\u00e9atrice qui, aussi bien dans le microcosme artistique que dans celui de la R\u00e9sistance, \u0153uvre \u00e0 faire triompher les forces vitales.<\/p>\n","protected":false},"author":2,"featured_media":3025,"comment_status":"open","ping_status":"open","sticky":false,"template":"","format":"standard","meta":{"footnotes":""},"categories":[7,10,2],"tags":[1697,1560,12,1694,1695,1696,384,649,1174],"class_list":["post-3015","post","type-post","status-publish","format-standard","has-post-thumbnail","hentry","category-livres-recus","category-news","category-une","tag-dadaisme","tag-editions-finitude","tag-fabrice-thumerel","tag-marcel-duchamp","tag-mary-reynolds","tag-rongier-biofiction","tag-samuel-beckett","tag-sebastien-rongier","tag-walter-benjamin"],"post_mailing_queue_ids":[],"_links":{"self":[{"href":"https:\/\/t-pas-net.com\/librCritN\/wp-json\/wp\/v2\/posts\/3015","targetHints":{"allow":["GET"]}}],"collection":[{"href":"https:\/\/t-pas-net.com\/librCritN\/wp-json\/wp\/v2\/posts"}],"about":[{"href":"https:\/\/t-pas-net.com\/librCritN\/wp-json\/wp\/v2\/types\/post"}],"author":[{"embeddable":true,"href":"https:\/\/t-pas-net.com\/librCritN\/wp-json\/wp\/v2\/users\/2"}],"replies":[{"embeddable":true,"href":"https:\/\/t-pas-net.com\/librCritN\/wp-json\/wp\/v2\/comments?post=3015"}],"version-history":[{"count":7,"href":"https:\/\/t-pas-net.com\/librCritN\/wp-json\/wp\/v2\/posts\/3015\/revisions"}],"predecessor-version":[{"id":3060,"href":"https:\/\/t-pas-net.com\/librCritN\/wp-json\/wp\/v2\/posts\/3015\/revisions\/3060"}],"wp:featuredmedia":[{"embeddable":true,"href":"https:\/\/t-pas-net.com\/librCritN\/wp-json\/wp\/v2\/media\/3025"}],"wp:attachment":[{"href":"https:\/\/t-pas-net.com\/librCritN\/wp-json\/wp\/v2\/media?parent=3015"}],"wp:term":[{"taxonomy":"category","embeddable":true,"href":"https:\/\/t-pas-net.com\/librCritN\/wp-json\/wp\/v2\/categories?post=3015"},{"taxonomy":"post_tag","embeddable":true,"href":"https:\/\/t-pas-net.com\/librCritN\/wp-json\/wp\/v2\/tags?post=3015"}],"curies":[{"name":"wp","href":"https:\/\/api.w.org\/{rel}","templated":true}]}}