{"id":3068,"date":"2022-08-28T20:56:32","date_gmt":"2022-08-28T18:56:32","guid":{"rendered":"http:\/\/t-pas-net.com\/librCritN\/?p=3068"},"modified":"2022-09-05T16:27:53","modified_gmt":"2022-09-05T14:27:53","slug":"livres-news-libr-vacance-3","status":"publish","type":"post","link":"https:\/\/t-pas-net.com\/librCritN\/2022\/08\/28\/livres-news-libr-vacance-3\/","title":{"rendered":"[Livres &#8211; News] Libr-vacance 3"},"content":{"rendered":"<p>Voici le 11e post depuis le 1er ao\u00fbt. Depuis mi-ao\u00fbt, c&rsquo;est la reprise pour LIBR-CRITIQUE \u00e0 un rythme habituel : c&rsquo;est donc le moment de v\u00e9rifier que vous avez bien <a class=\"qi72231t nu7423ey n3hqoq4p r86q59rh b3qcqh3k fq87ekyn bdao358l fsf7x5fv rse6dlih s5oniofx m8h3af8h l7ghb35v kjdc1dyq kmwttqpk srn514ro oxkhqvkx rl78xhln nch0832m cr00lzj9 rn8ck1ys s3jn8y49 icdlwmnq cxfqmxzd ezidihy3\" tabindex=\"0\" role=\"link\" href=\"http:\/\/libr-critique.com\/?fbclid=IwAR2Q6OccYGOc9bt-61zPnVUnGwPpXcBa2b5YFuJfAnWv_WsuDfoBsSAinK8\" target=\"_blank\" rel=\"nofollow noopener\">LIBR-CRITIQUE.COM<\/a> dans vos favoris (pour aller \u00e0 la bonne adresse, taper : <a class=\"qi72231t nu7423ey n3hqoq4p r86q59rh b3qcqh3k fq87ekyn bdao358l fsf7x5fv rse6dlih s5oniofx m8h3af8h l7ghb35v kjdc1dyq kmwttqpk srn514ro oxkhqvkx rl78xhln nch0832m cr00lzj9 rn8ck1ys s3jn8y49 icdlwmnq cxfqmxzd ezidihy3\" tabindex=\"0\" role=\"link\" href=\"http:\/\/libr-critique.com\/?fbclid=IwAR2H-BbQb8AW2S5kMIGlIfPVi9b983XgWVkrtsYGbqG8v3paGXdyV1OhdaA\" target=\"_blank\" rel=\"nofollow noopener\">libr-critique.com<\/a> &#8211; sinon vous tombez sur des sites onomastiquement proches : y aurait-il tant de critiques libres ? <span class=\"fxk3tzhb b2rh1bv3 gh55jysx m8h3af8h ewco64xe kjdc1dyq ms56khn7 bq6c9xl4 eohcrkr5 akh3l2rg\"><img loading=\"lazy\" decoding=\"async\" src=\"https:\/\/static.xx.fbcdn.net\/images\/emoji.php\/v9\/tf6\/2\/16\/1f609.png\" alt=\"\ud83d\ude09\" width=\"16\" height=\"16\" \/><\/span>)&#8230;<br \/>\nSi vous vous \u00e9tiez d\u00e9connect\u00e9s un temps, nous vous invitons \u00e0 <strong>d\u00e9couvrir les derniers posts<\/strong> : \u00a0cr\u00e9ations de Laura Caron, Andr\u00e9 Rougier et Mathias Richard ; chroniques LIBR-VACANCE + sur S\u00e9bastien Rongier, R\u00e9mi Checchetto,\u00a0<span class=\"rse6dlih\">Pierre Barrault<\/span>, Isabelle L\u00e9vesque, Annie Ernaux, <span class=\"rse6dlih\">Jean-Luc Parant et Antonio Tabucchi (hommages)<\/span>&#8230;<\/p>\n<p>Et comme la rentr\u00e9e-litt\u00e9raire n&rsquo;est pas un \u00e9v\u00e9nement (quand on voit que cette fi\u00e8vre non-\u00e9v\u00e9nementielle a gagn\u00e9 le demi-monde litt\u00e9raire et m\u00eame la p\u00e9riph\u00e9rie du p\u00f4le de cr\u00e9ation autonome, on se dit que les lignes bougent &#8211; pour reprendre un clich\u00e9 en vogue), <strong>pourquoi ne pas se concentrer sur des \u00e9critures et RV plus exigeants ?<\/strong><\/p>\n<p>&nbsp;<\/p>\n<p style=\"text-align: center;\"><strong><span style=\"background-color: #ff0000; color: #ffffff;\">Grand Prix SDGL 2022 de po\u00e9sie pour Ludovic\u00a0<\/span><\/strong><span style=\"background-color: #ff0000; color: #ffffff;\"><b>Bernhardt \/FT\/\u00a0<\/b><\/span><\/p>\n<p style=\"text-align: justify;\"><img loading=\"lazy\" decoding=\"async\" class=\"alignleft size-full wp-image-3072\" src=\"http:\/\/t-pas-net.com\/librCritN\/wp-content\/uploads\/2022\/08\/BernhardtReacteur3.jpg\" alt=\"\" width=\"220\" height=\"225\" srcset=\"https:\/\/t-pas-net.com\/librCritN\/wp-content\/uploads\/2022\/08\/BernhardtReacteur3.jpg 220w, https:\/\/t-pas-net.com\/librCritN\/wp-content\/uploads\/2022\/08\/BernhardtReacteur3-147x150.jpg 147w\" sizes=\"auto, (max-width: 220px) 100vw, 220px\" \/>Ludovic BERNHARDT, <strong><em>R\u00e9acteur 3 [Fukushima]<\/em><\/strong>, \u00e9ditions Lanskine, premier trimestre \u00a02022, 64 pages, 13 \u20ac, ISBN : 978-2-35963-048-0. [<a href=\"http:\/\/fukushima-open-sounds.net\/wp-content\/uploads\/2022\/08\/extrait_ilhan-3-reacteur-3-voix-matrix-unidentified1_short-30-08-2022-15.33.mp3\"><strong>\u00c9couter<\/strong><\/a>]<\/p>\n<p style=\"text-align: justify;\">Une exp\u00e9rience apocalyptique n\u00e9cessite-t-elle la r\u00e9action path\u00e9tico-\u00e9l\u00e9giaque de tout sujet sensible ? Dans notre soci\u00e9t\u00e9 hyperm\u00e9diatique, quelle prise sur l&rsquo;innommable r\u00e9alit\u00e9 nos \u00e9crans nous proposent-ils ? La po\u00e9sie post-apocalyptique doit-elle faire l&rsquo;\u00e9conomie du sujet lyrique ? Telles sont quelques-unes des questions que pose implicitement Ludovic Bernhardt dans <strong><em>R\u00e9acteur 3 [Fukushima]<\/em><\/strong>.<\/p>\n<p style=\"text-align: justify;\">Ce n&rsquo;est pas un hasard si nous assistons \u00e0 l&rsquo;exploration du robot <em>Little Sunfish<\/em> : et si notre exp\u00e9rience du monde changeait de nature ? et si le devenir-catastrophe de notre monde entra\u00eenait une immuable et in\u00e9luctable m\u00e9diatisation de notre exp\u00e9rience du monde sensible ?<\/p>\n<p style=\"text-align: center;\"><img loading=\"lazy\" decoding=\"async\" class=\"aligncenter size-full wp-image-3073\" src=\"http:\/\/t-pas-net.com\/librCritN\/wp-content\/uploads\/2022\/08\/PerfBernardtFukushima.jpg\" alt=\"\" width=\"540\" height=\"585\" srcset=\"https:\/\/t-pas-net.com\/librCritN\/wp-content\/uploads\/2022\/08\/PerfBernardtFukushima.jpg 540w, https:\/\/t-pas-net.com\/librCritN\/wp-content\/uploads\/2022\/08\/PerfBernardtFukushima-277x300.jpg 277w, https:\/\/t-pas-net.com\/librCritN\/wp-content\/uploads\/2022\/08\/PerfBernardtFukushima-138x150.jpg 138w, https:\/\/t-pas-net.com\/librCritN\/wp-content\/uploads\/2022\/08\/PerfBernardtFukushima-366x397.jpg 366w\" sizes=\"auto, (max-width: 540px) 100vw, 540px\" \/><\/p>\n<p style=\"text-align: justify;\">Le po\u00e8te a mis au point un dispositif interm\u00e9dial (texte + performance) pour donner \u00e0 ou\u00efvoir la catastrophe en sortant de la litt\u00e9rature-toute-faite, du fameux style-litt\u00e9raire. Pour ce qui est du seul texte, la r\u00e9ussite de l&rsquo;\u00e9crivain et artiste visuel r\u00e9side dans sa mani\u00e8re de combiner vision objectiviste et discours figur\u00e9 (\u00a0\u00bb Massacrer des fonctions ventilatoires [narines greff\u00e9es de tubes en silicones]. D\u00e9brailler des entrailles. (&#8230;) Tandis que des coul\u00e9es de codes aiguillonnent les \u00e9vangiles enc\u00e9phalites \u00a0\u00bb &#8211; p. 33), et m\u00eame comique : \u00a0\u00bb r\u00e9serv\u00e9 aux membres d&rsquo;un comit\u00e9, rire universel du <em>general intellect<\/em>, rire destructeur film\u00e9 en 3D, rire de nettoyage des robots collaboratifs. Rire contagieux. Fragment [de rire] sur les machines \u00a0\u00bb (35).<\/p>\n<p>&nbsp;<\/p>\n<p style=\"text-align: center;\"><span style=\"color: #ffffff;\"><strong><span style=\"background-color: #ff0000;\">Libr-notes de lecture \/FT\/<\/span><\/strong><\/span><\/p>\n<p style=\"text-align: justify;\">\u2666 Corinne LOVERA VITALI, <strong><em>Kill Jekyll<\/em><\/strong>, \u00e9ditions Do, mai 2022, 184 pages, 17 \u20ac, ISBN : 979-10-95434-40-5. [<a href=\"https:\/\/soundcloud.com\/loveravitali\/sets\/fils-de-kill-jekyll\"><strong>\u00c9couter<\/strong><\/a>]<\/p>\n<p style=\"text-align: justify;\">Tout en homophonie, un titre qui claque. Tout comme chacun des sept micro-r\u00e9cits <em>bizarres<\/em>, qui font \u00e9clater les failles et dissonances des couples. Rien ne sert de r\u00e9sumer les \u00ab\u00a0intrigues\u00a0\u00bb : ce sont des exp\u00e9riences existentielles (c\u00f4t\u00e9 personnages) et scripturales (c\u00f4t\u00e9 autrice).<\/p>\n<p style=\"text-align: justify;\">Corinne Lovera Vitali est pass\u00e9e ma\u00eetresse dans l&rsquo;art des monologues authentiquement crus,<img loading=\"lazy\" decoding=\"async\" class=\"alignright wp-image-3080\" src=\"http:\/\/t-pas-net.com\/librCritN\/wp-content\/uploads\/2022\/08\/KillJekyll.jpg\" alt=\"\" width=\"220\" height=\"330\" srcset=\"https:\/\/t-pas-net.com\/librCritN\/wp-content\/uploads\/2022\/08\/KillJekyll.jpg 200w, https:\/\/t-pas-net.com\/librCritN\/wp-content\/uploads\/2022\/08\/KillJekyll-100x150.jpg 100w\" sizes=\"auto, (max-width: 220px) 100vw, 220px\" \/> qui s&rsquo;opposent aux habituelles \u00ab\u00a0flaques de conversation\u00a0\u00bb (23). Les voix \/ voies narratives s&rsquo;\u00e9garent parfois dans les tourniquets de phrases en colima\u00e7on, dans lesquelles les circonvolutions it\u00e9ratives rendent compte des complexit\u00e9s et perplexit\u00e9s, des tours et d\u00e9tours de l&rsquo;inconscient comme de la parole :<br \/>\n\u00ab\u00a0Utiliser quatre fois de suite le mot bizarre me fait perdre son sens. Il me semble maintenant que bizarre veut pr\u00e9cis\u00e9ment dire insens\u00e9. Et insens\u00e9, fou\u00a0\u00bb (p. 17).<br \/>\n\u00ab\u00a0J&rsquo;ai commenc\u00e9 \u00e0 tromper Amy aussit\u00f4t apr\u00e8s notre mariage. Je ne sais pas pourquoi. Je draguais constamment, je ne sais pas pourquoi non plus. Malgr\u00e9 mon physique plut\u00f4t passe-partout je parvenais \u00e0 coucher avec des femmes de tout \u00e2ge, des filles, des femmes mari\u00e9es aussi, cela n&rsquo;avait aucune importance puisqu&rsquo;elles n&rsquo;avaient aucune importance. J&rsquo;imagine donc que je n&rsquo;avais aucune importance non plus, ni Amy. Ce serait une fa\u00e7on de consid\u00e9rer mon activit\u00e9 fr\u00e9n\u00e9tique de la bite. Seule ma bite avait de l&rsquo;importance\u00a0\u00bb (64).<\/p>\n<p>&nbsp;<\/p>\n<p style=\"text-align: justify;\">\u2666 Dominique Qu\u00e9len, <strong><em>qu\u00e9len = enqul\u00e9<\/em><\/strong>, \u00e9ditions Louise Bottu, Mugron, mai 2022, 94 pages, 14 \u20ac, ISBN : 979-10-92723-56-4.<\/p>\n<p style=\"text-align: justify;\">Soit cette anagramme comme contrainte initiale : <em>qu\u00e9len = enqul\u00e9<\/em>. Et l&rsquo;\u00e9crivain de faire parler<img loading=\"lazy\" decoding=\"async\" class=\"alignright size-full wp-image-3076\" src=\"http:\/\/t-pas-net.com\/librCritN\/wp-content\/uploads\/2022\/08\/QueleEncule.jpg\" alt=\"\" width=\"200\" height=\"300\" srcset=\"https:\/\/t-pas-net.com\/librCritN\/wp-content\/uploads\/2022\/08\/QueleEncule.jpg 200w, https:\/\/t-pas-net.com\/librCritN\/wp-content\/uploads\/2022\/08\/QueleEncule-100x150.jpg 100w\" sizes=\"auto, (max-width: 200px) 100vw, 200px\" \/> avec brio son nom en propre de quatre fa\u00e7ons diff\u00e9rentes \u00e0 partir de (mytho)biograph\u00e8mes.<\/p>\n<p style=\"text-align: justify;\">Si l&rsquo;int\u00e9ress\u00e9 a de quoi <em>\u00eatre sur le cul<\/em> \u00e0 r\u00e9entendre la voix paternelle, c&rsquo;est sans doute \u00e0 cause du c\u00f4t\u00e9 <em>peigne-cul<\/em> de l&rsquo;\u00e9colier qu&rsquo;il repr\u00e9sentait aux yeux d&rsquo;une figure tut\u00e9laire qui <em>en avait plein le cul<\/em> (\u00ab\u00a0Vas-y\u00a0\u00bb) ; dans \u00ab\u00a0Remember\u00a0\u00bb, l&rsquo;\u00e9l\u00e8ve \u00ab\u00a0p\u00e9n\u00e8tre l&rsquo;envers de l&rsquo;\u00eatre\u00a0\u00bb (p. 25) de ceux par qui il est ; \u00ab\u00a0J&rsquo;entre\u00a0\u00bb pr\u00e9sente une autop\u00e9n\u00e9tration buccale pancorporelle ; enfin, dans \u00ab\u00a0Tu te tais\u00a0\u00bb, l&rsquo;enfant-po\u00e8te ne respecte pas les r\u00e8gles du jeu, se taisant au lieu de faire circuler les mots comme les billes&#8230;<\/p>\n<p style=\"text-align: justify;\">Un Qu\u00e9len \u00e9tonnant !<\/p>\n<p>&nbsp;<\/p>\n<p style=\"text-align: justify;\">\u2666 Nicolas RICHARD, <em><strong>D\u00e9chanter<\/strong><\/em>, \u00e9ditions PLAINE Page, coll. \u00ab\u00a0Connexions\u00a0\u00bb, 86 pages, 10 \u20ac, ISBN : 979-10-96646-42-5.<\/p>\n<p style=\"text-align: justify;\">Voici un montage pour d\u00e9monter \/ remonter nos discours \u00e0 partir de pr\u00e9l\u00e8vements \/ <img loading=\"lazy\" decoding=\"async\" class=\"alignleft size-full wp-image-3078\" src=\"http:\/\/t-pas-net.com\/librCritN\/wp-content\/uploads\/2022\/08\/NRicharDechanter.jpg\" alt=\"\" width=\"200\" height=\"260\" srcset=\"https:\/\/t-pas-net.com\/librCritN\/wp-content\/uploads\/2022\/08\/NRicharDechanter.jpg 200w, https:\/\/t-pas-net.com\/librCritN\/wp-content\/uploads\/2022\/08\/NRicharDechanter-115x150.jpg 115w\" sizes=\"auto, (max-width: 200px) 100vw, 200px\" \/>d\u00e9placements : ces r\u00e9pertoires doxiques qui se pr\u00e9sentent sous la forme de listes lexicales ou de textes en vers libres offrent des t\u00e9lescopages isotopiques entre discours nationalistes ou patriotiques et discours ambiants. Ce sont des Agencements R\u00e9p\u00e9titifs N\u00e9gatifs (ARN) au sens o\u00f9 ils d\u00e9clinent en multiples variations les doxas qui nous travaillent, en r\u00e9v\u00e9lant la puissance id\u00e9ologique.<br \/>\nDeux exemples : \u00ab\u00a0toutes nos pens\u00e9es vont au travail \/ nos pens\u00e9es c&rsquo;est beaucoup de travail \/ parce que le travail est lib\u00e9rateur \/ parce que le travail est \u00e9mancipateur \/ parce que le travail est b\u00e9ni\u00a0\u00bb (19) ; \u00ab\u00a0un soldat ne recule pas \/ [&#8230;] un soldat est viril \/ [&#8230;] un soldat est brave \/ un soldat n&rsquo;\u00e9chappe pas au combat \/ ne craint pas la bataille\u00a0\u00bb (33)&#8230;<\/p>\n<p style=\"text-align: justify;\">De quoi faire d\u00e9chanter nos soci\u00e9t\u00e9s post-politiques o\u00f9 dominent \u00ab\u00a0des foyers \u00e9ternels de d\u00e9mocratie consensuelle\u00a0\u00bb (14).<\/p>\n<p>&nbsp;<\/p>\n<p style=\"text-align: center;\"><span style=\"background-color: #ff0000; color: #ffffff;\"><strong>Libr-\u00e9v\u00e9nement<\/strong><\/span><\/p>\n<div class=\"m8h3af8h l7ghb35v kjdc1dyq kmwttqpk gh25dzvf\" style=\"text-align: justify;\"><span style=\"background-color: #ffff00;\"><strong>Rendez-vous jeudi 8 septembre \u00e0 19h30 au Forum des Images pour la prochaine projection du film \u00ab Pierre Pinoncelli, l\u2019artiste \u00e0 la phalange coup\u00e9e \u00bb dans le cadre de l\u2019Etrange Festival, en pr\u00e9sence du r\u00e9alisateur Virgile Novarina<\/strong><\/span> :<br \/>\n<a class=\"qi72231t nu7423ey n3hqoq4p r86q59rh b3qcqh3k fq87ekyn bdao358l fsf7x5fv rse6dlih s5oniofx m8h3af8h l7ghb35v kjdc1dyq kmwttqpk srn514ro oxkhqvkx rl78xhln nch0832m cr00lzj9 rn8ck1ys s3jn8y49 icdlwmnq cxfqmxzd ezidihy3\" tabindex=\"0\" role=\"link\" href=\"http:\/\/www.etrangefestival.com\/?fbclid=IwAR2vQDO_GLfa6_XZUE7AaZvhBgONmTz0xL8JQr5UAuPtFXSQ4I-zXrb47uw\" target=\"_blank\" rel=\"nofollow noopener\">http:\/\/www.etrangefestival.com\/<\/a><\/div>\n<div class=\"l7ghb35v kjdc1dyq kmwttqpk gh25dzvf jikcssrz\" style=\"text-align: justify;\">Depuis ses deux attentats au marteau contre l\u2019urinoir de Duchamp en 1993 puis en 2006, l\u2019artiste Pierre Pinoncelli est connu dans le monde entier pour cet acte iconoclaste et subversif. Souvent mal interpr\u00e9t\u00e9e par la presse, cette double performance, et les proc\u00e8s qui l\u2019ont suivie, ont occult\u00e9 le reste de son \u0153uvre : ses peintures des ann\u00e9es 60, et les nombreux happenings percutants qu\u2019il a r\u00e9alis\u00e9s. Pinoncelli a asperg\u00e9 Andr\u00e9 Malraux de peinture rouge en1969, braqu\u00e9 une banque pour protester contre l\u2019apartheid en 1975, et il s\u2019est mutil\u00e9 en 2002 pour d\u00e9noncer la violence des FARC en Colombie. Souvent motiv\u00e9 par des revendications politiques, Pinoncelli a \u00e9t\u00e9 au bout de ses id\u00e9es et s\u2019est exprim\u00e9 par des gestes souvent choquants, qui nous interrogent.<\/div>\n<div><\/div>\n<div style=\"text-align: center;\"><img loading=\"lazy\" decoding=\"async\" class=\"aligncenter size-full wp-image-3074\" src=\"http:\/\/t-pas-net.com\/librCritN\/wp-content\/uploads\/2022\/08\/Pinoncelli.jpg\" alt=\"\" width=\"540\" height=\"300\" srcset=\"https:\/\/t-pas-net.com\/librCritN\/wp-content\/uploads\/2022\/08\/Pinoncelli.jpg 540w, https:\/\/t-pas-net.com\/librCritN\/wp-content\/uploads\/2022\/08\/Pinoncelli-300x167.jpg 300w, https:\/\/t-pas-net.com\/librCritN\/wp-content\/uploads\/2022\/08\/Pinoncelli-150x83.jpg 150w, https:\/\/t-pas-net.com\/librCritN\/wp-content\/uploads\/2022\/08\/Pinoncelli-366x203.jpg 366w\" sizes=\"auto, (max-width: 540px) 100vw, 540px\" \/><\/div>\n<div><\/div>\n<div class=\"l7ghb35v kjdc1dyq kmwttqpk gh25dzvf jikcssrz\" style=\"text-align: justify;\">Bande-annonce du film :<br \/>\n<a class=\"qi72231t nu7423ey n3hqoq4p r86q59rh b3qcqh3k fq87ekyn bdao358l fsf7x5fv rse6dlih s5oniofx m8h3af8h l7ghb35v kjdc1dyq kmwttqpk srn514ro oxkhqvkx rl78xhln nch0832m cr00lzj9 rn8ck1ys s3jn8y49 icdlwmnq cxfqmxzd ezidihy3\" tabindex=\"0\" role=\"link\" href=\"https:\/\/l.facebook.com\/l.php?u=https%3A%2F%2Fvimeo.com%2F691379563%3Ffbclid%3DIwAR1r5SBjsKMuxl3enKHPo6CkB9ro4RWESqXrL5ALDy3G7LW-4UEwTTYGm0Y&amp;h=AT3VuazAA-byjKzMZWKIeu_jx-Qh-eRke1rF27-kLC-gqzvBJOgl3AW-azM2eUV_ar_fJ89hXxKkzTabMHl3vxf7bRURO6wkQlbbpBcRQrGFi0Yr5jK2Qlczy_69fbKsvtVcL7w&amp;__tn__=q&amp;c[0]=AT36d3twbCha7hs15BtK8C8V_wl8ACLp6oz3Yn91Tc1ytTASj2qjklh1FMiDg9OWl27Bz4qO04P5G1A08gs_pqnDoBDaQpXQIDcLJz5_NIHkMupDU2I0394JLsZFYOsoF4RgShssGV9sGTrL6neZFHRM\" target=\"_blank\" rel=\"nofollow noopener\">https:\/\/vimeo.com\/691379563<\/a><\/div>\n<div class=\"l7ghb35v kjdc1dyq kmwttqpk gh25dzvf jikcssrz\" style=\"text-align: justify;\">Le Forum des Images<br \/>\nForum des Halles<br \/>\n2 rue du cin\u00e9ma<br \/>\n75001 Paris<br \/>\n01 44 76 63 00<br \/>\nInfos pratiques :<br \/>\n<a class=\"qi72231t nu7423ey n3hqoq4p r86q59rh b3qcqh3k fq87ekyn bdao358l fsf7x5fv rse6dlih s5oniofx m8h3af8h l7ghb35v kjdc1dyq kmwttqpk srn514ro oxkhqvkx rl78xhln nch0832m cr00lzj9 rn8ck1ys s3jn8y49 icdlwmnq cxfqmxzd ezidihy3\" tabindex=\"0\" role=\"link\" href=\"https:\/\/www.forumdesimages.fr\/infos-pratiques\/infos-pratiques\/acces-horaires?fbclid=IwAR3bFiEc8-_J4XS8arp4SAt81NnO3NDK1ELuPMXADb8ix_VcGt41in8KanQ\" target=\"_blank\" rel=\"nofollow noopener\">https:\/\/www.forumdesimages.fr\/&#8230;\/infos&#8230;\/acces-horaires<\/a><\/div>\n<div class=\"l7ghb35v kjdc1dyq kmwttqpk gh25dzvf jikcssrz\" style=\"text-align: justify;\">Plein tarif : 10 euros. Tarif r\u00e9duit : 8 euros<\/div>\n<div class=\"l7ghb35v kjdc1dyq kmwttqpk gh25dzvf jikcssrz\" style=\"text-align: justify;\">Pierre Pinoncelli, l&rsquo;artiste \u00e0 la phalange coup\u00e9e (85\u2019, 2022),<br \/>\nun film de Virgile Novarina produit par Gilles Coudert,<br \/>\nune coproduction APRES production &amp; Vosges TV Avec la participation de Centre National de Cin\u00e9ma et de l\u2019image anim\u00e9e et le soutien de la R\u00e9gion Normandie.<br \/>\nDisponible en DVD :<br \/>\n<a class=\"qi72231t nu7423ey n3hqoq4p r86q59rh b3qcqh3k fq87ekyn bdao358l fsf7x5fv rse6dlih s5oniofx m8h3af8h l7ghb35v kjdc1dyq kmwttqpk srn514ro oxkhqvkx rl78xhln nch0832m cr00lzj9 rn8ck1ys s3jn8y49 icdlwmnq cxfqmxzd ezidihy3\" tabindex=\"0\" role=\"link\" href=\"https:\/\/www.apres-production.com\/portfolio_page\/dvd-pierre-pinoncelli-lartiste-a-la-phalange-coupee\/?fbclid=IwAR2H1vydln2ZsLdCQ5b6wM4vxiyXx6GDVmFHU35rBlnS4msdsrdg-7XJomM\" target=\"_blank\" rel=\"nofollow noopener\">https:\/\/www.apres-production.com\/&#8230;\/dvd-pierre&#8230;\/<\/a><\/div>\n<div class=\"l7ghb35v kjdc1dyq kmwttqpk gh25dzvf jikcssrz\" style=\"text-align: justify;\">Et en VOD :<br \/>\n<a class=\"qi72231t nu7423ey n3hqoq4p r86q59rh b3qcqh3k fq87ekyn bdao358l fsf7x5fv rse6dlih s5oniofx m8h3af8h l7ghb35v kjdc1dyq kmwttqpk srn514ro oxkhqvkx rl78xhln nch0832m cr00lzj9 rn8ck1ys s3jn8y49 icdlwmnq cxfqmxzd ezidihy3\" tabindex=\"0\" role=\"link\" href=\"https:\/\/l.facebook.com\/l.php?u=https%3A%2F%2Fvimeo.com%2Fondemand%2Fpierrepinoncelli%3Ffbclid%3DIwAR1haOQ2K0UkY6Jq51Hgl-LPMeX-R5-shgqdrM63Ls4qllZBovGDz7mmCdA&amp;h=AT33U8EKe7z-Si_OyGV-tbZlx6GuzvJU1z2uX40j3H244GTK-mIss7JaSlK__HC7TDpvvP47-3oTaZlA2KGVJP_CL3M8_TemPbwLNcbV--QGnQjB_ZTOtiH6LjRG1Umfkk2_OyM&amp;__tn__=q&amp;c[0]=AT36d3twbCha7hs15BtK8C8V_wl8ACLp6oz3Yn91Tc1ytTASj2qjklh1FMiDg9OWl27Bz4qO04P5G1A08gs_pqnDoBDaQpXQIDcLJz5_NIHkMupDU2I0394JLsZFYOsoF4RgShssGV9sGTrL6neZFHRM\" target=\"_blank\" rel=\"nofollow noopener\">https:\/\/vimeo.com\/ondemand\/pierrepinoncelli<\/a><\/div>\n<div class=\"l7ghb35v kjdc1dyq kmwttqpk gh25dzvf jikcssrz\" style=\"text-align: justify;\">L&rsquo;Etrange Festival aura lieu du 6 au 18 septembre 2022 au Forum des Images \u00e0 Paris. programme complet :<br \/>\n<a class=\"qi72231t nu7423ey n3hqoq4p r86q59rh b3qcqh3k fq87ekyn bdao358l fsf7x5fv rse6dlih s5oniofx m8h3af8h l7ghb35v kjdc1dyq kmwttqpk srn514ro oxkhqvkx rl78xhln nch0832m cr00lzj9 rn8ck1ys s3jn8y49 icdlwmnq cxfqmxzd ezidihy3\" tabindex=\"0\" role=\"link\" href=\"http:\/\/www.etrangefestival.com\/ressources\/files\/EF2022.pdf?fbclid=IwAR36f9YVLTY6QhiS3ijqn1QzRC0djSE68co4dsZSK_Dclay2e_hvN8lMJeE\" target=\"_blank\" rel=\"nofollow noopener\">http:\/\/www.etrangefestival.com\/ressources\/files\/EF2022.pdf<\/a><\/div>\n","protected":false},"excerpt":{"rendered":"<p>Voici le 11e post depuis le 1er ao\u00fbt. Depuis mi-ao\u00fbt, c&rsquo;est la reprise pour LIBR-CRITIQUE \u00e0 un rythme habituel : c&rsquo;est donc le moment de v\u00e9rifier que vous avez bien LIBR-CRITIQUE.COM dans vos favoris (pour aller \u00e0 la bonne adresse, taper : libr-critique.com &#8211; sinon vous tombez sur des sites onomastiquement proches : y aurait-il tant de critiques libres ? )&#8230; Si vous vous \u00e9tiez d\u00e9connect\u00e9s un temps, nous vous invitons \u00e0 d\u00e9couvrir les derniers posts : \u00a0cr\u00e9ations de Laura Caron, Andr\u00e9 Rougier et Mathias Richard ; chroniques LIBR-VACANCE + sur S\u00e9bastien Rongier, R\u00e9mi Checchetto,\u00a0Pierre Barrault, Isabelle L\u00e9vesque, Annie Ernaux, Jean-Luc Parant et Antonio Tabucchi (hommages)&#8230; Et comme la rentr\u00e9e-litt\u00e9raire n&rsquo;est pas un \u00e9v\u00e9nement (quand on voit que cette fi\u00e8vre non-\u00e9v\u00e9nementielle a gagn\u00e9 le demi-monde litt\u00e9raire et m\u00eame la p\u00e9riph\u00e9rie du p\u00f4le de cr\u00e9ation autonome, on se dit que les lignes bougent &#8211; pour reprendre un clich\u00e9 en vogue), pourquoi ne pas se concentrer sur des \u00e9critures et RV plus exigeants ? &nbsp; Grand Prix SDGL 2022 de po\u00e9sie pour Ludovic\u00a0Bernhardt \/FT\/\u00a0 Ludovic BERNHARDT, R\u00e9acteur 3 [Fukushima], \u00e9ditions Lanskine, premier trimestre \u00a02022, 64 pages, 13 \u20ac, ISBN : 978-2-35963-048-0. [\u00c9couter] Une exp\u00e9rience apocalyptique n\u00e9cessite-t-elle la r\u00e9action path\u00e9tico-\u00e9l\u00e9giaque de tout sujet sensible ? Dans notre soci\u00e9t\u00e9 hyperm\u00e9diatique, quelle prise sur l&rsquo;innommable r\u00e9alit\u00e9 nos \u00e9crans nous proposent-ils ? La po\u00e9sie post-apocalyptique doit-elle faire l&rsquo;\u00e9conomie du sujet lyrique ? Telles sont quelques-unes des questions que pose implicitement Ludovic Bernhardt dans R\u00e9acteur 3 [Fukushima]. Ce n&rsquo;est pas un hasard si nous assistons \u00e0 l&rsquo;exploration du robot Little Sunfish : et si notre exp\u00e9rience du monde changeait de nature ? et si le devenir-catastrophe de notre monde entra\u00eenait une immuable et in\u00e9luctable m\u00e9diatisation de notre exp\u00e9rience du monde sensible ? Le po\u00e8te a mis au point un dispositif interm\u00e9dial (texte + performance) pour donner \u00e0 ou\u00efvoir la catastrophe en sortant de la litt\u00e9rature-toute-faite, du fameux style-litt\u00e9raire. Pour ce qui est du seul texte, la r\u00e9ussite de l&rsquo;\u00e9crivain et artiste visuel r\u00e9side dans sa mani\u00e8re de combiner vision objectiviste et discours figur\u00e9 (\u00a0\u00bb Massacrer des fonctions ventilatoires [narines greff\u00e9es de tubes en silicones]. D\u00e9brailler des entrailles. (&#8230;) Tandis que des coul\u00e9es de codes aiguillonnent les \u00e9vangiles enc\u00e9phalites \u00a0\u00bb &#8211; p. 33), et m\u00eame comique : \u00a0\u00bb r\u00e9serv\u00e9 aux membres d&rsquo;un comit\u00e9, rire universel du general intellect, rire destructeur film\u00e9 en 3D, rire de nettoyage des robots collaboratifs. Rire contagieux. Fragment [de rire] sur les machines \u00a0\u00bb (35). &nbsp; Libr-notes de lecture \/FT\/ \u2666 Corinne LOVERA VITALI, Kill Jekyll, \u00e9ditions Do, mai 2022, 184 pages, 17 \u20ac, ISBN : 979-10-95434-40-5. [\u00c9couter] Tout en homophonie, un titre qui claque. Tout comme chacun des sept micro-r\u00e9cits bizarres, qui font \u00e9clater les failles et dissonances des couples. Rien ne sert de r\u00e9sumer les \u00ab\u00a0intrigues\u00a0\u00bb : ce sont des exp\u00e9riences existentielles (c\u00f4t\u00e9 personnages) et scripturales (c\u00f4t\u00e9 autrice). Corinne Lovera Vitali est pass\u00e9e ma\u00eetresse dans l&rsquo;art des monologues authentiquement crus, qui s&rsquo;opposent aux habituelles \u00ab\u00a0flaques de conversation\u00a0\u00bb (23). Les voix \/ voies narratives s&rsquo;\u00e9garent parfois dans les tourniquets de phrases en colima\u00e7on, dans lesquelles les circonvolutions it\u00e9ratives rendent compte des complexit\u00e9s et perplexit\u00e9s, des tours et d\u00e9tours de l&rsquo;inconscient comme de la parole : \u00ab\u00a0Utiliser quatre fois de suite le mot bizarre me fait perdre son sens. Il me semble maintenant que bizarre veut pr\u00e9cis\u00e9ment dire insens\u00e9. Et insens\u00e9, fou\u00a0\u00bb (p. 17). \u00ab\u00a0J&rsquo;ai commenc\u00e9 \u00e0 tromper Amy aussit\u00f4t apr\u00e8s notre mariage. Je ne sais pas pourquoi. Je draguais constamment, je ne sais pas pourquoi non plus. Malgr\u00e9 mon physique plut\u00f4t passe-partout je parvenais \u00e0 coucher avec des femmes de tout \u00e2ge, des filles, des femmes mari\u00e9es aussi, cela n&rsquo;avait aucune importance puisqu&rsquo;elles n&rsquo;avaient aucune importance. J&rsquo;imagine donc que je n&rsquo;avais aucune importance non plus, ni Amy. Ce serait une fa\u00e7on de consid\u00e9rer mon activit\u00e9 fr\u00e9n\u00e9tique de la bite. Seule ma bite avait de l&rsquo;importance\u00a0\u00bb (64). &nbsp; \u2666 Dominique Qu\u00e9len, qu\u00e9len = enqul\u00e9, \u00e9ditions Louise Bottu, Mugron, mai 2022, 94 pages, 14 \u20ac, ISBN : 979-10-92723-56-4. Soit cette anagramme comme contrainte initiale : qu\u00e9len = enqul\u00e9. Et l&rsquo;\u00e9crivain de faire parler avec brio son nom en propre de quatre fa\u00e7ons diff\u00e9rentes \u00e0 partir de (mytho)biograph\u00e8mes. Si l&rsquo;int\u00e9ress\u00e9 a de quoi \u00eatre sur le cul \u00e0 r\u00e9entendre la voix paternelle, c&rsquo;est sans doute \u00e0 cause du c\u00f4t\u00e9 peigne-cul de l&rsquo;\u00e9colier qu&rsquo;il repr\u00e9sentait aux yeux d&rsquo;une figure tut\u00e9laire qui en avait plein le cul (\u00ab\u00a0Vas-y\u00a0\u00bb) ; dans \u00ab\u00a0Remember\u00a0\u00bb, l&rsquo;\u00e9l\u00e8ve \u00ab\u00a0p\u00e9n\u00e8tre l&rsquo;envers de l&rsquo;\u00eatre\u00a0\u00bb (p. 25) de ceux par qui il est ; \u00ab\u00a0J&rsquo;entre\u00a0\u00bb pr\u00e9sente une autop\u00e9n\u00e9tration buccale pancorporelle ; enfin, dans \u00ab\u00a0Tu te tais\u00a0\u00bb, l&rsquo;enfant-po\u00e8te ne respecte pas les r\u00e8gles du jeu, se taisant au lieu de faire circuler les mots comme les billes&#8230; Un Qu\u00e9len \u00e9tonnant ! &nbsp; \u2666 Nicolas RICHARD, D\u00e9chanter, \u00e9ditions PLAINE Page, coll. \u00ab\u00a0Connexions\u00a0\u00bb, 86 pages, 10 \u20ac, ISBN : 979-10-96646-42-5. Voici un montage pour d\u00e9monter \/ remonter nos discours \u00e0 partir de pr\u00e9l\u00e8vements \/ d\u00e9placements : ces r\u00e9pertoires doxiques qui se pr\u00e9sentent sous la forme de listes lexicales ou de textes en vers libres offrent des t\u00e9lescopages isotopiques entre discours nationalistes ou patriotiques et discours ambiants. Ce sont des Agencements R\u00e9p\u00e9titifs N\u00e9gatifs (ARN) au sens o\u00f9 ils d\u00e9clinent en multiples variations les doxas qui nous travaillent, en r\u00e9v\u00e9lant la puissance id\u00e9ologique. Deux exemples : \u00ab\u00a0toutes nos pens\u00e9es vont au travail \/ nos pens\u00e9es c&rsquo;est beaucoup de travail \/ parce que le travail est lib\u00e9rateur \/ parce que le travail est \u00e9mancipateur \/ parce que le travail est b\u00e9ni\u00a0\u00bb (19) ; \u00ab\u00a0un soldat ne recule pas \/ [&#8230;] un soldat est viril \/ [&#8230;] un soldat est brave \/ un soldat n&rsquo;\u00e9chappe pas au combat \/ ne craint pas la bataille\u00a0\u00bb (33)&#8230; De quoi faire d\u00e9chanter nos soci\u00e9t\u00e9s post-politiques o\u00f9 dominent \u00ab\u00a0des foyers \u00e9ternels de d\u00e9mocratie consensuelle\u00a0\u00bb (14). &nbsp; Libr-\u00e9v\u00e9nement Rendez-vous jeudi 8 septembre \u00e0 19h30 au Forum des Images pour la prochaine projection du film \u00ab Pierre Pinoncelli, l\u2019artiste \u00e0 la phalange coup\u00e9e \u00bb dans le cadre de l\u2019Etrange Festival, en pr\u00e9sence du r\u00e9alisateur Virgile Novarina : http:\/\/www.etrangefestival.com\/ Depuis ses deux attentats au marteau contre l\u2019urinoir de Duchamp en&#8230;<\/p>\n","protected":false},"author":2,"featured_media":1405,"comment_status":"open","ping_status":"open","sticky":false,"template":"","format":"standard","meta":{"footnotes":""},"categories":[35,7,2],"tags":[976,1625,229,660,1577,36,12,1538,1619,1713,1714],"class_list":["post-3068","post","type-post","status-publish","format-standard","has-post-thumbnail","hentry","category-chronique","category-livres-recus","category-une","tag-corinne-lovera-vitali","tag-dominique-quelen","tag-editions-louise-bottu","tag-editions-plaine-page","tag-editions-do","tag-editions-lanskine","tag-fabrice-thumerel","tag-ludovic-bernhardt","tag-nicolas-richard","tag-pierre-pinoncelli","tag-virgile-novarina"],"post_mailing_queue_ids":[],"_links":{"self":[{"href":"https:\/\/t-pas-net.com\/librCritN\/wp-json\/wp\/v2\/posts\/3068","targetHints":{"allow":["GET"]}}],"collection":[{"href":"https:\/\/t-pas-net.com\/librCritN\/wp-json\/wp\/v2\/posts"}],"about":[{"href":"https:\/\/t-pas-net.com\/librCritN\/wp-json\/wp\/v2\/types\/post"}],"author":[{"embeddable":true,"href":"https:\/\/t-pas-net.com\/librCritN\/wp-json\/wp\/v2\/users\/2"}],"replies":[{"embeddable":true,"href":"https:\/\/t-pas-net.com\/librCritN\/wp-json\/wp\/v2\/comments?post=3068"}],"version-history":[{"count":10,"href":"https:\/\/t-pas-net.com\/librCritN\/wp-json\/wp\/v2\/posts\/3068\/revisions"}],"predecessor-version":[{"id":3094,"href":"https:\/\/t-pas-net.com\/librCritN\/wp-json\/wp\/v2\/posts\/3068\/revisions\/3094"}],"wp:featuredmedia":[{"embeddable":true,"href":"https:\/\/t-pas-net.com\/librCritN\/wp-json\/wp\/v2\/media\/1405"}],"wp:attachment":[{"href":"https:\/\/t-pas-net.com\/librCritN\/wp-json\/wp\/v2\/media?parent=3068"}],"wp:term":[{"taxonomy":"category","embeddable":true,"href":"https:\/\/t-pas-net.com\/librCritN\/wp-json\/wp\/v2\/categories?post=3068"},{"taxonomy":"post_tag","embeddable":true,"href":"https:\/\/t-pas-net.com\/librCritN\/wp-json\/wp\/v2\/tags?post=3068"}],"curies":[{"name":"wp","href":"https:\/\/api.w.org\/{rel}","templated":true}]}}