{"id":3153,"date":"2022-09-18T17:47:27","date_gmt":"2022-09-18T15:47:27","guid":{"rendered":"http:\/\/t-pas-net.com\/librCritN\/?p=3153"},"modified":"2022-09-18T17:49:03","modified_gmt":"2022-09-18T15:49:03","slug":"chronique-pascale-petit-pas-de-printemps-pour-acapulco-par-bruno-fern","status":"publish","type":"post","link":"https:\/\/t-pas-net.com\/librCritN\/2022\/09\/18\/chronique-pascale-petit-pas-de-printemps-pour-acapulco-par-bruno-fern\/","title":{"rendered":"[Chronique] Pascale Petit, Pas de printemps pour Acapulco, par Bruno Fern"},"content":{"rendered":"<p class=\"information\" style=\"text-align: justify;\"><em>Pascale Petit<\/em>, <em><b>Pas de printemps<\/b><\/em><b> <i>pour Acapulco<\/i><\/b>, S\u00e9rie discr\u00e8te, printemps 2022, 72 pages, 14 \u20ac, ISBN\u00a0: 978-2-9576942-2-8.<\/p>\n<p>&nbsp;<\/p>\n<p class=\"Standard\" style=\"text-align: justify;\">D\u2019embl\u00e9e, ce nouveau livre de Pascale Petit est plac\u00e9 sous le signe du r\u00eave puisque les deux <img loading=\"lazy\" decoding=\"async\" class=\"alignleft size-full wp-image-3157\" src=\"http:\/\/t-pas-net.com\/librCritN\/wp-content\/uploads\/2022\/09\/Pascale-Petit.jpg\" alt=\"\" width=\"220\" height=\"220\" srcset=\"https:\/\/t-pas-net.com\/librCritN\/wp-content\/uploads\/2022\/09\/Pascale-Petit.jpg 220w, https:\/\/t-pas-net.com\/librCritN\/wp-content\/uploads\/2022\/09\/Pascale-Petit-150x150.jpg 150w, https:\/\/t-pas-net.com\/librCritN\/wp-content\/uploads\/2022\/09\/Pascale-Petit-144x144.jpg 144w, https:\/\/t-pas-net.com\/librCritN\/wp-content\/uploads\/2022\/09\/Pascale-Petit-75x75.jpg 75w\" sizes=\"auto, (max-width: 220px) 100vw, 220px\" \/>citations liminaires sont pr\u00e9sent\u00e9es comme extraites de<i> ndlr<\/i> qui, pr\u00e9cise l\u2019auteure, ne signifie pas ici <i>note de la r\u00e9daction <\/i>mais<i> notes de la r\u00eaveuse<\/i>. En effet, la dimension onirique est omnipr\u00e9sente dans cet ouvrage fait d\u2019une seule suite de lignes que l\u2019on pourrait rattacher \u00e0 la <i>prose coup\u00e9e<\/i> ch\u00e8re \u00e0 Jean-Christophe Bailly (<i>Basse continue<\/i>, Seuil, 2000) \u2013 et ce m\u00eame si l\u2019on trouve quelques marques habituellement associ\u00e9es \u00e0 la pratique du vers, telle la rime\u00a0: \u00ab\u00a0l\u00e9ger trouble de surface \/ surf sous la menace \/ comment g\u00e9rer sa masse \/ corporelle dans l\u2019espace\u00a0?\u00a0\u00bb Il s\u2019agirait plut\u00f4t d\u2019un r\u00eave \u00e9veill\u00e9 dont la tonalit\u00e9 g\u00e9n\u00e9rale est indiqu\u00e9e d\u00e8s le d\u00e9but\u00a0: \u00ab\u00a0mes cauchemars passent \u00e0 la t\u00e9l\u00e9\u00a0\u00bb, affirmation qui, h\u00e9las, rappelle ladite actualit\u00e9 de ces derniers temps, entre guerres et r\u00e9chauffement climatique de plus en plus destructeur.<\/p>\n<div style=\"text-align: justify;\">\n<p class=\"Standard\">Pour tresser ce long fil m\u00ealant fran\u00e7ais et globish, Pascale Petit a effectu\u00e9 des pr\u00e9l\u00e8vements dans diff\u00e9rents discours issus des r\u00e9seaux sociaux, des slogans publicitaires ou politiques, etc., dont le point commun est qu\u2019ils constituent cette masse verbale \u00e0 travers laquelle, en parlant, nous sommes le plus souvent <i>parl\u00e9s<\/i>. M\u00eame si la plupart de ces \u00e9nonc\u00e9s sont tenus \u00e0 la premi\u00e8re personne du singulier, cette derni\u00e8re, malgr\u00e9 l\u2019apparition fr\u00e9quente d\u2019un <i>tu<\/i>, semble surtout s\u2019adresser \u00e0 elle-m\u00eame, peut-\u00eatre pour mieux souligner un enfermement int\u00e9rieur. Par ailleurs, l\u2019absence totale de majuscules pourrait s\u2019interpr\u00e9ter comme le r\u00e9sultat d\u2019un arasement, rien n\u2019appartenant en <i>propre <\/i>ni<i> <\/i>\u00e0 des individus ni \u00e0 des lieux devenus interchangeables<i>.<\/i> Cela<img loading=\"lazy\" decoding=\"async\" class=\"alignright size-full wp-image-3156\" src=\"http:\/\/t-pas-net.com\/librCritN\/wp-content\/uploads\/2022\/09\/PetitAcapulco.jpg\" alt=\"\" width=\"220\" height=\"310\" srcset=\"https:\/\/t-pas-net.com\/librCritN\/wp-content\/uploads\/2022\/09\/PetitAcapulco.jpg 220w, https:\/\/t-pas-net.com\/librCritN\/wp-content\/uploads\/2022\/09\/PetitAcapulco-213x300.jpg 213w, https:\/\/t-pas-net.com\/librCritN\/wp-content\/uploads\/2022\/09\/PetitAcapulco-106x150.jpg 106w\" sizes=\"auto, (max-width: 220px) 100vw, 220px\" \/> dit, l\u2019auteure glisse de multiples grains de sable dans cette universelle machinerie de la com tous azimuts. Pour y parvenir, sa principale m\u00e9thode est le montage qui produit souvent des encha\u00eenements cocasses (\u00ab\u00a0pourquoi payer plus cher ton monte-escalier\u00a0? \/ essaye dieu \u00e7a ouvre des portes\u00a0\u00bb) et des r\u00e9p\u00e9titions \u00e9voquant autant le matraquage de la pub que celui des infos en continu, jusqu\u2019\u00e0 ce que le disque soit ray\u00e9 (\u00ab \u00eatre accro au shopping c\u2019est bon pour la for\u00eat \/ bon pour la for\u00eat \/ bon pour la for\u00eat \/ bon pour la for\u00eat\u00a0\u00bb). Elle recourt \u00e9galement \u00e0 des d\u00e9tournements divers\u00a0: \u00ab\u00a0t\u2019es plut\u00f4t \/ ol\u00e9oducs ou mines de diamants\u00a0? \/ chasse aux phoques ou aurores bor\u00e9ales\u00a0? \/ safari \u00e0 plusieurs ou d\u00e9sarroi tout seul\u00a0?\u00a0\u00bb De nombreux tics de l\u2019individu occidental moyen passent \u00e0 la moulinette implacable de Pascale Petit\u00a0: narcissisme exacerb\u00e9 par les recettes du d\u00e9veloppement personnel (\u00ab\u00a0je respire plus profond\u00e9ment pendant les heures creuses \/ le matin je suis plus en forme \/ je suis optimiste pour la fin de l\u2019ann\u00e9e \/ je m\u00e2che avec les dents du fond \/ j\u2019appelle \u00e7a l\u2019harmonie parfaite \u00bb), fantasmes de toute-puissance (\u00ab\u00a0j\u2019aime mon sac i love my bag \/ et mon portable peut me dire le prix du kilo de bananes \/ solidaire des crocodiles du lac apopka je peux r\u00e9agir \/ je peux r\u00e9agir tous les jours 24 heures sur 24\u00a0\u00bb), tourisme compulsif (\u00ab\u00a0PENSEZ D\u00c9J\u00c0 \u00c0 VOS VACANCES \u00c0 TUVALU \/ LE SIXI\u00c8ME CONTINENT VOUS ATTEND\u00a0\u00bb),\u00a0 hyper-consommation (\u00ab\u00a0je le veux \/ je l\u2019ai d\u00e9j\u00e0 \/ je le veux \/ je l\u2019ai d\u00e9j\u00e0 \/ je l\u2019ai d\u00e9j\u00e0 \/ je le veux encore\u00a0\u00bb), etc.<\/p>\n<\/div>\n<div style=\"text-align: justify;\">\n<p class=\"Standard\">Ainsi, de fa\u00e7on aussi grave que dr\u00f4le, l\u2019auteure montre \u00e0 quel point l\u2019imaginaire de chacun, \u00ab\u00a0sa vie r\u00eav\u00e9e\u00a0\u00bb, est en fait gangren\u00e9 par tous ces discours qui m\u00e8nent droit \u00e0 la d\u00e9personnalisation dans un monde trop virtuel pour \u00eatre vrai\u00a0: \u00ab\u00a0je me cherche \/ ne me trouve pas \/ je suis en hiver \/ avec des hommes nus sur un mur \/ je ne me suis pas perdue \/ mais je ne sais plus o\u00f9 je suis\u00a0\u00bb Comme para\u00eet le sugg\u00e9rer la fin du livre, la solution serait probablement de se mettre en retrait, d\u2019arr\u00eater de r\u00e9pondre sans cesse aux incessantes sollicitations \/ injonctions\u00a0: \u00ab\u00a0ne m\u2019\u00e9cris plus quand je te parle\u00a0\u00bb, autrement dit par Imre Kert\u00e9sz\u00a0: \u00ab Je ne consomme pas et je ne suis pas consommable\u00a0\u00bb\u00a0(<i>Le Refus<\/i>, Actes Sud, 2001).<\/p>\n<\/div>\n<div>\n<p class=\"Standard\" style=\"text-align: justify;\">\n<\/div>\n","protected":false},"excerpt":{"rendered":"<p>Pascale Petit, Pas de printemps pour Acapulco, S\u00e9rie discr\u00e8te, printemps 2022, 72 pages, 14 \u20ac, ISBN\u00a0: 978-2-9576942-2-8. &nbsp; D\u2019embl\u00e9e, ce nouveau livre de Pascale Petit est plac\u00e9 sous le signe du r\u00eave puisque les deux citations liminaires sont pr\u00e9sent\u00e9es comme extraites de ndlr qui, pr\u00e9cise l\u2019auteure, ne signifie pas ici note de la r\u00e9daction mais notes de la r\u00eaveuse. En effet, la dimension onirique est omnipr\u00e9sente dans cet ouvrage fait d\u2019une seule suite de lignes que l\u2019on pourrait rattacher \u00e0 la prose coup\u00e9e ch\u00e8re \u00e0 Jean-Christophe Bailly (Basse continue, Seuil, 2000) \u2013 et ce m\u00eame si l\u2019on trouve quelques marques habituellement associ\u00e9es \u00e0 la pratique du vers, telle la rime\u00a0: \u00ab\u00a0l\u00e9ger trouble de surface \/ surf sous la menace \/ comment g\u00e9rer sa masse \/ corporelle dans l\u2019espace\u00a0?\u00a0\u00bb Il s\u2019agirait plut\u00f4t d\u2019un r\u00eave \u00e9veill\u00e9 dont la tonalit\u00e9 g\u00e9n\u00e9rale est indiqu\u00e9e d\u00e8s le d\u00e9but\u00a0: \u00ab\u00a0mes cauchemars passent \u00e0 la t\u00e9l\u00e9\u00a0\u00bb, affirmation qui, h\u00e9las, rappelle ladite actualit\u00e9 de ces derniers temps, entre guerres et r\u00e9chauffement climatique de plus en plus destructeur. Pour tresser ce long fil m\u00ealant fran\u00e7ais et globish, Pascale Petit a effectu\u00e9 des pr\u00e9l\u00e8vements dans diff\u00e9rents discours issus des r\u00e9seaux sociaux, des slogans publicitaires ou politiques, etc., dont le point commun est qu\u2019ils constituent cette masse verbale \u00e0 travers laquelle, en parlant, nous sommes le plus souvent parl\u00e9s. M\u00eame si la plupart de ces \u00e9nonc\u00e9s sont tenus \u00e0 la premi\u00e8re personne du singulier, cette derni\u00e8re, malgr\u00e9 l\u2019apparition fr\u00e9quente d\u2019un tu, semble surtout s\u2019adresser \u00e0 elle-m\u00eame, peut-\u00eatre pour mieux souligner un enfermement int\u00e9rieur. Par ailleurs, l\u2019absence totale de majuscules pourrait s\u2019interpr\u00e9ter comme le r\u00e9sultat d\u2019un arasement, rien n\u2019appartenant en propre ni \u00e0 des individus ni \u00e0 des lieux devenus interchangeables. Cela dit, l\u2019auteure glisse de multiples grains de sable dans cette universelle machinerie de la com tous azimuts. Pour y parvenir, sa principale m\u00e9thode est le montage qui produit souvent des encha\u00eenements cocasses (\u00ab\u00a0pourquoi payer plus cher ton monte-escalier\u00a0? \/ essaye dieu \u00e7a ouvre des portes\u00a0\u00bb) et des r\u00e9p\u00e9titions \u00e9voquant autant le matraquage de la pub que celui des infos en continu, jusqu\u2019\u00e0 ce que le disque soit ray\u00e9 (\u00ab \u00eatre accro au shopping c\u2019est bon pour la for\u00eat \/ bon pour la for\u00eat \/ bon pour la for\u00eat \/ bon pour la for\u00eat\u00a0\u00bb). Elle recourt \u00e9galement \u00e0 des d\u00e9tournements divers\u00a0: \u00ab\u00a0t\u2019es plut\u00f4t \/ ol\u00e9oducs ou mines de diamants\u00a0? \/ chasse aux phoques ou aurores bor\u00e9ales\u00a0? \/ safari \u00e0 plusieurs ou d\u00e9sarroi tout seul\u00a0?\u00a0\u00bb De nombreux tics de l\u2019individu occidental moyen passent \u00e0 la moulinette implacable de Pascale Petit\u00a0: narcissisme exacerb\u00e9 par les recettes du d\u00e9veloppement personnel (\u00ab\u00a0je respire plus profond\u00e9ment pendant les heures creuses \/ le matin je suis plus en forme \/ je suis optimiste pour la fin de l\u2019ann\u00e9e \/ je m\u00e2che avec les dents du fond \/ j\u2019appelle \u00e7a l\u2019harmonie parfaite \u00bb), fantasmes de toute-puissance (\u00ab\u00a0j\u2019aime mon sac i love my bag \/ et mon portable peut me dire le prix du kilo de bananes \/ solidaire des crocodiles du lac apopka je peux r\u00e9agir \/ je peux r\u00e9agir tous les jours 24 heures sur 24\u00a0\u00bb), tourisme compulsif (\u00ab\u00a0PENSEZ D\u00c9J\u00c0 \u00c0 VOS VACANCES \u00c0 TUVALU \/ LE SIXI\u00c8ME CONTINENT VOUS ATTEND\u00a0\u00bb),\u00a0 hyper-consommation (\u00ab\u00a0je le veux \/ je l\u2019ai d\u00e9j\u00e0 \/ je le veux \/ je l\u2019ai d\u00e9j\u00e0 \/ je l\u2019ai d\u00e9j\u00e0 \/ je le veux encore\u00a0\u00bb), etc. Ainsi, de fa\u00e7on aussi grave que dr\u00f4le, l\u2019auteure montre \u00e0 quel point l\u2019imaginaire de chacun, \u00ab\u00a0sa vie r\u00eav\u00e9e\u00a0\u00bb, est en fait gangren\u00e9 par tous ces discours qui m\u00e8nent droit \u00e0 la d\u00e9personnalisation dans un monde trop virtuel pour \u00eatre vrai\u00a0: \u00ab\u00a0je me cherche \/ ne me trouve pas \/ je suis en hiver \/ avec des hommes nus sur un mur \/ je ne me suis pas perdue \/ mais je ne sais plus o\u00f9 je suis\u00a0\u00bb Comme para\u00eet le sugg\u00e9rer la fin du livre, la solution serait probablement de se mettre en retrait, d\u2019arr\u00eater de r\u00e9pondre sans cesse aux incessantes sollicitations \/ injonctions\u00a0: \u00ab\u00a0ne m\u2019\u00e9cris plus quand je te parle\u00a0\u00bb, autrement dit par Imre Kert\u00e9sz\u00a0: \u00ab Je ne consomme pas et je ne suis pas consommable\u00a0\u00bb\u00a0(Le Refus, Actes Sud, 2001).<\/p>\n","protected":false},"author":1,"featured_media":3155,"comment_status":"open","ping_status":"open","sticky":false,"template":"","format":"standard","meta":{"footnotes":""},"categories":[35,7,2],"tags":[75,278,1739,948,1737,1738],"class_list":["post-3153","post","type-post","status-publish","format-standard","has-post-thumbnail","hentry","category-chronique","category-livres-recus","category-une","tag-bruno-fern","tag-editions-serie-discrete","tag-imre-kertesz","tag-jean-christophe-bailly","tag-pascale-petit","tag-petit-critique-sociale"],"post_mailing_queue_ids":[],"_links":{"self":[{"href":"https:\/\/t-pas-net.com\/librCritN\/wp-json\/wp\/v2\/posts\/3153","targetHints":{"allow":["GET"]}}],"collection":[{"href":"https:\/\/t-pas-net.com\/librCritN\/wp-json\/wp\/v2\/posts"}],"about":[{"href":"https:\/\/t-pas-net.com\/librCritN\/wp-json\/wp\/v2\/types\/post"}],"author":[{"embeddable":true,"href":"https:\/\/t-pas-net.com\/librCritN\/wp-json\/wp\/v2\/users\/1"}],"replies":[{"embeddable":true,"href":"https:\/\/t-pas-net.com\/librCritN\/wp-json\/wp\/v2\/comments?post=3153"}],"version-history":[{"count":3,"href":"https:\/\/t-pas-net.com\/librCritN\/wp-json\/wp\/v2\/posts\/3153\/revisions"}],"predecessor-version":[{"id":3159,"href":"https:\/\/t-pas-net.com\/librCritN\/wp-json\/wp\/v2\/posts\/3153\/revisions\/3159"}],"wp:featuredmedia":[{"embeddable":true,"href":"https:\/\/t-pas-net.com\/librCritN\/wp-json\/wp\/v2\/media\/3155"}],"wp:attachment":[{"href":"https:\/\/t-pas-net.com\/librCritN\/wp-json\/wp\/v2\/media?parent=3153"}],"wp:term":[{"taxonomy":"category","embeddable":true,"href":"https:\/\/t-pas-net.com\/librCritN\/wp-json\/wp\/v2\/categories?post=3153"},{"taxonomy":"post_tag","embeddable":true,"href":"https:\/\/t-pas-net.com\/librCritN\/wp-json\/wp\/v2\/tags?post=3153"}],"curies":[{"name":"wp","href":"https:\/\/api.w.org\/{rel}","templated":true}]}}