{"id":3166,"date":"2022-09-22T20:01:45","date_gmt":"2022-09-22T18:01:45","guid":{"rendered":"http:\/\/t-pas-net.com\/librCritN\/?p=3166"},"modified":"2022-09-22T20:01:45","modified_gmt":"2022-09-22T18:01:45","slug":"news-libr-news-dautomne","status":"publish","type":"post","link":"https:\/\/t-pas-net.com\/librCritN\/2022\/09\/22\/news-libr-news-dautomne\/","title":{"rendered":"[News] Libr-news d&rsquo;automne"},"content":{"rendered":"<div class=\"yiv1948074342\">\n<div class=\"yiv1948074342\">\n<div class=\"yiv1948074342\">\n<div class=\"yiv1948074342\">\n<div class=\"yiv1948074342\">\n<div class=\"yiv1948074342\">\n<div class=\"yiv1948074342page\" title=\"Page 1\">\n<div class=\"yiv1948074342layoutArea\">\n<div class=\"yiv1948074342column\">\n<div class=\"yiv1948074342\" style=\"text-align: justify;\"><span class=\"yiv1948074342\"><span class=\"yiv1948074342\" style=\"color: #ff2600;\"><strong><span style=\"color: #000000;\">\u25ba<\/span>\u00a0<span style=\"background-color: #ffff00;\">Le Vendredi 23 SEPTEMBRE<span style=\"color: #000000;\">,<\/span><\/span><\/strong><\/span><\/span><span style=\"background-color: #ffff00;\"><strong><span class=\"yiv1948074342\">A PARTIR DE 19 HEURES\u00a0<\/span><span class=\"yiv1948074342\">DANS LA SALLE MULTI activite\u0301s DE\u00a0<\/span><\/strong><\/span><span class=\"yiv1948074342\" style=\"font-family: Engravers MT;\"><span class=\"yiv1948074342\"><span style=\"background-color: #ffff00;\"><strong>CHAMPCELLA<\/strong><\/span> (05310 \u2013 182 habitants) :<\/span><\/span><\/div>\n<p class=\"yiv1948074342\" style=\"text-align: justify;\"><span class=\"yiv1948074342\" style=\"font-family: Engravers MT;\"><span class=\"yiv1948074342\">L\u2019e\u0301crivain, Cre\u0301ateur DE REVUES ET DE JOURNAUX L\u2019ARTISTE, LE Poe\u0300te\u00a0<\/span><\/span><span class=\"yiv1948074342\"><span class=\"yiv1948074342\" style=\"font-family: Engravers MT;\">JULIEN BLAINE :\u00a0<\/span><\/span><span class=\"yiv1948074342\"><span class=\"yiv1948074342\" style=\"font-family: Engravers MT;\">\u00ab J\u2019e\u0301cris DANS LE NOIR\u00a0\u00bb (<\/span><\/span><span style=\"font-family: 'Engravers MT';\">Entre\u0301e libre).<\/span><\/p>\n<\/div>\n<\/div>\n<\/div>\n<p class=\"yiv1948074342MsoNormal\" style=\"text-align: center;\"><i class=\"yiv1948074342\"><span class=\"yiv1948074342\">Je parle dans le noir.<\/span><\/i><\/p>\n<p class=\"yiv1948074342MsoNormal\" style=\"text-align: center;\"><i class=\"yiv1948074342\"><span class=\"yiv1948074342\">Dans le noir ce que j\u2019avais \u00e9crit \u00e0 la lumi\u00e8re&#8230;.<\/span><\/i><\/p>\n<p class=\"yiv1948074342MsoNormal\" style=\"text-align: center;\"><i class=\"yiv1948074342\"><span class=\"yiv1948074342\">Parler dans le noir<\/span><\/i><\/p>\n<p class=\"yiv1948074342MsoNormal\" style=\"text-align: center;\"><i class=\"yiv1948074342\"><span class=\"yiv1948074342\">pour que personne n\u2019entende tandis que tout le monde \u00e9coute\u2026\u00a0<\/span><\/i><\/p>\n<p class=\"yiv1948074342MsoNormal\" style=\"text-align: center;\"><i class=\"yiv1948074342\"><span class=\"yiv1948074342\">Le noir autorise \u00e7a :<\/span><\/i><\/p>\n<p class=\"yiv1948074342MsoNormal\" style=\"text-align: center;\"><i class=\"yiv1948074342\"><span class=\"yiv1948074342\">L\u2019\u00e9coute et le malentendu\u2028\u00a0<\/span><\/i><\/p>\n<p style=\"text-align: center;\"><img loading=\"lazy\" decoding=\"async\" class=\"aligncenter size-full wp-image-3168\" src=\"http:\/\/t-pas-net.com\/librCritN\/wp-content\/uploads\/2022\/09\/BlaineNuit.jpg\" alt=\"\" width=\"540\" height=\"390\" srcset=\"https:\/\/t-pas-net.com\/librCritN\/wp-content\/uploads\/2022\/09\/BlaineNuit.jpg 540w, https:\/\/t-pas-net.com\/librCritN\/wp-content\/uploads\/2022\/09\/BlaineNuit-300x217.jpg 300w, https:\/\/t-pas-net.com\/librCritN\/wp-content\/uploads\/2022\/09\/BlaineNuit-150x108.jpg 150w, https:\/\/t-pas-net.com\/librCritN\/wp-content\/uploads\/2022\/09\/BlaineNuit-366x264.jpg 366w\" sizes=\"auto, (max-width: 540px) 100vw, 540px\" \/><\/p>\n<\/div>\n<\/div>\n<p style=\"text-align: center;\"><strong>\u25ba\u00a0<img loading=\"lazy\" decoding=\"async\" class=\"aligncenter size-full wp-image-3169\" src=\"http:\/\/t-pas-net.com\/librCritN\/wp-content\/uploads\/2022\/09\/densitesa3qr.jpg\" alt=\"\" width=\"540\" height=\"760\" srcset=\"https:\/\/t-pas-net.com\/librCritN\/wp-content\/uploads\/2022\/09\/densitesa3qr.jpg 540w, https:\/\/t-pas-net.com\/librCritN\/wp-content\/uploads\/2022\/09\/densitesa3qr-213x300.jpg 213w, https:\/\/t-pas-net.com\/librCritN\/wp-content\/uploads\/2022\/09\/densitesa3qr-107x150.jpg 107w, https:\/\/t-pas-net.com\/librCritN\/wp-content\/uploads\/2022\/09\/densitesa3qr-366x515.jpg 366w\" sizes=\"auto, (max-width: 540px) 100vw, 540px\" \/><\/strong><\/p>\n<\/div>\n<\/div>\n<p>&nbsp;<\/p>\n<p style=\"text-align: justify;\"><strong>\u25ba\u00a0<span style=\"background-color: #ffff00;\">La 8e biennale internationale du livre d\u2019artiste de l\u2019association Artlibris de Dives-sur-Mer<\/span><\/strong> se tiendra sous les halles du XIVe si\u00e8cle les <span style=\"background-color: #ffff00;\"><strong>24,25 et 26 septembre 2022<\/strong><\/span>. Comme pour chaque \u00e9dition, les artistes sont \u00a0invit\u00e9s \u00e0 exposer, pr\u00e9senter et vendre leurs \u0153uvres lors de cette manifestation.<\/p>\n<p style=\"text-align: justify;\">L\u2019invit\u00e9e d\u2019honneur de cette \u00e9dition est l\u2019artiste breton <span style=\"background-color: #ffff00;\"><strong>Christian Prigent<\/strong><\/span>, \u00e9crivain, po\u00e8te, critique litt\u00e9raire, provocateur et contestataire. Le <strong>dimanche 25 septembre, \u00e0 11 h<\/strong> : <strong>lecture et entretien avec le peintre Philippe Boutibonnes<\/strong>. Halles m\u00e9di\u00e9vales de Dives-sur-mer, rue Paul Canta, 14160 Dives-sur-Mer. Contact :\u00a0 Association Artlibris. T\u00e9l :\u00a0 02 31 24 29 27 ou 02 31 91 72 77. Email :<a class=\"yiv1868543702\" href=\"mailto:contact@artlibris-dives.fr\" target=\"_blank\" rel=\"nofollow noopener noreferrer\">contact@artlibris-dives.fr<\/a><\/p>\n<p style=\"text-align: justify;\"><strong>Le programme<\/strong> complet est disponible <a title=\"ici\" href=\"http:\/\/artlibris-dives.fr\/wp-content\/uploads\/2022\/08\/2022-Programme_biennale_complet.pdf\"><strong>ici<\/strong>.<\/a><\/p>\n<p style=\"text-align: center;\"><img loading=\"lazy\" decoding=\"async\" class=\"aligncenter size-full wp-image-3171\" src=\"http:\/\/t-pas-net.com\/librCritN\/wp-content\/uploads\/2022\/09\/Biennale2022CP.jpg\" alt=\"\" width=\"540\" height=\"760\" srcset=\"https:\/\/t-pas-net.com\/librCritN\/wp-content\/uploads\/2022\/09\/Biennale2022CP.jpg 540w, https:\/\/t-pas-net.com\/librCritN\/wp-content\/uploads\/2022\/09\/Biennale2022CP-213x300.jpg 213w, https:\/\/t-pas-net.com\/librCritN\/wp-content\/uploads\/2022\/09\/Biennale2022CP-107x150.jpg 107w, https:\/\/t-pas-net.com\/librCritN\/wp-content\/uploads\/2022\/09\/Biennale2022CP-366x515.jpg 366w\" sizes=\"auto, (max-width: 540px) 100vw, 540px\" \/><\/p>\n<\/div>\n<p style=\"text-align: center;\"><strong>\u25ba\u00a0<img loading=\"lazy\" decoding=\"async\" class=\"aligncenter size-full wp-image-3173\" src=\"http:\/\/t-pas-net.com\/librCritN\/wp-content\/uploads\/2022\/09\/BertinDejeammes.jpg\" alt=\"\" width=\"540\" height=\"400\" srcset=\"https:\/\/t-pas-net.com\/librCritN\/wp-content\/uploads\/2022\/09\/BertinDejeammes.jpg 540w, https:\/\/t-pas-net.com\/librCritN\/wp-content\/uploads\/2022\/09\/BertinDejeammes-300x222.jpg 300w, https:\/\/t-pas-net.com\/librCritN\/wp-content\/uploads\/2022\/09\/BertinDejeammes-150x111.jpg 150w, https:\/\/t-pas-net.com\/librCritN\/wp-content\/uploads\/2022\/09\/BertinDejeammes-366x271.jpg 366w\" sizes=\"auto, (max-width: 540px) 100vw, 540px\" \/><\/strong><\/p>\n<p><strong>\u25ba <img loading=\"lazy\" decoding=\"async\" class=\"aligncenter size-full wp-image-3174\" src=\"http:\/\/t-pas-net.com\/librCritN\/wp-content\/uploads\/2022\/09\/ExpoCabanis.jpg\" alt=\"\" width=\"540\" height=\"380\" srcset=\"https:\/\/t-pas-net.com\/librCritN\/wp-content\/uploads\/2022\/09\/ExpoCabanis.jpg 540w, https:\/\/t-pas-net.com\/librCritN\/wp-content\/uploads\/2022\/09\/ExpoCabanis-300x211.jpg 300w, https:\/\/t-pas-net.com\/librCritN\/wp-content\/uploads\/2022\/09\/ExpoCabanis-150x106.jpg 150w, https:\/\/t-pas-net.com\/librCritN\/wp-content\/uploads\/2022\/09\/ExpoCabanis-366x258.jpg 366w\" sizes=\"auto, (max-width: 540px) 100vw, 540px\" \/><\/strong><\/p>\n<\/div>\n","protected":false},"excerpt":{"rendered":"<p>\u25ba\u00a0Le Vendredi 23 SEPTEMBRE,A PARTIR DE 19 HEURES\u00a0DANS LA SALLE MULTI activite\u0301s DE\u00a0CHAMPCELLA (05310 \u2013 182 habitants) : L\u2019e\u0301crivain, Cre\u0301ateur DE REVUES ET DE JOURNAUX L\u2019ARTISTE, LE Poe\u0300te\u00a0JULIEN BLAINE :\u00a0\u00ab J\u2019e\u0301cris DANS LE NOIR\u00a0\u00bb (Entre\u0301e libre). Je parle dans le noir. Dans le noir ce que j\u2019avais \u00e9crit \u00e0 la lumi\u00e8re&#8230;. Parler dans le noir pour que personne n\u2019entende tandis que tout le monde \u00e9coute\u2026\u00a0 Le noir autorise \u00e7a : L\u2019\u00e9coute et le malentendu\u2028\u00a0 \u25ba\u00a0 &nbsp; \u25ba\u00a0La 8e biennale internationale du livre d\u2019artiste de l\u2019association Artlibris de Dives-sur-Mer se tiendra sous les halles du XIVe si\u00e8cle les 24,25 et 26 septembre 2022. Comme pour chaque \u00e9dition, les artistes sont \u00a0invit\u00e9s \u00e0 exposer, pr\u00e9senter et vendre leurs \u0153uvres lors de cette manifestation. L\u2019invit\u00e9e d\u2019honneur de cette \u00e9dition est l\u2019artiste breton Christian Prigent, \u00e9crivain, po\u00e8te, critique litt\u00e9raire, provocateur et contestataire. Le dimanche 25 septembre, \u00e0 11 h : lecture et entretien avec le peintre Philippe Boutibonnes. Halles m\u00e9di\u00e9vales de Dives-sur-mer, rue Paul Canta, 14160 Dives-sur-Mer. Contact :\u00a0 Association Artlibris. T\u00e9l :\u00a0 02 31 24 29 27 ou 02 31 91 72 77. Email :contact@artlibris-dives.fr Le programme complet est disponible ici. \u25ba\u00a0 \u25ba<\/p>\n","protected":false},"author":2,"featured_media":2118,"comment_status":"open","ping_status":"open","sticky":false,"template":"","format":"standard","meta":{"footnotes":""},"categories":[10,2],"tags":[1741,38,322,1740,1742,85,183,368,1743,767],"class_list":["post-3166","post","type-post","status-publish","format-standard","has-post-thumbnail","hentry","category-news","category-une","tag-biennale-artlibris","tag-christian-prigent","tag-daniel-cabanis","tag-festival-densites-2022","tag-jerome-bertin","tag-julien-blaine","tag-maxime-h-pascal","tag-philippe-boutibonnes","tag-philippe-bruno","tag-thomas-dejeammes"],"post_mailing_queue_ids":[],"_links":{"self":[{"href":"https:\/\/t-pas-net.com\/librCritN\/wp-json\/wp\/v2\/posts\/3166","targetHints":{"allow":["GET"]}}],"collection":[{"href":"https:\/\/t-pas-net.com\/librCritN\/wp-json\/wp\/v2\/posts"}],"about":[{"href":"https:\/\/t-pas-net.com\/librCritN\/wp-json\/wp\/v2\/types\/post"}],"author":[{"embeddable":true,"href":"https:\/\/t-pas-net.com\/librCritN\/wp-json\/wp\/v2\/users\/2"}],"replies":[{"embeddable":true,"href":"https:\/\/t-pas-net.com\/librCritN\/wp-json\/wp\/v2\/comments?post=3166"}],"version-history":[{"count":4,"href":"https:\/\/t-pas-net.com\/librCritN\/wp-json\/wp\/v2\/posts\/3166\/revisions"}],"predecessor-version":[{"id":3175,"href":"https:\/\/t-pas-net.com\/librCritN\/wp-json\/wp\/v2\/posts\/3166\/revisions\/3175"}],"wp:featuredmedia":[{"embeddable":true,"href":"https:\/\/t-pas-net.com\/librCritN\/wp-json\/wp\/v2\/media\/2118"}],"wp:attachment":[{"href":"https:\/\/t-pas-net.com\/librCritN\/wp-json\/wp\/v2\/media?parent=3166"}],"wp:term":[{"taxonomy":"category","embeddable":true,"href":"https:\/\/t-pas-net.com\/librCritN\/wp-json\/wp\/v2\/categories?post=3166"},{"taxonomy":"post_tag","embeddable":true,"href":"https:\/\/t-pas-net.com\/librCritN\/wp-json\/wp\/v2\/tags?post=3166"}],"curies":[{"name":"wp","href":"https:\/\/api.w.org\/{rel}","templated":true}]}}