{"id":3209,"date":"2022-10-09T20:53:40","date_gmt":"2022-10-09T18:53:40","guid":{"rendered":"http:\/\/t-pas-net.com\/librCritN\/?p=3209"},"modified":"2022-10-10T19:45:57","modified_gmt":"2022-10-10T17:45:57","slug":"news-news-du-dimanche-60","status":"publish","type":"post","link":"https:\/\/t-pas-net.com\/librCritN\/2022\/10\/09\/news-news-du-dimanche-60\/","title":{"rendered":"[News] News du dimanche"},"content":{"rendered":"<p>Avec le mois d&rsquo;octobre, on retrouvera avec plaisir le Festival MidiMinuit po\u00e9sie (Nantes) et le Salon de la revue, entre autres <strong>Libr-\u00e9v\u00e9nements<\/strong>&#8230; et aussi les <strong>Nouvelles aventures d&rsquo;Ovaine<\/strong> (Tristan Felix), juste apr\u00e8s le point de vue de Jacques Demarcq sur le Nobel. Mais auparavant, en UNE, le dernier livre de S\u00e9verine Daucourt, qu&rsquo;il faut lire \u00e9perdu(e)ment&#8230;<\/p>\n<p>&nbsp;<\/p>\n<p style=\"text-align: center;\"><span style=\"background-color: #ff0000; color: #ffffff;\"><strong>Livre \u00e0 la UNE \/FT\/<\/strong><\/span><\/p>\n<p style=\"text-align: justify;\">S\u00e9verine DAUCOURT, <strong><em>Les \u00c9perdu(e)s. Petit pr\u00e9cis de psychiatrie po\u00e9tique<\/em><\/strong>, Lanskine, parution en librairie en fin de semaine, 92 pages, 15 \u20ac, ISBN : 978-2-35963-080-0.<\/p>\n<p style=\"text-align: justify;\"><img loading=\"lazy\" decoding=\"async\" class=\"alignleft size-full wp-image-3224\" src=\"http:\/\/t-pas-net.com\/librCritN\/wp-content\/uploads\/2022\/10\/Eperdues.jpg\" alt=\"\" width=\"220\" height=\"330\" srcset=\"https:\/\/t-pas-net.com\/librCritN\/wp-content\/uploads\/2022\/10\/Eperdues.jpg 220w, https:\/\/t-pas-net.com\/librCritN\/wp-content\/uploads\/2022\/10\/Eperdues-200x300.jpg 200w, https:\/\/t-pas-net.com\/librCritN\/wp-content\/uploads\/2022\/10\/Eperdues-100x150.jpg 100w\" sizes=\"auto, (max-width: 220px) 100vw, 220px\" \/>Ce passionnant et frappant <em>Petit pr\u00e9cis de psychiatrie po\u00e9tique<\/em> fait entrer en r\u00e9sonance trois discours. Tout d&rsquo;abord, le r\u00e9cit circonstanci\u00e9, dont les phrases commencent toujours par une circonstancielle de temps (\u00ab\u00a0Quand&#8230;\u00a0\u00bb), d&rsquo;une (im)patiente qui n&rsquo;est pour le corps m\u00e9dical qu&rsquo;une \u00ab\u00a0TS\u00a0\u00bb, r\u00e9duite \u00e0 la tentative de suicide qu&rsquo;elle a manqu\u00e9e \u00e0 vingt ans : \u00ab\u00a0Quand les blouses cherchent \u00e0 poser un diagnostic sur mon mode de vie : autiste, d\u00e9pressive, bipolaire, borderline, petite pute, post-traumatis\u00e9e, hypocrite, hyst\u00e9rique, sanguinaire, po\u00e8te ?\u00a0\u00bb (Trouver l&rsquo;erreur). Alternent avec ce t\u00e9moignage poignant, en petites capitales, les items d&rsquo;un discours psychiatrique dominant. Enfin, en italiques, la voix po\u00e9tique : \u00ab\u00a0<em>\u00c9crire de la po\u00e9sie pour garder l&rsquo;asile \u00e0 distance, somnambule hors-bornes t\u00e2tant la diff\u00e9rence entre ce remugle de t\u00e9n\u00e8bres et ce remugle de t\u00e9n\u00e8bres<\/em>\u00a0\u00bb (p. 87).<\/p>\n<p style=\"text-align: center;\"><img loading=\"lazy\" decoding=\"async\" class=\"aligncenter size-full wp-image-3225\" src=\"http:\/\/t-pas-net.com\/librCritN\/wp-content\/uploads\/2022\/10\/Daucourt4e.jpg\" alt=\"\" width=\"540\" height=\"780\" srcset=\"https:\/\/t-pas-net.com\/librCritN\/wp-content\/uploads\/2022\/10\/Daucourt4e.jpg 540w, https:\/\/t-pas-net.com\/librCritN\/wp-content\/uploads\/2022\/10\/Daucourt4e-208x300.jpg 208w, https:\/\/t-pas-net.com\/librCritN\/wp-content\/uploads\/2022\/10\/Daucourt4e-104x150.jpg 104w, https:\/\/t-pas-net.com\/librCritN\/wp-content\/uploads\/2022\/10\/Daucourt4e-366x529.jpg 366w\" sizes=\"auto, (max-width: 540px) 100vw, 540px\" \/><\/p>\n<p>&nbsp;<\/p>\n<p style=\"text-align: center;\"><span style=\"background-color: #ff0000; color: #ffffff;\"><strong>Libr-\u00e9v\u00e9nements<\/strong><\/span><\/p>\n<p><strong>\u25ba <span style=\"background-color: #ffff00;\">Du 12 au 15 octobre 2022, Festival MidiMinuit po\u00e9sie #2022 \u00e0 Nantes :<\/span><\/strong><\/p>\n<p style=\"text-align: center;\"><img loading=\"lazy\" decoding=\"async\" class=\"aligncenter size-full wp-image-3214\" src=\"http:\/\/t-pas-net.com\/librCritN\/wp-content\/uploads\/2022\/10\/band-MidiMinuit-poesie-22.jpg\" alt=\"\" width=\"540\" height=\"160\" srcset=\"https:\/\/t-pas-net.com\/librCritN\/wp-content\/uploads\/2022\/10\/band-MidiMinuit-poesie-22.jpg 540w, https:\/\/t-pas-net.com\/librCritN\/wp-content\/uploads\/2022\/10\/band-MidiMinuit-poesie-22-300x89.jpg 300w, https:\/\/t-pas-net.com\/librCritN\/wp-content\/uploads\/2022\/10\/band-MidiMinuit-poesie-22-150x44.jpg 150w, https:\/\/t-pas-net.com\/librCritN\/wp-content\/uploads\/2022\/10\/band-MidiMinuit-poesie-22-366x108.jpg 366w\" sizes=\"auto, (max-width: 540px) 100vw, 540px\" \/><\/p>\n<pre class=\"wp-block-verse has-text-align-center has-white-background-color has-background\"><strong>LES TH\u00c9MATIQUES<\/strong>\r\n<strong>\"<a href=\"http:\/\/midiminuitpoesie.com\/des-oiseaux-plein-la-voix\/\">Des oiseaux plein la voix<\/a>\"\r\n\"<a href=\"http:\/\/midiminuitpoesie.com\/ecrire-la-guerre-2\/\">\u00c9crire la guerre<\/a>\"<\/strong><\/pre>\n<pre class=\"wp-block-verse has-text-align-center has-white-background-color has-background\"><strong>MERCREDI 12 OCTOBRE<\/strong><\/pre>\n<pre class=\"wp-block-verse has-white-background-color has-background\"><strong>12h30 I Jardin des Fonderies<\/strong>\r\n<a href=\"http:\/\/midiminuitpoesie.com\/lecture-concert-une-pluie-doiseaux\/\"><em>Une pluie d'oiseaux<\/em> - lecture-concert avec Marielle Mac\u00e9 et Anne-Line Drocourt<\/a>\r\npr\u00e9sent\u00e9 par Alain Girard-Daudon\r\n\r\n<strong>16h-17h30 I Caf\u00e9 des Pangolins<\/strong>\r\n<a href=\"http:\/\/midiminuitpoesie.com\/table-ronde-des-oiseaux-plein-la-voix\/\">Table ronde \u00ab Des oiseaux plein la voix \u00bb avec Marielle Mac\u00e9, Violaine Lochu et Agn\u00e8s Aubague<\/a> anim\u00e9e par Pascal Massiot\r\n\r\n<strong>14h-17h I Maison de la Po\u00e9sie<\/strong>\r\n<a href=\"http:\/\/midiminuitpoesie.com\/espaces-dedies-aux-livres\/\">\u00ab Livres \u00e0 l\u2019envi(e) \u00bb, vente de livres \u00e0 prix libre<\/a>\r\n\r\n<strong>19h30 I Ateliers de Bitche<\/strong>\r\n<a href=\"http:\/\/midiminuitpoesie.com\/variations-volodine-3\/\"><em>Variations Volodine<\/em> - lecture-concert avec Antoine Volodine, Denis Frajerman (percussions et fl\u00fbte) et Laurent Rochelle (saxophone soprano et clarinette basse)<\/a>\r\npr\u00e9sent\u00e9 par Alain Girard-Daudon\r\n<\/pre>\n<hr class=\"wp-block-separator has-text-color has-white-color has-alpha-channel-opacity has-white-background-color has-background\" \/>\n<pre class=\"wp-block-verse has-text-align-center has-white-background-color has-background\"><strong>JEUDI 13 OCTOBRE<\/strong><\/pre>\n<pre class=\"wp-block-verse has-white-background-color has-background\"><strong>12h30 I Jardin des Fonderies<\/strong>\r\n<a href=\"http:\/\/midiminuitpoesie.com\/hybird\/\"><em>Hybird <\/em>- performance de Violaine Lochu (voix et accord\u00e9on)<\/a>\r\npr\u00e9sent\u00e9 par Yves Arcaix\r\n\r\n<strong>16h-18h30 I Maison de la Po\u00e9sie<\/strong>\r\n<a href=\"http:\/\/midiminuitpoesie.com\/espaces-dedies-aux-livres\/\">\u00ab Livres \u00e0 l\u2019envi(e) \u00bb, vente de livres \u00e0 prix libre<\/a>\r\n\r\n<strong>19h30 I Pannonica<\/strong>\r\n<a href=\"http:\/\/midiminuitpoesie.com\/world-is-a-blues\/\"><em>World is a blues<\/em> - lecture-concert avec Kristoff K.Roll (musique) et Jean-Michel Espitallier (voix) + \u00ab\u00a0guests\u00a0\u00bb<\/a>\r\npr\u00e9sent\u00e9 par Alain Anglaret\r\n<\/pre>\n<hr class=\"wp-block-separator has-text-color has-white-color has-alpha-channel-opacity has-white-background-color has-background\" \/>\n<pre class=\"wp-block-verse has-text-align-center has-white-background-color has-background\"><strong>VENDREDI 14 OCTOBRE<\/strong><\/pre>\n<pre class=\"wp-block-verse has-white-background-color has-background\"><strong>12h30 I Jardin des Fonderies<\/strong>\r\n<a href=\"http:\/\/midiminuitpoesie.com\/my-word-is-a-bird\/\">My word is a bird - Dictapo\u00e8mes polyglottes et siffl\u00e9s : performance avec Agn\u00e8s Aubague<\/a> \r\npr\u00e9sent\u00e9 par Alain Merlet\r\n\r\n<strong>16h30-18h I Caf\u00e9 des Pangolins<\/strong>\r\n<a href=\"http:\/\/midiminuitpoesie.com\/table-ronde-ecrire-la-guerre\/\">Table ronde \u00ab \u00e9crire la guerre \u00bb avec Jean-Michel Espitallier et Velibor \u010coli\u0107<\/a>\r\nanim\u00e9e par Pascal Massiot\r\n\r\n<strong>21h I Cosmopolis<\/strong>\r\n<a href=\"http:\/\/midiminuitpoesie.com\/ecrire-la-guerre\/\">\u00ab \u00c9crire la guerre \u00bb : commandes d'\u00e9criture et lectures avec Emmanu\u00e8le Jawad, Antoine Volodine, Mathieu Larnaudie<\/a>\r\nsuivies d\u2019un \u00e9change anim\u00e9 par Sylvain Bourmeau (AOC)\r\n<\/pre>\n<hr class=\"wp-block-separator has-text-color has-white-color has-alpha-channel-opacity has-white-background-color has-background\" \/>\n<pre class=\"wp-block-verse has-text-align-center has-white-background-color has-background\"><strong>SAMEDI 15 OCTOBRE\r\nau lieu unique<\/strong><\/pre>\n<pre class=\"wp-block-verse has-white-background-color has-background\"><strong>12h I Salon de musique I Inauguration<\/strong>\r\n<a href=\"http:\/\/midiminuitpoesie.com\/tea-time\/\">Christophe Fiat et Fred Nevch\u00e9 (musique) I <em>Tea Time<\/em> - lecture-concert<\/a>\r\npr\u00e9sentation de Alain Girard-Daudon\r\n\r\n<strong>13h45 I Atelier 2 - sc\u00e8ne atelier<\/strong>\r\nEntretien anim\u00e9 par \u00c9ric Pessan\r\n<a href=\"http:\/\/midiminuitpoesie.com\/revue-vehicule\/\" data-type=\"page\" data-id=\"521\">Revue <em>V\u00e9hicule<\/em> avec Garance Dor et Vincent Menu<\/a>, \r\nsuivi de <em>Les autres<\/em> - performance de <a href=\"http:\/\/midiminuitpoesie.com\/diane-giorgis\/\" data-type=\"page\" data-id=\"596\">Diane Giorgis<\/a> I 14h10\r\n\r\n<strong>14h45 I Salon de musique<\/strong>\r\n<a href=\"http:\/\/midiminuitpoesie.com\/koleka-putuma\/\">Koleka Putuma I <em>Collective Amnesia<\/em> - lecture bilingue<\/a>\r\npr\u00e9sent\u00e9 par Isabelle La\u00e9-Lesquer\r\n\r\n<strong>15h45 I Salon de musique<\/strong>\r\n<a href=\"http:\/\/midiminuitpoesie.com\/le-labyrinthe-des-jours\/\">M\u00e9lanie Leblanc (autrice), Gis\u00e8le Pape (musique) et Magali Cazo (dessin) I\r\n<em>Le labyrinthe des jours<\/em> - lecture-concert dessin\u00e9e<\/a>\r\npr\u00e9sent\u00e9 par Jeanne Moineau\r\n\r\n<strong>16h-17h30 I Salon de lecture<\/strong>\r\n<a href=\"http:\/\/midiminuitpoesie.com\/bataille-spatiale\/\"><em>Bataille spatiale<\/em> avec Garance Dor - Atelier destin\u00e9 aux enfants comme aux adultes<\/a>\r\n\r\n<strong>16h30 I Atelier 2 - sc\u00e8ne atelier<\/strong>\r\nEntretien anim\u00e9 par \u00c9ric Pessan \r\n<a href=\"http:\/\/midiminuitpoesie.com\/pourquoi-la-poesie\/\">\u00ab Pourquoi la Po\u00e9sie ? \u00bb avec Emilien Chesnot et Mil\u00e8ne Tournier<\/a>\r\n\r\n<strong>17h15 I Salon de musique<\/strong>\r\n<a href=\"http:\/\/midiminuitpoesie.com\/se-coltiner-grandir\/\">Mil\u00e8ne Tournier l <em>Se coltiner grandir<\/em> - Iecture et vid\u00e9o<\/a> \r\npr\u00e9sent\u00e9 par Jeanne Moineau\r\n\r\n<strong>18h I Bar<\/strong>\r\n<a href=\"http:\/\/midiminuitpoesie.com\/bataille-spatiale\/\"><em>Bataille spatiale<\/em> avec Garance Dor - Performance collective<\/a>\r\n\r\n<strong>18h45 I Salon de musique<\/strong>\r\n<a href=\"http:\/\/midiminuitpoesie.com\/natyot-et-gaetan-chataigner\/\">Natyot et Ga\u00ebtan Chataigner I <em>ils, d\u00e9faut de langue<\/em> - performance<\/a> \r\npr\u00e9sent\u00e9 par Alain Merlet\r\n\r\n<strong>19h30 I Salon de musique<\/strong>\r\n<a href=\"http:\/\/midiminuitpoesie.com\/aires\/\">Emmanu\u00e8le Jawad I <em>Aires<\/em> - lecture<\/a>\r\npr\u00e9sentation de Fr\u00e9d\u00e9ric La\u00e9\r\n\r\n<strong>20h15 I Atelier 2 - sc\u00e8ne atelier<\/strong>\r\nEntretien anim\u00e9 par \u00c9ric Pessan \r\n<a href=\"http:\/\/midiminuitpoesie.com\/travailler-ensemble\/\">\u00ab Travailler ensemble \u00bb avec Natyot, Christophe Fiat et Fred Nevch\u00e9<\/a>\r\n\r\n<strong>21h15 I Salon de musique<\/strong>\r\n<a href=\"http:\/\/midiminuitpoesie.com\/hong-kong-police-terroriste-organisation\/\">Mathieu Larnaudie et Pierre-Yves Mac\u00e9 (compositeur) I <em>Hong Kong Police Terroriste Organisation<\/em> - lecture-concert<\/a>\r\npr\u00e9sent\u00e9 par Alain Anglaret\r\n\r\n<strong>22h I Salon de musique<\/strong>\r\n<a href=\"http:\/\/midiminuitpoesie.com\/la-vie-en-societe\/\">Emilien Chesnot I <em>La vie en soci\u00e9t\u00e9<\/em> - lecture<\/a>\r\npr\u00e9sent\u00e9 par Yves Arcaix\r\n\r\n<strong>22h45 I Foyer Haut<\/strong>\r\n<a href=\"http:\/\/midiminuitpoesie.com\/danse-combat\/\">Anna Serra (autrice), Karine Pain (vid\u00e9o) et Nicolas Lafourest (guitare) I <em>Danse-combat<\/em> - lecture-concert et vid\u00e9o<\/a>\r\npr\u00e9sent\u00e9 par Isabelle La\u00e9-Lesquer\r\n\r\n<strong>23h30<\/strong> <strong>I Foyer Haut<\/strong>\r\n<a href=\"http:\/\/midiminuitpoesie.com\/fantazio-et-sarah-murcia-contrebasse\/\">Fantazio et Sarah Murcia (Contrebasse) I lecture-concert<\/a>\r\npr\u00e9sent\u00e9 par Yves Arcaix<\/pre>\n<p style=\"text-align: center;\"><img loading=\"lazy\" decoding=\"async\" class=\"aligncenter size-full wp-image-3215\" src=\"http:\/\/t-pas-net.com\/librCritN\/wp-content\/uploads\/2022\/10\/Festival-MM-poesie-22.jpg\" alt=\"\" width=\"540\" height=\"780\" srcset=\"https:\/\/t-pas-net.com\/librCritN\/wp-content\/uploads\/2022\/10\/Festival-MM-poesie-22.jpg 540w, https:\/\/t-pas-net.com\/librCritN\/wp-content\/uploads\/2022\/10\/Festival-MM-poesie-22-208x300.jpg 208w, https:\/\/t-pas-net.com\/librCritN\/wp-content\/uploads\/2022\/10\/Festival-MM-poesie-22-104x150.jpg 104w, https:\/\/t-pas-net.com\/librCritN\/wp-content\/uploads\/2022\/10\/Festival-MM-poesie-22-366x529.jpg 366w\" sizes=\"auto, (max-width: 540px) 100vw, 540px\" \/><\/p>\n<p>&nbsp;<\/p>\n<p style=\"text-align: justify;\"><strong>\u25ba <span style=\"background-color: #ffff00;\">Vendredi<\/span><\/strong><span style=\"background-color: #ffff00;\">\u00a0<strong>14 octobre 2022, Universit\u00e9 Sorbonne Nouvelle, Maison de la Recherche<\/strong><\/span> (4 rue des Irlandais, 75005 Paris, Salle du Conseil) :\u00a0<span style=\"background-color: #ffff00;\"><strong>Sandra Moussemp\u00e8s: une po\u00e9tesse en traduction<\/strong><\/span>.<\/p>\n<p style=\"text-align: justify;\"><strong>Programme :<\/strong><\/p>\n<p style=\"font-weight: 400; text-align: justify;\">15h : Accueil<\/p>\n<p style=\"font-weight: 400; text-align: justify;\">15h15-16h : entretien de\u00a0Sandra Moussemp\u00e8s avec L\u00e9na\u00efg Carriou (Universit\u00e9 Paris 8).<\/p>\n<p class=\"yiv5264260784ContentPasted0\" style=\"text-align: justify;\">16-16h30 Sandra Moussemp\u00e8s : lecture d\u2019extrait du recueil<span class=\"yiv5264260784ContentPasted0\">\u00a0<\/span><em class=\"yiv5264260784ContentPasted0\">Cassandre \u00e0 bout portant<\/em><span class=\"yiv5264260784ContentPasted0\">\u00a0<\/span>(Prix Th\u00e9ophile Gautier de l\u2019Acad\u00e9mie fran\u00e7aise, 2022).<\/p>\n<p class=\"yiv5264260784ContentPasted0\" style=\"text-align: justify;\">16h30-18h<span class=\"yiv5264260784ContentPasted0\">\u00a0<\/span><em class=\"yiv5264260784ContentPasted0\">Cassandra at point blank range<\/em><span class=\"yiv5264260784ContentPasted0\">\u00a0<\/span>: discussion avec Carrie Chappell\u00a0(Universit\u00e9 Paris 1) et Amanda Murphy (Universit\u00e9 Sorbonne Nouvelle) autour de la traduction \u00e0 para\u00eetre.<\/p>\n<p class=\"yiv5264260784ContentPasted0\" style=\"text-align: justify;\">18h Cocktail.<\/p>\n<p style=\"font-weight: 400; text-align: justify;\">Responsable scientifique : Amanda Murphy, Ma\u00eetresse de conf\u00e9rences, TRACT (PRISMES), Universit\u00e9 Sorbonne Nouvelle.<\/p>\n<p style=\"text-align: center;\"><img loading=\"lazy\" decoding=\"async\" class=\"aligncenter size-full wp-image-3229\" src=\"http:\/\/t-pas-net.com\/librCritN\/wp-content\/uploads\/2022\/10\/Moussempes-Sorbonne.jpg\" alt=\"\" width=\"540\" height=\"760\" srcset=\"https:\/\/t-pas-net.com\/librCritN\/wp-content\/uploads\/2022\/10\/Moussempes-Sorbonne.jpg 540w, https:\/\/t-pas-net.com\/librCritN\/wp-content\/uploads\/2022\/10\/Moussempes-Sorbonne-213x300.jpg 213w, https:\/\/t-pas-net.com\/librCritN\/wp-content\/uploads\/2022\/10\/Moussempes-Sorbonne-107x150.jpg 107w, https:\/\/t-pas-net.com\/librCritN\/wp-content\/uploads\/2022\/10\/Moussempes-Sorbonne-366x515.jpg 366w\" sizes=\"auto, (max-width: 540px) 100vw, 540px\" \/><\/p>\n<p>&nbsp;<\/p>\n<p style=\"text-align: justify;\"><strong>\u25ba <span style=\"background-color: #ffff00;\">Samedi 15 et dimanche 16 octobre 2022, 32e salon de la revue<\/span> : <a href=\"https:\/\/www.entrevues.org\/lesalon\/programme-du-32e-salon-de-la-revue\/\">programme complet<\/a><\/strong> \/ <a href=\"https:\/\/www.entrevues.org\/lesalon\/au-32e-salon-de-la-revue-liste-des-revues\/\"><strong>Revues pr\u00e9sentes par ordre alphab\u00e9tique<\/strong><\/a>. Entre autres : hommage \u00e0 Michel Deguy, place des revues en librairie&#8230; et pr\u00e9sentation du dernier num\u00e9ro (20e d\u00e9j\u00e0 !) de la revue <strong><em>COCKPIT<\/em><\/strong>, plut\u00f4t r\u00e9ussi : avec notamment Louis Ucciani, Sophie Coiffier, Vincent Broqua&#8230; et les deux pages de \u00ab\u00a0Critique Club\u00a0\u00bb.<\/p>\n<p style=\"text-align: center;\"><img loading=\"lazy\" decoding=\"async\" class=\"aligncenter size-full wp-image-3219\" src=\"http:\/\/t-pas-net.com\/librCritN\/wp-content\/uploads\/2022\/10\/Visuel-SaLon-2022.jpg\" alt=\"\" width=\"540\" height=\"760\" srcset=\"https:\/\/t-pas-net.com\/librCritN\/wp-content\/uploads\/2022\/10\/Visuel-SaLon-2022.jpg 540w, https:\/\/t-pas-net.com\/librCritN\/wp-content\/uploads\/2022\/10\/Visuel-SaLon-2022-213x300.jpg 213w, https:\/\/t-pas-net.com\/librCritN\/wp-content\/uploads\/2022\/10\/Visuel-SaLon-2022-107x150.jpg 107w, https:\/\/t-pas-net.com\/librCritN\/wp-content\/uploads\/2022\/10\/Visuel-SaLon-2022-366x515.jpg 366w\" sizes=\"auto, (max-width: 540px) 100vw, 540px\" \/><\/p>\n<p>&nbsp;<\/p>\n<p style=\"font-weight: 400; text-align: center;\"><span style=\"background-color: #ff0000; color: #ffffff;\"><strong>Br\u00e8ves remarques sur le Nobel de litt\u00e9rature \/Jacques Demarcq\/<\/strong><\/span><\/p>\n<p style=\"font-weight: 400; text-align: justify;\">Le Cl\u00e9zio, Modiano, Ernaux\u00a0: \u00e0 la \ufb01nale vient un dernier crit\u00e8re, apr\u00e8s d\u2019autres. Si elle dure un peu, Ango devrait avoir ses chances contre Sollers.<\/p>\n<p style=\"font-weight: 400; text-align: justify;\">Rappel\u00a0: Sully Prudhomme fut le premier laur\u00e9at, en 1901. L\u2019ann\u00e9e pr\u00e9c\u00e9dente, il avait \u00e9t\u00e9 \u00e9lev\u00e9 grand chevalier de la L\u00e9gion d\u2019honneur.<\/p>\n<p style=\"font-weight: 400; text-align: justify;\">Tolsto\u00ef, Zola, Brecht, Zweig, Joyce, Woolf, Nabokov, Orwell, Huxley, plus r\u00e9cemment Philip Roth ou (le survivant) Rushdie ont \u00e9chapp\u00e9 au prix.<\/p>\n<p style=\"font-weight: 400; text-align: justify;\">Les morts pr\u00e9matur\u00e9ment Apollinaire et Mandelstam n\u2019avaient, de toute fa\u00e7on, aucun titre \u00e0 \u00eatre honor\u00e9s, le po\u00e8me ne relevant chez eux de la litt\u00e9rature.<\/p>\n<p style=\"font-weight: 400; text-align: justify;\">M\u00eame la mieux inform\u00e9e des Acad\u00e9mies peut se tromper. Il arrive que du hasard se glisse dans le jeu\u00a0: Beckett (1969) ou Brodsky (1987) sont des francs-tireurs sans cause humanitaire.<\/p>\n<p>&nbsp;<\/p>\n<p style=\"text-align: center;\"><span style=\"color: #ffffff; background-color: #ff0000;\"><strong>Les nouvelles aventures d&rsquo;Ovaine \/Tristan Felix\/<\/strong><\/span><\/p>\n<p style=\"text-align: justify;\">\u2666 Quand Ovaine dessine un orage, tout l&rsquo;Olympe d\u00e9m\u00e9nage avec fracas. Ouste d&rsquo;l\u00e0 !<\/p>\n<p style=\"text-align: justify;\">Le ciel d\u00e9chire grave ; les oiseaux piaffent ; au fond des coquilles, c&rsquo;est grand tumulte.<\/p>\n<p style=\"text-align: justify;\">\u00c0 chaque \u00e9clair un esprit s&rsquo;\u00e9veille. Homovides, zombrions, moro\u00efdes, clitosaures, foutracules,<img loading=\"lazy\" decoding=\"async\" class=\"alignright size-full wp-image-1209\" src=\"http:\/\/t-pas-net.com\/librCritN\/wp-content\/uploads\/2021\/06\/OvainePetit.jpg\" alt=\"\" width=\"210\" height=\"290\" srcset=\"https:\/\/t-pas-net.com\/librCritN\/wp-content\/uploads\/2021\/06\/OvainePetit.jpg 210w, https:\/\/t-pas-net.com\/librCritN\/wp-content\/uploads\/2021\/06\/OvainePetit-109x150.jpg 109w\" sizes=\"auto, (max-width: 210px) 100vw, 210px\" \/> chibouzoucs et brutabagards s&rsquo;\u00e9meuvent de soudain penser.<\/p>\n<p style=\"text-align: justify;\">Electris\u00e9e par tous ces allum\u00e9s, Ovaine consulte en secret l&rsquo;illustre professeur Frankenstein.<\/p>\n<p style=\"text-align: justify;\">Ils d\u00e9lib\u00e8rent \u00e0 haute tension sur la faisabilit\u00e9 d&rsquo;un dressage mais, pour tout dire, \u00e7a clignote menu.<\/p>\n<p style=\"text-align: justify;\">La ribambelle de survolt\u00e9s, bien vite au jus du traquenard, p\u00e8tent les plombs et, du m\u00eame coup, d\u00e9livrent la cr\u00e9ature de Frankenstein, belle comme un orage.<\/p>\n<p>&nbsp;<\/p>\n<p style=\"text-align: justify;\">\u2666 \u00c0 chaque mort qui meurt, Ovaine accourt en camionnette pour le v\u00e9rifier (le rendre vrai).<\/p>\n<p style=\"text-align: justify;\">Les autres morts l&rsquo;aident \u00e0 se hisser dans la benne et lui remettent ses nouveaux papiers.<\/p>\n<p style=\"text-align: justify;\">Tout neufs incognitos, ils bringuebalent dans le vent et parfois avalent un nuage pour se donner contenance.<\/p>\n<p style=\"text-align: justify;\">Ovaine les conduit dans son paradis priv\u00e9 o\u00f9 ils apprennent \u00e0 dire n&rsquo;importe quoi, \u00e0 jouer au hasard et \u00e0 tenter le tout pour le tout.<\/p>\n<p style=\"text-align: justify;\">M\u00eame le diable qui cuve sa retraite dans la bi\u00e8re.<\/p>\n<p style=\"text-align: justify;\">Apr\u00e8s ce court s\u00e9jour dans l&rsquo;\u00e9ternit\u00e9 v\u00e9ritable, Ovaine les promeut tous chefs du d\u00e9partement d&rsquo;Outre-Tombe.<\/p>\n","protected":false},"excerpt":{"rendered":"<p>Avec le mois d&rsquo;octobre, on retrouvera avec plaisir le Festival MidiMinuit po\u00e9sie (Nantes) et le Salon de la revue, entre autres Libr-\u00e9v\u00e9nements&#8230; et aussi les Nouvelles aventures d&rsquo;Ovaine (Tristan Felix), juste apr\u00e8s le point de vue de Jacques Demarcq sur le Nobel. Mais auparavant, en UNE, le dernier livre de S\u00e9verine Daucourt, qu&rsquo;il faut lire \u00e9perdu(e)ment&#8230; &nbsp; Livre \u00e0 la UNE \/FT\/ S\u00e9verine DAUCOURT, Les \u00c9perdu(e)s. Petit pr\u00e9cis de psychiatrie po\u00e9tique, Lanskine, parution en librairie en fin de semaine, 92 pages, 15 \u20ac, ISBN : 978-2-35963-080-0. Ce passionnant et frappant Petit pr\u00e9cis de psychiatrie po\u00e9tique fait entrer en r\u00e9sonance trois discours. Tout d&rsquo;abord, le r\u00e9cit circonstanci\u00e9, dont les phrases commencent toujours par une circonstancielle de temps (\u00ab\u00a0Quand&#8230;\u00a0\u00bb), d&rsquo;une (im)patiente qui n&rsquo;est pour le corps m\u00e9dical qu&rsquo;une \u00ab\u00a0TS\u00a0\u00bb, r\u00e9duite \u00e0 la tentative de suicide qu&rsquo;elle a manqu\u00e9e \u00e0 vingt ans : \u00ab\u00a0Quand les blouses cherchent \u00e0 poser un diagnostic sur mon mode de vie : autiste, d\u00e9pressive, bipolaire, borderline, petite pute, post-traumatis\u00e9e, hypocrite, hyst\u00e9rique, sanguinaire, po\u00e8te ?\u00a0\u00bb (Trouver l&rsquo;erreur). Alternent avec ce t\u00e9moignage poignant, en petites capitales, les items d&rsquo;un discours psychiatrique dominant. Enfin, en italiques, la voix po\u00e9tique : \u00ab\u00a0\u00c9crire de la po\u00e9sie pour garder l&rsquo;asile \u00e0 distance, somnambule hors-bornes t\u00e2tant la diff\u00e9rence entre ce remugle de t\u00e9n\u00e8bres et ce remugle de t\u00e9n\u00e8bres\u00a0\u00bb (p. 87). &nbsp; Libr-\u00e9v\u00e9nements \u25ba Du 12 au 15 octobre 2022, Festival MidiMinuit po\u00e9sie #2022 \u00e0 Nantes : LES TH\u00c9MATIQUES \u00ab\u00a0Des oiseaux plein la voix\u00a0\u00bb \u00ab\u00a0\u00c9crire la guerre\u00a0\u00bb MERCREDI 12 OCTOBRE 12h30 I Jardin des Fonderies Une pluie d&rsquo;oiseaux &#8211; lecture-concert avec Marielle Mac\u00e9 et Anne-Line Drocourt pr\u00e9sent\u00e9 par Alain Girard-Daudon 16h-17h30 I Caf\u00e9 des Pangolins Table ronde \u00ab Des oiseaux plein la voix \u00bb avec Marielle Mac\u00e9, Violaine Lochu et Agn\u00e8s Aubague anim\u00e9e par Pascal Massiot 14h-17h I Maison de la Po\u00e9sie \u00ab Livres \u00e0 l\u2019envi(e) \u00bb, vente de livres \u00e0 prix libre 19h30 I Ateliers de Bitche Variations Volodine &#8211; lecture-concert avec Antoine Volodine, Denis Frajerman (percussions et fl\u00fbte) et Laurent Rochelle (saxophone soprano et clarinette basse) pr\u00e9sent\u00e9 par Alain Girard-Daudon JEUDI 13 OCTOBRE 12h30 I Jardin des Fonderies Hybird &#8211; performance de Violaine Lochu (voix et accord\u00e9on) pr\u00e9sent\u00e9 par Yves Arcaix 16h-18h30 I Maison de la Po\u00e9sie \u00ab Livres \u00e0 l\u2019envi(e) \u00bb, vente de livres \u00e0 prix libre 19h30 I Pannonica World is a blues &#8211; lecture-concert avec Kristoff K.Roll (musique) et Jean-Michel Espitallier (voix) + \u00ab\u00a0guests\u00a0\u00bb pr\u00e9sent\u00e9 par Alain Anglaret VENDREDI 14 OCTOBRE 12h30 I Jardin des Fonderies My word is a bird &#8211; Dictapo\u00e8mes polyglottes et siffl\u00e9s : performance avec Agn\u00e8s Aubague pr\u00e9sent\u00e9 par Alain Merlet 16h30-18h I Caf\u00e9 des Pangolins Table ronde \u00ab \u00e9crire la guerre \u00bb avec Jean-Michel Espitallier et Velibor \u010coli\u0107 anim\u00e9e par Pascal Massiot 21h I Cosmopolis \u00ab \u00c9crire la guerre \u00bb : commandes d&rsquo;\u00e9criture et lectures avec Emmanu\u00e8le Jawad, Antoine Volodine, Mathieu Larnaudie suivies d\u2019un \u00e9change anim\u00e9 par Sylvain Bourmeau (AOC) SAMEDI 15 OCTOBRE au lieu unique 12h I Salon de musique I Inauguration Christophe Fiat et Fred Nevch\u00e9 (musique) I Tea Time &#8211; lecture-concert pr\u00e9sentation de Alain Girard-Daudon 13h45 I Atelier 2 &#8211; sc\u00e8ne atelier Entretien anim\u00e9 par \u00c9ric Pessan Revue V\u00e9hicule avec Garance Dor et Vincent Menu, suivi de Les autres &#8211; performance de Diane Giorgis I 14h10 14h45 I Salon de musique Koleka Putuma I Collective Amnesia &#8211; lecture bilingue pr\u00e9sent\u00e9 par Isabelle La\u00e9-Lesquer 15h45 I Salon de musique M\u00e9lanie Leblanc (autrice), Gis\u00e8le Pape (musique) et Magali Cazo (dessin) I Le labyrinthe des jours &#8211; lecture-concert dessin\u00e9e pr\u00e9sent\u00e9 par Jeanne Moineau 16h-17h30 I Salon de lecture Bataille spatiale avec Garance Dor &#8211; Atelier destin\u00e9 aux enfants comme aux adultes 16h30 I Atelier 2 &#8211; sc\u00e8ne atelier Entretien anim\u00e9 par \u00c9ric Pessan \u00ab Pourquoi la Po\u00e9sie ? \u00bb avec Emilien Chesnot et Mil\u00e8ne Tournier 17h15 I Salon de musique Mil\u00e8ne Tournier l Se coltiner grandir &#8211; Iecture et vid\u00e9o pr\u00e9sent\u00e9 par Jeanne Moineau 18h I Bar Bataille spatiale avec Garance Dor &#8211; Performance collective 18h45 I Salon de musique Natyot et Ga\u00ebtan Chataigner I ils, d\u00e9faut de langue &#8211; performance pr\u00e9sent\u00e9 par Alain Merlet 19h30 I Salon de musique Emmanu\u00e8le Jawad I Aires &#8211; lecture pr\u00e9sentation de Fr\u00e9d\u00e9ric La\u00e9 20h15 I Atelier 2 &#8211; sc\u00e8ne atelier Entretien anim\u00e9 par \u00c9ric Pessan \u00ab Travailler ensemble \u00bb avec Natyot, Christophe Fiat et Fred Nevch\u00e9 21h15 I Salon de musique Mathieu Larnaudie et Pierre-Yves Mac\u00e9 (compositeur) I Hong Kong Police Terroriste Organisation &#8211; lecture-concert pr\u00e9sent\u00e9 par Alain Anglaret 22h I Salon de musique Emilien Chesnot I La vie en soci\u00e9t\u00e9 &#8211; lecture pr\u00e9sent\u00e9 par Yves Arcaix 22h45 I Foyer Haut Anna Serra (autrice), Karine Pain (vid\u00e9o) et Nicolas Lafourest (guitare) I Danse-combat &#8211; lecture-concert et vid\u00e9o pr\u00e9sent\u00e9 par Isabelle La\u00e9-Lesquer 23h30 I Foyer Haut Fantazio et Sarah Murcia (Contrebasse) I lecture-concert pr\u00e9sent\u00e9 par Yves Arcaix &nbsp; \u25ba Vendredi\u00a014 octobre 2022, Universit\u00e9 Sorbonne Nouvelle, Maison de la Recherche (4 rue des Irlandais, 75005 Paris, Salle du Conseil) :\u00a0Sandra Moussemp\u00e8s: une po\u00e9tesse en traduction. Programme : 15h : Accueil 15h15-16h : entretien de\u00a0Sandra Moussemp\u00e8s avec L\u00e9na\u00efg Carriou (Universit\u00e9 Paris 8). 16-16h30 Sandra Moussemp\u00e8s : lecture d\u2019extrait du recueil\u00a0Cassandre \u00e0 bout portant\u00a0(Prix Th\u00e9ophile Gautier de l\u2019Acad\u00e9mie fran\u00e7aise, 2022). 16h30-18h\u00a0Cassandra at point blank range\u00a0: discussion avec Carrie Chappell\u00a0(Universit\u00e9 Paris 1) et Amanda Murphy (Universit\u00e9 Sorbonne Nouvelle) autour de la traduction \u00e0 para\u00eetre. 18h Cocktail. Responsable scientifique : Amanda Murphy, Ma\u00eetresse de conf\u00e9rences, TRACT (PRISMES), Universit\u00e9 Sorbonne Nouvelle. &nbsp; \u25ba Samedi 15 et dimanche 16 octobre 2022, 32e salon de la revue : programme complet \/ Revues pr\u00e9sentes par ordre alphab\u00e9tique. Entre autres : hommage \u00e0 Michel Deguy, place des revues en librairie&#8230; et pr\u00e9sentation du dernier num\u00e9ro (20e d\u00e9j\u00e0 !) de la revue COCKPIT, plut\u00f4t r\u00e9ussi : avec notamment Louis Ucciani, Sophie Coiffier, Vincent Broqua&#8230; et les deux pages de \u00ab\u00a0Critique Club\u00a0\u00bb. &nbsp; Br\u00e8ves remarques sur le Nobel de litt\u00e9rature \/Jacques Demarcq\/ Le Cl\u00e9zio, Modiano, Ernaux\u00a0: \u00e0 la \ufb01nale vient un dernier crit\u00e8re, apr\u00e8s d\u2019autres. Si elle dure un peu, Ango devrait avoir ses chances contre Sollers. Rappel\u00a0: Sully Prudhomme fut le premier laur\u00e9at, en 1901. L\u2019ann\u00e9e pr\u00e9c\u00e9dente, il avait \u00e9t\u00e9&#8230;<\/p>\n","protected":false},"author":2,"featured_media":2401,"comment_status":"open","ping_status":"open","sticky":false,"template":"","format":"standard","meta":{"footnotes":""},"categories":[7,10,2],"tags":[1759,275,36,12,1758,198,1757,282,215,372,13],"class_list":["post-3209","post","type-post","status-publish","format-standard","has-post-thumbnail","hentry","category-livres-recus","category-news","category-une","tag-32e-salon-de-la-revue","tag-christophe-fiat","tag-editions-lanskine","tag-fabrice-thumerel","tag-festival-midi-minuit-poesie-2022","tag-jacques-demarcq","tag-prix-nobel-de-litterature","tag-revue-cockpit","tag-sandra-moussempes","tag-severine-daucourt","tag-tristan-felix"],"post_mailing_queue_ids":[],"_links":{"self":[{"href":"https:\/\/t-pas-net.com\/librCritN\/wp-json\/wp\/v2\/posts\/3209","targetHints":{"allow":["GET"]}}],"collection":[{"href":"https:\/\/t-pas-net.com\/librCritN\/wp-json\/wp\/v2\/posts"}],"about":[{"href":"https:\/\/t-pas-net.com\/librCritN\/wp-json\/wp\/v2\/types\/post"}],"author":[{"embeddable":true,"href":"https:\/\/t-pas-net.com\/librCritN\/wp-json\/wp\/v2\/users\/2"}],"replies":[{"embeddable":true,"href":"https:\/\/t-pas-net.com\/librCritN\/wp-json\/wp\/v2\/comments?post=3209"}],"version-history":[{"count":15,"href":"https:\/\/t-pas-net.com\/librCritN\/wp-json\/wp\/v2\/posts\/3209\/revisions"}],"predecessor-version":[{"id":3231,"href":"https:\/\/t-pas-net.com\/librCritN\/wp-json\/wp\/v2\/posts\/3209\/revisions\/3231"}],"wp:featuredmedia":[{"embeddable":true,"href":"https:\/\/t-pas-net.com\/librCritN\/wp-json\/wp\/v2\/media\/2401"}],"wp:attachment":[{"href":"https:\/\/t-pas-net.com\/librCritN\/wp-json\/wp\/v2\/media?parent=3209"}],"wp:term":[{"taxonomy":"category","embeddable":true,"href":"https:\/\/t-pas-net.com\/librCritN\/wp-json\/wp\/v2\/categories?post=3209"},{"taxonomy":"post_tag","embeddable":true,"href":"https:\/\/t-pas-net.com\/librCritN\/wp-json\/wp\/v2\/tags?post=3209"}],"curies":[{"name":"wp","href":"https:\/\/api.w.org\/{rel}","templated":true}]}}