{"id":34,"date":"2021-04-25T19:31:49","date_gmt":"2021-04-25T17:31:49","guid":{"rendered":"http:\/\/t-pas-net.com\/librCritN\/?p=34"},"modified":"2021-05-02T09:41:57","modified_gmt":"2021-05-02T07:41:57","slug":"news-news-du-dimanche","status":"publish","type":"post","link":"https:\/\/t-pas-net.com\/librCritN\/2021\/04\/25\/news-news-du-dimanche\/","title":{"rendered":"[News] News du dimanche"},"content":{"rendered":"\r\n<p>La derni\u00e8re refonte du site remonte \u00e0 2013 : apr\u00e8s trois semaines d\u2019arr\u00eat environ, nous red\u00e9marrons avec ce nouveau site rattach\u00e9 \u00e0 l&rsquo;ancien, plus dynamique et plus puissant. Une nouvelle aventure commence, dans un monde qu&rsquo;on appelle \u00ab\u00a0monde-d&rsquo;apr\u00e8s\u00a0\u00bb &#8211; qu&rsquo;il va nous falloir suivre de pr\u00e8s&#8230;<br \/>Notre UNE, dans ces premi\u00e8res actualit\u00e9s du <strong>Libr-critique New<\/strong> : la r\u00e9\u00e9dition de\u00a0<strong><em>Climats<\/em>\u00a0<\/strong>de Laurent Grisel, juste avant nos\u00a0<strong>Libr-livres re\u00e7us<\/strong>, une\u00a0<strong>nouvelle aventure d\u2019Ovaine<\/strong>\u00a0et un\u00a0<strong>Libr-\u00e9v\u00e9nement<\/strong>&#8230;<\/p>\r\n\r\n\r\n\r\n<h3 class=\"has-text-align-center has-white-color has-vivid-red-background-color has-text-color has-background has-normal-font-size wp-block-heading\" style=\"text-align: center;\"><span style=\"color: #ffffff; background-color: #ff0000;\"><strong>UNE<\/strong><\/span><\/h3>\r\n\r\n\r\n\r\n<div class=\"wp-block-image\">\r\n<figure class=\"aligncenter\"><img decoding=\"async\" src=\"http:\/\/libr-critique.ouvaton.org\/IMG\/jpg\/griselclimatsreed.jpg?1618755402\" alt=\"\" \/><\/figure>\r\n<\/div>\r\n\r\n\r\n\r\n<p style=\"text-align: justify;\">Dans cette \u00e9pop\u00e9e po\u00e9tique\/politique\/satirique, Laurent Grisel montre les m\u00e9canismes m\u00e9t\u00e9orologiques qui peuvent nous conduire \u00e0 notre perte, tout en fustigeant aussi bien la r\u00e9pression d\u2019un peuple d\u2019Amazonie plein de sagesse, les Mundurukus, que la sp\u00e9culation \u00e0 outrance. Les m\u00e9canismes implacables sont traduits par ce genre d\u2019encha\u00eenement\u00a0:<\/p>\r\n\r\n\r\n\r\n<p>La lutte entra\u00eene la r\u00e9pression<br \/>qui entra\u00eene la lutte<br \/>qui entra\u00eene la r\u00e9pression<br \/>qui entra\u00eene la lutte p. 13).<\/p>\r\n\r\n\r\n\r\n<p>Hansen (2007) insiste\u00a0:\u00a0<br \/>n\u2019oubliez pas l\u2019alb\u00e9do flip<br \/>la fonte des neiges et glaces<br \/>assombrit les surfaces<br \/>les rayons du soleil sont mieux absorb\u00e9s<br \/>ce qui r\u00e9chauffe neige et glace<br \/>ce qui les assombrit<br \/>ce qui augmente l\u2019absorption de la chaleur solaire<br \/>ce qui, etc. (p. 23).<\/p>\r\n\r\n\r\n\r\n<p style=\"text-align: justify;\">Ces nombreux agencements r\u00e9p\u00e9titifs syst\u00e9matiques (ARS) conf\u00e8rent au texte toute sa dimension tragique. \/FT\/<\/p>\r\n\r\n\r\n\r\n<p style=\"text-align: justify;\">\u25ba Laurent Grisel,\u00a0<strong>Climats<\/strong>, Publie.net, hiver 2015-2016\u00a0; r\u00e9\u00e9d. coll. \u00ab\u00a0L\u2019Esquif\u00a0\u00bb, parution le 19 mai 2021, 94 pages, 12 \u20ac, ISBN\u00a0: 978-2-37177-614-2.\u00a0<a href=\"https:\/\/www.publie.net\/livre\/climats-epopee-laurent-grisel\/\"><strong>Pr\u00e9-commander<\/strong><\/a>\u00a0dans sa version compl\u00e8te (livre + CD)\u00a0: 19,50 \u20ac.<br \/>Cette deuxi\u00e8me \u00e9dition est accompagn\u00e9e d\u2019un disque CD o\u00f9 on trouvera 23 des 36 s\u00e9quences du po\u00e8me, en vente \u00e0 9\u20ac sur cette page.<br \/>Voix\u00a0: Laurent Grisel\u00a0; saxo, \u00e9lectro- acoustique\u00a0: Fred Wallich\u00a0; piano\u00a0: Philippe Saliceti.<\/p>\r\n\r\n\r\n\r\n<h3 class=\"has-text-align-center has-white-color has-vivid-red-background-color has-text-color has-background has-normal-font-size wp-block-heading\" style=\"text-align: center;\"><span style=\"background-color: #ff0000; color: #ffffff;\"><strong>Libr-livres re\u00e7us<\/strong><\/span><\/h3>\r\n\r\n\r\n\r\n<div class=\"wp-block-image\">\r\n<figure class=\"aligncenter\"><img decoding=\"async\" src=\"http:\/\/libr-critique.ouvaton.org\/IMG\/jpg\/libr-3-avril-2021.jpg?1618756839\" alt=\"\" \/><\/figure>\r\n<\/div>\r\n\r\n\r\n\r\n<p style=\"text-align: justify;\">\u25ba\u00a0<strong>Revue d\u2019histoire du\u00a0<em>th\u00e9\u00e2tre<\/em>\u00a0<\/strong>, n\u00b0\u00a0288\u00a0: \u00ab\u00a0Entretiens\u00a0\u00bb (volume con\u00e7u par Marion CH\u00c9NETIER-ALEV), hiver 2020-2021, 200 pages, 16 \u20ac, ISBN\u00a0: 979-10-94971-21-5.<\/p>\r\n\r\n\r\n\r\n<p class=\"has-text-align-right\" style=\"text-align: right;\">\u00ab\u00a0C\u2019est la po\u00e9sie qui m\u2019a men\u00e9 au th\u00e9\u00e2tre\u00a0\u00bb (Didier Sandre).<br \/>\u00ab\u00a0Tout doit venir et na\u00eetre sur le plateau\u00a0\u00bb (Claude Merlin).<\/p>\r\n\r\n\r\n\r\n<p style=\"text-align: justify;\">Un rare hommage \u00e0 huit merveilleux com\u00e9diennes et com\u00e9diens (Agn\u00e8s Sourdillon, Bernard Waver, Claude Degliame, Didier Sandre, Dominique Reymond, \u00c9ric Ruf, Fran\u00e7oise Gillard et Claude Merlin) qui se pr\u00eatent d\u2019autant plus au jeu qu\u2019ils ont saisi l\u2019enjeu de ces entretiens\u00a0: peut-on et doit-on th\u00e9oriser le travail de l\u2019acteur\u00a0? Comment en parler\u00a0? Comment chacun s\u2019inscrit-il dans une histoire (du th\u00e9\u00e2tre \/ de la mise en sc\u00e8ne \/ du jeu)\u00a0?<br \/>Terminons en ouvrant \u00e0 la m\u00e9ditation\u00a0:<br \/>Agn\u00e8s Sourdillon\u00a0: \u00ab\u00a0C\u2019est un moment d\u2019unisson total, quand il y a un trou, un moment aussi d\u2019effroi absolu, avec parfois quelque chose de comique.\u00a0\u00bb<br \/>Bernard Waver\u00a0: \u00ab\u00a0Certains acteurs ont besoin d\u2019\u00eatre dirig\u00e9s par un metteur en sc\u00e8ne, sculpt\u00e9s, dessin\u00e9s par un autre en quelque sorte. Pour ma part, je pr\u00e9f\u00e8re tracer moi-m\u00eame mon itin\u00e9raire dans l\u2019espace du personnage.\u00a0\u00bb<\/p>\r\n\r\n\r\n\r\n<p style=\"text-align: justify;\">\u25ba V\u00e9ronique BERGEN,\u00a0<strong>Marie-Jo Lafontaine\u00a0: Tout ange est terrible<\/strong>, La Lettre vol\u00e9e, hiver 2020-2021, 248 pages, 26 \u20ac, ISBN\u00a0: 978-2-87317-548-1.<br \/>Faisons n\u00f4tre cette invitation stimulante d\u2019Alexandre Castant dans sa pr\u00e9face\u00a0: \u00ab\u00a0Vous avez ouvert ce livre et vous entrez dans une exp\u00e9rience hors du commun [&#8230;]. Une exp\u00e9rience qui d\u00e9coule de la rencontre d\u2019une artiste, Marie-Jo Lafontaine, et de l\u2019\u00e9crivaine V\u00e9ronique Bergen pour aboutir, entre logique et collision du visuel et de l\u2019\u00e9crit, \u00e0\u00a0<em>Tout ange est terrible<\/em>\u00a0[&#8230;]\u00a0\u00bb.<\/p>\r\n\r\n\r\n\r\n<p style=\"text-align: justify;\">\u25ba Jean-Pierre BOBILLOT,\u00a0<strong>Derni\u00e8res r\u00e9pliques avant la sieste<\/strong>(Notes sur le risible, II &amp; III), Tinbad \u00e9ditions, coll. \u00ab\u00a0Po\u00e9sie\u00a0\u00bb, 88 pages, 14 \u20ac, ISBN\u00a0: 979-10-96415-33-5.<br \/>Si\u00a0<em>la boutade vous monte au nez<\/em>, voici qui est pour vous&#8230;<\/p>\r\n\r\n\r\n\r\n<div class=\"wp-block-image\">\r\n<figure class=\"aligncenter\"><img decoding=\"async\" src=\"http:\/\/libr-critique.ouvaton.org\/IMG\/jpg\/bobillot-extrait-dernieres-repliques.jpg?1618759482\" alt=\"\" \/><\/figure>\r\n<\/div>\r\n\r\n\r\n\r\n<h3 class=\"has-text-align-center has-white-color has-vivid-red-background-color has-text-color has-background has-normal-font-size wp-block-heading\" style=\"text-align: center;\"><span style=\"background-color: #ff0000; color: #ffffff;\"><strong>Les nouvelles aventures d\u2019Ovaine \/Tristan Felix\/<\/strong><\/span><\/h3>\r\n\r\n\r\n\r\n<p><img loading=\"lazy\" decoding=\"async\" width=\"150\" height=\"150\" class=\"wp-image-46\" style=\"width: 150px;\" src=\"http:\/\/t-pas-net.com\/librCritN\/wp-content\/uploads\/2021\/04\/TristanFelix.jpg\" alt=\"\" srcset=\"https:\/\/t-pas-net.com\/librCritN\/wp-content\/uploads\/2021\/04\/TristanFelix.jpg 220w, https:\/\/t-pas-net.com\/librCritN\/wp-content\/uploads\/2021\/04\/TristanFelix-150x150.jpg 150w, https:\/\/t-pas-net.com\/librCritN\/wp-content\/uploads\/2021\/04\/TristanFelix-75x75.jpg 75w\" sizes=\"auto, (max-width: 150px) 100vw, 150px\" \/><\/p>\r\n\r\n\r\n\r\n<p style=\"text-align: justify;\">Pench\u00e9e au bord de la rivi\u00e8re, Ovaine s\u2019interloque\u00a0:<\/p>\r\n\r\n\r\n\r\n<p class=\"has-text-align-left\" style=\"text-align: justify;\">Comment se fait-il que le courant ne provoque ni d\u00e9charge \u00e9lectrique ni accident parmi les flots\u00a0? Qui r\u00e8gle la circulation\u00a0?\u00a0<\/p>\r\n\r\n\r\n\r\n<p class=\"has-text-align-left\" style=\"text-align: justify;\">C\u2019est que nous ne sommes qu\u2019un, lui glougloute une nymphe en bikini sauvage et transparent.<\/p>\r\n\r\n\r\n\r\n<p style=\"text-align: justify;\">Du coup le loup trempe une patte aventureuse mais, \u00e9lectris\u00e9 par son oeil lubrique, la retire aussi sec.<\/p>\r\n\r\n\r\n\r\n<p style=\"text-align: justify;\">C\u2019est alors que le courant soudain saisit Ovaine qui glisse en l\u2019onde o\u00f9 tout n\u2019est qu\u2019un&#8230;<\/p>\r\n\r\n\r\n\r\n<p style=\"text-align: justify;\">Le loup, bien d\u00e9cid\u00e9 \u00e0 cr\u00e9er le premier accident de floture, se jette dans la rivi\u00e8re et \u00e0 coups de pattes bien envoy\u00e9s arrache Ovaine du courant (sous l\u2019oeil m\u00e9dus\u00e9 d\u2019un micropotame).<\/p>\r\n\r\n\r\n\r\n<h3 class=\"has-text-align-center has-white-color has-vivid-red-background-color has-text-color has-background has-normal-font-size wp-block-heading\" style=\"text-align: center;\"><span style=\"color: #ffffff; background-color: #ff0000;\"><strong>Libr-\u00e9v\u00e9nements<\/strong><\/span><\/h3>\r\n\r\n\r\n\r\n<p class=\"has-text-align-center\" style=\"text-align: justify;\"><strong>Journ\u00e9e d\u2019\u00e9tudes Joseph Beuys, mercredi 5 mai 2021\u00a0: \u00ab\u00a0Je pense de toute fa\u00e7on avec le genou\u00a0\u00bb<\/strong><\/p>\r\n<p>&nbsp;<\/p>\r\n<p class=\"has-text-align-center\"><img loading=\"lazy\" decoding=\"async\" src=\"http:\/\/libr-critique.ouvaton.org\/IMG\/jpg\/programme_beuys_jpeg.jpg?1618738804\" alt=\"\" width=\"500\" height=\"973\" \/><\/p>\r\n\r\n\r\n\r\n<p style=\"text-align: justify;\">Propos\u00e9e par l\u2019Ecole nationale sup\u00e9rieure des beaux-arts de Lyon, en partenariat avec le Goethe Institut de Lyon, \u00e0 l\u2019occasion du centenaire de sa naissance.<\/p>\r\n\r\n\r\n\r\n<p style=\"text-align: justify;\">10h\u00a0: ouverture<\/p>\r\n\r\n\r\n\r\n<p style=\"text-align: justify;\">10h15 \u2013 11h\u00a0: Olivier Nottellet, \u00ab\u00a0Quand un chapeau devient vivant\u00a0\u00bb [Artiste plasticien, il enseigne le dessin et la peinture \u00e0 l\u2019Ensba Lyon].<\/p>\r\n\r\n\r\n\r\n<p style=\"text-align: justify;\">11h15 \u2013 12h\u00a0: Cyrille Bret, \u00ab\u00a0De Joseph Beuys \u00e0 Robert Filliou et r\u00e9ciproquement. L\u2019art entre performance et science de l\u2019\u00e9ducation\u00a0\u00bb [Professeur d\u2019histoire de l\u2019art \u00e0 la HEAR (Strasbourg)].<\/p>\r\n\r\n\r\n\r\n<p style=\"text-align: justify;\">12h-15 \u2013 12h45\u00a0: pr\u00e9sentation des manifestations \u00ab\u00a0Beuys 2021\u00a0\u00bb en Allemagne.<\/p>\r\n\r\n\r\n\r\n<p style=\"text-align: justify;\">Pause<\/p>\r\n\r\n\r\n\r\n<p style=\"text-align: justify;\">14h15 \u2013 15h\u00a0: Eva Barto, \u00ab\u00a0Institution Contradiction\u00a0\u00bb [Artiste plasticienne et professeure d\u2019enseignement artistique \u00e0 l\u2019Ensba Lyon].<\/p>\r\n\r\n\r\n\r\n<p style=\"text-align: justify;\">15h15 \u2013 16h\u00a0: Patrick Beurard.-Valdoye, \u00ab\u00a0La Freie Internationale Universit\u00e4t. Kassel et Dublin. La rencontre Joseph Beuys-Ivan Illich\u00a0\u00bb [Po\u00e8te, historien des arts, professeur \u00e0 l\u2019Ensba Lyon].<\/p>\r\n\r\n\r\n\r\n<p style=\"text-align: justify;\">17h \u2013 Ma\u00eft\u00e9 Vissault, \u00ab\u00a0Plastique sociale\u00a0: grandeur et descendance\u00a0\u00bb [Historienne critique et commissaire d\u2019expositions en art contemporain (Bruxelles)].<\/p>\r\n\r\n\r\n\r\n<p style=\"text-align: justify;\">19h \u00ad\u2014\u00ad projection du documentaire d\u2019Andreas Veiel\u00a0:\u00a0<strong><em>Beuys<\/em>\u00a0<\/strong>(2017), suivie d\u2019une discussion.<\/p>\r\n","protected":false},"excerpt":{"rendered":"<p>La derni\u00e8re refonte du site remonte \u00e0 2013 : apr\u00e8s trois semaines d\u2019arr\u00eat environ, nous red\u00e9marrons avec ce nouveau site rattach\u00e9 \u00e0 l&rsquo;ancien, plus dynamique et plus puissant. Une nouvelle aventure commence, dans un monde qu&rsquo;on appelle \u00ab\u00a0monde-d&rsquo;apr\u00e8s\u00a0\u00bb &#8211; qu&rsquo;il va nous falloir suivre de pr\u00e8s&#8230;Notre UNE, dans ces premi\u00e8res actualit\u00e9s du Libr-critique New : la r\u00e9\u00e9dition de\u00a0Climats\u00a0de Laurent Grisel, juste avant nos\u00a0Libr-livres re\u00e7us, une\u00a0nouvelle aventure d\u2019Ovaine\u00a0et un\u00a0Libr-\u00e9v\u00e9nement&#8230; UNE Dans cette \u00e9pop\u00e9e po\u00e9tique\/politique\/satirique, Laurent Grisel montre les m\u00e9canismes m\u00e9t\u00e9orologiques qui peuvent nous conduire \u00e0 notre perte, tout en fustigeant aussi bien la r\u00e9pression d\u2019un peuple d\u2019Amazonie plein de sagesse, les Mundurukus, que la sp\u00e9culation \u00e0 outrance. Les m\u00e9canismes implacables sont traduits par ce genre d\u2019encha\u00eenement\u00a0: La lutte entra\u00eene la r\u00e9pressionqui entra\u00eene la luttequi entra\u00eene la r\u00e9pressionqui entra\u00eene la lutte p. 13). Hansen (2007) insiste\u00a0:\u00a0n\u2019oubliez pas l\u2019alb\u00e9do flipla fonte des neiges et glacesassombrit les surfacesles rayons du soleil sont mieux absorb\u00e9sce qui r\u00e9chauffe neige et glacece qui les assombritce qui augmente l\u2019absorption de la chaleur solairece qui, etc. (p. 23). Ces nombreux agencements r\u00e9p\u00e9titifs syst\u00e9matiques (ARS) conf\u00e8rent au texte toute sa dimension tragique. \/FT\/ \u25ba Laurent Grisel,\u00a0Climats, Publie.net, hiver 2015-2016\u00a0; r\u00e9\u00e9d. coll. \u00ab\u00a0L\u2019Esquif\u00a0\u00bb, parution le 19 mai 2021, 94 pages, 12 \u20ac, ISBN\u00a0: 978-2-37177-614-2.\u00a0Pr\u00e9-commander\u00a0dans sa version compl\u00e8te (livre + CD)\u00a0: 19,50 \u20ac.Cette deuxi\u00e8me \u00e9dition est accompagn\u00e9e d\u2019un disque CD o\u00f9 on trouvera 23 des 36 s\u00e9quences du po\u00e8me, en vente \u00e0 9\u20ac sur cette page.Voix\u00a0: Laurent Grisel\u00a0; saxo, \u00e9lectro- acoustique\u00a0: Fred Wallich\u00a0; piano\u00a0: Philippe Saliceti. Libr-livres re\u00e7us \u25ba\u00a0Revue d\u2019histoire du\u00a0th\u00e9\u00e2tre\u00a0, n\u00b0\u00a0288\u00a0: \u00ab\u00a0Entretiens\u00a0\u00bb (volume con\u00e7u par Marion CH\u00c9NETIER-ALEV), hiver 2020-2021, 200 pages, 16 \u20ac, ISBN\u00a0: 979-10-94971-21-5. \u00ab\u00a0C\u2019est la po\u00e9sie qui m\u2019a men\u00e9 au th\u00e9\u00e2tre\u00a0\u00bb (Didier Sandre).\u00ab\u00a0Tout doit venir et na\u00eetre sur le plateau\u00a0\u00bb (Claude Merlin). Un rare hommage \u00e0 huit merveilleux com\u00e9diennes et com\u00e9diens (Agn\u00e8s Sourdillon, Bernard Waver, Claude Degliame, Didier Sandre, Dominique Reymond, \u00c9ric Ruf, Fran\u00e7oise Gillard et Claude Merlin) qui se pr\u00eatent d\u2019autant plus au jeu qu\u2019ils ont saisi l\u2019enjeu de ces entretiens\u00a0: peut-on et doit-on th\u00e9oriser le travail de l\u2019acteur\u00a0? Comment en parler\u00a0? Comment chacun s\u2019inscrit-il dans une histoire (du th\u00e9\u00e2tre \/ de la mise en sc\u00e8ne \/ du jeu)\u00a0?Terminons en ouvrant \u00e0 la m\u00e9ditation\u00a0:Agn\u00e8s Sourdillon\u00a0: \u00ab\u00a0C\u2019est un moment d\u2019unisson total, quand il y a un trou, un moment aussi d\u2019effroi absolu, avec parfois quelque chose de comique.\u00a0\u00bbBernard Waver\u00a0: \u00ab\u00a0Certains acteurs ont besoin d\u2019\u00eatre dirig\u00e9s par un metteur en sc\u00e8ne, sculpt\u00e9s, dessin\u00e9s par un autre en quelque sorte. Pour ma part, je pr\u00e9f\u00e8re tracer moi-m\u00eame mon itin\u00e9raire dans l\u2019espace du personnage.\u00a0\u00bb \u25ba V\u00e9ronique BERGEN,\u00a0Marie-Jo Lafontaine\u00a0: Tout ange est terrible, La Lettre vol\u00e9e, hiver 2020-2021, 248 pages, 26 \u20ac, ISBN\u00a0: 978-2-87317-548-1.Faisons n\u00f4tre cette invitation stimulante d\u2019Alexandre Castant dans sa pr\u00e9face\u00a0: \u00ab\u00a0Vous avez ouvert ce livre et vous entrez dans une exp\u00e9rience hors du commun [&#8230;]. Une exp\u00e9rience qui d\u00e9coule de la rencontre d\u2019une artiste, Marie-Jo Lafontaine, et de l\u2019\u00e9crivaine V\u00e9ronique Bergen pour aboutir, entre logique et collision du visuel et de l\u2019\u00e9crit, \u00e0\u00a0Tout ange est terrible\u00a0[&#8230;]\u00a0\u00bb. \u25ba Jean-Pierre BOBILLOT,\u00a0Derni\u00e8res r\u00e9pliques avant la sieste(Notes sur le risible, II &amp; III), Tinbad \u00e9ditions, coll. \u00ab\u00a0Po\u00e9sie\u00a0\u00bb, 88 pages, 14 \u20ac, ISBN\u00a0: 979-10-96415-33-5.Si\u00a0la boutade vous monte au nez, voici qui est pour vous&#8230; Les nouvelles aventures d\u2019Ovaine \/Tristan Felix\/ Pench\u00e9e au bord de la rivi\u00e8re, Ovaine s\u2019interloque\u00a0: Comment se fait-il que le courant ne provoque ni d\u00e9charge \u00e9lectrique ni accident parmi les flots\u00a0? Qui r\u00e8gle la circulation\u00a0?\u00a0 C\u2019est que nous ne sommes qu\u2019un, lui glougloute une nymphe en bikini sauvage et transparent. Du coup le loup trempe une patte aventureuse mais, \u00e9lectris\u00e9 par son oeil lubrique, la retire aussi sec. C\u2019est alors que le courant soudain saisit Ovaine qui glisse en l\u2019onde o\u00f9 tout n\u2019est qu\u2019un&#8230; Le loup, bien d\u00e9cid\u00e9 \u00e0 cr\u00e9er le premier accident de floture, se jette dans la rivi\u00e8re et \u00e0 coups de pattes bien envoy\u00e9s arrache Ovaine du courant (sous l\u2019oeil m\u00e9dus\u00e9 d\u2019un micropotame). Libr-\u00e9v\u00e9nements Journ\u00e9e d\u2019\u00e9tudes Joseph Beuys, mercredi 5 mai 2021\u00a0: \u00ab\u00a0Je pense de toute fa\u00e7on avec le genou\u00a0\u00bb &nbsp; Propos\u00e9e par l\u2019Ecole nationale sup\u00e9rieure des beaux-arts de Lyon, en partenariat avec le Goethe Institut de Lyon, \u00e0 l\u2019occasion du centenaire de sa naissance. 10h\u00a0: ouverture 10h15 \u2013 11h\u00a0: Olivier Nottellet, \u00ab\u00a0Quand un chapeau devient vivant\u00a0\u00bb [Artiste plasticien, il enseigne le dessin et la peinture \u00e0 l\u2019Ensba Lyon]. 11h15 \u2013 12h\u00a0: Cyrille Bret, \u00ab\u00a0De Joseph Beuys \u00e0 Robert Filliou et r\u00e9ciproquement. L\u2019art entre performance et science de l\u2019\u00e9ducation\u00a0\u00bb [Professeur d\u2019histoire de l\u2019art \u00e0 la HEAR (Strasbourg)]. 12h-15 \u2013 12h45\u00a0: pr\u00e9sentation des manifestations \u00ab\u00a0Beuys 2021\u00a0\u00bb en Allemagne. Pause 14h15 \u2013 15h\u00a0: Eva Barto, \u00ab\u00a0Institution Contradiction\u00a0\u00bb [Artiste plasticienne et professeure d\u2019enseignement artistique \u00e0 l\u2019Ensba Lyon]. 15h15 \u2013 16h\u00a0: Patrick Beurard.-Valdoye, \u00ab\u00a0La Freie Internationale Universit\u00e4t. Kassel et Dublin. La rencontre Joseph Beuys-Ivan Illich\u00a0\u00bb [Po\u00e8te, historien des arts, professeur \u00e0 l\u2019Ensba Lyon]. 17h \u2013 Ma\u00eft\u00e9 Vissault, \u00ab\u00a0Plastique sociale\u00a0: grandeur et descendance\u00a0\u00bb [Historienne critique et commissaire d\u2019expositions en art contemporain (Bruxelles)]. 19h \u00ad\u2014\u00ad projection du documentaire d\u2019Andreas Veiel\u00a0:\u00a0Beuys\u00a0(2017), suivie d\u2019une discussion.<\/p>\n","protected":false},"author":2,"featured_media":40,"comment_status":"open","ping_status":"open","sticky":false,"template":"","format":"standard","meta":{"footnotes":""},"categories":[10,2],"tags":[24,23,18,22,16,30,28,25,12,19,15,11,27,21,14,29,26,13,20],"class_list":["post-34","post","type-post","status-publish","format-standard","has-post-thumbnail","hentry","category-news","category-une","tag-agnes-sourdillon","tag-claude-merlin","tag-cyrille-bret","tag-didier-sandre","tag-ecole-nationale-superieure-des-beaux-arts-de-lyon","tag-editions-la-lettre-volee","tag-editions-tinbad","tag-eric-ruf","tag-fabrice-thumerel","tag-jean-pierre-bobillot","tag-joseph-beuys","tag-laurent-grisel","tag-marie-jo-lafontaine","tag-marion-chenetier","tag-patrick-beurard-valdoye","tag-publie-net","tag-revue-dhistoire-du-theatre","tag-tristan-felix","tag-veronique-bergen"],"post_mailing_queue_ids":[],"_links":{"self":[{"href":"https:\/\/t-pas-net.com\/librCritN\/wp-json\/wp\/v2\/posts\/34","targetHints":{"allow":["GET"]}}],"collection":[{"href":"https:\/\/t-pas-net.com\/librCritN\/wp-json\/wp\/v2\/posts"}],"about":[{"href":"https:\/\/t-pas-net.com\/librCritN\/wp-json\/wp\/v2\/types\/post"}],"author":[{"embeddable":true,"href":"https:\/\/t-pas-net.com\/librCritN\/wp-json\/wp\/v2\/users\/2"}],"replies":[{"embeddable":true,"href":"https:\/\/t-pas-net.com\/librCritN\/wp-json\/wp\/v2\/comments?post=34"}],"version-history":[{"count":7,"href":"https:\/\/t-pas-net.com\/librCritN\/wp-json\/wp\/v2\/posts\/34\/revisions"}],"predecessor-version":[{"id":189,"href":"https:\/\/t-pas-net.com\/librCritN\/wp-json\/wp\/v2\/posts\/34\/revisions\/189"}],"wp:featuredmedia":[{"embeddable":true,"href":"https:\/\/t-pas-net.com\/librCritN\/wp-json\/wp\/v2\/media\/40"}],"wp:attachment":[{"href":"https:\/\/t-pas-net.com\/librCritN\/wp-json\/wp\/v2\/media?parent=34"}],"wp:term":[{"taxonomy":"category","embeddable":true,"href":"https:\/\/t-pas-net.com\/librCritN\/wp-json\/wp\/v2\/categories?post=34"},{"taxonomy":"post_tag","embeddable":true,"href":"https:\/\/t-pas-net.com\/librCritN\/wp-json\/wp\/v2\/tags?post=34"}],"curies":[{"name":"wp","href":"https:\/\/api.w.org\/{rel}","templated":true}]}}