{"id":3798,"date":"2023-03-19T20:46:28","date_gmt":"2023-03-19T19:46:28","guid":{"rendered":"http:\/\/t-pas-net.com\/librCritN\/?p=3798"},"modified":"2023-03-20T20:49:22","modified_gmt":"2023-03-20T19:49:22","slug":"news-news-du-dimanche-68","status":"publish","type":"post","link":"https:\/\/t-pas-net.com\/librCritN\/2023\/03\/19\/news-news-du-dimanche-68\/","title":{"rendered":"[NEWS] NEWS du dimanche"},"content":{"rendered":"<header class=\"entry-header\">\n<div class=\"category\">\n<p>En ce dernier dimanche juste avant le printemps, on s&rsquo;int\u00e9ressera \u00e0 la vie sociale des po\u00e8tes, ou on pourra tenter une descente aux enfers avec <strong><em>La Cit\u00e9 dolente<\/em><\/strong> de Laure Gautier, ou encore retrouver le duo Beurard-Valdoye \/ Isabelle Vorle&#8230; Mais auparavant, nos <strong>Lib-livres re\u00e7us<\/strong>&#8230;<\/p>\n<\/div>\n<\/header>\n<p style=\"text-align: center;\"><strong><span style=\"background-color: #ff0000; color: #ffffff;\">Libr-livres re\u00e7us<\/span><\/strong><\/p>\n<p style=\"text-align: center;\"><img loading=\"lazy\" decoding=\"async\" class=\"aligncenter size-full wp-image-3804\" src=\"http:\/\/t-pas-net.com\/librCritN\/wp-content\/uploads\/2023\/03\/Libr6Mars23.jpg\" alt=\"\" width=\"810\" height=\"957\" srcset=\"https:\/\/t-pas-net.com\/librCritN\/wp-content\/uploads\/2023\/03\/Libr6Mars23.jpg 810w, https:\/\/t-pas-net.com\/librCritN\/wp-content\/uploads\/2023\/03\/Libr6Mars23-254x300.jpg 254w, https:\/\/t-pas-net.com\/librCritN\/wp-content\/uploads\/2023\/03\/Libr6Mars23-768x907.jpg 768w, https:\/\/t-pas-net.com\/librCritN\/wp-content\/uploads\/2023\/03\/Libr6Mars23-127x150.jpg 127w, https:\/\/t-pas-net.com\/librCritN\/wp-content\/uploads\/2023\/03\/Libr6Mars23-366x432.jpg 366w, https:\/\/t-pas-net.com\/librCritN\/wp-content\/uploads\/2023\/03\/Libr6Mars23-770x910.jpg 770w\" sizes=\"auto, (max-width: 810px) 100vw, 810px\" \/><\/p>\n<header class=\"entry-header\">\n<div class=\"category\">\n<p>&nbsp;<\/p>\n<p style=\"text-align: justify;\"><strong>\u25ba\u00a0<\/strong><strong><em>La Revue des revues<\/em><\/strong>, n\u00b0 69, 144 pages, 18 \u20ac.<\/p>\n<p style=\"text-align: justify;\"><strong>\u25ba\u00a0<\/strong>S\u00e9bastien DENIS, <em><strong>Ezra Pound et le cin\u00e9ma<\/strong><\/em>, Quidam \u00e9diteur, 108 pages, 12 \u20ac.<\/p>\n<p style=\"text-align: justify;\"><strong>\u25ba\u00a0<\/strong>Daniel CABANIS, <em><strong>Tutoiements<\/strong><\/em>, \u00e9ditions Louise Bottu, 92 pages, 14 \u20ac.<\/p>\n<p style=\"text-align: justify;\"><strong>\u25ba\u00a0<\/strong>Beno\u00eet CASAS, <strong><em>Combine<\/em><\/strong>, Nous \u00e9ditions, 272 pages, 20 \u20ac.<\/p>\n<p style=\"text-align: justify;\"><strong>\u25ba\u00a0<\/strong>Laure GAUTHIER, <strong><em>La Cit\u00e9 dolente<\/em><\/strong>, Lanskine, coll. poche, 64 pages, 8 \u20ac.<\/p>\n<p style=\"text-align: justify;\"><strong>\u25ba\u00a0<\/strong>S\u00e9bastien RONGIER, <em><strong>The Party<\/strong> de Black Edwards<\/em>, \u00e9ditions GREMESE, 120 pages, 21 \u20ac.<\/p>\n<p>&nbsp;<\/p>\n<p style=\"text-align: center;\"><span style=\"background-color: #ff0000; color: #ffffff;\"><strong>Libr-\u00e9v\u00e9nements<\/strong><\/span><\/p>\n<\/div>\n<div class=\"dates\" style=\"text-align: justify;\"><span style=\"background-color: #ffff00;\"><strong><span class=\"datetime-date \">\u25ba Mercredi 22 mars 2023,\u00a0<\/span><span class=\"datetime-time \">19h :\u00a0<\/span>S\u00e9bastien Dubois \u2013<i> La vie sociale des po\u00e8tes<\/i><\/strong><\/span><\/div>\n<div class=\"subtitle\" style=\"text-align: justify;\"><span style=\"background-color: #ffff00;\"><strong>Avec Aur\u00e9lie Foglia &amp; Dominique Rabat\u00e9 <span style=\"background-color: #ffffff;\">\/\u00a0<\/span><\/strong><\/span>tarif : 6 \u20ac \u2014 adh\u00e9rent : 0 \u20ac<\/div>\n<\/header>\n<div class=\"entry-content\">\n<p style=\"text-align: justify;\">\u00ab La po\u00e9sie est une \u00eele qui se d\u00e9tache du continent \u00bb, \u00e9crit le prix Nobel de litt\u00e9rature Derek Walcott. Mais alors, qui sont les habitants de cette \u00eele et comment vivent-ils, s\u2019interroge<img loading=\"lazy\" decoding=\"async\" class=\"alignright size-full wp-image-3801\" src=\"http:\/\/t-pas-net.com\/librCritN\/wp-content\/uploads\/2023\/03\/DuboisVieSocialePoetes.jpg\" alt=\"\" width=\"220\" height=\"330\" srcset=\"https:\/\/t-pas-net.com\/librCritN\/wp-content\/uploads\/2023\/03\/DuboisVieSocialePoetes.jpg 220w, https:\/\/t-pas-net.com\/librCritN\/wp-content\/uploads\/2023\/03\/DuboisVieSocialePoetes-200x300.jpg 200w, https:\/\/t-pas-net.com\/librCritN\/wp-content\/uploads\/2023\/03\/DuboisVieSocialePoetes-100x150.jpg 100w\" sizes=\"auto, (max-width: 220px) 100vw, 220px\" \/> S\u00e9bastien Dubois ?<\/p>\n<p style=\"text-align: justify;\">Malgr\u00e9 les nombreux discours de d\u00e9ploration sur la po\u00e9sie, qui irait de crise en crise depuis 1945, jamais cet art n\u2019a connu une telle vitalit\u00e9 : livres, lectures, performances, festivals, march\u00e9s foisonnent ; des auteurs sont publi\u00e9s de leur vivant dans la Pl\u00e9iade ou en livre de poche, d\u2019autres sont \u00e9tudi\u00e9s \u00e0 l\u2019universit\u00e9, entrent dans les programmes scolaires, etc.<\/p>\n<p style=\"text-align: justify;\">L\u2019auteur porte un regard de sociologue sur la condition, relativement organis\u00e9e, des po\u00e8tes contemporains, qui m\u00ealent activit\u00e9s litt\u00e9raires et \u00ab seconds m\u00e9tiers \u00bb comme modes d\u2019existence. Surtout, parce que la po\u00e9sie est \u00e0 la source de toute litt\u00e9rature et demeure un art \u00ab pur \u00bb, gouvern\u00e9 par le prestige, il s\u2019attache \u00e0 saisir la vie esth\u00e9tique de ses auteurs.<\/p>\n<div class=\"to-read\">\n<p style=\"text-align: justify;\"><strong>\u00c0 lire<\/strong> \u2013\u00a0S\u00e9bastien Dubois, <em>La vie sociale des po\u00e8tes<\/em>, Les presses de Sciences Po, 2023.<\/p>\n<\/div>\n<\/div>\n<p>&nbsp;<\/p>\n<p style=\"text-align: justify;\"><strong><span style=\"background-color: #ffff00;\">\u25ba Vendredi 24 mars, 20H : Laure Gauthier \u2013<\/span> <i>La cit\u00e9 dolente\u00a0<\/i>Accompagn\u00e9e par Serge Teyssot-Gay<\/strong>. tarif : 12 \u20ac \u2014 adh\u00e9rent : 6 \u20ac<\/p>\n<div class=\"entry-content\">\n<p style=\"text-align: justify;\">\u00c0 quoi pourrait ressembler l\u2019Enfer sur terre aujourd\u2019hui ? En dialoguant avec <em>La Divine Com\u00e9die <\/em>de Dante, Laure Gauthier dans <em>La cit\u00e9 dolente<\/em> r\u00e9invente l\u2019Enfer \u00e0 partir du r\u00e9cit po\u00e9tique d\u2019un vieil homme anonyme qui s\u2019enferme volontairement dans un hospice : il fuit notre monde o\u00f9 l\u2019on est enseveli sous un flot constant d\u2019images et d\u2019objets et esp\u00e8re, depuis son EHPAD, trouver enfin le temps de penser \u00e0 sa vie avant de mourir. Mais l\u2019Enfer aujourd\u2019hui, c\u2019est bien de ne pas pouvoir nous retrancher ni respirer, ne pas parvenir \u00e0 trouver le temps, m\u00eame pas \u00e0 l\u2019or\u00e9e de la mort.<\/p>\n<p style=\"text-align: center;\"><img loading=\"lazy\" decoding=\"async\" class=\"aligncenter size-full wp-image-3802\" src=\"http:\/\/t-pas-net.com\/librCritN\/wp-content\/uploads\/2023\/03\/LGMPP.jpg\" alt=\"\" width=\"540\" height=\"340\" srcset=\"https:\/\/t-pas-net.com\/librCritN\/wp-content\/uploads\/2023\/03\/LGMPP.jpg 540w, https:\/\/t-pas-net.com\/librCritN\/wp-content\/uploads\/2023\/03\/LGMPP-300x189.jpg 300w, https:\/\/t-pas-net.com\/librCritN\/wp-content\/uploads\/2023\/03\/LGMPP-150x94.jpg 150w, https:\/\/t-pas-net.com\/librCritN\/wp-content\/uploads\/2023\/03\/LGMPP-366x230.jpg 366w\" sizes=\"auto, (max-width: 540px) 100vw, 540px\" \/><\/p>\n<p style=\"text-align: justify;\">Laure Gauthier, accompagn\u00e9e du musicien Serge Teyssot-Gay, exp\u00e9rimentent et tracent un chemin d\u2019\u00e9nergie : depuis la voix et la guitare \u00e9lectrique, l\u2019autrice et le musicien arrivent \u00e0 affronter la violence mais aussi \u00e0 sonder profond\u00e9ment en nous pour y trouver l\u2019\u00e9nergie d\u2019y r\u00e9sister : ils tentent d\u2019inventer ensemble un mouvement pour \u00ab oser faire le choix de respirer, les pieds nus et les mains vides \u00bb.<\/p>\n<p style=\"text-align: center;\"><strong>\u25ba\u00a0<img loading=\"lazy\" decoding=\"async\" class=\"aligncenter size-full wp-image-3803\" src=\"http:\/\/t-pas-net.com\/librCritN\/wp-content\/uploads\/2023\/03\/BeurardVorle.jpg\" alt=\"\" width=\"540\" height=\"760\" srcset=\"https:\/\/t-pas-net.com\/librCritN\/wp-content\/uploads\/2023\/03\/BeurardVorle.jpg 540w, https:\/\/t-pas-net.com\/librCritN\/wp-content\/uploads\/2023\/03\/BeurardVorle-213x300.jpg 213w, https:\/\/t-pas-net.com\/librCritN\/wp-content\/uploads\/2023\/03\/BeurardVorle-107x150.jpg 107w, https:\/\/t-pas-net.com\/librCritN\/wp-content\/uploads\/2023\/03\/BeurardVorle-366x515.jpg 366w\" sizes=\"auto, (max-width: 540px) 100vw, 540px\" \/><\/strong><\/p>\n<blockquote class=\"wp-block-quote\">\n<p style=\"text-align: justify;\">\n<\/blockquote>\n<\/div>\n","protected":false},"excerpt":{"rendered":"<p>En ce dernier dimanche juste avant le printemps, on s&rsquo;int\u00e9ressera \u00e0 la vie sociale des po\u00e8tes, ou on pourra tenter une descente aux enfers avec La Cit\u00e9 dolente de Laure Gautier, ou encore retrouver le duo Beurard-Valdoye \/ Isabelle Vorle&#8230; Mais auparavant, nos Lib-livres re\u00e7us&#8230; Libr-livres re\u00e7us &nbsp; \u25ba\u00a0La Revue des revues, n\u00b0 69, 144 pages, 18 \u20ac. \u25ba\u00a0S\u00e9bastien DENIS, Ezra Pound et le cin\u00e9ma, Quidam \u00e9diteur, 108 pages, 12 \u20ac. \u25ba\u00a0Daniel CABANIS, Tutoiements, \u00e9ditions Louise Bottu, 92 pages, 14 \u20ac. \u25ba\u00a0Beno\u00eet CASAS, Combine, Nous \u00e9ditions, 272 pages, 20 \u20ac. \u25ba\u00a0Laure GAUTHIER, La Cit\u00e9 dolente, Lanskine, coll. poche, 64 pages, 8 \u20ac. \u25ba\u00a0S\u00e9bastien RONGIER, The Party de Black Edwards, \u00e9ditions GREMESE, 120 pages, 21 \u20ac. &nbsp; Libr-\u00e9v\u00e9nements \u25ba Mercredi 22 mars 2023,\u00a019h :\u00a0S\u00e9bastien Dubois \u2013 La vie sociale des po\u00e8tes Avec Aur\u00e9lie Foglia &amp; Dominique Rabat\u00e9 \/\u00a0tarif : 6 \u20ac \u2014 adh\u00e9rent : 0 \u20ac \u00ab La po\u00e9sie est une \u00eele qui se d\u00e9tache du continent \u00bb, \u00e9crit le prix Nobel de litt\u00e9rature Derek Walcott. Mais alors, qui sont les habitants de cette \u00eele et comment vivent-ils, s\u2019interroge S\u00e9bastien Dubois ? Malgr\u00e9 les nombreux discours de d\u00e9ploration sur la po\u00e9sie, qui irait de crise en crise depuis 1945, jamais cet art n\u2019a connu une telle vitalit\u00e9 : livres, lectures, performances, festivals, march\u00e9s foisonnent ; des auteurs sont publi\u00e9s de leur vivant dans la Pl\u00e9iade ou en livre de poche, d\u2019autres sont \u00e9tudi\u00e9s \u00e0 l\u2019universit\u00e9, entrent dans les programmes scolaires, etc. L\u2019auteur porte un regard de sociologue sur la condition, relativement organis\u00e9e, des po\u00e8tes contemporains, qui m\u00ealent activit\u00e9s litt\u00e9raires et \u00ab seconds m\u00e9tiers \u00bb comme modes d\u2019existence. Surtout, parce que la po\u00e9sie est \u00e0 la source de toute litt\u00e9rature et demeure un art \u00ab pur \u00bb, gouvern\u00e9 par le prestige, il s\u2019attache \u00e0 saisir la vie esth\u00e9tique de ses auteurs. \u00c0 lire \u2013\u00a0S\u00e9bastien Dubois, La vie sociale des po\u00e8tes, Les presses de Sciences Po, 2023. &nbsp; \u25ba Vendredi 24 mars, 20H : Laure Gauthier \u2013 La cit\u00e9 dolente\u00a0Accompagn\u00e9e par Serge Teyssot-Gay. tarif : 12 \u20ac \u2014 adh\u00e9rent : 6 \u20ac \u00c0 quoi pourrait ressembler l\u2019Enfer sur terre aujourd\u2019hui ? En dialoguant avec La Divine Com\u00e9die de Dante, Laure Gauthier dans La cit\u00e9 dolente r\u00e9invente l\u2019Enfer \u00e0 partir du r\u00e9cit po\u00e9tique d\u2019un vieil homme anonyme qui s\u2019enferme volontairement dans un hospice : il fuit notre monde o\u00f9 l\u2019on est enseveli sous un flot constant d\u2019images et d\u2019objets et esp\u00e8re, depuis son EHPAD, trouver enfin le temps de penser \u00e0 sa vie avant de mourir. Mais l\u2019Enfer aujourd\u2019hui, c\u2019est bien de ne pas pouvoir nous retrancher ni respirer, ne pas parvenir \u00e0 trouver le temps, m\u00eame pas \u00e0 l\u2019or\u00e9e de la mort. Laure Gauthier, accompagn\u00e9e du musicien Serge Teyssot-Gay, exp\u00e9rimentent et tracent un chemin d\u2019\u00e9nergie : depuis la voix et la guitare \u00e9lectrique, l\u2019autrice et le musicien arrivent \u00e0 affronter la violence mais aussi \u00e0 sonder profond\u00e9ment en nous pour y trouver l\u2019\u00e9nergie d\u2019y r\u00e9sister : ils tentent d\u2019inventer ensemble un mouvement pour \u00ab oser faire le choix de respirer, les pieds nus et les mains vides \u00bb. \u25ba\u00a0<\/p>\n","protected":false},"author":2,"featured_media":2401,"comment_status":"open","ping_status":"open","sticky":false,"template":"","format":"standard","meta":{"footnotes":""},"categories":[7,10,2],"tags":[1745,1932,322,1927,229,426,36,1931,1933,1934,48,641,14,1446,89,1930,1928,649,1929],"class_list":["post-3798","post","type-post","status-publish","format-standard","has-post-thumbnail","hentry","category-livres-recus","category-news","category-une","tag-aurelie-foglia","tag-benoit-casas","tag-daniel-cabanis","tag-dominique-rabate","tag-editions-louise-bottu","tag-editions-nous","tag-editions-lanskine","tag-ezra-pound","tag-gremese-editions","tag-isabelle-vorle","tag-laure-gauthier","tag-maison-de-la-poesie-de-paris","tag-patrick-beurard-valdoye","tag-quidam-editeur","tag-revue-des-revues","tag-sebastien-denis","tag-sebastien-dubois","tag-sebastien-rongier","tag-serge-teyssot-gay"],"post_mailing_queue_ids":[],"_links":{"self":[{"href":"https:\/\/t-pas-net.com\/librCritN\/wp-json\/wp\/v2\/posts\/3798","targetHints":{"allow":["GET"]}}],"collection":[{"href":"https:\/\/t-pas-net.com\/librCritN\/wp-json\/wp\/v2\/posts"}],"about":[{"href":"https:\/\/t-pas-net.com\/librCritN\/wp-json\/wp\/v2\/types\/post"}],"author":[{"embeddable":true,"href":"https:\/\/t-pas-net.com\/librCritN\/wp-json\/wp\/v2\/users\/2"}],"replies":[{"embeddable":true,"href":"https:\/\/t-pas-net.com\/librCritN\/wp-json\/wp\/v2\/comments?post=3798"}],"version-history":[{"count":4,"href":"https:\/\/t-pas-net.com\/librCritN\/wp-json\/wp\/v2\/posts\/3798\/revisions"}],"predecessor-version":[{"id":3806,"href":"https:\/\/t-pas-net.com\/librCritN\/wp-json\/wp\/v2\/posts\/3798\/revisions\/3806"}],"wp:featuredmedia":[{"embeddable":true,"href":"https:\/\/t-pas-net.com\/librCritN\/wp-json\/wp\/v2\/media\/2401"}],"wp:attachment":[{"href":"https:\/\/t-pas-net.com\/librCritN\/wp-json\/wp\/v2\/media?parent=3798"}],"wp:term":[{"taxonomy":"category","embeddable":true,"href":"https:\/\/t-pas-net.com\/librCritN\/wp-json\/wp\/v2\/categories?post=3798"},{"taxonomy":"post_tag","embeddable":true,"href":"https:\/\/t-pas-net.com\/librCritN\/wp-json\/wp\/v2\/tags?post=3798"}],"curies":[{"name":"wp","href":"https:\/\/api.w.org\/{rel}","templated":true}]}}