{"id":3852,"date":"2023-04-02T20:26:16","date_gmt":"2023-04-02T18:26:16","guid":{"rendered":"http:\/\/t-pas-net.com\/librCritN\/?p=3852"},"modified":"2023-04-02T20:27:42","modified_gmt":"2023-04-02T18:27:42","slug":"news-news-du-dimanche-69","status":"publish","type":"post","link":"https:\/\/t-pas-net.com\/librCritN\/2023\/04\/02\/news-news-du-dimanche-69\/","title":{"rendered":"[NEWS] NEWS DU DIMANCHE"},"content":{"rendered":"<p style=\"text-align: justify;\">En ce premier dimanche d&rsquo;avril offensif, on m\u00e9ditera les <strong>Br\u00e8ves de l&rsquo;Agence Tumorale de Communication disruptive<\/strong>, (<em>sic !<\/em>), avant de d\u00e9couvrir notre nouvelle s\u00e9lection de <strong>5 livres re\u00e7us<\/strong> et de noter sur son agenda le rendez-vous avec la flamboyante\u00a0Anne-Olivia Belzidsky du 22 avril au 7 mai&#8230;<\/p>\n<p>&nbsp;<\/p>\n<p style=\"text-align: center;\"><span style=\"background-color: #ff0000; color: #ffffff;\"><strong>Br\u00e8ves de l&rsquo;Agence Tumorale<br \/>\nde Communication disruptive<\/strong><\/span><\/p>\n<p style=\"text-align: center;\"><img loading=\"lazy\" decoding=\"async\" class=\"aligncenter size-full wp-image-3854\" src=\"http:\/\/t-pas-net.com\/librCritN\/wp-content\/uploads\/2023\/04\/Exploitation.jpg\" alt=\"\" width=\"540\" height=\"360\" srcset=\"https:\/\/t-pas-net.com\/librCritN\/wp-content\/uploads\/2023\/04\/Exploitation.jpg 540w, https:\/\/t-pas-net.com\/librCritN\/wp-content\/uploads\/2023\/04\/Exploitation-300x200.jpg 300w, https:\/\/t-pas-net.com\/librCritN\/wp-content\/uploads\/2023\/04\/Exploitation-150x100.jpg 150w, https:\/\/t-pas-net.com\/librCritN\/wp-content\/uploads\/2023\/04\/Exploitation-366x244.jpg 366w\" sizes=\"auto, (max-width: 540px) 100vw, 540px\" \/><\/p>\n<ol>\n<li style=\"text-align: justify;\">Notre \u00e9tronomie, comme notre popolitique, est r\u00e9siliente. D&rsquo;ailleurs, pour l&rsquo;avenir moderne de notre pays moderne, la fRANCE, tout le monde se doit d&rsquo;\u00eatre r\u00e9silient.<\/li>\n<li style=\"text-align: justify;\">Nos braves Casseurs anti-EcoloGauchistes ont d\u00fb d\u00e9fendre un trou au milieu de NullePart : les affaires sont les affaires, n&rsquo;est-ce pas ? Vive les Bienfouteurs de la terre !<\/li>\n<li style=\"text-align: justify;\">Nos z\u00e9l\u00e9s Casseurs anti-Gr\u00e8ve ont d\u00fb faire un trou dans la foule des voyous-Wokes : \u00e0 coups de LBD contre les LGBT<sup>+<\/sup>, faut bien s&rsquo;amuser n&rsquo;est-ce pas ? Et puis il faut bien d\u00e9fendre les int\u00e9r\u00eats sup\u00e9rieurs de la dynastie des \u00c7aProfite !<\/li>\n<li style=\"text-align: justify;\">Tout bien consid\u00e9r\u00e9, la Retraite est un h\u00e9ritage qui \u00e9chappe aux Bienfouteurs de l&rsquo;homonculit\u00e9 : tout abus de confiance et recel de biens sociaux m\u00e9rite poursuites, n&rsquo;est-ce pas ?<\/li>\n<li style=\"text-align: justify;\">Rien ne peut \u00e9chapper \u00e0 la Zone Etronomique Tumorale (ZET), pas m\u00eame le second h\u00e9ritage du peuple : pourquoi les h\u00e9ritiers des maigres \u00e9conomies parentales b\u00e9n\u00e9ficieraient-ils d&rsquo;une Zone de Confort Financi\u00e8re (ZCF) ? Gr\u00e2ce aux forces Etronomiques Huniques Pour Avaler les Deniers (EHPAD), ils continuent \u00e0 gagner normalement leur pain \u00e0 la sueur de leur front.<\/li>\n<\/ol>\n<p style=\"text-align: center;\"><img loading=\"lazy\" decoding=\"async\" class=\"aligncenter size-full wp-image-3855\" src=\"http:\/\/t-pas-net.com\/librCritN\/wp-content\/uploads\/2023\/04\/CancerTravail.jpg\" alt=\"\" width=\"540\" height=\"280\" srcset=\"https:\/\/t-pas-net.com\/librCritN\/wp-content\/uploads\/2023\/04\/CancerTravail.jpg 540w, https:\/\/t-pas-net.com\/librCritN\/wp-content\/uploads\/2023\/04\/CancerTravail-300x156.jpg 300w, https:\/\/t-pas-net.com\/librCritN\/wp-content\/uploads\/2023\/04\/CancerTravail-150x78.jpg 150w, https:\/\/t-pas-net.com\/librCritN\/wp-content\/uploads\/2023\/04\/CancerTravail-366x190.jpg 366w\" sizes=\"auto, (max-width: 540px) 100vw, 540px\" \/><\/p>\n<p>&nbsp;<\/p>\n<p style=\"text-align: center;\"><span style=\"background-color: #ff0000; color: #ffffff;\"><strong>Libr-livres re\u00e7us<\/strong><\/span><\/p>\n<p style=\"text-align: center;\"><img loading=\"lazy\" decoding=\"async\" class=\"aligncenter size-full wp-image-3856\" src=\"http:\/\/t-pas-net.com\/librCritN\/wp-content\/uploads\/2023\/04\/Libr5Avril23.jpg\" alt=\"\" width=\"540\" height=\"280\" srcset=\"https:\/\/t-pas-net.com\/librCritN\/wp-content\/uploads\/2023\/04\/Libr5Avril23.jpg 540w, https:\/\/t-pas-net.com\/librCritN\/wp-content\/uploads\/2023\/04\/Libr5Avril23-300x156.jpg 300w, https:\/\/t-pas-net.com\/librCritN\/wp-content\/uploads\/2023\/04\/Libr5Avril23-150x78.jpg 150w, https:\/\/t-pas-net.com\/librCritN\/wp-content\/uploads\/2023\/04\/Libr5Avril23-366x190.jpg 366w\" sizes=\"auto, (max-width: 540px) 100vw, 540px\" \/><\/p>\n<p style=\"text-align: justify;\"><strong>\u25ba\u00a0<\/strong>Caroline ANDRIOT-SAILLANT, <em><strong>Reprise<\/strong><\/em>, Atelier de l&rsquo;Agneau, printemps 2023, 84 pages, 17 \u20ac.<\/p>\n<p style=\"text-align: justify;\"><strong>\u25ba\u00a0<\/strong>Alexander DICKOW, <strong><em>App\u00e9tits<\/em><\/strong> <em>suivi de<\/em> <strong><em>Un grenier<\/em><\/strong>, \u00e9ditions La Rumeur libre, 2022, 136 pages, 17 \u20ac.<\/p>\n<p style=\"text-align: justify;\"><strong>\u25ba\u00a0<\/strong>Tristan FELIX, <strong><em>Testicul<\/em><\/strong>, Tinbad \u00e9ditions, 82 pages, 15 \u20ac.<\/p>\n<p style=\"text-align: justify;\"><strong>\u25ba\u00a0<\/strong>Jean-Charles MASSERA, <strong><em>Occupy Masculinit\u00e9<\/em><\/strong>, \u00e9ditions Verticales, en librairie ce jeudi 6 avril 2023, 168 pages, 18,50 \u20ac.<\/p>\n<p style=\"text-align: justify;\"><strong>\u25ba\u00a0<\/strong>Nicolas TARDY, <strong><em>Stimuli<\/em><\/strong>, Les Inaper\u00e7us, mars 2023, 42 pages, 7,50 \u20ac.<\/p>\n<p>&nbsp;<\/p>\n<p style=\"text-align: center;\"><span style=\"background-color: #ff0000; color: #ffffff;\"><strong>Libr-\u00e9v\u00e9nement :<\/strong><\/span><\/p>\n<p style=\"font-weight: 400; text-align: right;\">Anne-Olivia Belzidsky \u2013<em> Elle revient<br \/>\n<\/em>exposition personnelle du 22 avril au 7 mai 2023<br \/>\nBlaiseFactory, 62 rue des Bains, Trouville-sur-Mer<\/p>\n<p style=\"text-align: center;\"><img loading=\"lazy\" decoding=\"async\" class=\"aligncenter size-full wp-image-3857\" src=\"http:\/\/t-pas-net.com\/librCritN\/wp-content\/uploads\/2023\/04\/ExpoTrouville23.jpg\" alt=\"\" width=\"540\" height=\"760\" srcset=\"https:\/\/t-pas-net.com\/librCritN\/wp-content\/uploads\/2023\/04\/ExpoTrouville23.jpg 540w, https:\/\/t-pas-net.com\/librCritN\/wp-content\/uploads\/2023\/04\/ExpoTrouville23-213x300.jpg 213w, https:\/\/t-pas-net.com\/librCritN\/wp-content\/uploads\/2023\/04\/ExpoTrouville23-107x150.jpg 107w, https:\/\/t-pas-net.com\/librCritN\/wp-content\/uploads\/2023\/04\/ExpoTrouville23-366x515.jpg 366w\" sizes=\"auto, (max-width: 540px) 100vw, 540px\" \/><\/p>\n<p>&nbsp;<\/p>\n<p style=\"font-weight: 400; text-align: justify;\">Anne-Olivia Belzidsky est \u00e0 la fois peintre et sculpteur.<\/p>\n<p style=\"font-weight: 400; text-align: justify;\">Ses productions se situent \u00e0 la crois\u00e9e de la haute couture et d\u2019un art contemporain qui s\u2019est r\u00e9appropri\u00e9 le sens de l\u2019objet.<\/p>\n<p style=\"font-weight: 400; text-align: justify;\">Haute couture, parce que les figures f\u00e9minines qu\u2019Anne-Olivia Belzidsky projette dans l\u2019espace donnent \u00e0 voir d\u2019abord des robes, des pliss\u00e9s, des coupes et des d\u00e9coupes, des mousselines et des organzas r\u00e9invent\u00e9s, transfigur\u00e9s par le peintre et sculpteur.<\/p>\n<p style=\"font-weight: 400; text-align: justify;\">Le post-modernisme se cherche une nouvelle voie, et la question du beau et du savoir-faire est de nouveau autoris\u00e9e, de nouveau pos\u00e9e.<\/p>\n<p style=\"font-weight: 400; text-align: justify;\">Avec l\u2019\u0153uvre d\u2019Anne-Olivia Belzidsky vient imm\u00e9diatement cette impression d\u2019un retour du baroque sur le devant de la sc\u00e8ne, un retour de l\u2019ic\u00f4ne en son sens religieux, son sens polarisant, son sens reliant.<\/p>\n<p style=\"font-weight: 400; text-align: justify;\"><img loading=\"lazy\" decoding=\"async\" class=\"alignleft size-full wp-image-3858\" src=\"http:\/\/t-pas-net.com\/librCritN\/wp-content\/uploads\/2023\/04\/AOBSculpture1.jpg\" alt=\"\" width=\"225\" height=\"325\" srcset=\"https:\/\/t-pas-net.com\/librCritN\/wp-content\/uploads\/2023\/04\/AOBSculpture1.jpg 225w, https:\/\/t-pas-net.com\/librCritN\/wp-content\/uploads\/2023\/04\/AOBSculpture1-208x300.jpg 208w, https:\/\/t-pas-net.com\/librCritN\/wp-content\/uploads\/2023\/04\/AOBSculpture1-104x150.jpg 104w\" sizes=\"auto, (max-width: 225px) 100vw, 225px\" \/>Les figures f\u00e9minines de l\u2019artiste transportent en diff\u00e9rents ailleurs.<\/p>\n<p style=\"font-weight: 400; text-align: justify;\">Le hi\u00e9ratisme des personnages d\u2019Alberto Giacometti s\u2019est ici ressourc\u00e9 aupr\u00e8s des danseuses de Degas.<\/p>\n<p style=\"font-weight: 400; text-align: justify;\">Le noir profond domine, et toutes mati\u00e8res y servent : m\u00e9taux, huiles, c\u00e9ramiques.<\/p>\n<p style=\"font-weight: 400; text-align: justify;\">C\u2019est un art aussi envo\u00fbtant que s\u00e9rieux, et sa prise sur le r\u00e9el du si\u00e8cle est assez nette : les femmes projet\u00e9es devant nous ont clairement \u00e9t\u00e9 arrach\u00e9es au chaos, o\u00f9 l\u2019asc\u00e8se de l\u2019autofiction le dispute au foisonnement, et la tonalit\u00e9 japanisante et zen \u00e0 un minimalisme expressionniste.<\/p>\n<p style=\"font-weight: 400; text-align: justify;\">La s\u00e9rie de sculptures pr\u00e9sent\u00e9e \u00e0 la BlaiseFactory poss\u00e8de un fil rouge : l\u2019artiste a d\u00e9cid\u00e9 de donner aux \u0153uvres le nom d\u2019un personnage f\u00e9minin archi-connu, l\u2019une de ces femmes marquantes de l\u2019Histoire, mais encore et tout aussi bien le nom de l\u2019une de ses amies proches, ou m\u00eame le nom d\u2019une anc\u00eatre. Dans le bel espace de la BlaiseFactory, il ne sera pas anodin de croiser et de rencontrer en personne Simone Veil, Isabelle Huppert, Lou-Salom\u00e9 Pennor\u2019s, Armelle Pioline, Lucie Aubrac ou Lady Gaga\u2026.<\/p>\n<p style=\"font-weight: 400; text-align: justify;\">Commenc\u00e9 il y a une dizaine d\u2019ann\u00e9es dans le centre de Paris, le travail et la recherche d\u2019Anne-Olivia Belzidsky s\u2019\u00e9panouissent aujourd\u2019hui sur la c\u00f4te normande \u00e0 Trouville-sur-Mer, o\u00f9 elle a install\u00e9 son atelier.<\/p>\n<p style=\"text-align: center;\"><img loading=\"lazy\" decoding=\"async\" class=\"aligncenter size-full wp-image-3859\" src=\"http:\/\/t-pas-net.com\/librCritN\/wp-content\/uploads\/2023\/04\/AOBSculpture2.jpg\" alt=\"\" width=\"540\" height=\"420\" srcset=\"https:\/\/t-pas-net.com\/librCritN\/wp-content\/uploads\/2023\/04\/AOBSculpture2.jpg 540w, https:\/\/t-pas-net.com\/librCritN\/wp-content\/uploads\/2023\/04\/AOBSculpture2-300x233.jpg 300w, https:\/\/t-pas-net.com\/librCritN\/wp-content\/uploads\/2023\/04\/AOBSculpture2-150x117.jpg 150w, https:\/\/t-pas-net.com\/librCritN\/wp-content\/uploads\/2023\/04\/AOBSculpture2-366x285.jpg 366w\" sizes=\"auto, (max-width: 540px) 100vw, 540px\" \/><\/p>\n<p style=\"font-weight: 400; text-align: justify;\">On l\u2019a vue il y a quelques ann\u00e9es offrir une proposition d\u2019art total dans le 11<sup>\u00e8me<\/sup> arrondissement de Paris \u00e0 La G\u00e9n\u00e9rale, immense station autrefois d\u00e9di\u00e9e \u00e0 la distribution d\u2019\u00e9lectricit\u00e9, o\u00f9 des artistes de tout bord ont fait vivre une avant-garde passionnante.<\/p>\n<p style=\"font-weight: 400; text-align: justify;\">Elle aura aussi investi la c\u00e9l\u00e8bre fondation d\u2019art contemporain La Maison rouge d\u2019Antoine de Galbert, o\u00f9 l\u2019une de ses installations fut associ\u00e9e \u00e0 un unique et flamboyant concert.<\/p>\n<p style=\"font-weight: 400; text-align: justify;\">La pratique baroque de l\u2019artiste insiste et pers\u00e9v\u00e8re.<\/p>\n<p style=\"font-weight: 400; text-align: justify;\">\u00ab Elle revient \u00bb.<\/p>\n<p style=\"font-weight: 400; text-align: justify;\">On la retrouvera avec grand int\u00e9r\u00eat dans l\u2019\u00e9crin trouvillais de la BlaiseFactory, situ\u00e9e en plein c\u0153ur du Trouville historique.<\/p>\n<p style=\"font-weight: 400; text-align: justify;\">En duplex aux m\u00eames dates du printemps 2023, la galerie parisienne Sophie etc., qui s\u2019est fait une place de choix dans le monde du bijou contemporain, accueillera 7 sculptures miniatures sign\u00e9es Belzidsky.<\/p>\n","protected":false},"excerpt":{"rendered":"<p>En ce premier dimanche d&rsquo;avril offensif, on m\u00e9ditera les Br\u00e8ves de l&rsquo;Agence Tumorale de Communication disruptive, (sic !), avant de d\u00e9couvrir notre nouvelle s\u00e9lection de 5 livres re\u00e7us et de noter sur son agenda le rendez-vous avec la flamboyante\u00a0Anne-Olivia Belzidsky du 22 avril au 7 mai&#8230; &nbsp; Br\u00e8ves de l&rsquo;Agence Tumorale de Communication disruptive Notre \u00e9tronomie, comme notre popolitique, est r\u00e9siliente. D&rsquo;ailleurs, pour l&rsquo;avenir moderne de notre pays moderne, la fRANCE, tout le monde se doit d&rsquo;\u00eatre r\u00e9silient. Nos braves Casseurs anti-EcoloGauchistes ont d\u00fb d\u00e9fendre un trou au milieu de NullePart : les affaires sont les affaires, n&rsquo;est-ce pas ? Vive les Bienfouteurs de la terre ! Nos z\u00e9l\u00e9s Casseurs anti-Gr\u00e8ve ont d\u00fb faire un trou dans la foule des voyous-Wokes : \u00e0 coups de LBD contre les LGBT+, faut bien s&rsquo;amuser n&rsquo;est-ce pas ? Et puis il faut bien d\u00e9fendre les int\u00e9r\u00eats sup\u00e9rieurs de la dynastie des \u00c7aProfite ! Tout bien consid\u00e9r\u00e9, la Retraite est un h\u00e9ritage qui \u00e9chappe aux Bienfouteurs de l&rsquo;homonculit\u00e9 : tout abus de confiance et recel de biens sociaux m\u00e9rite poursuites, n&rsquo;est-ce pas ? Rien ne peut \u00e9chapper \u00e0 la Zone Etronomique Tumorale (ZET), pas m\u00eame le second h\u00e9ritage du peuple : pourquoi les h\u00e9ritiers des maigres \u00e9conomies parentales b\u00e9n\u00e9ficieraient-ils d&rsquo;une Zone de Confort Financi\u00e8re (ZCF) ? Gr\u00e2ce aux forces Etronomiques Huniques Pour Avaler les Deniers (EHPAD), ils continuent \u00e0 gagner normalement leur pain \u00e0 la sueur de leur front. &nbsp; Libr-livres re\u00e7us \u25ba\u00a0Caroline ANDRIOT-SAILLANT, Reprise, Atelier de l&rsquo;Agneau, printemps 2023, 84 pages, 17 \u20ac. \u25ba\u00a0Alexander DICKOW, App\u00e9tits suivi de Un grenier, \u00e9ditions La Rumeur libre, 2022, 136 pages, 17 \u20ac. \u25ba\u00a0Tristan FELIX, Testicul, Tinbad \u00e9ditions, 82 pages, 15 \u20ac. \u25ba\u00a0Jean-Charles MASSERA, Occupy Masculinit\u00e9, \u00e9ditions Verticales, en librairie ce jeudi 6 avril 2023, 168 pages, 18,50 \u20ac. \u25ba\u00a0Nicolas TARDY, Stimuli, Les Inaper\u00e7us, mars 2023, 42 pages, 7,50 \u20ac. &nbsp; Libr-\u00e9v\u00e9nement : Anne-Olivia Belzidsky \u2013 Elle revient exposition personnelle du 22 avril au 7 mai 2023 BlaiseFactory, 62 rue des Bains, Trouville-sur-Mer &nbsp; Anne-Olivia Belzidsky est \u00e0 la fois peintre et sculpteur. Ses productions se situent \u00e0 la crois\u00e9e de la haute couture et d\u2019un art contemporain qui s\u2019est r\u00e9appropri\u00e9 le sens de l\u2019objet. Haute couture, parce que les figures f\u00e9minines qu\u2019Anne-Olivia Belzidsky projette dans l\u2019espace donnent \u00e0 voir d\u2019abord des robes, des pliss\u00e9s, des coupes et des d\u00e9coupes, des mousselines et des organzas r\u00e9invent\u00e9s, transfigur\u00e9s par le peintre et sculpteur. Le post-modernisme se cherche une nouvelle voie, et la question du beau et du savoir-faire est de nouveau autoris\u00e9e, de nouveau pos\u00e9e. Avec l\u2019\u0153uvre d\u2019Anne-Olivia Belzidsky vient imm\u00e9diatement cette impression d\u2019un retour du baroque sur le devant de la sc\u00e8ne, un retour de l\u2019ic\u00f4ne en son sens religieux, son sens polarisant, son sens reliant. Les figures f\u00e9minines de l\u2019artiste transportent en diff\u00e9rents ailleurs. Le hi\u00e9ratisme des personnages d\u2019Alberto Giacometti s\u2019est ici ressourc\u00e9 aupr\u00e8s des danseuses de Degas. Le noir profond domine, et toutes mati\u00e8res y servent : m\u00e9taux, huiles, c\u00e9ramiques. C\u2019est un art aussi envo\u00fbtant que s\u00e9rieux, et sa prise sur le r\u00e9el du si\u00e8cle est assez nette : les femmes projet\u00e9es devant nous ont clairement \u00e9t\u00e9 arrach\u00e9es au chaos, o\u00f9 l\u2019asc\u00e8se de l\u2019autofiction le dispute au foisonnement, et la tonalit\u00e9 japanisante et zen \u00e0 un minimalisme expressionniste. La s\u00e9rie de sculptures pr\u00e9sent\u00e9e \u00e0 la BlaiseFactory poss\u00e8de un fil rouge : l\u2019artiste a d\u00e9cid\u00e9 de donner aux \u0153uvres le nom d\u2019un personnage f\u00e9minin archi-connu, l\u2019une de ces femmes marquantes de l\u2019Histoire, mais encore et tout aussi bien le nom de l\u2019une de ses amies proches, ou m\u00eame le nom d\u2019une anc\u00eatre. Dans le bel espace de la BlaiseFactory, il ne sera pas anodin de croiser et de rencontrer en personne Simone Veil, Isabelle Huppert, Lou-Salom\u00e9 Pennor\u2019s, Armelle Pioline, Lucie Aubrac ou Lady Gaga\u2026. Commenc\u00e9 il y a une dizaine d\u2019ann\u00e9es dans le centre de Paris, le travail et la recherche d\u2019Anne-Olivia Belzidsky s\u2019\u00e9panouissent aujourd\u2019hui sur la c\u00f4te normande \u00e0 Trouville-sur-Mer, o\u00f9 elle a install\u00e9 son atelier. On l\u2019a vue il y a quelques ann\u00e9es offrir une proposition d\u2019art total dans le 11\u00e8me arrondissement de Paris \u00e0 La G\u00e9n\u00e9rale, immense station autrefois d\u00e9di\u00e9e \u00e0 la distribution d\u2019\u00e9lectricit\u00e9, o\u00f9 des artistes de tout bord ont fait vivre une avant-garde passionnante. Elle aura aussi investi la c\u00e9l\u00e8bre fondation d\u2019art contemporain La Maison rouge d\u2019Antoine de Galbert, o\u00f9 l\u2019une de ses installations fut associ\u00e9e \u00e0 un unique et flamboyant concert. La pratique baroque de l\u2019artiste insiste et pers\u00e9v\u00e8re. \u00ab Elle revient \u00bb. On la retrouvera avec grand int\u00e9r\u00eat dans l\u2019\u00e9crin trouvillais de la BlaiseFactory, situ\u00e9e en plein c\u0153ur du Trouville historique. En duplex aux m\u00eames dates du printemps 2023, la galerie parisienne Sophie etc., qui s\u2019est fait une place de choix dans le monde du bijou contemporain, accueillera 7 sculptures miniatures sign\u00e9es Belzidsky.<\/p>\n","protected":false},"author":2,"featured_media":2401,"comment_status":"open","ping_status":"open","sticky":false,"template":"","format":"standard","meta":{"footnotes":""},"categories":[9,7,10,2],"tags":[1945,177,1946,1155,1948,1947,1949,630,28,12,446,1951,1950,13],"class_list":["post-3852","post","type-post","status-publish","format-standard","has-post-thumbnail","hentry","category-creation","category-livres-recus","category-news","category-une","tag-agence-tumorale","tag-alexander-dickow","tag-anne-olivia-belzidsky","tag-atelier-de-lagneau","tag-caroline-andriot-saillant","tag-communication-disruptive","tag-editions-la-rumeur-libre","tag-editions-verticales","tag-editions-tinbad","tag-fabrice-thumerel","tag-jean-charles-massera","tag-les-inapercus-editions","tag-nicolas-tardy","tag-tristan-felix"],"post_mailing_queue_ids":[],"_links":{"self":[{"href":"https:\/\/t-pas-net.com\/librCritN\/wp-json\/wp\/v2\/posts\/3852","targetHints":{"allow":["GET"]}}],"collection":[{"href":"https:\/\/t-pas-net.com\/librCritN\/wp-json\/wp\/v2\/posts"}],"about":[{"href":"https:\/\/t-pas-net.com\/librCritN\/wp-json\/wp\/v2\/types\/post"}],"author":[{"embeddable":true,"href":"https:\/\/t-pas-net.com\/librCritN\/wp-json\/wp\/v2\/users\/2"}],"replies":[{"embeddable":true,"href":"https:\/\/t-pas-net.com\/librCritN\/wp-json\/wp\/v2\/comments?post=3852"}],"version-history":[{"count":3,"href":"https:\/\/t-pas-net.com\/librCritN\/wp-json\/wp\/v2\/posts\/3852\/revisions"}],"predecessor-version":[{"id":3861,"href":"https:\/\/t-pas-net.com\/librCritN\/wp-json\/wp\/v2\/posts\/3852\/revisions\/3861"}],"wp:featuredmedia":[{"embeddable":true,"href":"https:\/\/t-pas-net.com\/librCritN\/wp-json\/wp\/v2\/media\/2401"}],"wp:attachment":[{"href":"https:\/\/t-pas-net.com\/librCritN\/wp-json\/wp\/v2\/media?parent=3852"}],"wp:term":[{"taxonomy":"category","embeddable":true,"href":"https:\/\/t-pas-net.com\/librCritN\/wp-json\/wp\/v2\/categories?post=3852"},{"taxonomy":"post_tag","embeddable":true,"href":"https:\/\/t-pas-net.com\/librCritN\/wp-json\/wp\/v2\/tags?post=3852"}],"curies":[{"name":"wp","href":"https:\/\/api.w.org\/{rel}","templated":true}]}}