{"id":422,"date":"2020-11-22T17:22:09","date_gmt":"2020-11-22T16:22:09","guid":{"rendered":"http:\/\/t-pas-net.com\/librCritN\/?p=422"},"modified":"2021-05-04T17:23:17","modified_gmt":"2021-05-04T15:23:17","slug":"news-news-du-dimanche-13","status":"publish","type":"post","link":"https:\/\/t-pas-net.com\/librCritN\/2020\/11\/22\/news-news-du-dimanche-13\/","title":{"rendered":"[News] News du dimanche"},"content":{"rendered":"<p>En ces temps lugubres, choisissons notre <strong>Libr-confinement<\/strong>, qui s\u2019accompagne de la pr\u00e9sentation de deux livres qui viennent de para\u00eetre (sign\u00e9s Jacques Barbaut et Bruno Fern)\u2026<\/p>\n<p><strong>Libr-confinement\u2026<\/strong><\/p>\n<p><strong>\u25ba Agenda POL :<\/strong><\/p>\n<p class=\"yiv6889148023MsoNormal\"><u>En d\u00e9cembre 2020<\/u><\/p>\n<p class=\"yiv6889148023MsoListParagraph\">\u00b7\u00a0\u00a0\u00a0\u00a0\u00a0\u00a0\u00a0 <b>Suzanne Doppelt<\/b> <i>Meta Donna<\/i> (po\u00e9sie)<a href=\"http:\/\/www.t-pas-net.com\/libr-critique\/wp-content\/uploads\/2020\/11\/LogoPOL.jpg\" rel=\"prettyphoto[422]\" rel=\"prettyphoto[17231]\"><img loading=\"lazy\" decoding=\"async\" class=\"alignright size-full wp-image-17238\" src=\"http:\/\/www.t-pas-net.com\/libr-critique\/wp-content\/uploads\/2020\/11\/LogoPOL.jpg\" sizes=\"auto, (max-width: 120px) 100vw, 120px\" srcset=\"http:\/\/www.t-pas-net.com\/libr-critique\/wp-content\/uploads\/2020\/11\/LogoPOL.jpg 120w, http:\/\/www.t-pas-net.com\/libr-critique\/wp-content\/uploads\/2020\/11\/LogoPOL-100x100.jpg 100w, http:\/\/www.t-pas-net.com\/libr-critique\/wp-content\/uploads\/2020\/11\/LogoPOL-75x75.jpg 75w\" alt=\"\" width=\"120\" height=\"120\" \/><\/a><\/p>\n<p class=\"yiv6889148023MsoListParagraph\">\u00b7\u00a0\u00a0\u00a0\u00a0\u00a0\u00a0\u00a0 <b>Charles Pennequin<\/b> <i>P\u00e8re ancien<\/i> (po\u00e9sie)<\/p>\n<p class=\"yiv6889148023MsoListParagraph\">\u00b7\u00a0\u00a0\u00a0\u00a0\u00a0\u00a0\u00a0 <b>Patrick Varetz<\/b> <i>Deuxi\u00e8me mille<\/i> (po\u00e9sie)<\/p>\n<p class=\"yiv6889148023MsoListParagraph\">\u00b7\u00a0\u00a0\u00a0\u00a0\u00a0\u00a0\u00a0 <b>Trafic 116 <\/b>(<i>revue de cin\u00e9ma<\/i>)<\/p>\n<p class=\"yiv6889148023MsoNormal\"><u>En janvier 2021<\/u><\/p>\n<ul type=\"disc\">\n<li class=\"yiv6889148023MsoNormal\"><b>Marianne Alphant<\/b> \u00a0<i>C\u00e9sar et toi<\/i><\/li>\n<li class=\"yiv6889148023MsoNormal\"><b>Olivier Cadiot<\/b><i> M\u00e9decine g\u00e9n\u00e9rale<\/i><\/li>\n<li class=\"yiv6889148023MsoNormal\"><b>Mathieu Lindon<\/b><i> Hervelino<\/i><\/li>\n<li class=\"yiv6889148023MsoNormal\"><b><span lang=\"EN-US\">Shane Haddad<\/span><\/b><i><span lang=\"EN-US\"> Toni tout court<\/span><\/i><\/li>\n<li class=\"yiv6889148023MsoNormal\"><b>Mathieu Lindon<\/b><i> le livre de Jim-Courage <b>#formatpoche<\/b><\/i><\/li>\n<\/ul>\n<div class=\"info\">\n<p><strong>\u25ba\u00a0<\/strong>On pourra d\u00e9couvrir le <a href=\"https:\/\/librairie.la-marelle.org\"><strong>catalogue de publications num\u00e9riques<\/strong><\/a> qu\u2019offre La Marelle (Friche la Belle de Mai \u00e0 Marseille).<\/p>\n<p><strong>\u25ba\u00a0<\/strong>Ou sans attendre, rendre visite aux <a href=\"https:\/\/sansattendreblog.wordpress.com\"><em><strong>F\u00e9es Spinoza<\/strong><\/em><\/a> de Marc Perrin\u2026<\/p>\n<p><strong>\u25ba\u00a0<\/strong>Ou encore ou\u00efvoir\u00a0<a href=\"https:\/\/www.arsmusica.be\/fr\/events\/welcoming-the-flowers\/\"><strong>\u00ab Welcoming the Welcoming the Flowers \u00bb<\/strong><\/a> (performance de Jean-Michel Espitallier avec Anne-James Chaton et Thurston Moore), samedi 21, ars musica, Bruxelles.<\/p>\n<p><strong>\u25ba Mercredi 25 novembre 2020<\/strong>,\u00a0<strong>de 9h30 \u00e0 18h, Station d\u2019arts po\u00e9tiques<\/strong> :<strong> Journ\u00e9e d\u2019\u00e9tudes consacr\u00e9e \u00e0 <a href=\"https:\/\/www.severine-daucourt-fridriksson.com\">S\u00e9verine<\/a><a href=\"http:\/\/www.t-pas-net.com\/libr-critique\/wp-content\/uploads\/2020\/11\/SeverineDaucourt.jpg\" rel=\"prettyphoto[422]\" rel=\"prettyphoto[17231]\"><img loading=\"lazy\" decoding=\"async\" class=\"alignright size-full wp-image-17237\" src=\"http:\/\/www.t-pas-net.com\/libr-critique\/wp-content\/uploads\/2020\/11\/SeverineDaucourt.jpg\" sizes=\"auto, (max-width: 160px) 100vw, 160px\" srcset=\"http:\/\/www.t-pas-net.com\/libr-critique\/wp-content\/uploads\/2020\/11\/SeverineDaucourt.jpg 160w, http:\/\/www.t-pas-net.com\/libr-critique\/wp-content\/uploads\/2020\/11\/SeverineDaucourt-100x100.jpg 100w, http:\/\/www.t-pas-net.com\/libr-critique\/wp-content\/uploads\/2020\/11\/SeverineDaucourt-144x144.jpg 144w, http:\/\/www.t-pas-net.com\/libr-critique\/wp-content\/uploads\/2020\/11\/SeverineDaucourt-150x150.jpg 150w, http:\/\/www.t-pas-net.com\/libr-critique\/wp-content\/uploads\/2020\/11\/SeverineDaucourt-75x75.jpg 75w\" alt=\"\" width=\"160\" height=\"160\" \/><\/a><a href=\"https:\/\/www.severine-daucourt-fridriksson.com\"> Daucourt<\/a><\/strong>, \u00e0\u00a0la\u00a0<a href=\"https:\/\/www.villagillet.net\/\" target=\"_blank\" rel=\"noopener\">Villa Gillet<\/a>\u00a0le matin (25 rue Chazi\u00e8re 69004 Lyon) ; \u00e0\u00a0l\u2019ENSBA Lyon l\u2019apr\u00e8s-midi (8bis, quai Saint-Vincent 69001 Lyon).<br \/>\nLa journ\u00e9e d\u2019\u00e9tude se\u00a0conclut par une <a href=\"https:\/\/www.ensba-lyon.fr\/actualite_severine-daucourt-conference\">performance po\u00e9tique<\/a>\u00a0en amphith\u00e9\u00e2tre \u00e0 17h.<\/p>\n<p>Signalons au passage l\u2019hommage que Patrick Beurard-Valdoye, qui enseigne \u00e0 l\u2019Ecole Nationale Sup\u00e9rieur des Beaux-Arts de Lyon, vient d\u2019adresser \u00e0 Bernard No\u00ebl \u00e0 l\u2019occasion de ses 90 ans : <a href=\"https:\/\/soundcloud.com\/user-31522609-943137759\/bernard-noel-extrait-du-vocaluscrit-de-patrick-beurard-valdoye\"><strong>\u00e9couter<\/strong><\/a>.<\/p>\n<\/div>\n<p>&nbsp;<\/p>\n<p><strong>LIBR-CRITIQUE vient de recevoir et\u00a0<\/strong><b>recommande\u2026<\/b><\/p>\n<div class=\"info\">\n<p><strong>\u25ba\u00a0<\/strong>Jacques BARBAUT, <em><strong>C\u2019est du propre<\/strong>. Trait\u00e9 d\u2019onomastique amusante<\/em>, \u00e9ditions NOUS, coll. \u00ab\u00a0Disparate\u00a0\u00bb, Caen, 208 pages, 20<a href=\"http:\/\/www.t-pas-net.com\/libr-critique\/wp-content\/uploads\/2020\/11\/BarbautPropre.jpg\" rel=\"prettyphoto[422]\" rel=\"prettyphoto[17231]\"><img loading=\"lazy\" decoding=\"async\" class=\"alignright wp-image-17240\" src=\"http:\/\/www.t-pas-net.com\/libr-critique\/wp-content\/uploads\/2020\/11\/BarbautPropre.jpg\" sizes=\"auto, (max-width: 140px) 100vw, 140px\" srcset=\"http:\/\/www.t-pas-net.com\/libr-critique\/wp-content\/uploads\/2020\/11\/BarbautPropre.jpg 150w, http:\/\/www.t-pas-net.com\/libr-critique\/wp-content\/uploads\/2020\/11\/BarbautPropre-110x150.jpg 110w\" alt=\"\" width=\"140\" height=\"191\" \/><\/a> \u20ac.<\/p>\n<p><strong>Pr\u00e9sentation \u00e9ditoriale.\u00a0<\/strong>Le po\u00e8te explore la question du nom sous toutes ses formes, du patronyme au pseudonyme en passant par l\u2019anthroponyme, le pr\u00e9nom et le patronyme. Les jeux typographiques, les listes, les calligrammes et les rapprochements fantaisistes accompagnent les citations de philosophes et de critiques litt\u00e9raires comme Derrida, Starobinski, Barthes et Deleuze.<\/p>\n<\/div>\n<p><strong>\u25ba <\/strong>Bruno FERN, <strong><em>Dans les roues<\/em><\/strong>, \u00e9ditions Louise Bottu, coll. \u00ab\u00a0Contraintes\u00a0\u00bb, Mugron (40), 66 pages, 8 \u20ac.<a href=\"http:\/\/www.t-pas-net.com\/libr-critique\/wp-content\/uploads\/2020\/11\/FernRoues.jpg\" rel=\"prettyphoto[422]\" rel=\"prettyphoto[17231]\"><img loading=\"lazy\" decoding=\"async\" class=\"alignright wp-image-17242\" src=\"http:\/\/www.t-pas-net.com\/libr-critique\/wp-content\/uploads\/2020\/11\/FernRoues.jpg\" sizes=\"auto, (max-width: 160px) 100vw, 160px\" srcset=\"http:\/\/www.t-pas-net.com\/libr-critique\/wp-content\/uploads\/2020\/11\/FernRoues.jpg 200w, http:\/\/www.t-pas-net.com\/libr-critique\/wp-content\/uploads\/2020\/11\/FernRoues-194x300.jpg 194w, http:\/\/www.t-pas-net.com\/libr-critique\/wp-content\/uploads\/2020\/11\/FernRoues-97x150.jpg 97w\" alt=\"\" width=\"160\" height=\"248\" \/><\/a><\/p>\n<div class=\"page-lien\"><strong>Pr\u00e9sentation \u00e9ditoriale<\/strong>. Voici les r\u00eaveries \u2013\u00a0ou plut\u00f4t les jeux de pens\u00e9e, comme disait Arno Schmidt dans ses Calculs\u00a0\u2013 d\u2019un cycliste en solo. \u00c7a roule mais l\u2019image n\u2019arr\u00eate pas de sauter et tout est emport\u00e9 par la succession de divers mouvements giratoires\u00a0: la lecture de chaque fragment, de m\u00eame que l\u2019ensemble du livre, doit \u00eatre aussit\u00f4t recommenc\u00e9e avant de poursuivre. Cette spirale sans fin entra\u00eene les multiples \u00ab\u00a0impuret\u00e9s\u00a0\u00bb qui font que \u00ab\u00a0la vie est un perp\u00e9tuel d\u00e9tournement qui ne permet m\u00eame pas de se rendre compte de quoi il d\u00e9tourne.\u00a0\u00bb (Kafka, Journal)<\/div>\n","protected":false},"excerpt":{"rendered":"<p>En ces temps lugubres, choisissons notre Libr-confinement, qui s\u2019accompagne de la pr\u00e9sentation de deux livres qui viennent de para\u00eetre (sign\u00e9s Jacques Barbaut et Bruno Fern)\u2026 Libr-confinement\u2026 \u25ba Agenda POL : En d\u00e9cembre 2020 \u00b7\u00a0\u00a0\u00a0\u00a0\u00a0\u00a0\u00a0 Suzanne Doppelt Meta Donna (po\u00e9sie) \u00b7\u00a0\u00a0\u00a0\u00a0\u00a0\u00a0\u00a0 Charles Pennequin P\u00e8re ancien (po\u00e9sie) \u00b7\u00a0\u00a0\u00a0\u00a0\u00a0\u00a0\u00a0 Patrick Varetz Deuxi\u00e8me mille (po\u00e9sie) \u00b7\u00a0\u00a0\u00a0\u00a0\u00a0\u00a0\u00a0 Trafic 116 (revue de cin\u00e9ma) En janvier 2021 Marianne Alphant \u00a0C\u00e9sar et toi Olivier Cadiot M\u00e9decine g\u00e9n\u00e9rale Mathieu Lindon Hervelino Shane Haddad Toni tout court Mathieu Lindon le livre de Jim-Courage #formatpoche \u25ba\u00a0On pourra d\u00e9couvrir le catalogue de publications num\u00e9riques qu\u2019offre La Marelle (Friche la Belle de Mai \u00e0 Marseille). \u25ba\u00a0Ou sans attendre, rendre visite aux F\u00e9es Spinoza de Marc Perrin\u2026 \u25ba\u00a0Ou encore ou\u00efvoir\u00a0\u00ab Welcoming the Welcoming the Flowers \u00bb (performance de Jean-Michel Espitallier avec Anne-James Chaton et Thurston Moore), samedi 21, ars musica, Bruxelles. \u25ba Mercredi 25 novembre 2020,\u00a0de 9h30 \u00e0 18h, Station d\u2019arts po\u00e9tiques : Journ\u00e9e d\u2019\u00e9tudes consacr\u00e9e \u00e0 S\u00e9verine Daucourt, \u00e0\u00a0la\u00a0Villa Gillet\u00a0le matin (25 rue Chazi\u00e8re 69004 Lyon) ; \u00e0\u00a0l\u2019ENSBA Lyon l\u2019apr\u00e8s-midi (8bis, quai Saint-Vincent 69001 Lyon). La journ\u00e9e d\u2019\u00e9tude se\u00a0conclut par une performance po\u00e9tique\u00a0en amphith\u00e9\u00e2tre \u00e0 17h. Signalons au passage l\u2019hommage que Patrick Beurard-Valdoye, qui enseigne \u00e0 l\u2019Ecole Nationale Sup\u00e9rieur des Beaux-Arts de Lyon, vient d\u2019adresser \u00e0 Bernard No\u00ebl \u00e0 l\u2019occasion de ses 90 ans : \u00e9couter. &nbsp; LIBR-CRITIQUE vient de recevoir et\u00a0recommande\u2026 \u25ba\u00a0Jacques BARBAUT, C\u2019est du propre. Trait\u00e9 d\u2019onomastique amusante, \u00e9ditions NOUS, coll. \u00ab\u00a0Disparate\u00a0\u00bb, Caen, 208 pages, 20 \u20ac. Pr\u00e9sentation \u00e9ditoriale.\u00a0Le po\u00e8te explore la question du nom sous toutes ses formes, du patronyme au pseudonyme en passant par l\u2019anthroponyme, le pr\u00e9nom et le patronyme. Les jeux typographiques, les listes, les calligrammes et les rapprochements fantaisistes accompagnent les citations de philosophes et de critiques litt\u00e9raires comme Derrida, Starobinski, Barthes et Deleuze. \u25ba Bruno FERN, Dans les roues, \u00e9ditions Louise Bottu, coll. \u00ab\u00a0Contraintes\u00a0\u00bb, Mugron (40), 66 pages, 8 \u20ac. Pr\u00e9sentation \u00e9ditoriale. Voici les r\u00eaveries \u2013\u00a0ou plut\u00f4t les jeux de pens\u00e9e, comme disait Arno Schmidt dans ses Calculs\u00a0\u2013 d\u2019un cycliste en solo. \u00c7a roule mais l\u2019image n\u2019arr\u00eate pas de sauter et tout est emport\u00e9 par la succession de divers mouvements giratoires\u00a0: la lecture de chaque fragment, de m\u00eame que l\u2019ensemble du livre, doit \u00eatre aussit\u00f4t recommenc\u00e9e avant de poursuivre. Cette spirale sans fin entra\u00eene les multiples \u00ab\u00a0impuret\u00e9s\u00a0\u00bb qui font que \u00ab\u00a0la vie est un perp\u00e9tuel d\u00e9tournement qui ne permet m\u00eame pas de se rendre compte de quoi il d\u00e9tourne.\u00a0\u00bb (Kafka, Journal)<\/p>\n","protected":false},"author":1,"featured_media":40,"comment_status":"open","ping_status":"open","sticky":false,"template":"","format":"standard","meta":{"footnotes":""},"categories":[10,2],"tags":[424,109,425,75,298,277,229,426,41,427,336,428,429,430,431,14,280,372,120,432],"class_list":["post-422","post","type-post","status-publish","format-standard","has-post-thumbnail","hentry","category-news","category-une","tag-anne-james-chaton","tag-bernard-noel","tag-beurard-vocaluscrit","tag-bruno-fern","tag-charles-pennequin","tag-ecole-superieure-des-beaux-arts-de-lyon","tag-editions-louise-bottu","tag-editions-nous","tag-editions-p-o-l","tag-jacques-barbaut","tag-jean-michel-espitallier","tag-la-friche-belle-de-mai","tag-la-marelle","tag-marc-perrin","tag-olivier-cadiot","tag-patrick-beurard-valdoye","tag-patrick-varetz","tag-severine-daucourt","tag-suzanne-doppelt","tag-villa-gillet"],"post_mailing_queue_ids":[],"_links":{"self":[{"href":"https:\/\/t-pas-net.com\/librCritN\/wp-json\/wp\/v2\/posts\/422","targetHints":{"allow":["GET"]}}],"collection":[{"href":"https:\/\/t-pas-net.com\/librCritN\/wp-json\/wp\/v2\/posts"}],"about":[{"href":"https:\/\/t-pas-net.com\/librCritN\/wp-json\/wp\/v2\/types\/post"}],"author":[{"embeddable":true,"href":"https:\/\/t-pas-net.com\/librCritN\/wp-json\/wp\/v2\/users\/1"}],"replies":[{"embeddable":true,"href":"https:\/\/t-pas-net.com\/librCritN\/wp-json\/wp\/v2\/comments?post=422"}],"version-history":[{"count":1,"href":"https:\/\/t-pas-net.com\/librCritN\/wp-json\/wp\/v2\/posts\/422\/revisions"}],"predecessor-version":[{"id":423,"href":"https:\/\/t-pas-net.com\/librCritN\/wp-json\/wp\/v2\/posts\/422\/revisions\/423"}],"wp:featuredmedia":[{"embeddable":true,"href":"https:\/\/t-pas-net.com\/librCritN\/wp-json\/wp\/v2\/media\/40"}],"wp:attachment":[{"href":"https:\/\/t-pas-net.com\/librCritN\/wp-json\/wp\/v2\/media?parent=422"}],"wp:term":[{"taxonomy":"category","embeddable":true,"href":"https:\/\/t-pas-net.com\/librCritN\/wp-json\/wp\/v2\/categories?post=422"},{"taxonomy":"post_tag","embeddable":true,"href":"https:\/\/t-pas-net.com\/librCritN\/wp-json\/wp\/v2\/tags?post=422"}],"curies":[{"name":"wp","href":"https:\/\/api.w.org\/{rel}","templated":true}]}}