{"id":427,"date":"2020-11-15T17:25:49","date_gmt":"2020-11-15T16:25:49","guid":{"rendered":"http:\/\/t-pas-net.com\/librCritN\/?p=427"},"modified":"2021-05-04T17:26:46","modified_gmt":"2021-05-04T15:26:46","slug":"news-news-du-dimanche-14","status":"publish","type":"post","link":"https:\/\/t-pas-net.com\/librCritN\/2020\/11\/15\/news-news-du-dimanche-14\/","title":{"rendered":"[News] News du dimanche"},"content":{"rendered":"<p>Dans-le-monde-d\u2019apr\u00e8s-le-11-septembre-2001\u2026 dans-le-monde-post-d\u00e9mocratique\u2026 dans-le-monde-d\u2019apr\u00e8s-la-crise-sanitaire\u2026<\/p>\n<p>O\u00f9 en sommes-nous\u00a0au juste\u00a0? Dans le monde d\u2019apr\u00e8s le monde d\u2019apr\u00e8s le monde d\u2019apr\u00e8s\u00a0?<\/p>\n<p>Il n\u2019y a plus d\u2019apr\u00e8s\u00a0: le monde du post- est celui du d\u00e9ni ou du repli, celui du comme-si \u2013 celui des dominants.<\/p>\n<p>Le monde r\u00e9el \u2013 le n\u00f4tre\u00a0! \u2013 est celui dans lequel il nous faut d\u00e9fendre concr\u00e8tement nos libert\u00e9s, \u00e0 commencer par celle d\u2019agir pour la survie du vivant, laquelle englobe celle de lire et de s\u2019exprimer. C\u2019est dans cet esprit qu\u2019il convient de lire notre <strong>Libr-12<\/strong> (Livres re\u00e7us) et nos <strong>Libr-br\u00e8ves<\/strong>\u2026<\/p>\n<p><strong>Libr-12 (Livres re\u00e7us : automne 2020)<\/strong><\/p>\n<p><a href=\"http:\/\/www.t-pas-net.com\/libr-critique\/wp-content\/uploads\/2020\/11\/Libr-12Nov20.jpg\" rel=\"prettyphoto[427]\" rel=\"prettyphoto[17195]\"><img loading=\"lazy\" decoding=\"async\" class=\"aligncenter size-full wp-image-17200\" src=\"http:\/\/www.t-pas-net.com\/libr-critique\/wp-content\/uploads\/2020\/11\/Libr-12Nov20.jpg\" sizes=\"auto, (max-width: 540px) 100vw, 540px\" srcset=\"http:\/\/www.t-pas-net.com\/libr-critique\/wp-content\/uploads\/2020\/11\/Libr-12Nov20.jpg 540w, http:\/\/www.t-pas-net.com\/libr-critique\/wp-content\/uploads\/2020\/11\/Libr-12Nov20-300x206.jpg 300w, http:\/\/www.t-pas-net.com\/libr-critique\/wp-content\/uploads\/2020\/11\/Libr-12Nov20-150x103.jpg 150w, http:\/\/www.t-pas-net.com\/libr-critique\/wp-content\/uploads\/2020\/11\/Libr-12Nov20-366x251.jpg 366w\" alt=\"\" width=\"540\" height=\"370\" \/><\/a><\/p>\n<p><strong>\u25ba <\/strong><em><strong>591<\/strong>, revue internationale<\/em>, \u00e9ditions Terracol, n\u00b0 8, 290 pages, 18 \u20ac.<\/p>\n<p><strong>\u25ba\u00a0<\/strong>B\u00e9n\u00e9dicte GORRILLOT dir., <strong><em>L\u2019H\u00e9ritage gr\u00e9co-latin dans la litt\u00e9rature fran\u00e7aise contemporaine<\/em><\/strong>, <a href=\"https:\/\/www.droz.org\/product\/9782600060509\">Droz<\/a>, Gen\u00e8ve, 544 pages, 48 \u20ac.<\/p>\n<p><strong>\u25ba <\/strong>Julien BLAINE, <em><strong>La Cinqui\u00e8me Feuille<\/strong>. Aux sources de l\u2019\u00e9crire et du dire<\/em>. \u00c9dition \u00e9tablie par Gilles Suzanne. Presses du r\u00e9el\/Al dante, 464 pages, 30 \u20ac.<\/p>\n<p><strong>\u25ba <\/strong>Roland CHOPARD, <em><strong>Parmi les m\u00e9andres<\/strong>, cinq m\u00e9ditations d\u2019\u00e9criture<\/em>, L\u2019Atelier du Grand T\u00e9tras, Mont-de-Laval (25), 96 pages, 13 \u20ac.<\/p>\n<p><strong>\u25ba\u00a0<\/strong>Pierre ESCOT, <strong><em>Spermogramme<\/em><\/strong>, postface de Julien Cendres, \u00e9ditions Supernova, coll. \u00ab\u00a0Dans le vif\u00a0\u00bb, 162 pages, 15 \u20ac [disponible d\u00e9but 2021].<\/p>\n<p><strong>\u25ba\u00a0<\/strong>Christophe ESNAULT, <em><strong>L\u2019Enfant poisson-chat<\/strong><\/em>, \u00e9ditions Publie.net, coll. \u00ab\u00a0L\u2019Esquif\u00a0\u00bb, 112 pages, 12 \u20ac.<\/p>\n<p><strong>\u25ba\u00a0<\/strong>Denis FERDINANDE, <strong><em>L\u2019Arche inuit<\/em><\/strong>, Atelier de l\u2019Agneau, coll. \u00ab\u00a0Architextes\u00a0\u00bb, St Quentin-de-Caplong (33), 150 pages, 18 \u20ac.<\/p>\n<p><strong>\u25ba\u00a0<\/strong>Jean FR\u00c9MON, <em><strong>Le Miroir magique<\/strong><\/em>, P.O.L, 336 pages, 21 \u20ac.<\/p>\n<p><strong>\u25ba<\/strong> Martine GROSS, <em><strong>D\u00e9tachant la p\u00e9nombre<\/strong><\/em>, dessin de Denis Heudr\u00e9, Tarmac \u00e9ditions, Nancy, 60 pages, 12 \u20ac.<\/p>\n<p><strong>\u25ba\u00a0<\/strong>Sarah K\u00c9RYNA,<strong><em> Le Reste c\u2019est la suite<\/em><\/strong>, Les Presses du r\u00e9el, coll. \u00ab\u00a0Pli\u00a0\u00bb, 88 pages, 10 \u20ac.<\/p>\n<p><strong>\u25ba\u00a0<\/strong>Marc-Alexandre OHO BAMBE, <strong><em>Les Lumi\u00e8res d\u2019Oujda<\/em><\/strong>, Calmann-L\u00e9vy, 330 pages, 19,50 \u20ac.<\/p>\n<p><strong>\u25ba\u00a0<\/strong>Beno\u00eet TOQU\u00c9, <strong><em>Habiter outre<\/em><\/strong>,\u00a0\u00e9ditions Supernova, coll. \u00ab\u00a0Dans le vif\u00a0\u00bb, 70 pages, 15 \u20ac [disponible d\u00e9but 2021].<\/p>\n<p><strong>Libr-br\u00e8ves<\/strong><\/p>\n<p><strong>\u25ba \/\/\u00a0\ud83d\udd34 EN DIRECT \/\/ Encore quatre RV \u00e0 ne pas manquer avec la <a href=\"https:\/\/www.maisondelapoesieparis.com\">Maison de la po\u00e9sie Paris<\/a>, en partenariat avec l\u2019institut du monde arabe : Les Nuits de la po\u00e9sie, couvre-feu po\u00e9tique<\/strong><\/p>\n<p><strong>Suivez en direct l\u2019\u00e9v\u00e9nement sur notre <\/strong><strong><a href=\"https:\/\/www.facebook.com\/maisondelapoesieparis\" target=\"_blank\" rel=\"noopener noreferrer\">page Facebook<\/a>. <\/strong><br \/>\n<strong>Vous pouvez ensuite retrouver la vid\u00e9o\u00a0\u00e0 tout moment sur la <a href=\"https:\/\/www.youtube.com\/user\/imarabe\/videos\" target=\"_blank\" rel=\"noopener noreferrer\">chaine Youtube de l\u2019Institut du monde arabe<\/a> !<\/strong><\/p>\n<p>Les consignes sanitaires ne permettant pas de maintenir la Nuit de la Po\u00e9sie dans son format initial mais nous avons voulu<a href=\"http:\/\/www.t-pas-net.com\/libr-critique\/wp-content\/uploads\/2020\/11\/NuitPoesie.jpg\" rel=\"prettyphoto[427]\" rel=\"prettyphoto[17195]\"><img loading=\"lazy\" decoding=\"async\" class=\"alignright size-full wp-image-17196\" src=\"http:\/\/www.t-pas-net.com\/libr-critique\/wp-content\/uploads\/2020\/11\/NuitPoesie.jpg\" sizes=\"auto, (max-width: 230px) 100vw, 230px\" srcset=\"http:\/\/www.t-pas-net.com\/libr-critique\/wp-content\/uploads\/2020\/11\/NuitPoesie.jpg 230w, http:\/\/www.t-pas-net.com\/libr-critique\/wp-content\/uploads\/2020\/11\/NuitPoesie-100x100.jpg 100w, http:\/\/www.t-pas-net.com\/libr-critique\/wp-content\/uploads\/2020\/11\/NuitPoesie-144x144.jpg 144w, http:\/\/www.t-pas-net.com\/libr-critique\/wp-content\/uploads\/2020\/11\/NuitPoesie-150x150.jpg 150w, http:\/\/www.t-pas-net.com\/libr-critique\/wp-content\/uploads\/2020\/11\/NuitPoesie-75x75.jpg 75w\" alt=\"\" width=\"230\" height=\"230\" \/><\/a> proposer ce rendez-vous symbolique et num\u00e9rique qui garde tout son sens dans le contexte actuel.\u00a0 Rendez-vous les samedis 21 et 28 novembre et 5 et 12 d\u00e9cembre de 22h \u00e0 minuit en direct sur les <a href=\"https:\/\/www.facebook.com\/maisondelapoesieparis\">pages facebook de Maison de la Po\u00e9sie<\/a> et de l\u2019<a href=\"https:\/\/www.facebook.com\/institutdumondearabe?rf=116720668338309\">IMA<\/a>.<\/p>\n<p>Avec notamment :<\/p>\n<p>Les musiciens et chanteurs :\u00a0 Mohanad Aljaramani, Kamilya Jubran, Sarah Baya, M\u2019hamed El Menjra, Abdallah Abozekry et Baptiste Ferrandis, Omar Haydar, Marc Codsi, Lola Malique, Skander Mliki, Batiste Darsoulant, Sanguebom\u2026<\/p>\n<p>Les com\u00e9diens :\u00a0 L\u00e9on Bonnaff\u00e9, Violaine Schwartz, Pierre Baux, Majd Mastoura, Cl\u00e9mence Azincourt\u2026<\/p>\n<p>Les po\u00e8tes et \u00e9crivains : Abdellatif La\u00e2bi,\u00a0 Breyten Breytenbach, Mahmoud Darwich, Charif Majdalani, Fadhil Al Azzawi, Dima Kaakeh, Marc Alexandre Oho Bambe, B40\u2026<\/p>\n<p>Les performeurs : Michelle Keserwany, Zoulikha Tahar, Lamya Yagarmaten\u2026<\/p>\n<p>Les danseurs : Mehdi Kerkouche, Sma\u00efl Kanout\u00e9\u2026<\/p>\n<p>\u25ba On pourra d\u00e9couvrir les magnifiques livres et cahiers d\u2019auteur que propose les \u00e9ditions <a href=\"http:\/\/www.faifioc.fr\"><strong>Fa\u00ef Fioc<\/strong><\/a>.<\/p>\n<p><a href=\"http:\/\/www.t-pas-net.com\/libr-critique\/wp-content\/uploads\/2020\/11\/CahiersAuteurs.jpg\" rel=\"prettyphoto[427]\" rel=\"prettyphoto[17195]\"><img loading=\"lazy\" decoding=\"async\" class=\"aligncenter size-full wp-image-17198\" src=\"http:\/\/www.t-pas-net.com\/libr-critique\/wp-content\/uploads\/2020\/11\/CahiersAuteurs.jpg\" sizes=\"auto, (max-width: 540px) 100vw, 540px\" srcset=\"http:\/\/www.t-pas-net.com\/libr-critique\/wp-content\/uploads\/2020\/11\/CahiersAuteurs.jpg 540w, http:\/\/www.t-pas-net.com\/libr-critique\/wp-content\/uploads\/2020\/11\/CahiersAuteurs-228x300.jpg 228w, http:\/\/www.t-pas-net.com\/libr-critique\/wp-content\/uploads\/2020\/11\/CahiersAuteurs-114x150.jpg 114w, http:\/\/www.t-pas-net.com\/libr-critique\/wp-content\/uploads\/2020\/11\/CahiersAuteurs-366x481.jpg 366w\" alt=\"\" width=\"540\" height=\"710\" \/><\/a><\/p>\n<p>\u25ba Des articles \u00e0 m\u00e9diter sur <em><strong>AOC<\/strong><\/em> en ces longues soir\u00e9es de confinement (on peut <a href=\"https:\/\/aoc.media\/abonnement\/\"><strong>s\u2019abonner<\/strong><\/a> ou s\u2019inscrire pour 3 lectures gratuites) : Jean-Charles Massera, <a href=\"https:\/\/aoc.media\/opinion\/2020\/11\/09\/le-grand-melange-deux-heures-moins-le-quart-avant-la-fonte-des-genres\/?fbclid=IwAR3AJUoZO5VK1C5gt8t6s1_sesUXVzZdP04YDgrAwl6mj7gTXuabup0mhes\"><strong>\u00ab\u00a0Le Grand M\u00e9nage\u00a0\u00bb<\/strong><\/a> ; Mathieu Larnaudie, <a href=\"https:\/\/aoc.media\/auteur\/larnaudie-mathieu\/\"><strong>\u00ab\u00a0Trash vortex\u00a0\u00bb<\/strong><\/a> ; Fr\u00e9d\u00e9ric Sawicki et Olivier Nay, <a href=\"https:\/\/aoc.media\/opinion\/2020\/11\/15\/sauver-le-conseil-national-des-universites-pour-preserver-lautonomie-des-universitaires\/\"><strong>\u00ab\u00a0Sauver le CNU pour pr\u00e9server l\u2019autonomie des universit\u00e9s\u00a0\u00bb<\/strong><\/a> (16\/11)\u2026<\/p>\n<p><a href=\"http:\/\/www.t-pas-net.com\/libr-critique\/wp-content\/uploads\/2020\/11\/SauverCNU.jpg\" rel=\"prettyphoto[427]\" rel=\"prettyphoto[17195]\"><img loading=\"lazy\" decoding=\"async\" class=\"aligncenter size-full wp-image-17208\" src=\"http:\/\/www.t-pas-net.com\/libr-critique\/wp-content\/uploads\/2020\/11\/SauverCNU.jpg\" sizes=\"auto, (max-width: 540px) 100vw, 540px\" srcset=\"http:\/\/www.t-pas-net.com\/libr-critique\/wp-content\/uploads\/2020\/11\/SauverCNU.jpg 540w, http:\/\/www.t-pas-net.com\/libr-critique\/wp-content\/uploads\/2020\/11\/SauverCNU-300x178.jpg 300w, http:\/\/www.t-pas-net.com\/libr-critique\/wp-content\/uploads\/2020\/11\/SauverCNU-150x89.jpg 150w, http:\/\/www.t-pas-net.com\/libr-critique\/wp-content\/uploads\/2020\/11\/SauverCNU-366x217.jpg 366w\" alt=\"\" width=\"540\" height=\"320\" \/><\/a><\/p>\n","protected":false},"excerpt":{"rendered":"<p>Dans-le-monde-d\u2019apr\u00e8s-le-11-septembre-2001\u2026 dans-le-monde-post-d\u00e9mocratique\u2026 dans-le-monde-d\u2019apr\u00e8s-la-crise-sanitaire\u2026 O\u00f9 en sommes-nous\u00a0au juste\u00a0? Dans le monde d\u2019apr\u00e8s le monde d\u2019apr\u00e8s le monde d\u2019apr\u00e8s\u00a0? Il n\u2019y a plus d\u2019apr\u00e8s\u00a0: le monde du post- est celui du d\u00e9ni ou du repli, celui du comme-si \u2013 celui des dominants. Le monde r\u00e9el \u2013 le n\u00f4tre\u00a0! \u2013 est celui dans lequel il nous faut d\u00e9fendre concr\u00e8tement nos libert\u00e9s, \u00e0 commencer par celle d\u2019agir pour la survie du vivant, laquelle englobe celle de lire et de s\u2019exprimer. C\u2019est dans cet esprit qu\u2019il convient de lire notre Libr-12 (Livres re\u00e7us) et nos Libr-br\u00e8ves\u2026 Libr-12 (Livres re\u00e7us : automne 2020) \u25ba 591, revue internationale, \u00e9ditions Terracol, n\u00b0 8, 290 pages, 18 \u20ac. \u25ba\u00a0B\u00e9n\u00e9dicte GORRILLOT dir., L\u2019H\u00e9ritage gr\u00e9co-latin dans la litt\u00e9rature fran\u00e7aise contemporaine, Droz, Gen\u00e8ve, 544 pages, 48 \u20ac. \u25ba Julien BLAINE, La Cinqui\u00e8me Feuille. Aux sources de l\u2019\u00e9crire et du dire. \u00c9dition \u00e9tablie par Gilles Suzanne. Presses du r\u00e9el\/Al dante, 464 pages, 30 \u20ac. \u25ba Roland CHOPARD, Parmi les m\u00e9andres, cinq m\u00e9ditations d\u2019\u00e9criture, L\u2019Atelier du Grand T\u00e9tras, Mont-de-Laval (25), 96 pages, 13 \u20ac. \u25ba\u00a0Pierre ESCOT, Spermogramme, postface de Julien Cendres, \u00e9ditions Supernova, coll. \u00ab\u00a0Dans le vif\u00a0\u00bb, 162 pages, 15 \u20ac [disponible d\u00e9but 2021]. \u25ba\u00a0Christophe ESNAULT, L\u2019Enfant poisson-chat, \u00e9ditions Publie.net, coll. \u00ab\u00a0L\u2019Esquif\u00a0\u00bb, 112 pages, 12 \u20ac. \u25ba\u00a0Denis FERDINANDE, L\u2019Arche inuit, Atelier de l\u2019Agneau, coll. \u00ab\u00a0Architextes\u00a0\u00bb, St Quentin-de-Caplong (33), 150 pages, 18 \u20ac. \u25ba\u00a0Jean FR\u00c9MON, Le Miroir magique, P.O.L, 336 pages, 21 \u20ac. \u25ba Martine GROSS, D\u00e9tachant la p\u00e9nombre, dessin de Denis Heudr\u00e9, Tarmac \u00e9ditions, Nancy, 60 pages, 12 \u20ac. \u25ba\u00a0Sarah K\u00c9RYNA, Le Reste c\u2019est la suite, Les Presses du r\u00e9el, coll. \u00ab\u00a0Pli\u00a0\u00bb, 88 pages, 10 \u20ac. \u25ba\u00a0Marc-Alexandre OHO BAMBE, Les Lumi\u00e8res d\u2019Oujda, Calmann-L\u00e9vy, 330 pages, 19,50 \u20ac. \u25ba\u00a0Beno\u00eet TOQU\u00c9, Habiter outre,\u00a0\u00e9ditions Supernova, coll. \u00ab\u00a0Dans le vif\u00a0\u00bb, 70 pages, 15 \u20ac [disponible d\u00e9but 2021]. Libr-br\u00e8ves \u25ba \/\/\u00a0\ud83d\udd34 EN DIRECT \/\/ Encore quatre RV \u00e0 ne pas manquer avec la Maison de la po\u00e9sie Paris, en partenariat avec l\u2019institut du monde arabe : Les Nuits de la po\u00e9sie, couvre-feu po\u00e9tique Suivez en direct l\u2019\u00e9v\u00e9nement sur notre page Facebook. Vous pouvez ensuite retrouver la vid\u00e9o\u00a0\u00e0 tout moment sur la chaine Youtube de l\u2019Institut du monde arabe ! Les consignes sanitaires ne permettant pas de maintenir la Nuit de la Po\u00e9sie dans son format initial mais nous avons voulu proposer ce rendez-vous symbolique et num\u00e9rique qui garde tout son sens dans le contexte actuel.\u00a0 Rendez-vous les samedis 21 et 28 novembre et 5 et 12 d\u00e9cembre de 22h \u00e0 minuit en direct sur les pages facebook de Maison de la Po\u00e9sie et de l\u2019IMA. Avec notamment : Les musiciens et chanteurs :\u00a0 Mohanad Aljaramani, Kamilya Jubran, Sarah Baya, M\u2019hamed El Menjra, Abdallah Abozekry et Baptiste Ferrandis, Omar Haydar, Marc Codsi, Lola Malique, Skander Mliki, Batiste Darsoulant, Sanguebom\u2026 Les com\u00e9diens :\u00a0 L\u00e9on Bonnaff\u00e9, Violaine Schwartz, Pierre Baux, Majd Mastoura, Cl\u00e9mence Azincourt\u2026 Les po\u00e8tes et \u00e9crivains : Abdellatif La\u00e2bi,\u00a0 Breyten Breytenbach, Mahmoud Darwich, Charif Majdalani, Fadhil Al Azzawi, Dima Kaakeh, Marc Alexandre Oho Bambe, B40\u2026 Les performeurs : Michelle Keserwany, Zoulikha Tahar, Lamya Yagarmaten\u2026 Les danseurs : Mehdi Kerkouche, Sma\u00efl Kanout\u00e9\u2026 \u25ba On pourra d\u00e9couvrir les magnifiques livres et cahiers d\u2019auteur que propose les \u00e9ditions Fa\u00ef Fioc. \u25ba Des articles \u00e0 m\u00e9diter sur AOC en ces longues soir\u00e9es de confinement (on peut s\u2019abonner ou s\u2019inscrire pour 3 lectures gratuites) : Jean-Charles Massera, \u00ab\u00a0Le Grand M\u00e9nage\u00a0\u00bb ; Mathieu Larnaudie, \u00ab\u00a0Trash vortex\u00a0\u00bb ; Fr\u00e9d\u00e9ric Sawicki et Olivier Nay, \u00ab\u00a0Sauver le CNU pour pr\u00e9server l\u2019autonomie des universit\u00e9s\u00a0\u00bb (16\/11)\u2026<\/p>\n","protected":false},"author":1,"featured_media":40,"comment_status":"open","ping_status":"open","sticky":false,"template":"","format":"standard","meta":{"footnotes":""},"categories":[10,2],"tags":[436,417,437,379,438,99,439,440,441,41,69,351,208,442,12,443,444,445,446,447,85,448,210,449,450,451,452,148,453,248,420,454],"class_list":["post-427","post","type-post","status-publish","format-standard","has-post-thumbnail","hentry","category-news","category-une","tag-atelier-de-lagneau-architextes","tag-atelier-du-grand-tetras","tag-benedicte-gorrillot","tag-benoit-toque","tag-calmann-levy","tag-christophe-esnault","tag-denis-ferdinande","tag-denis-heudre","tag-droz-editeur","tag-editions-p-o-l","tag-editions-publie-net","tag-editions-supernova","tag-editions-fai-fioc","tag-editions-tarmac","tag-fabrice-thumerel","tag-frederic-sawicki","tag-gilles-suzanne","tag-institut-du-monde-arabe","tag-jean-charles-massera","tag-jean-fremon","tag-julien-blaine","tag-julien-cendres","tag-maison-de-la-poesie-paris","tag-marc-alexandre-oho-bambe","tag-mathieu-larnaudie","tag-nuits-de-la-poesie","tag-pierre-escot","tag-presses-du-reel-al-dante","tag-presses-du-reel-collection-pli","tag-revue-aoc","tag-roland-chopard","tag-sarah-keryna"],"post_mailing_queue_ids":[],"_links":{"self":[{"href":"https:\/\/t-pas-net.com\/librCritN\/wp-json\/wp\/v2\/posts\/427","targetHints":{"allow":["GET"]}}],"collection":[{"href":"https:\/\/t-pas-net.com\/librCritN\/wp-json\/wp\/v2\/posts"}],"about":[{"href":"https:\/\/t-pas-net.com\/librCritN\/wp-json\/wp\/v2\/types\/post"}],"author":[{"embeddable":true,"href":"https:\/\/t-pas-net.com\/librCritN\/wp-json\/wp\/v2\/users\/1"}],"replies":[{"embeddable":true,"href":"https:\/\/t-pas-net.com\/librCritN\/wp-json\/wp\/v2\/comments?post=427"}],"version-history":[{"count":1,"href":"https:\/\/t-pas-net.com\/librCritN\/wp-json\/wp\/v2\/posts\/427\/revisions"}],"predecessor-version":[{"id":428,"href":"https:\/\/t-pas-net.com\/librCritN\/wp-json\/wp\/v2\/posts\/427\/revisions\/428"}],"wp:featuredmedia":[{"embeddable":true,"href":"https:\/\/t-pas-net.com\/librCritN\/wp-json\/wp\/v2\/media\/40"}],"wp:attachment":[{"href":"https:\/\/t-pas-net.com\/librCritN\/wp-json\/wp\/v2\/media?parent=427"}],"wp:term":[{"taxonomy":"category","embeddable":true,"href":"https:\/\/t-pas-net.com\/librCritN\/wp-json\/wp\/v2\/categories?post=427"},{"taxonomy":"post_tag","embeddable":true,"href":"https:\/\/t-pas-net.com\/librCritN\/wp-json\/wp\/v2\/tags?post=427"}],"curies":[{"name":"wp","href":"https:\/\/api.w.org\/{rel}","templated":true}]}}