{"id":4350,"date":"2023-09-05T09:51:41","date_gmt":"2023-09-05T07:51:41","guid":{"rendered":"http:\/\/t-pas-net.com\/librCritN\/?p=4350"},"modified":"2023-09-05T09:57:42","modified_gmt":"2023-09-05T07:57:42","slug":"texte-sebastien-ecorce-dire-la-dit-i","status":"publish","type":"post","link":"https:\/\/t-pas-net.com\/librCritN\/2023\/09\/05\/texte-sebastien-ecorce-dire-la-dit-i\/","title":{"rendered":"[Texte] S\u00e9bastien Ecorce, Dire l\u2019\u00e0-dit (I)"},"content":{"rendered":"<p style=\"font-weight: 400;\">Pendant qu\u2019il est dit<\/p>\n<p style=\"font-weight: 400;\">Dire l\u2019\u00e0-dit<\/p>\n<p style=\"font-weight: 400;\">A dire la voix dire<\/p>\n<p style=\"font-weight: 400;\">La dire ou le<\/p>\n<p style=\"font-weight: 400;\">Dit je parle<\/p>\n<p style=\"font-weight: 400;\">Pendant qu\u2019il est dit<\/p>\n<p style=\"font-weight: 400;\">Je parle o\u00f9 parler<\/p>\n<p style=\"font-weight: 400;\">La voix de parler<\/p>\n<p style=\"font-weight: 400;\">La voix du dire<\/p>\n<p style=\"font-weight: 400;\">N\u2019est pas seul<\/p>\n<p style=\"font-weight: 400;\">Je le dis<\/p>\n<p style=\"font-weight: 400;\">Je lis pendant qu\u2019il est dit<\/p>\n<p style=\"font-weight: 400;\">Pendant que je parle<\/p>\n<p style=\"font-weight: 400;\">\u00a0Il n\u2019a rien pu dire<\/p>\n<p style=\"font-weight: 400;\">Personne ne parlait \u00e0 sa place<\/p>\n<p style=\"font-weight: 400;\">Personne ne disait rien<\/p>\n<p style=\"font-weight: 400;\">Personne ne fut \u00e0 dire<\/p>\n<p style=\"font-weight: 400;\">*<\/p>\n<p style=\"font-weight: 400;\">Laisser dire<\/p>\n<p style=\"font-weight: 400;\">Un vague<\/p>\n<p style=\"font-weight: 400;\">Parler<\/p>\n<p style=\"font-weight: 400;\">La laisse<\/p>\n<p style=\"font-weight: 400;\">Dire<\/p>\n<p style=\"font-weight: 400;\">La voix<\/p>\n<p style=\"font-weight: 400;\">Parla<\/p>\n<p style=\"font-weight: 400;\">Lala<\/p>\n<p style=\"font-weight: 400;\">La<\/p>\n<p style=\"font-weight: 400;\">Lala<\/p>\n<p style=\"font-weight: 400;\">La<\/p>\n<p style=\"font-weight: 400;\">*<\/p>\n<p style=\"font-weight: 400;\">Dire sans que rien ne change<\/p>\n<p style=\"font-weight: 400;\">*<\/p>\n<p style=\"font-weight: 400;\">Dire n\u2019est pas monodique<\/p>\n<p style=\"font-weight: 400;\">Un parler plural<\/p>\n<p style=\"font-weight: 400;\">Sa pr\u00e9cipitation<\/p>\n<p style=\"font-weight: 400;\">*<\/p>\n<p style=\"font-weight: 400;\">Dire la convection<\/p>\n<p style=\"font-weight: 400;\">Sans le parler<\/p>\n<p style=\"font-weight: 400;\">La dire<\/p>\n<p style=\"font-weight: 400;\">Sans<\/p>\n<p style=\"font-weight: 400;\">*<\/p>\n<p style=\"font-weight: 400;\">Il dit au m\u00eame moment dire il parle<\/p>\n<p style=\"font-weight: 400;\">M\u00eame moment il parle au dire m\u00eame moment<\/p>\n<p style=\"font-weight: 400;\">Dit-il<\/p>\n<p style=\"font-weight: 400;\">Au m\u00eame moment<\/p>\n<p style=\"font-weight: 400;\">Dit-il<\/p>\n<p style=\"font-weight: 400;\">Il parle<\/p>\n<p style=\"font-weight: 400;\">Au dit<\/p>\n<p style=\"font-weight: 400;\">*<\/p>\n<p style=\"font-weight: 400;\">Etablir par une masse<\/p>\n<p style=\"font-weight: 400;\">Une masse de parole<\/p>\n<p style=\"font-weight: 400;\">La disant haute<\/p>\n<p style=\"font-weight: 400;\">Ou lumineuse<\/p>\n<p style=\"font-weight: 400;\">Quand la dit-elle<\/p>\n<p style=\"font-weight: 400;\">La disant haute<\/p>\n<p style=\"font-weight: 400;\">Haute<\/p>\n<p style=\"font-weight: 400;\">(Haute)<\/p>\n<p style=\"font-weight: 400;\">*<\/p>\n<p style=\"font-weight: 400;\">Dire il<\/p>\n<p style=\"font-weight: 400;\">Chacun dit<\/p>\n<p style=\"font-weight: 400;\">Il<\/p>\n<p style=\"font-weight: 400;\">Chacun dit son<\/p>\n<p style=\"font-weight: 400;\">Chacun leur po\u00e8me<\/p>\n<p style=\"font-weight: 400;\">Il parle chacun leur<\/p>\n<p style=\"font-weight: 400;\">*<\/p>\n<p style=\"font-weight: 400;\">Haute<\/p>\n<p style=\"font-weight: 400;\">Pendant que je disais<\/p>\n<p style=\"font-weight: 400;\">Ce po\u00e8me<\/p>\n<p style=\"font-weight: 400;\">Simultan\u00e9ment<\/p>\n<p style=\"font-weight: 400;\">*<\/p>\n<p style=\"font-weight: 400;\">Ils ne disent pas leur po\u00e8me<\/p>\n<p style=\"font-weight: 400;\">*<\/p>\n<p style=\"font-weight: 400;\">Ils veulent dire l\u2019\u00e9coute<\/p>\n<p style=\"font-weight: 400;\">*<\/p>\n<p style=\"font-weight: 400;\">Dire la voix pendant que je disais dire<\/p>\n<p style=\"font-weight: 400;\">Pendant que je disais parle<\/p>\n<p style=\"font-weight: 400;\">Selon cette voix je la disais dire<\/p>\n<p style=\"font-weight: 400;\">Je la disais triste folie de sa vie<\/p>\n<p style=\"font-weight: 400;\">De dire cela ne ressemble pas<\/p>\n<p style=\"font-weight: 400;\">A une ancienne voix ou \u00e9criture<\/p>\n<p style=\"font-weight: 400;\">Conserv\u00e9e sous cloche<\/p>\n<p style=\"font-weight: 400;\">Dans un mus\u00e9e du dire<\/p>\n<p style=\"font-weight: 400;\">A temp\u00e9rature et humidit\u00e9<\/p>\n<p style=\"font-weight: 400;\">Contr\u00f4l\u00e9es<\/p>\n<p style=\"font-weight: 400;\">*<\/p>\n<p style=\"font-weight: 400;\">Dire je la disais dire<\/p>\n<p style=\"font-weight: 400;\">Un art\u00e9fact<\/p>\n<p style=\"font-weight: 400;\">Une main archa\u00efque<\/p>\n<p style=\"font-weight: 400;\">Quand tu parles de la dire<\/p>\n<p style=\"font-weight: 400;\">Sans<\/p>\n<p style=\"font-weight: 400;\">*<\/p>\n<p style=\"font-weight: 400;\">Tu le sais<\/p>\n<p style=\"font-weight: 400;\">Tu dis<\/p>\n<p style=\"font-weight: 400;\">(Tu)<\/p>\n<p style=\"font-weight: 400;\">Relie les poussi\u00e8res sans effacer<\/p>\n<p style=\"font-weight: 400;\">Une lettre du<\/p>\n<p style=\"font-weight: 400;\">Dire<\/p>\n<p style=\"font-weight: 400;\">*<\/p>\n<p style=\"font-weight: 400;\">Nous nous sommes mis \u00e0 lire<\/p>\n<p style=\"font-weight: 400;\">La voix lisait la voix<\/p>\n<p style=\"font-weight: 400;\">Lisant ainsi la voix<\/p>\n<p style=\"font-weight: 400;\">Lisait ainsi la voix<\/p>\n<p style=\"font-weight: 400;\">Nous avons lu ainsi<\/p>\n<p style=\"font-weight: 400;\">*<\/p>\n<p style=\"font-weight: 400;\">Parler la voix<\/p>\n<p style=\"font-weight: 400;\">Seul<\/p>\n<p style=\"font-weight: 400;\">Haute<\/p>\n<p style=\"font-weight: 400;\">Basse<\/p>\n<p style=\"font-weight: 400;\">*<\/p>\n<p style=\"font-weight: 400;\">Parler reverdit<\/p>\n<p style=\"font-weight: 400;\">*<\/p>\n<p style=\"font-weight: 400;\">Parler seul<\/p>\n<p style=\"font-weight: 400;\">(Rien)<\/p>\n<p style=\"font-weight: 400;\">*<\/p>\n<p style=\"font-weight: 400;\">Parler d\u00e9tecte l\u2019inobservable d\u00e9tail du dire<\/p>\n<p style=\"font-weight: 400;\">*<\/p>\n<p style=\"font-weight: 400;\">Dire soudain l\u2019\u00e0-dit<\/p>\n<p style=\"font-weight: 400;\">Vous entendez dire<\/p>\n<p style=\"font-weight: 400;\">La diction vers<\/p>\n<p style=\"font-weight: 400;\">La parole<\/p>\n<p style=\"font-weight: 400;\">M\u00eame un son<\/p>\n<p style=\"font-weight: 400;\">Ou lire<\/p>\n<p style=\"font-weight: 400;\">Sans support<\/p>\n<p style=\"font-weight: 400;\">Soudain<\/p>\n<p style=\"font-weight: 400;\">*<\/p>\n<p style=\"font-weight: 400;\">Dire n\u2019entendait pas<\/p>\n<p style=\"font-weight: 400;\">Sourde<\/p>\n<p style=\"font-weight: 400;\">La diction<\/p>\n<p style=\"font-weight: 400;\">A voix sourde<\/p>\n<p style=\"font-weight: 400;\">A la mani\u00e8re de dire<\/p>\n<p style=\"font-weight: 400;\">A moi seul<\/p>\n<p style=\"font-weight: 400;\">Ses po\u00e8mes<\/p>\n<p style=\"font-weight: 400;\">N\u2019entend pas<\/p>\n<p style=\"font-weight: 400;\">*<\/p>\n<p style=\"font-weight: 400;\">A l\u2019occasion je parle d\u2019autre chose<\/p>\n<p style=\"font-weight: 400;\">*<\/p>\n<p style=\"font-weight: 400;\">Je parle l\u2019occasion du dire<\/p>\n<p style=\"font-weight: 400;\">Son parler de voisinage<\/p>\n<p style=\"font-weight: 400;\">(\u2026)<\/p>\n<p style=\"font-weight: 400; text-align: right;\">S\u00e9bastien Ecorce,<br \/>\nProfesseur de neurobiologie, Piti\u00e9 -Salp\u00eatri\u00e8re, Icm,<br \/>\nco-responsable de la plateforme Neurocytolab, bricoleur de mots, cr\u00e9ateur graphique.<\/p>\n<p style=\"text-align: right;\">\u00a9 Bandeau et photo en arri\u00e8re-plan : Evelyne Crozat Coulmont, <em>La Petite Voix<\/em><\/p>\n","protected":false},"excerpt":{"rendered":"<p>Pendant qu\u2019il est dit Dire l\u2019\u00e0-dit A dire la voix dire La dire ou le Dit je parle Pendant qu\u2019il est dit Je parle o\u00f9 parler La voix de parler La voix du dire N\u2019est pas seul Je le dis Je lis pendant qu\u2019il est dit Pendant que je parle \u00a0Il n\u2019a rien pu dire Personne ne parlait \u00e0 sa place Personne ne disait rien Personne ne fut \u00e0 dire * Laisser dire Un vague Parler La laisse Dire La voix Parla Lala La Lala La * Dire sans que rien ne change * Dire n\u2019est pas monodique Un parler plural Sa pr\u00e9cipitation * Dire la convection Sans le parler La dire Sans * Il dit au m\u00eame moment dire il parle M\u00eame moment il parle au dire m\u00eame moment Dit-il Au m\u00eame moment Dit-il Il parle Au dit * Etablir par une masse Une masse de parole La disant haute Ou lumineuse Quand la dit-elle La disant haute Haute (Haute) * Dire il Chacun dit Il Chacun dit son Chacun leur po\u00e8me Il parle chacun leur * Haute Pendant que je disais Ce po\u00e8me Simultan\u00e9ment * Ils ne disent pas leur po\u00e8me * Ils veulent dire l\u2019\u00e9coute * Dire la voix pendant que je disais dire Pendant que je disais parle Selon cette voix je la disais dire Je la disais triste folie de sa vie De dire cela ne ressemble pas A une ancienne voix ou \u00e9criture Conserv\u00e9e sous cloche Dans un mus\u00e9e du dire A temp\u00e9rature et humidit\u00e9 Contr\u00f4l\u00e9es * Dire je la disais dire Un art\u00e9fact Une main archa\u00efque Quand tu parles de la dire Sans * Tu le sais Tu dis (Tu) Relie les poussi\u00e8res sans effacer Une lettre du Dire * Nous nous sommes mis \u00e0 lire La voix lisait la voix Lisant ainsi la voix Lisait ainsi la voix Nous avons lu ainsi * Parler la voix Seul Haute Basse * Parler reverdit * Parler seul (Rien) * Parler d\u00e9tecte l\u2019inobservable d\u00e9tail du dire * Dire soudain l\u2019\u00e0-dit Vous entendez dire La diction vers La parole M\u00eame un son Ou lire Sans support Soudain * Dire n\u2019entendait pas Sourde La diction A voix sourde A la mani\u00e8re de dire A moi seul Ses po\u00e8mes N\u2019entend pas * A l\u2019occasion je parle d\u2019autre chose * Je parle l\u2019occasion du dire Son parler de voisinage (\u2026) S\u00e9bastien Ecorce, Professeur de neurobiologie, Piti\u00e9 -Salp\u00eatri\u00e8re, Icm, co-responsable de la plateforme Neurocytolab, bricoleur de mots, cr\u00e9ateur graphique. \u00a9 Bandeau et photo en arri\u00e8re-plan : Evelyne Crozat Coulmont, La Petite Voix<\/p>\n","protected":false},"author":1,"featured_media":4351,"comment_status":"open","ping_status":"open","sticky":false,"template":"","format":"standard","meta":{"footnotes":""},"categories":[9,2],"tags":[216,358,31,2132],"class_list":["post-4350","post","type-post","status-publish","format-standard","has-post-thumbnail","hentry","category-creation","category-une","tag-ecorce-agencement-repetitif","tag-ecorce-poesie-reflexive","tag-ecorce-sebastien","tag-evelyne-crozat-coulmont"],"post_mailing_queue_ids":[],"_links":{"self":[{"href":"https:\/\/t-pas-net.com\/librCritN\/wp-json\/wp\/v2\/posts\/4350","targetHints":{"allow":["GET"]}}],"collection":[{"href":"https:\/\/t-pas-net.com\/librCritN\/wp-json\/wp\/v2\/posts"}],"about":[{"href":"https:\/\/t-pas-net.com\/librCritN\/wp-json\/wp\/v2\/types\/post"}],"author":[{"embeddable":true,"href":"https:\/\/t-pas-net.com\/librCritN\/wp-json\/wp\/v2\/users\/1"}],"replies":[{"embeddable":true,"href":"https:\/\/t-pas-net.com\/librCritN\/wp-json\/wp\/v2\/comments?post=4350"}],"version-history":[{"count":2,"href":"https:\/\/t-pas-net.com\/librCritN\/wp-json\/wp\/v2\/posts\/4350\/revisions"}],"predecessor-version":[{"id":4354,"href":"https:\/\/t-pas-net.com\/librCritN\/wp-json\/wp\/v2\/posts\/4350\/revisions\/4354"}],"wp:featuredmedia":[{"embeddable":true,"href":"https:\/\/t-pas-net.com\/librCritN\/wp-json\/wp\/v2\/media\/4351"}],"wp:attachment":[{"href":"https:\/\/t-pas-net.com\/librCritN\/wp-json\/wp\/v2\/media?parent=4350"}],"wp:term":[{"taxonomy":"category","embeddable":true,"href":"https:\/\/t-pas-net.com\/librCritN\/wp-json\/wp\/v2\/categories?post=4350"},{"taxonomy":"post_tag","embeddable":true,"href":"https:\/\/t-pas-net.com\/librCritN\/wp-json\/wp\/v2\/tags?post=4350"}],"curies":[{"name":"wp","href":"https:\/\/api.w.org\/{rel}","templated":true}]}}