{"id":4399,"date":"2023-09-15T19:18:21","date_gmt":"2023-09-15T17:18:21","guid":{"rendered":"http:\/\/t-pas-net.com\/librCritN\/?p=4399"},"modified":"2023-09-15T19:23:36","modified_gmt":"2023-09-15T17:23:36","slug":"chronique-yves-boudier-en-vie-par-christophe-stolowicki","status":"publish","type":"post","link":"https:\/\/t-pas-net.com\/librCritN\/2023\/09\/15\/chronique-yves-boudier-en-vie-par-christophe-stolowicki\/","title":{"rendered":"[Chronique] Yves Boudier, En vie, par CHRISTOPHE STOLOWICKI"},"content":{"rendered":"<p style=\"font-weight: 400; text-align: justify;\">Yves Boudier, <strong><em>En vie<\/em><\/strong>, sur des monotypes de L\u00e9a Guerchounov<em>, <\/em>\u00e9ditions du Paquebot, avant-dire d\u2019Esther Tellermann, photographies de Patrick Parchet, juin 2023, 72 pages, 20 \u20ac.<\/p>\n<p style=\"font-weight: 400; text-align: justify;\"><em>\u00a0<\/em><\/p>\n<p style=\"font-weight: 400; text-align: justify;\">Sous-titr\u00e9 <em>intra \u2013 foras\u00a0: <\/em>dedans \u2013 dehors. Ce qui est for\u00e9 l\u00e0 dans l\u2019espace-temps.<\/p>\n<p style=\"font-weight: 400; text-align: justify;\">Quand les origamis d\u2019une jeune plasticienne, L\u00e9a Guerchounov, aux \u00e9chos en relief, en tranche de livre, de ses installations, par le<img loading=\"lazy\" decoding=\"async\" class=\"alignright size-full wp-image-4403\" src=\"http:\/\/t-pas-net.com\/librCritN\/wp-content\/uploads\/2023\/09\/Lea_GUERCHOUNOW.jpg\" alt=\"\" width=\"220\" height=\"190\" srcset=\"https:\/\/t-pas-net.com\/librCritN\/wp-content\/uploads\/2023\/09\/Lea_GUERCHOUNOW.jpg 220w, https:\/\/t-pas-net.com\/librCritN\/wp-content\/uploads\/2023\/09\/Lea_GUERCHOUNOW-150x130.jpg 150w\" sizes=\"auto, (max-width: 220px) 100vw, 220px\" \/> fait du po\u00e8te (et d\u2019un bon photographe, Patrick Parchet, d\u2019un maquettiste efficace, Pablo L\u00f3pez-Auguy) se gravent dans le marbre des mill\u00e9naires\u00a0;<\/p>\n<p style=\"font-weight: 400; text-align: justify;\">Quand en remonte la po\u00e9sie par capillarit\u00e9 m\u00e9morielle, comme \u00e0 l\u2019envers d\u2019un palimpseste, dans toute son \u00e9paisseur d\u2019espace-temps, d\u00e9lib\u00e9r\u00e9ment sous-titr\u00e9e dans le latin dont est n\u00e9e mais se d\u00e9leste notre langue et qui impr\u00e8gne toute l\u2019\u0153uvre d\u2019Yves Boudier\u00a0;<\/p>\n<p style=\"font-weight: 400; text-align: justify;\"><img loading=\"lazy\" decoding=\"async\" class=\"alignleft size-full wp-image-4404\" src=\"http:\/\/t-pas-net.com\/librCritN\/wp-content\/uploads\/2023\/09\/yvesBoudier.jpg\" alt=\"\" width=\"200\" height=\"210\" srcset=\"https:\/\/t-pas-net.com\/librCritN\/wp-content\/uploads\/2023\/09\/yvesBoudier.jpg 200w, https:\/\/t-pas-net.com\/librCritN\/wp-content\/uploads\/2023\/09\/yvesBoudier-143x150.jpg 143w\" sizes=\"auto, (max-width: 200px) 100vw, 200px\" \/>On respire\u00a0: au plus contemporain, en contrepoint salubre de la sur-communication contemporaine. En main un tr\u00e8s beau livre, une lourde plaquette au monotype de couverture marmor\u00e9en feuilletant, effeuillant le tombal aux antipodes du titre qu\u2019il \u00e9claire.<\/p>\n<p style=\"font-weight: 400; text-align: justify;\"><em>en vie <\/em>c\u00e9l\u00e8bre les noces ontologiques \u00ab\u00a0dedans \/ c\u00e9ans\u00a0\u00bb dont\u00a0l\u2019art est un acte charnel\u00a0: \u00ab L\u2019\u00e9nigme luxure \/ zone sacr\u00e9e \/ sond\u00e9e\u00a0\u00bb\u00a0; \u00ab\u00a0l\u2019exode \/ repli\u00a0\u00bb\u00a0; \u00ab\u00a0le muscle s\u2019empare \/ du monde\u00a0\u00bb\u00a0; \u00ab\u00a0liturgie indivise \/ de l\u2019origine \/\/ le plein \/ office\u00a0\u00bb.<\/p>\n<p style=\"text-align: center;\"><img loading=\"lazy\" decoding=\"async\" class=\"aligncenter size-full wp-image-4402\" src=\"http:\/\/t-pas-net.com\/librCritN\/wp-content\/uploads\/2023\/09\/EN_VIE_TEXTE.jpg\" alt=\"\" width=\"540\" height=\"385\" srcset=\"https:\/\/t-pas-net.com\/librCritN\/wp-content\/uploads\/2023\/09\/EN_VIE_TEXTE.jpg 540w, https:\/\/t-pas-net.com\/librCritN\/wp-content\/uploads\/2023\/09\/EN_VIE_TEXTE-300x214.jpg 300w, https:\/\/t-pas-net.com\/librCritN\/wp-content\/uploads\/2023\/09\/EN_VIE_TEXTE-150x107.jpg 150w, https:\/\/t-pas-net.com\/librCritN\/wp-content\/uploads\/2023\/09\/EN_VIE_TEXTE-366x261.jpg 366w\" sizes=\"auto, (max-width: 540px) 100vw, 540px\" \/><\/p>\n<p style=\"font-weight: 400; text-align: justify;\">Au plein chant du plain-champ, \u00e0 son temps majeur, \u00ab\u00a0la morale acquitte \/ sa dette charnelle\u00a0\u00bb dans un livre lourd l\u00e9ger de son pesant d\u2019orgastiques ombres ch\u00e8res, la jouissance exhum\u00e9e inscrite dans le marbre.<\/p>\n<p style=\"font-weight: 400; text-align: justify;\">Aux trois temps d\u2019une po\u00e9sie verticale rompue net, les larmes d\u2019\u00c9ros distillent un goutte \u00e0 goutte d\u2019aurore bor\u00e9ale dont spond\u00e9es<img loading=\"lazy\" decoding=\"async\" class=\"alignright size-full wp-image-4401\" src=\"http:\/\/t-pas-net.com\/librCritN\/wp-content\/uploads\/2023\/09\/EN_VIE_COUV.jpg\" alt=\"\" width=\"220\" height=\"335\" srcset=\"https:\/\/t-pas-net.com\/librCritN\/wp-content\/uploads\/2023\/09\/EN_VIE_COUV.jpg 220w, https:\/\/t-pas-net.com\/librCritN\/wp-content\/uploads\/2023\/09\/EN_VIE_COUV-197x300.jpg 197w, https:\/\/t-pas-net.com\/librCritN\/wp-content\/uploads\/2023\/09\/EN_VIE_COUV-99x150.jpg 99w\" sizes=\"auto, (max-width: 220px) 100vw, 220px\" \/> peut-\u00eatre tiennent en haleine le fond de pens\u00e9e de l\u2019hexam\u00e8tre dactylique, le m\u00e8tre d\u2019Ovide. D\u2019<em>Amours <\/em>en <em>Art d\u2019aimer,<\/em> comme en une constellation de <em>M\u00e9tamorphoses <\/em>le plus contemporain po\u00e8te latin r\u00e9pond \u00e0 l\u2019ire d\u2019Auguste du fond de son exil, au ciel de lit son s\u00e9ide du vingt et uni\u00e8me si\u00e8cle \u00e9gr\u00e8ne les platoniciens (?) \u00e9chos de caverne de parois ut\u00e9rines jusque dans \u00ab\u00a0l\u2019extr\u00eame \/ visc\u00e9ral\u00a0\u00bb.<\/p>\n<p style=\"font-weight: 400; text-align: justify;\">Aux trois temps sensuels, <em>ante rem, in re, post rem, <\/em>d\u2019un r\u00e9el d\u00e9chosifi\u00e9 de son mat\u00e9rialisme, et d\u2019autant mieux ath\u00e9e. <em>\u00a0<\/em><\/p>\n<p style=\"font-weight: 400; text-align: justify;\"><em>Le po\u00e8me ne joue pas du souvenir mais de la m\u00e9moire dont il respire <\/em>[\u2026] <em>pour \u00e9crire l\u2019incandescence de la rencontre, <\/em>reprend en quatri\u00e8me de couverture la pr\u00e9faci\u00e8re Esther Tellermann. \u00a0<em>\u00a0\u00a0<\/em><\/p>\n<p style=\"font-weight: 400; text-align: justify;\">\n","protected":false},"excerpt":{"rendered":"<p>Yves Boudier, En vie, sur des monotypes de L\u00e9a Guerchounov, \u00e9ditions du Paquebot, avant-dire d\u2019Esther Tellermann, photographies de Patrick Parchet, juin 2023, 72 pages, 20 \u20ac. \u00a0 Sous-titr\u00e9 intra \u2013 foras\u00a0: dedans \u2013 dehors. Ce qui est for\u00e9 l\u00e0 dans l\u2019espace-temps. Quand les origamis d\u2019une jeune plasticienne, L\u00e9a Guerchounov, aux \u00e9chos en relief, en tranche de livre, de ses installations, par le fait du po\u00e8te (et d\u2019un bon photographe, Patrick Parchet, d\u2019un maquettiste efficace, Pablo L\u00f3pez-Auguy) se gravent dans le marbre des mill\u00e9naires\u00a0; Quand en remonte la po\u00e9sie par capillarit\u00e9 m\u00e9morielle, comme \u00e0 l\u2019envers d\u2019un palimpseste, dans toute son \u00e9paisseur d\u2019espace-temps, d\u00e9lib\u00e9r\u00e9ment sous-titr\u00e9e dans le latin dont est n\u00e9e mais se d\u00e9leste notre langue et qui impr\u00e8gne toute l\u2019\u0153uvre d\u2019Yves Boudier\u00a0; On respire\u00a0: au plus contemporain, en contrepoint salubre de la sur-communication contemporaine. En main un tr\u00e8s beau livre, une lourde plaquette au monotype de couverture marmor\u00e9en feuilletant, effeuillant le tombal aux antipodes du titre qu\u2019il \u00e9claire. en vie c\u00e9l\u00e8bre les noces ontologiques \u00ab\u00a0dedans \/ c\u00e9ans\u00a0\u00bb dont\u00a0l\u2019art est un acte charnel\u00a0: \u00ab L\u2019\u00e9nigme luxure \/ zone sacr\u00e9e \/ sond\u00e9e\u00a0\u00bb\u00a0; \u00ab\u00a0l\u2019exode \/ repli\u00a0\u00bb\u00a0; \u00ab\u00a0le muscle s\u2019empare \/ du monde\u00a0\u00bb\u00a0; \u00ab\u00a0liturgie indivise \/ de l\u2019origine \/\/ le plein \/ office\u00a0\u00bb. Au plein chant du plain-champ, \u00e0 son temps majeur, \u00ab\u00a0la morale acquitte \/ sa dette charnelle\u00a0\u00bb dans un livre lourd l\u00e9ger de son pesant d\u2019orgastiques ombres ch\u00e8res, la jouissance exhum\u00e9e inscrite dans le marbre. Aux trois temps d\u2019une po\u00e9sie verticale rompue net, les larmes d\u2019\u00c9ros distillent un goutte \u00e0 goutte d\u2019aurore bor\u00e9ale dont spond\u00e9es peut-\u00eatre tiennent en haleine le fond de pens\u00e9e de l\u2019hexam\u00e8tre dactylique, le m\u00e8tre d\u2019Ovide. D\u2019Amours en Art d\u2019aimer, comme en une constellation de M\u00e9tamorphoses le plus contemporain po\u00e8te latin r\u00e9pond \u00e0 l\u2019ire d\u2019Auguste du fond de son exil, au ciel de lit son s\u00e9ide du vingt et uni\u00e8me si\u00e8cle \u00e9gr\u00e8ne les platoniciens (?) \u00e9chos de caverne de parois ut\u00e9rines jusque dans \u00ab\u00a0l\u2019extr\u00eame \/ visc\u00e9ral\u00a0\u00bb. Aux trois temps sensuels, ante rem, in re, post rem, d\u2019un r\u00e9el d\u00e9chosifi\u00e9 de son mat\u00e9rialisme, et d\u2019autant mieux ath\u00e9e. \u00a0 Le po\u00e8me ne joue pas du souvenir mais de la m\u00e9moire dont il respire [\u2026] pour \u00e9crire l\u2019incandescence de la rencontre, reprend en quatri\u00e8me de couverture la pr\u00e9faci\u00e8re Esther Tellermann. \u00a0\u00a0\u00a0<\/p>\n","protected":false},"author":1,"featured_media":4400,"comment_status":"open","ping_status":"open","sticky":false,"template":"","format":"standard","meta":{"footnotes":""},"categories":[35,7,2],"tags":[2156,71,2154,2152,2153,2155,2151],"class_list":["post-4399","post","type-post","status-publish","format-standard","has-post-thumbnail","hentry","category-chronique","category-livres-recus","category-une","tag-bouder-art-daimer","tag-christophe-stolowicki","tag-editions-du-paquebot","tag-esther-tellermann","tag-lea-guerchounov","tag-patrick-parchet","tag-yves-boudier"],"post_mailing_queue_ids":[],"_links":{"self":[{"href":"https:\/\/t-pas-net.com\/librCritN\/wp-json\/wp\/v2\/posts\/4399","targetHints":{"allow":["GET"]}}],"collection":[{"href":"https:\/\/t-pas-net.com\/librCritN\/wp-json\/wp\/v2\/posts"}],"about":[{"href":"https:\/\/t-pas-net.com\/librCritN\/wp-json\/wp\/v2\/types\/post"}],"author":[{"embeddable":true,"href":"https:\/\/t-pas-net.com\/librCritN\/wp-json\/wp\/v2\/users\/1"}],"replies":[{"embeddable":true,"href":"https:\/\/t-pas-net.com\/librCritN\/wp-json\/wp\/v2\/comments?post=4399"}],"version-history":[{"count":2,"href":"https:\/\/t-pas-net.com\/librCritN\/wp-json\/wp\/v2\/posts\/4399\/revisions"}],"predecessor-version":[{"id":4406,"href":"https:\/\/t-pas-net.com\/librCritN\/wp-json\/wp\/v2\/posts\/4399\/revisions\/4406"}],"wp:featuredmedia":[{"embeddable":true,"href":"https:\/\/t-pas-net.com\/librCritN\/wp-json\/wp\/v2\/media\/4400"}],"wp:attachment":[{"href":"https:\/\/t-pas-net.com\/librCritN\/wp-json\/wp\/v2\/media?parent=4399"}],"wp:term":[{"taxonomy":"category","embeddable":true,"href":"https:\/\/t-pas-net.com\/librCritN\/wp-json\/wp\/v2\/categories?post=4399"},{"taxonomy":"post_tag","embeddable":true,"href":"https:\/\/t-pas-net.com\/librCritN\/wp-json\/wp\/v2\/tags?post=4399"}],"curies":[{"name":"wp","href":"https:\/\/api.w.org\/{rel}","templated":true}]}}