{"id":4521,"date":"2023-10-19T20:13:42","date_gmt":"2023-10-19T18:13:42","guid":{"rendered":"http:\/\/t-pas-net.com\/librCritN\/?p=4521"},"modified":"2023-10-19T20:13:42","modified_gmt":"2023-10-19T18:13:42","slug":"livre-lucien-suel-le-livre-des-poemes-express-par-fabrice-thumerel","status":"publish","type":"post","link":"https:\/\/t-pas-net.com\/librCritN\/2023\/10\/19\/livre-lucien-suel-le-livre-des-poemes-express-par-fabrice-thumerel\/","title":{"rendered":"[Livre] Lucien Suel, Le Livre des po\u00e8mes express, par Fabrice Thumerel"},"content":{"rendered":"<p style=\"text-align: justify;\">Lucien Suel, <strong><em>Le Livre des Po\u00e8mes express<\/em><\/strong>, pr\u00e9face de Jo\u00ebl Hubaut et introduction de l&rsquo;auteur, \u00e9ditions Dernier T\u00e9l\u00e9gramme, en librairie depuis le 13 octobre 2023, 504 pages, 35 \u20ac, ISBN : 979-10-97146-57-3.<\/p>\n<p>&nbsp;<\/p>\n<p style=\"text-align: justify;\">Parce que ce volume est le dernier d\u2019un ensemble qui repr\u00e9sente une voie originale de ce dernier tiers de si\u00e8cle et que son \u00e9diteur <img loading=\"lazy\" decoding=\"async\" class=\"alignleft wp-image-4524\" src=\"http:\/\/t-pas-net.com\/librCritN\/wp-content\/uploads\/2023\/10\/SUEL_Express.jpg\" alt=\"\" width=\"220\" height=\"303\" srcset=\"https:\/\/t-pas-net.com\/librCritN\/wp-content\/uploads\/2023\/10\/SUEL_Express.jpg 200w, https:\/\/t-pas-net.com\/librCritN\/wp-content\/uploads\/2023\/10\/SUEL_Express-109x150.jpg 109w\" sizes=\"auto, (max-width: 220px) 100vw, 220px\" \/>y a apport\u00e9 le plus grand soin, il m\u00e9rite de faire partie de toutes les bonnes biblioth\u00e8ques, individuelles ou publiques : pensez donc, quel poids, r\u00e9el (1,3 kg !) et symbolique !<\/p>\n<p style=\"font-weight: 400; text-align: justify;\">Entr\u00e9 dans l\u2019espace po\u00e9tique au d\u00e9but des ann\u00e9es 80, apr\u00e8s sa p\u00e9riode de d\u00e9couvertes et initiations en un temps d\u2019extension du domaine litt\u00e9raire gr\u00e2ce aux avant-gardes, Lucien Suel se situe assez rapidement au carrefour des exp\u00e9rimentations les plus diverses\u00a0: cut-up, po\u00e9sie visuelle, mail art&#8230; Sa po\u00e9sie m\u00e9canique, reproductible dans ses ateliers po\u00e9tiques, le fait sortir du Beau-Style invent\u00e9 par un \u00e9crivain-de-g\u00e9nie, ce qui lui vaut d\u2019\u00eatre reconnu dans le champ de la po\u00e9sie exp\u00e9rimentale au tournant du XX<sup>e<\/sup> et du XXI<sup>e<\/sup> si\u00e8cle. En particulier pour ses po\u00e8mes express, cr\u00e9ation qu\u2019il d\u00e9finit ainsi dans sa pr\u00e9sentation du projet\u00a0: \u00ab\u00a0Le po\u00e8me express, d\u00e9riv\u00e9 des exp\u00e9rimentations de William Burroughs, est aussi dans mon esprit, cousin des productions dada\u00efstes \u2013 les mots dans un chapeau de Tristan Tzara et les po\u00e8mes simultan\u00e9s d&rsquo;Hugo Ball \u2013 et du ready-made de Marcel Duchamp. Il doit aussi une part de son existence au mouvement Fluxus et \u00e0 ma lecture des Cahiers de l&rsquo;Internationale Situationniste\u00a0\u00bb (p. 12-13).<\/p>\n<p style=\"font-weight: 400; text-align: justify;\">Le po\u00e8me express op\u00e8re par pr\u00e9l\u00e8vement \u2013 sans ciseaux, mais par caviardage \u00e0 l\u2019encre noire \u2013 et d\u00e9tournement de textes relevant<img loading=\"lazy\" decoding=\"async\" class=\"alignright wp-image-4525\" src=\"http:\/\/t-pas-net.com\/librCritN\/wp-content\/uploads\/2023\/10\/lucien-suel.jpg\" alt=\"\" width=\"220\" height=\"176\" srcset=\"https:\/\/t-pas-net.com\/librCritN\/wp-content\/uploads\/2023\/10\/lucien-suel.jpg 200w, https:\/\/t-pas-net.com\/librCritN\/wp-content\/uploads\/2023\/10\/lucien-suel-150x120.jpg 150w\" sizes=\"auto, (max-width: 220px) 100vw, 220px\" \/> de ce qu\u2019on appelait \u00ab\u00a0paralitt\u00e9rature\u00a0\u00bb \u00e0 la fin du si\u00e8cle dernier pour constituer un objet \u00e0 part, estampill\u00e9 sans pour autant constituer une marchandise\u00a0: \u00ab\u00a0\u00ab\u00a0Les mots, entre eux, \u00e9taient superflus\u00a0\u00bb, telle est la phrase subsistant dans une page presque totalement caviard\u00e9e, pr\u00e9lev\u00e9e au hasard dans un roman de gare. Sur cette page, apparaissent \u00e9galement deux tampons\u00a0: \u00ab\u00a0Po\u00e8me express\u00a0\u00bb et \u00ab\u00a0N\u00b0 1000\u00a0\u00bb. Ainsi s&rsquo;est r\u00e9cemment achev\u00e9 ce projet \u00ab\u00a0litt\u00e9raire\u00a0\u00bb commenc\u00e9 il y a 35 ans, en 1987\u00a0\u00bb (p. 11).<\/p>\n<p style=\"font-weight: 400; text-align: justify;\">Ces court-circuitages sont po\u00e9tiques, non par le mode devenu traditionnel des inventions verbales, mais parce qu\u2019ils donnent \u00e0 lire et \u00e0 voir des labyrinthes picturaux\/verbaux qui lib\u00e8rent notre regard pour le plonger dans l\u2019infini des possibles.<\/p>\n","protected":false},"excerpt":{"rendered":"<p>Lucien Suel, Le Livre des Po\u00e8mes express, pr\u00e9face de Jo\u00ebl Hubaut et introduction de l&rsquo;auteur, \u00e9ditions Dernier T\u00e9l\u00e9gramme, en librairie depuis le 13 octobre 2023, 504 pages, 35 \u20ac, ISBN : 979-10-97146-57-3. &nbsp; Parce que ce volume est le dernier d\u2019un ensemble qui repr\u00e9sente une voie originale de ce dernier tiers de si\u00e8cle et que son \u00e9diteur y a apport\u00e9 le plus grand soin, il m\u00e9rite de faire partie de toutes les bonnes biblioth\u00e8ques, individuelles ou publiques : pensez donc, quel poids, r\u00e9el (1,3 kg !) et symbolique ! Entr\u00e9 dans l\u2019espace po\u00e9tique au d\u00e9but des ann\u00e9es 80, apr\u00e8s sa p\u00e9riode de d\u00e9couvertes et initiations en un temps d\u2019extension du domaine litt\u00e9raire gr\u00e2ce aux avant-gardes, Lucien Suel se situe assez rapidement au carrefour des exp\u00e9rimentations les plus diverses\u00a0: cut-up, po\u00e9sie visuelle, mail art&#8230; Sa po\u00e9sie m\u00e9canique, reproductible dans ses ateliers po\u00e9tiques, le fait sortir du Beau-Style invent\u00e9 par un \u00e9crivain-de-g\u00e9nie, ce qui lui vaut d\u2019\u00eatre reconnu dans le champ de la po\u00e9sie exp\u00e9rimentale au tournant du XXe et du XXIe si\u00e8cle. En particulier pour ses po\u00e8mes express, cr\u00e9ation qu\u2019il d\u00e9finit ainsi dans sa pr\u00e9sentation du projet\u00a0: \u00ab\u00a0Le po\u00e8me express, d\u00e9riv\u00e9 des exp\u00e9rimentations de William Burroughs, est aussi dans mon esprit, cousin des productions dada\u00efstes \u2013 les mots dans un chapeau de Tristan Tzara et les po\u00e8mes simultan\u00e9s d&rsquo;Hugo Ball \u2013 et du ready-made de Marcel Duchamp. Il doit aussi une part de son existence au mouvement Fluxus et \u00e0 ma lecture des Cahiers de l&rsquo;Internationale Situationniste\u00a0\u00bb (p. 12-13). Le po\u00e8me express op\u00e8re par pr\u00e9l\u00e8vement \u2013 sans ciseaux, mais par caviardage \u00e0 l\u2019encre noire \u2013 et d\u00e9tournement de textes relevant de ce qu\u2019on appelait \u00ab\u00a0paralitt\u00e9rature\u00a0\u00bb \u00e0 la fin du si\u00e8cle dernier pour constituer un objet \u00e0 part, estampill\u00e9 sans pour autant constituer une marchandise\u00a0: \u00ab\u00a0\u00ab\u00a0Les mots, entre eux, \u00e9taient superflus\u00a0\u00bb, telle est la phrase subsistant dans une page presque totalement caviard\u00e9e, pr\u00e9lev\u00e9e au hasard dans un roman de gare. Sur cette page, apparaissent \u00e9galement deux tampons\u00a0: \u00ab\u00a0Po\u00e8me express\u00a0\u00bb et \u00ab\u00a0N\u00b0 1000\u00a0\u00bb. Ainsi s&rsquo;est r\u00e9cemment achev\u00e9 ce projet \u00ab\u00a0litt\u00e9raire\u00a0\u00bb commenc\u00e9 il y a 35 ans, en 1987\u00a0\u00bb (p. 11). Ces court-circuitages sont po\u00e9tiques, non par le mode devenu traditionnel des inventions verbales, mais parce qu\u2019ils donnent \u00e0 lire et \u00e0 voir des labyrinthes picturaux\/verbaux qui lib\u00e8rent notre regard pour le plonger dans l\u2019infini des possibles.<\/p>\n","protected":false},"author":2,"featured_media":4527,"comment_status":"open","ping_status":"open","sticky":false,"template":"","format":"standard","meta":{"footnotes":""},"categories":[35,7,2],"tags":[1366,1107,667,12,2194,2193,59,236,1694,2192,1919,765,766,1893,508],"class_list":["post-4521","post","type-post","status-publish","format-standard","has-post-thumbnail","hentry","category-chronique","category-livres-recus","category-une","tag-avant-gardes","tag-cut-up","tag-editions-dernier-telegramme","tag-fabrice-thumerel","tag-fluxus","tag-hugo-ball","tag-joel-hubaut","tag-lucien-suel","tag-marcel-duchamp","tag-poeme-express","tag-poesie-experimentale","tag-poesie-visuelle","tag-ready-made-dadaiste","tag-tristan-tzara","tag-william-s-burroughs"],"post_mailing_queue_ids":[],"_links":{"self":[{"href":"https:\/\/t-pas-net.com\/librCritN\/wp-json\/wp\/v2\/posts\/4521","targetHints":{"allow":["GET"]}}],"collection":[{"href":"https:\/\/t-pas-net.com\/librCritN\/wp-json\/wp\/v2\/posts"}],"about":[{"href":"https:\/\/t-pas-net.com\/librCritN\/wp-json\/wp\/v2\/types\/post"}],"author":[{"embeddable":true,"href":"https:\/\/t-pas-net.com\/librCritN\/wp-json\/wp\/v2\/users\/2"}],"replies":[{"embeddable":true,"href":"https:\/\/t-pas-net.com\/librCritN\/wp-json\/wp\/v2\/comments?post=4521"}],"version-history":[{"count":2,"href":"https:\/\/t-pas-net.com\/librCritN\/wp-json\/wp\/v2\/posts\/4521\/revisions"}],"predecessor-version":[{"id":4526,"href":"https:\/\/t-pas-net.com\/librCritN\/wp-json\/wp\/v2\/posts\/4521\/revisions\/4526"}],"wp:featuredmedia":[{"embeddable":true,"href":"https:\/\/t-pas-net.com\/librCritN\/wp-json\/wp\/v2\/media\/4527"}],"wp:attachment":[{"href":"https:\/\/t-pas-net.com\/librCritN\/wp-json\/wp\/v2\/media?parent=4521"}],"wp:term":[{"taxonomy":"category","embeddable":true,"href":"https:\/\/t-pas-net.com\/librCritN\/wp-json\/wp\/v2\/categories?post=4521"},{"taxonomy":"post_tag","embeddable":true,"href":"https:\/\/t-pas-net.com\/librCritN\/wp-json\/wp\/v2\/tags?post=4521"}],"curies":[{"name":"wp","href":"https:\/\/api.w.org\/{rel}","templated":true}]}}