{"id":4717,"date":"2023-12-17T20:49:23","date_gmt":"2023-12-17T19:49:23","guid":{"rendered":"http:\/\/t-pas-net.com\/librCritN\/?p=4717"},"modified":"2023-12-27T10:08:04","modified_gmt":"2023-12-27T09:08:04","slug":"news-libr-fetes-1","status":"publish","type":"post","link":"https:\/\/t-pas-net.com\/librCritN\/2023\/12\/17\/news-libr-fetes-1\/","title":{"rendered":"[News] Libr-f\u00eates (1)"},"content":{"rendered":"<p>Et si l&rsquo;on mettait \u00e0 profit ce hors-temps que constitue le passage \u00e0 l&rsquo;An nouveau pour se rendre \u00e0 l&rsquo;un des derniers rendez-litt\u00e9raire de choix en 2023 et go\u00fbter certains livres qu&rsquo;on n&rsquo;a pu encore d\u00e9couvrir&#8230;<\/p>\n<p>&nbsp;<\/p>\n<p style=\"text-align: justify;\"><strong>\u25ba <\/strong>Arnaud LABELLE-ROJOUX, <strong><em>LCDB. Le Culte Des Banni.e.s<\/em><\/strong>, Presses du r\u00e9el, coll. \u00ab Al dante \u00bb, automne 2023, 816 pages,<img loading=\"lazy\" decoding=\"async\" class=\"alignright size-full wp-image-4721\" src=\"http:\/\/t-pas-net.com\/librCritN\/wp-content\/uploads\/2023\/12\/LCDB_Labelle.jpg\" alt=\"\" width=\"180\" height=\"270\" srcset=\"https:\/\/t-pas-net.com\/librCritN\/wp-content\/uploads\/2023\/12\/LCDB_Labelle.jpg 180w, https:\/\/t-pas-net.com\/librCritN\/wp-content\/uploads\/2023\/12\/LCDB_Labelle-100x150.jpg 100w\" sizes=\"auto, (max-width: 180px) 100vw, 180px\" \/> 42 \u20ac.<\/p>\n<p style=\"text-align: justify;\">Qui sont les \u00ab\u00a0banni.e.s\u00a0\u00bb ? Tous les cr\u00e9ateurs qui, pour n&rsquo;avoir pas voulu moisir dans un antre labellis\u00e9, sont demeur\u00e9s dans l&rsquo;entre : Arnaud Labelle-Rojoux se concentre sur ces trois figures majeures que sont Burroughs, Godard et Cage. Mais dans le sillage de ces monstres sacr\u00e9s, il \u00e9voque Hubaut, Ossang, Podolski, Heidsieck, Tilman, Espitallier, Game, Cadiot&#8230; Esther Ferrer, George Brecht&#8230; Des formes les plus diverses \u2013 majeures ou mineures \u2013, diff\u00e9rents profils de banni.e.s&#8230; Dans cette somme impressionnante d&rsquo;\u00e9rudition et de po\u00e9sie sont ainsi pass\u00e9s en revue des \u00ab\u00a0Cin\u00e9astes Pour Artistes\u00a0\u00bb (CPA), des \u00ab\u00a0Artistes Pour Cin\u00e9astes\u00a0\u00bb (APC), des \u00ab\u00a0Musiciens Pour Artistes\u00a0\u00bb (MPA), des \u00ab\u00a0Musiciens Pour Cin\u00e9astes\u00a0\u00bb (MPC), des \u00ab\u00a0\u00c9crivains Pour Chor\u00e9graphes\u00a0\u00bb&#8230; Un festin \u00e0 nu !<\/p>\n<p>&nbsp;<\/p>\n<p><strong>\u25ba <\/strong>Patrick VARETZ, <strong><em>Le Canevas sans visage<\/em><\/strong>, \u00e9ditions Cours toujours, coll. \u00ab\u00a0La Vie r\u00eav\u00e9e des choses\u00a0\u00bb, en librairie le 13 octobre<img loading=\"lazy\" decoding=\"async\" class=\"alignright wp-image-4326\" src=\"http:\/\/t-pas-net.com\/librCritN\/wp-content\/uploads\/2023\/08\/VaretzCanevas.jpeg\" sizes=\"auto, (max-width: 210px) 100vw, 210px\" srcset=\"http:\/\/t-pas-net.com\/librCritN\/wp-content\/uploads\/2023\/08\/VaretzCanevas.jpeg 210w, http:\/\/t-pas-net.com\/librCritN\/wp-content\/uploads\/2023\/08\/VaretzCanevas-113x150.jpeg 113w\" alt=\"\" width=\"165\" height=\"220\" \/> 2023, 96 pages, 14 \u20ac.<\/p>\n<p style=\"text-align: justify;\">On retrouve le trio de <em>Bas monde<\/em> (2012) et <em>Petite vie<\/em> (2015) : Daniel, l&rsquo;infirmi\u00e8re L\u00e9ona et le docteur Caudron, en plus de Pascal \u2013 le petit-fils de L\u00e9ona \u2013 qui est comme d&rsquo;habitude le narrateur. Les fils de la m\u00e9moire et de l&rsquo;\u00e9criture sont tir\u00e9s et tiss\u00e9s, de sorte que miroite la vie d\u00e9cousue de la brodeuse (figure de P\u00e9n\u00e9lope) \u2013 ex-infirmi\u00e8re qui \u00e9tait pass\u00e9e ma\u00eetresse dans l&rsquo;art de <em>piquer dans le vif<\/em> \u2013, un \u00ab\u00a0trou noir\u00a0\u00bb qui constitue la tache aveugle du miroir de la repr\u00e9sentation r\u00e9aliste.<\/p>\n<p><strong>\u25ba<\/strong><\/p>\n<p style=\"text-align: center;\"><img loading=\"lazy\" decoding=\"async\" class=\"aligncenter size-full wp-image-4719\" src=\"http:\/\/t-pas-net.com\/librCritN\/wp-content\/uploads\/2023\/12\/Felix_Bobillot.jpg\" alt=\"\" width=\"540\" height=\"540\" srcset=\"https:\/\/t-pas-net.com\/librCritN\/wp-content\/uploads\/2023\/12\/Felix_Bobillot.jpg 540w, https:\/\/t-pas-net.com\/librCritN\/wp-content\/uploads\/2023\/12\/Felix_Bobillot-300x300.jpg 300w, https:\/\/t-pas-net.com\/librCritN\/wp-content\/uploads\/2023\/12\/Felix_Bobillot-150x150.jpg 150w, https:\/\/t-pas-net.com\/librCritN\/wp-content\/uploads\/2023\/12\/Felix_Bobillot-144x144.jpg 144w, https:\/\/t-pas-net.com\/librCritN\/wp-content\/uploads\/2023\/12\/Felix_Bobillot-366x366.jpg 366w, https:\/\/t-pas-net.com\/librCritN\/wp-content\/uploads\/2023\/12\/Felix_Bobillot-75x75.jpg 75w\" sizes=\"auto, (max-width: 540px) 100vw, 540px\" \/><\/p>\n","protected":false},"excerpt":{"rendered":"<p>Et si l&rsquo;on mettait \u00e0 profit ce hors-temps que constitue le passage \u00e0 l&rsquo;An nouveau pour se rendre \u00e0 l&rsquo;un des derniers rendez-litt\u00e9raire de choix en 2023 et go\u00fbter certains livres qu&rsquo;on n&rsquo;a pu encore d\u00e9couvrir&#8230; &nbsp; \u25ba Arnaud LABELLE-ROJOUX, LCDB. Le Culte Des Banni.e.s, Presses du r\u00e9el, coll. \u00ab Al dante \u00bb, automne 2023, 816 pages, 42 \u20ac. Qui sont les \u00ab\u00a0banni.e.s\u00a0\u00bb ? Tous les cr\u00e9ateurs qui, pour n&rsquo;avoir pas voulu moisir dans un antre labellis\u00e9, sont demeur\u00e9s dans l&rsquo;entre : Arnaud Labelle-Rojoux se concentre sur ces trois figures majeures que sont Burroughs, Godard et Cage. Mais dans le sillage de ces monstres sacr\u00e9s, il \u00e9voque Hubaut, Ossang, Podolski, Heidsieck, Tilman, Espitallier, Game, Cadiot&#8230; Esther Ferrer, George Brecht&#8230; Des formes les plus diverses \u2013 majeures ou mineures \u2013, diff\u00e9rents profils de banni.e.s&#8230; Dans cette somme impressionnante d&rsquo;\u00e9rudition et de po\u00e9sie sont ainsi pass\u00e9s en revue des \u00ab\u00a0Cin\u00e9astes Pour Artistes\u00a0\u00bb (CPA), des \u00ab\u00a0Artistes Pour Cin\u00e9astes\u00a0\u00bb (APC), des \u00ab\u00a0Musiciens Pour Artistes\u00a0\u00bb (MPA), des \u00ab\u00a0Musiciens Pour Cin\u00e9astes\u00a0\u00bb (MPC), des \u00ab\u00a0\u00c9crivains Pour Chor\u00e9graphes\u00a0\u00bb&#8230; Un festin \u00e0 nu ! &nbsp; \u25ba Patrick VARETZ, Le Canevas sans visage, \u00e9ditions Cours toujours, coll. \u00ab\u00a0La Vie r\u00eav\u00e9e des choses\u00a0\u00bb, en librairie le 13 octobre 2023, 96 pages, 14 \u20ac. On retrouve le trio de Bas monde (2012) et Petite vie (2015) : Daniel, l&rsquo;infirmi\u00e8re L\u00e9ona et le docteur Caudron, en plus de Pascal \u2013 le petit-fils de L\u00e9ona \u2013 qui est comme d&rsquo;habitude le narrateur. Les fils de la m\u00e9moire et de l&rsquo;\u00e9criture sont tir\u00e9s et tiss\u00e9s, de sorte que miroite la vie d\u00e9cousue de la brodeuse (figure de P\u00e9n\u00e9lope) \u2013 ex-infirmi\u00e8re qui \u00e9tait pass\u00e9e ma\u00eetresse dans l&rsquo;art de piquer dans le vif \u2013, un \u00ab\u00a0trou noir\u00a0\u00bb qui constitue la tache aveugle du miroir de la repr\u00e9sentation r\u00e9aliste. \u25ba<\/p>\n","protected":false},"author":2,"featured_media":2118,"comment_status":"open","ping_status":"open","sticky":false,"template":"","format":"standard","meta":{"footnotes":""},"categories":[7,10,2],"tags":[678,1553,28,12,336,19,318,59,1967,280,148,13],"class_list":["post-4717","post","type-post","status-publish","format-standard","has-post-thumbnail","hentry","category-livres-recus","category-news","category-une","tag-arnaud-labelle-rojoux","tag-editions-cours-toujours","tag-editions-tinbad","tag-fabrice-thumerel","tag-jean-michel-espitallier","tag-jean-pierre-bobillot","tag-jerome-game","tag-joel-hubaut","tag-lours-et-la-vieille-grille","tag-patrick-varetz","tag-presses-du-reel-al-dante","tag-tristan-felix"],"post_mailing_queue_ids":[],"_links":{"self":[{"href":"https:\/\/t-pas-net.com\/librCritN\/wp-json\/wp\/v2\/posts\/4717","targetHints":{"allow":["GET"]}}],"collection":[{"href":"https:\/\/t-pas-net.com\/librCritN\/wp-json\/wp\/v2\/posts"}],"about":[{"href":"https:\/\/t-pas-net.com\/librCritN\/wp-json\/wp\/v2\/types\/post"}],"author":[{"embeddable":true,"href":"https:\/\/t-pas-net.com\/librCritN\/wp-json\/wp\/v2\/users\/2"}],"replies":[{"embeddable":true,"href":"https:\/\/t-pas-net.com\/librCritN\/wp-json\/wp\/v2\/comments?post=4717"}],"version-history":[{"count":4,"href":"https:\/\/t-pas-net.com\/librCritN\/wp-json\/wp\/v2\/posts\/4717\/revisions"}],"predecessor-version":[{"id":4744,"href":"https:\/\/t-pas-net.com\/librCritN\/wp-json\/wp\/v2\/posts\/4717\/revisions\/4744"}],"wp:featuredmedia":[{"embeddable":true,"href":"https:\/\/t-pas-net.com\/librCritN\/wp-json\/wp\/v2\/media\/2118"}],"wp:attachment":[{"href":"https:\/\/t-pas-net.com\/librCritN\/wp-json\/wp\/v2\/media?parent=4717"}],"wp:term":[{"taxonomy":"category","embeddable":true,"href":"https:\/\/t-pas-net.com\/librCritN\/wp-json\/wp\/v2\/categories?post=4717"},{"taxonomy":"post_tag","embeddable":true,"href":"https:\/\/t-pas-net.com\/librCritN\/wp-json\/wp\/v2\/tags?post=4717"}],"curies":[{"name":"wp","href":"https:\/\/api.w.org\/{rel}","templated":true}]}}