{"id":484,"date":"2020-10-11T04:43:26","date_gmt":"2020-10-11T02:43:26","guid":{"rendered":"http:\/\/t-pas-net.com\/librCritN\/?p=484"},"modified":"2021-05-05T04:44:27","modified_gmt":"2021-05-05T02:44:27","slug":"news-news-du-dimanche-17","status":"publish","type":"post","link":"https:\/\/t-pas-net.com\/librCritN\/2020\/10\/11\/news-news-du-dimanche-17\/","title":{"rendered":"[News] News du dimanche"},"content":{"rendered":"<p>Apr\u00e8s notre nouvelle s\u00e9lection Libr-8 (la premi\u00e8re d\u2019automne), quelques RV importants \u00e0 venir avec Jean-Michel ESPITALLIER, autour de Carlo Ginzburg, avec Sharon Olds et Pierre Vinclair\u2026<\/p>\n<p>&nbsp;<\/p>\n<p><strong>Libr-8 (automne 2020)<\/strong><\/p>\n<p><a href=\"http:\/\/www.t-pas-net.com\/libr-critique\/wp-content\/uploads\/2020\/10\/Libr8octobre20.jpg\" rel=\"prettyphoto[484]\" rel=\"prettyphoto[17047]\"><img loading=\"lazy\" decoding=\"async\" class=\"aligncenter size-full wp-image-17049\" src=\"http:\/\/www.t-pas-net.com\/libr-critique\/wp-content\/uploads\/2020\/10\/Libr8octobre20.jpg\" sizes=\"auto, (max-width: 540px) 100vw, 540px\" srcset=\"http:\/\/www.t-pas-net.com\/libr-critique\/wp-content\/uploads\/2020\/10\/Libr8octobre20.jpg 540w, http:\/\/www.t-pas-net.com\/libr-critique\/wp-content\/uploads\/2020\/10\/Libr8octobre20-300x200.jpg 300w, http:\/\/www.t-pas-net.com\/libr-critique\/wp-content\/uploads\/2020\/10\/Libr8octobre20-150x100.jpg 150w, http:\/\/www.t-pas-net.com\/libr-critique\/wp-content\/uploads\/2020\/10\/Libr8octobre20-366x244.jpg 366w\" alt=\"\" width=\"540\" height=\"360\" \/><\/a><\/p>\n<p>\u25ba Bertrand BELIN, <strong><em>Vrac<\/em><\/strong>, P.O.L, 160 pages, 14 \u20ac.<\/p>\n<p>\u25ba Yves CHARNET, <strong><em>Chutes<\/em><\/strong>, Tarabuste, Saint-Beno\u00eet-du-Sault, 296 pages, 18 \u20ac.<\/p>\n<p>\u25ba Tristan FELIX, <strong><em>Faut une faille<\/em><\/strong>, Z4 \u00e9ditions, 164 pages, 13 \u20ac.<br \/>\n\u2013 <em><strong>Laiss\u00e9s pour contes<\/strong>. Journal des douleurs<\/em>, \u00e9ditions Tarmac, Nancy, 68 pages, 12 \u20ac.<\/p>\n<p>\u25ba J\u00e9r\u00f4me GONTIER, <strong><em>Trait\u00e9 des verticaux<\/em><\/strong>, Dernier T\u00e9l\u00e9gramme, Limoges, 120 pages, 13,50 \u20ac.<\/p>\n<p>\u25ba Silvia MAJERSKA, <em><strong>Matin sur le soleil<\/strong><\/em>, Le Cadran Lign\u00e9, Saint-Cl\u00e9ment, 50 pages, 12 \u20ac.<\/p>\n<p>\u25ba Serge N\u00fanez Tolin, <em><strong>L\u2019Exercice du silence<\/strong><\/em>, Le Cadran Lign\u00e9, 72 pages, 14 \u20ac.<\/p>\n<p>\u25ba Maud THIRIA, <strong><em>Blockhaus<\/em><\/strong>, encres de J\u00e9r\u00f4me Vin\u00e7on, pr\u00e9face de Jean-Michel Maulpoix, \u00e9ditions\u00a0\u00c6ncrages &amp; CO, Baume-les-Dames, 72 pages, 21 \u20ac.<\/p>\n<p><strong>Libr-\u00e9v\u00e9nements<\/strong><\/p>\n<div dir=\"auto\"><strong>Agenda de Jean-Michel Espitallier :<\/strong><\/div>\n<div dir=\"auto\">\u2022 Lundi 12 \u00e0 vendredi 16. Rencontres, lectures, d\u00e9bats, ateliers dans diff\u00e9rents lieux de la ville (festival Les Mercurielles), CHERBOURG.<\/div>\n<div dir=\"auto\">\u2022 Dimanche 18, 16h. Rencontre autour de \u00ab Cow-Boy \u00bb et de \u00ab La Premi\u00e8re Ann\u00e9e \u00bb. Centre culturel de Marchin, LI\u00c8GE.<\/div>\n<div dir=\"auto\">\u2022 Jeudi 21, 20h. \u00c0 l\u2019occasion de la parution de \u00ab Centre \u00e9pique \u00bb (L\u2019Attente\/Ciclic), rencontre lecture (avec Laure Limongi et J\u00e9r\u00f4me Game), Librairie L\u2019Atelier (2bis, rue du Jourdain \u2013 XXe), PARIS.<\/div>\n<div dir=\"auto\">\u2022 Mardi 27, 19h30. Lecture de \u00ab Centre \u00e9pique \u00bb (soir\u00e9e CICLIC). Prieur\u00e9 Saint-Cosme, TOURS.<\/div>\n<div dir=\"auto\">PARUTIONS OCTOBRE<\/div>\n<div dir=\"auto\">\u2022 \u00ab Centre \u00e9pique \u00bb, L\u2019Attente (9 octobre)<\/div>\n<div dir=\"auto\">\u2022 \u00ab Rock\u2019n Roll! (extraits d\u2019un livre en cours), revue Cockpit n\u00b05<\/div>\n<div dir=\"auto\">\u2022 \u00ab \u00c0 la baguette ! \u00bb, dans \u00ab Plaire \u00bb, monographie de St\u00e9phane Vigny, Editions amac.<\/div>\n<div dir=\"auto\"><\/div>\n<div dir=\"auto\"><a href=\"http:\/\/www.t-pas-net.com\/libr-critique\/wp-content\/uploads\/2020\/10\/SpitOctobre20.jpg\" rel=\"prettyphoto[484]\" rel=\"prettyphoto[17047]\"><img loading=\"lazy\" decoding=\"async\" class=\"aligncenter size-full wp-image-17050\" src=\"http:\/\/www.t-pas-net.com\/libr-critique\/wp-content\/uploads\/2020\/10\/SpitOctobre20.jpg\" sizes=\"auto, (max-width: 540px) 100vw, 540px\" srcset=\"http:\/\/www.t-pas-net.com\/libr-critique\/wp-content\/uploads\/2020\/10\/SpitOctobre20.jpg 540w, http:\/\/www.t-pas-net.com\/libr-critique\/wp-content\/uploads\/2020\/10\/SpitOctobre20-225x300.jpg 225w, http:\/\/www.t-pas-net.com\/libr-critique\/wp-content\/uploads\/2020\/10\/SpitOctobre20-113x150.jpg 113w, http:\/\/www.t-pas-net.com\/libr-critique\/wp-content\/uploads\/2020\/10\/SpitOctobre20-366x488.jpg 366w\" alt=\"\" width=\"540\" height=\"720\" \/><\/a><\/div>\n<div dir=\"auto\"><\/div>\n<div dir=\"auto\">\u25ba\u00a0<a href=\"http:\/\/www.t-pas-net.com\/libr-critique\/wp-content\/uploads\/2020\/10\/GinzburgMPP.jpg\" rel=\"prettyphoto[484]\" rel=\"prettyphoto[17047]\"><img loading=\"lazy\" decoding=\"async\" class=\"aligncenter size-full wp-image-17052\" src=\"http:\/\/www.t-pas-net.com\/libr-critique\/wp-content\/uploads\/2020\/10\/GinzburgMPP.jpg\" sizes=\"auto, (max-width: 540px) 100vw, 540px\" srcset=\"http:\/\/www.t-pas-net.com\/libr-critique\/wp-content\/uploads\/2020\/10\/GinzburgMPP.jpg 540w, http:\/\/www.t-pas-net.com\/libr-critique\/wp-content\/uploads\/2020\/10\/GinzburgMPP-300x167.jpg 300w, http:\/\/www.t-pas-net.com\/libr-critique\/wp-content\/uploads\/2020\/10\/GinzburgMPP-150x83.jpg 150w, http:\/\/www.t-pas-net.com\/libr-critique\/wp-content\/uploads\/2020\/10\/GinzburgMPP-366x203.jpg 366w\" alt=\"\" width=\"540\" height=\"300\" \/><\/a><\/div>\n<div dir=\"auto\"><\/div>\n<div dir=\"auto\">\u25ba <strong>Jeudi 22 octobre \u00e0 19H30, Le Monde en l\u2019air<\/strong> (71, rue de M\u00e9nilmontant 75020 Paris) : soir\u00e9e po\u00e9tique avec Sharon Olds et Pierre Vinclair.<\/div>\n<div dir=\"auto\"><\/div>\n<div dir=\"auto\"><a href=\"http:\/\/www.t-pas-net.com\/libr-critique\/wp-content\/uploads\/2020\/10\/NEWS11oct20.jpg\" rel=\"prettyphoto[484]\" rel=\"prettyphoto[17047]\"><img loading=\"lazy\" decoding=\"async\" class=\"aligncenter size-full wp-image-17053\" src=\"http:\/\/www.t-pas-net.com\/libr-critique\/wp-content\/uploads\/2020\/10\/NEWS11oct20.jpg\" sizes=\"auto, (max-width: 540px) 100vw, 540px\" srcset=\"http:\/\/www.t-pas-net.com\/libr-critique\/wp-content\/uploads\/2020\/10\/NEWS11oct20.jpg 540w, http:\/\/www.t-pas-net.com\/libr-critique\/wp-content\/uploads\/2020\/10\/NEWS11oct20-300x161.jpg 300w, http:\/\/www.t-pas-net.com\/libr-critique\/wp-content\/uploads\/2020\/10\/NEWS11oct20-150x81.jpg 150w, http:\/\/www.t-pas-net.com\/libr-critique\/wp-content\/uploads\/2020\/10\/NEWS11oct20-366x197.jpg 366w\" alt=\"\" width=\"540\" height=\"290\" \/><\/a><\/div>\n","protected":false},"excerpt":{"rendered":"<p>Apr\u00e8s notre nouvelle s\u00e9lection Libr-8 (la premi\u00e8re d\u2019automne), quelques RV importants \u00e0 venir avec Jean-Michel ESPITALLIER, autour de Carlo Ginzburg, avec Sharon Olds et Pierre Vinclair\u2026 &nbsp; Libr-8 (automne 2020) \u25ba Bertrand BELIN, Vrac, P.O.L, 160 pages, 14 \u20ac. \u25ba Yves CHARNET, Chutes, Tarabuste, Saint-Beno\u00eet-du-Sault, 296 pages, 18 \u20ac. \u25ba Tristan FELIX, Faut une faille, Z4 \u00e9ditions, 164 pages, 13 \u20ac. \u2013 Laiss\u00e9s pour contes. Journal des douleurs, \u00e9ditions Tarmac, Nancy, 68 pages, 12 \u20ac. \u25ba J\u00e9r\u00f4me GONTIER, Trait\u00e9 des verticaux, Dernier T\u00e9l\u00e9gramme, Limoges, 120 pages, 13,50 \u20ac. \u25ba Silvia MAJERSKA, Matin sur le soleil, Le Cadran Lign\u00e9, Saint-Cl\u00e9ment, 50 pages, 12 \u20ac. \u25ba Serge N\u00fanez Tolin, L\u2019Exercice du silence, Le Cadran Lign\u00e9, 72 pages, 14 \u20ac. \u25ba Maud THIRIA, Blockhaus, encres de J\u00e9r\u00f4me Vin\u00e7on, pr\u00e9face de Jean-Michel Maulpoix, \u00e9ditions\u00a0\u00c6ncrages &amp; CO, Baume-les-Dames, 72 pages, 21 \u20ac. Libr-\u00e9v\u00e9nements Agenda de Jean-Michel Espitallier : \u2022 Lundi 12 \u00e0 vendredi 16. Rencontres, lectures, d\u00e9bats, ateliers dans diff\u00e9rents lieux de la ville (festival Les Mercurielles), CHERBOURG. \u2022 Dimanche 18, 16h. Rencontre autour de \u00ab Cow-Boy \u00bb et de \u00ab La Premi\u00e8re Ann\u00e9e \u00bb. Centre culturel de Marchin, LI\u00c8GE. \u2022 Jeudi 21, 20h. \u00c0 l\u2019occasion de la parution de \u00ab Centre \u00e9pique \u00bb (L\u2019Attente\/Ciclic), rencontre lecture (avec Laure Limongi et J\u00e9r\u00f4me Game), Librairie L\u2019Atelier (2bis, rue du Jourdain \u2013 XXe), PARIS. \u2022 Mardi 27, 19h30. Lecture de \u00ab Centre \u00e9pique \u00bb (soir\u00e9e CICLIC). Prieur\u00e9 Saint-Cosme, TOURS. PARUTIONS OCTOBRE \u2022 \u00ab Centre \u00e9pique \u00bb, L\u2019Attente (9 octobre) \u2022 \u00ab Rock\u2019n Roll! (extraits d\u2019un livre en cours), revue Cockpit n\u00b05 \u2022 \u00ab \u00c0 la baguette ! \u00bb, dans \u00ab Plaire \u00bb, monographie de St\u00e9phane Vigny, Editions amac. \u25ba\u00a0 \u25ba Jeudi 22 octobre \u00e0 19H30, Le Monde en l\u2019air (71, rue de M\u00e9nilmontant 75020 Paris) : soir\u00e9e po\u00e9tique avec Sharon Olds et Pierre Vinclair.<\/p>\n","protected":false},"author":1,"featured_media":40,"comment_status":"open","ping_status":"open","sticky":false,"template":"","format":"standard","meta":{"footnotes":""},"categories":[10,2],"tags":[534,535,536,84,537,295,41,78,442,12,336,318,538,522,539,540,541,281,363,542,297,13,487,288],"class_list":["post-484","post","type-post","status-publish","format-standard","has-post-thumbnail","hentry","category-news","category-une","tag-bernard-vouilloux","tag-bertrand-belin","tag-carlo-ginzburg","tag-edition-dernier-telegramme","tag-editions-aencrages","tag-editions-le-cadran-ligne","tag-editions-p-o-l","tag-editions-tarabuste","tag-editions-tarmac","tag-fabrice-thumerel","tag-jean-michel-espitallier","tag-jerome-game","tag-jerome-gontier","tag-laure-limongi","tag-martin-rueff","tag-maud-thiria","tag-muriel-pic","tag-pierre-vinclair","tag-serge-nunez-tolin","tag-sharon-olds","tag-silvia-majerska","tag-tristan-felix","tag-yves-charnet","tag-z4-editions"],"post_mailing_queue_ids":[],"_links":{"self":[{"href":"https:\/\/t-pas-net.com\/librCritN\/wp-json\/wp\/v2\/posts\/484","targetHints":{"allow":["GET"]}}],"collection":[{"href":"https:\/\/t-pas-net.com\/librCritN\/wp-json\/wp\/v2\/posts"}],"about":[{"href":"https:\/\/t-pas-net.com\/librCritN\/wp-json\/wp\/v2\/types\/post"}],"author":[{"embeddable":true,"href":"https:\/\/t-pas-net.com\/librCritN\/wp-json\/wp\/v2\/users\/1"}],"replies":[{"embeddable":true,"href":"https:\/\/t-pas-net.com\/librCritN\/wp-json\/wp\/v2\/comments?post=484"}],"version-history":[{"count":1,"href":"https:\/\/t-pas-net.com\/librCritN\/wp-json\/wp\/v2\/posts\/484\/revisions"}],"predecessor-version":[{"id":485,"href":"https:\/\/t-pas-net.com\/librCritN\/wp-json\/wp\/v2\/posts\/484\/revisions\/485"}],"wp:featuredmedia":[{"embeddable":true,"href":"https:\/\/t-pas-net.com\/librCritN\/wp-json\/wp\/v2\/media\/40"}],"wp:attachment":[{"href":"https:\/\/t-pas-net.com\/librCritN\/wp-json\/wp\/v2\/media?parent=484"}],"wp:term":[{"taxonomy":"category","embeddable":true,"href":"https:\/\/t-pas-net.com\/librCritN\/wp-json\/wp\/v2\/categories?post=484"},{"taxonomy":"post_tag","embeddable":true,"href":"https:\/\/t-pas-net.com\/librCritN\/wp-json\/wp\/v2\/tags?post=484"}],"curies":[{"name":"wp","href":"https:\/\/api.w.org\/{rel}","templated":true}]}}