{"id":5037,"date":"2024-04-24T19:33:44","date_gmt":"2024-04-24T17:33:44","guid":{"rendered":"http:\/\/t-pas-net.com\/librCritN\/?p=5037"},"modified":"2024-04-25T19:40:33","modified_gmt":"2024-04-25T17:40:33","slug":"creation-daniel-cabanis-salon-violet-verbatim-groupes-de-paroles-6-6","status":"publish","type":"post","link":"https:\/\/t-pas-net.com\/librCritN\/2024\/04\/24\/creation-daniel-cabanis-salon-violet-verbatim-groupes-de-paroles-6-6\/","title":{"rendered":"[Cr\u00e9ation] Daniel Cabanis, Salon violet \/ Verbatim (Groupes de paroles 6\/6)"},"content":{"rendered":"<p>[<a href=\"http:\/\/t-pas-net.com\/librCritN\/2024\/02\/18\/creation-daniel-cabanis-groupes-de-parole-5-6\/\"><strong>Lire\/voir la 5e livraison<\/strong><\/a>]<\/p>\n<p style=\"font-weight: 400; text-align: center;\"><strong>6\u00a0\u2014\u00a0Salon violet \/ <em>Verbatim<\/em><\/strong><\/p>\n<div id=\"attachment_5040\" style=\"width: 550px\" class=\"wp-caption aligncenter\"><img loading=\"lazy\" decoding=\"async\" aria-describedby=\"caption-attachment-5040\" class=\"size-full wp-image-5040\" src=\"http:\/\/t-pas-net.com\/librCritN\/wp-content\/uploads\/2024\/04\/DaCab-Groupes-de-parole-IMAGE-6.jpg\" alt=\"\" width=\"540\" height=\"310\" srcset=\"https:\/\/t-pas-net.com\/librCritN\/wp-content\/uploads\/2024\/04\/DaCab-Groupes-de-parole-IMAGE-6.jpg 540w, https:\/\/t-pas-net.com\/librCritN\/wp-content\/uploads\/2024\/04\/DaCab-Groupes-de-parole-IMAGE-6-300x172.jpg 300w, https:\/\/t-pas-net.com\/librCritN\/wp-content\/uploads\/2024\/04\/DaCab-Groupes-de-parole-IMAGE-6-150x86.jpg 150w, https:\/\/t-pas-net.com\/librCritN\/wp-content\/uploads\/2024\/04\/DaCab-Groupes-de-parole-IMAGE-6-366x210.jpg 366w\" sizes=\"auto, (max-width: 540px) 100vw, 540px\" \/><p id=\"caption-attachment-5040\" class=\"wp-caption-text\">Groupe F\u00a0: Pett Varnat \/ Clouven Droussin \/ Marlov Klarinski \/ Garonn Blaudel \/ Dalain Jouvon<\/p><\/div>\n<p style=\"font-weight: 400; text-align: justify;\">Jill croyait qu\u2019il suffit de s\u2019asseoir autour d\u2019une table et de se parler pour r\u00e9gler un conflit. Elle s\u2019est beaucoup assise, \u00e7a n\u2019a jamais rien r\u00e9gl\u00e9 ; forc\u00e9ment, elle est devenue folle, disons <em>bureaucratique<\/em>. Sur tout et n\u2019importe quoi, elle prend des notes, fait des fiches, cr\u00e9e des dossiers <em>vides<\/em>. C\u2019est compulsif. Et, nouveaux conflits. On n\u2019en sort pas. Sa derni\u00e8re tocade\u00a0: les statistiques. L\u2019ivresse des statistiques\u00a0!<\/p>\n<p style=\"font-weight: 400; text-align: justify;\">Avec Brella, on est mari\u00e9s depuis huit ans. Il y a un mois, son fr\u00e8re Gusso, ce soir-l\u00e0 port\u00e9 \u00e0 la confidence, me raconte qu\u2019elle et lui ont eu autrefois de fr\u00e9quents <em>co\u00efts de jeunesse<\/em> et qu\u2019ils fricotent encore ensemble \u00e0 l\u2019occasion. D\u2019abord, je n\u2019y ai pas cru. Blague douteuse, ai-je pens\u00e9. Mais apr\u00e8s, il a donn\u00e9 des d\u00e9tails intimes fort probants. Bon, Brella nie en bloc. Gusso, mytho\u00a0? Je suis paum\u00e9. Qui croire\u00a0?<\/p>\n<p style=\"font-weight: 400; text-align: justify;\">Monella n\u2019arrivait pas. Toujours pas. Enfin, elle t\u00e9l\u00e9phone\u00a0: J\u2019ai un emp\u00eachement, je me fais remplacer. D\u00e9sol\u00e9e, je te rappellerai. Bye. J\u2019aurais d\u00fb partir, j\u2019ai fait l\u2019erreur d\u2019attendre. Gina est arriv\u00e9e vingt minutes apr\u00e8s, gesticulant, et claironnant\u00a0: Hello, je suis l\u00e0, Gina, la rempla\u00e7ante. Pas discr\u00e8te ; et vu sa d\u00e9gaine, j\u2019avais l\u2019air d\u2019un client. Il y a eu des ricanements. J\u2019ai \u00e9t\u00e9 montr\u00e9 du doigt. \u00c7a m\u2019a humili\u00e9.<\/p>\n<p style=\"font-weight: 400; text-align: justify;\">Ma relation avec Janicia a dur\u00e9 cinq ans. Janicia est la s\u0153ur jumelle de ma m\u00e8re. Elle avait pris les devants, je me suis laiss\u00e9 faire. Belle femme (la 40taine \u00e0 l\u2019\u00e9poque), irr\u00e9sistible. Je m\u2019\u00e9tais bien inqui\u00e9t\u00e9 aupr\u00e8s du D<sup>r<\/sup> Mougell, mon psy <em>de confort<\/em>\u00a0: il avait \u00e9t\u00e9 cat\u00e9gorique. S\u00fbr, jeune homme\u00a0: il n\u2019y a pas inceste. Aucunement. Vous pouvez y aller franco. Oui, il avait dit <em>y aller<\/em> <em>franco<\/em> et aussi <em>au cu ne ment<\/em>.<\/p>\n<p style=\"font-weight: 400; text-align: justify;\">Le jour de notre mariage, Julianne ne s\u2019est pas pr\u00e9sent\u00e9e\u00a0: la noce a d\u00fb \u00eatre annul\u00e9e. J\u2019ai \u00e9t\u00e9 ridicule. Le soir m\u00eame, j\u2019ai su qu\u2019elle avait pris la tangente avec un type ; et le lendemain, que ce type \u00e9tait Luis Bonell, un photographe soi-disant mode\/charme, qui l\u2019avait s\u00e9duite avec son bagout flash et ses appareils num\u00e9riques. Malgr\u00e9 \u00e7a, je me suis <em>remari\u00e9<\/em> peu apr\u00e8s. Avec sa s\u0153ur. Si Julianne revient, on verra.<\/p>\n","protected":false},"excerpt":{"rendered":"<p>[Lire\/voir la 5e livraison] 6\u00a0\u2014\u00a0Salon violet \/ Verbatim Jill croyait qu\u2019il suffit de s\u2019asseoir autour d\u2019une table et de se parler pour r\u00e9gler un conflit. Elle s\u2019est beaucoup assise, \u00e7a n\u2019a jamais rien r\u00e9gl\u00e9 ; forc\u00e9ment, elle est devenue folle, disons bureaucratique. Sur tout et n\u2019importe quoi, elle prend des notes, fait des fiches, cr\u00e9e des dossiers vides. C\u2019est compulsif. Et, nouveaux conflits. On n\u2019en sort pas. Sa derni\u00e8re tocade\u00a0: les statistiques. L\u2019ivresse des statistiques\u00a0! Avec Brella, on est mari\u00e9s depuis huit ans. Il y a un mois, son fr\u00e8re Gusso, ce soir-l\u00e0 port\u00e9 \u00e0 la confidence, me raconte qu\u2019elle et lui ont eu autrefois de fr\u00e9quents co\u00efts de jeunesse et qu\u2019ils fricotent encore ensemble \u00e0 l\u2019occasion. D\u2019abord, je n\u2019y ai pas cru. Blague douteuse, ai-je pens\u00e9. Mais apr\u00e8s, il a donn\u00e9 des d\u00e9tails intimes fort probants. Bon, Brella nie en bloc. Gusso, mytho\u00a0? Je suis paum\u00e9. Qui croire\u00a0? Monella n\u2019arrivait pas. Toujours pas. Enfin, elle t\u00e9l\u00e9phone\u00a0: J\u2019ai un emp\u00eachement, je me fais remplacer. D\u00e9sol\u00e9e, je te rappellerai. Bye. J\u2019aurais d\u00fb partir, j\u2019ai fait l\u2019erreur d\u2019attendre. Gina est arriv\u00e9e vingt minutes apr\u00e8s, gesticulant, et claironnant\u00a0: Hello, je suis l\u00e0, Gina, la rempla\u00e7ante. Pas discr\u00e8te ; et vu sa d\u00e9gaine, j\u2019avais l\u2019air d\u2019un client. Il y a eu des ricanements. J\u2019ai \u00e9t\u00e9 montr\u00e9 du doigt. \u00c7a m\u2019a humili\u00e9. Ma relation avec Janicia a dur\u00e9 cinq ans. Janicia est la s\u0153ur jumelle de ma m\u00e8re. Elle avait pris les devants, je me suis laiss\u00e9 faire. Belle femme (la 40taine \u00e0 l\u2019\u00e9poque), irr\u00e9sistible. Je m\u2019\u00e9tais bien inqui\u00e9t\u00e9 aupr\u00e8s du Dr Mougell, mon psy de confort\u00a0: il avait \u00e9t\u00e9 cat\u00e9gorique. S\u00fbr, jeune homme\u00a0: il n\u2019y a pas inceste. Aucunement. Vous pouvez y aller franco. Oui, il avait dit y aller franco et aussi au cu ne ment. Le jour de notre mariage, Julianne ne s\u2019est pas pr\u00e9sent\u00e9e\u00a0: la noce a d\u00fb \u00eatre annul\u00e9e. J\u2019ai \u00e9t\u00e9 ridicule. Le soir m\u00eame, j\u2019ai su qu\u2019elle avait pris la tangente avec un type ; et le lendemain, que ce type \u00e9tait Luis Bonell, un photographe soi-disant mode\/charme, qui l\u2019avait s\u00e9duite avec son bagout flash et ses appareils num\u00e9riques. Malgr\u00e9 \u00e7a, je me suis remari\u00e9 peu apr\u00e8s. Avec sa s\u0153ur. Si Julianne revient, on verra.<\/p>\n","protected":false},"author":1,"featured_media":5041,"comment_status":"open","ping_status":"open","sticky":false,"template":"","format":"standard","meta":{"footnotes":""},"categories":[9,2],"tags":[543,2184,545,322],"class_list":["post-5037","post","type-post","status-publish","format-standard","has-post-thumbnail","hentry","category-creation","category-une","tag-cabanis-critique-sociale","tag-cabanis-groupes-de-parole","tag-cabanis-humour","tag-daniel-cabanis"],"post_mailing_queue_ids":[],"_links":{"self":[{"href":"https:\/\/t-pas-net.com\/librCritN\/wp-json\/wp\/v2\/posts\/5037","targetHints":{"allow":["GET"]}}],"collection":[{"href":"https:\/\/t-pas-net.com\/librCritN\/wp-json\/wp\/v2\/posts"}],"about":[{"href":"https:\/\/t-pas-net.com\/librCritN\/wp-json\/wp\/v2\/types\/post"}],"author":[{"embeddable":true,"href":"https:\/\/t-pas-net.com\/librCritN\/wp-json\/wp\/v2\/users\/1"}],"replies":[{"embeddable":true,"href":"https:\/\/t-pas-net.com\/librCritN\/wp-json\/wp\/v2\/comments?post=5037"}],"version-history":[{"count":4,"href":"https:\/\/t-pas-net.com\/librCritN\/wp-json\/wp\/v2\/posts\/5037\/revisions"}],"predecessor-version":[{"id":5046,"href":"https:\/\/t-pas-net.com\/librCritN\/wp-json\/wp\/v2\/posts\/5037\/revisions\/5046"}],"wp:featuredmedia":[{"embeddable":true,"href":"https:\/\/t-pas-net.com\/librCritN\/wp-json\/wp\/v2\/media\/5041"}],"wp:attachment":[{"href":"https:\/\/t-pas-net.com\/librCritN\/wp-json\/wp\/v2\/media?parent=5037"}],"wp:term":[{"taxonomy":"category","embeddable":true,"href":"https:\/\/t-pas-net.com\/librCritN\/wp-json\/wp\/v2\/categories?post=5037"},{"taxonomy":"post_tag","embeddable":true,"href":"https:\/\/t-pas-net.com\/librCritN\/wp-json\/wp\/v2\/tags?post=5037"}],"curies":[{"name":"wp","href":"https:\/\/api.w.org\/{rel}","templated":true}]}}