{"id":5211,"date":"2024-06-13T20:19:58","date_gmt":"2024-06-13T18:19:58","guid":{"rendered":"http:\/\/t-pas-net.com\/librCritN\/?p=5211"},"modified":"2024-06-14T21:12:38","modified_gmt":"2024-06-14T19:12:38","slug":"texte-guillaume-basquin-ode-a-agua-de-vinagre","status":"publish","type":"post","link":"https:\/\/t-pas-net.com\/librCritN\/2024\/06\/13\/texte-guillaume-basquin-ode-a-agua-de-vinagre\/","title":{"rendered":"[Texte] Guillaume Basquin, Ode \u00e0 \u00ab\u00a0Agua de vinagre\u00a0\u00bb"},"content":{"rendered":"<p style=\"font-weight: 400; text-align: center;\"><strong>Ode \u00e0 \u00ab Agua de vinagre \u00bb <\/strong><\/p>\n<p style=\"font-weight: 400; text-align: center;\"><strong>(<\/strong><strong><em>Agua de vinagre<\/em><\/strong>, film en 16 mm couleur de Fr\u00e9d\u00e9rique MENANT, 39\u2019, 2022)<\/p>\n<p style=\"font-weight: 400;\"><strong>\u00a0<\/strong><\/p>\n<p style=\"font-weight: 400;\"><strong>\u00a0<\/strong><\/p>\n<p style=\"font-weight: 400; text-align: right;\">\u00ab Le cin\u00e9ma ? Je n\u2019y vois que des atomes. \u00bb<br \/>\nPaul Val\u00e9ry<\/p>\n<p style=\"font-weight: 400; text-align: left;\">un film pas\/plus comme les autres\u00a0:<br \/>\nenti\u00e8rement tourn\u00e9 et produit en argentique 16 mm<br \/>\n&amp; fabriqu\u00e9 \u00e0 la main \u00e0 l\u2019Abominable \u2014 un collectif d\u2019artistes<br \/>\nlabo minable ou abominables sels d\u2019argent ?<\/p>\n<p style=\"text-align: center;\"><img loading=\"lazy\" decoding=\"async\" class=\"aligncenter size-full wp-image-5215\" src=\"http:\/\/t-pas-net.com\/librCritN\/wp-content\/uploads\/2024\/06\/GB_photo1Def.jpg\" alt=\"\" width=\"540\" height=\"400\" srcset=\"https:\/\/t-pas-net.com\/librCritN\/wp-content\/uploads\/2024\/06\/GB_photo1Def.jpg 540w, https:\/\/t-pas-net.com\/librCritN\/wp-content\/uploads\/2024\/06\/GB_photo1Def-300x222.jpg 300w, https:\/\/t-pas-net.com\/librCritN\/wp-content\/uploads\/2024\/06\/GB_photo1Def-150x111.jpg 150w, https:\/\/t-pas-net.com\/librCritN\/wp-content\/uploads\/2024\/06\/GB_photo1Def-366x271.jpg 366w\" sizes=\"auto, (max-width: 540px) 100vw, 540px\" \/><\/p>\n<p style=\"font-weight: 400; text-align: left;\">un diptyque entre deux \u00eeles de chaque c\u00f4t\u00e9 de l\u2019Atlantique<br \/>\nune d\u00e9sertique : le Cap Vert<br \/>\nune tropicale : la Guadeloupe<br \/>\n\u00e0 20 ans d\u2019\u00e9cart<br \/>\nune tentative impossible de r\u00e9parer un deuil, celui de Gilles<\/p>\n<p style=\"font-weight: 400; text-align: right;\">premier amour<br \/>\n<em>\u00a0 \u00a0 \u00a0 \u00a0 \u00a0 \u00a0 \u00a0 \u00a0 \u00a0 \u00a0 \u00a0 \u00a0 \u00a0 \u00a0 \u00a0 \u00a0 \u00a0 \u00a0 \u00a0 \u00a0 \u00a0 \u00a0 \u00a0 \u00a0 \u00a0 \u00a0 \u00a0 \u00a0 \u00a0 \u00a0 \u00a0 \u00a0 \u00a0 \u00a0 \u00a0 \u00a0 \u00a0 \u00a0 \u00a0 \u00a0 \u00a0 \u00a0Il m\u2019aurait fallu d\u2019autres amours, peut-\u00eatre.<br \/>\n<\/em><em>\u00a0 \u00a0 \u00a0 \u00a0 \u00a0 \u00a0 \u00a0 \u00a0 \u00a0 \u00a0 \u00a0 \u00a0 \u00a0 \u00a0 \u00a0 \u00a0 \u00a0 \u00a0 \u00a0 \u00a0 \u00a0 \u00a0 \u00a0 \u00a0 \u00a0 \u00a0 \u00a0 \u00a0 \u00a0 \u00a0 \u00a0 \u00a0 \u00a0 \u00a0 \u00a0 \u00a0 \u00a0 \u00a0 \u00a0 \u00a0 \u00a0 \u00a0 \u00a0 \u00a0 \u00a0 \u00a0 \u00a0Mais l\u2019amour, \u00e7a ne se commande pas.<\/em><\/p>\n<p style=\"font-weight: 400;\">un cin\u00e9-voyage pour un cin\u00e9-deuil\u00a0: \u00ab\u00a0<em>l\u2019attente impossible qu\u2019apparaisse un absent<\/em>\u00a0\u00bb<br \/>\nau th\u00e9\u00e2tre, les morts se rel\u00e8vent toujours \u2014 pas au cin\u00e9ma<br \/>\nun portrait de Gilles au banc-titre\u00a0\u00a0\u00a0\u00a0\u00a0 suivi d\u2019un lent fondu au noir argentique<\/p>\n<p style=\"font-weight: 400; text-align: right;\">noir total<\/p>\n<p style=\"font-weight: 400;\">un art venu du noir, de la nuit\u00a0\u00a0 &amp; pas du blanc-gris comme l\u2019image num\u00e9rique<\/p>\n<p style=\"font-weight: 400; text-align: right;\">l\u2019arm\u00e9e des ombres<\/p>\n<p style=\"font-weight: 400;\">l\u2019oc\u00e9an Atlantique, du c\u00f4t\u00e9 de Basse-Terre (l\u00e0 o\u00f9 les terres sont hautes)<br \/>\nindompt\u00e9<br \/>\non dirait la Guyane, sa faune sauvage : ici un crabe \u2014 l\u00e0-bas des tortues de mer<\/p>\n<p style=\"font-weight: 400; text-align: center;\">*<\/p>\n<p style=\"font-weight: 400;\">&amp; puis des mains<br \/>\ntravail agricole \u2014 le propre de l\u2019homme, c\u2019est de penser avec ses mains<\/p>\n<p><img loading=\"lazy\" decoding=\"async\" class=\"aligncenter size-full wp-image-5216\" src=\"http:\/\/t-pas-net.com\/librCritN\/wp-content\/uploads\/2024\/06\/GB_photo2.jpg\" alt=\"\" width=\"440\" height=\"300\" srcset=\"https:\/\/t-pas-net.com\/librCritN\/wp-content\/uploads\/2024\/06\/GB_photo2.jpg 440w, https:\/\/t-pas-net.com\/librCritN\/wp-content\/uploads\/2024\/06\/GB_photo2-300x205.jpg 300w, https:\/\/t-pas-net.com\/librCritN\/wp-content\/uploads\/2024\/06\/GB_photo2-150x102.jpg 150w, https:\/\/t-pas-net.com\/librCritN\/wp-content\/uploads\/2024\/06\/GB_photo2-366x250.jpg 366w\" sizes=\"auto, (max-width: 440px) 100vw, 440px\" \/><\/p>\n<p style=\"font-weight: 400;\">\u00a0\u00a0\u00a0\u00a0\u00a0 on s\u2019ra bien ici, enterr\u00e9 sous ce manguier\u00a0!<br \/>\nla r\u00e9sistible ascension de l\u2019empoisonnement au chlord\u00e9cone<br \/>\ncomment faire revenir les morts, si ce n\u2019est en leur parlant sans cesse ?<\/p>\n<p style=\"font-weight: 400; text-align: right;\">les catacombes de Pointe-\u00e0-Pitre !<\/p>\n<p style=\"font-weight: 400; text-align: center;\">*<\/p>\n<p style=\"font-weight: 400;\">un carnaval<br \/>\nen Guadeloupe<\/p>\n<p style=\"font-weight: 400; text-align: center;\"><strong>\u00a0<img loading=\"lazy\" decoding=\"async\" class=\"aligncenter size-full wp-image-5217\" src=\"http:\/\/t-pas-net.com\/librCritN\/wp-content\/uploads\/2024\/06\/GB_photo3.jpg\" alt=\"\" width=\"440\" height=\"300\" srcset=\"https:\/\/t-pas-net.com\/librCritN\/wp-content\/uploads\/2024\/06\/GB_photo3.jpg 440w, https:\/\/t-pas-net.com\/librCritN\/wp-content\/uploads\/2024\/06\/GB_photo3-300x205.jpg 300w, https:\/\/t-pas-net.com\/librCritN\/wp-content\/uploads\/2024\/06\/GB_photo3-150x102.jpg 150w, https:\/\/t-pas-net.com\/librCritN\/wp-content\/uploads\/2024\/06\/GB_photo3-366x250.jpg 366w\" sizes=\"auto, (max-width: 440px) 100vw, 440px\" \/><\/strong><\/p>\n<p style=\"font-weight: 400; text-align: right;\">\u00a0 \u00a0 \u00a0 \u00a0 \u00a0 \u00a0 \u00a0 \u00a0 \u00a0 \u00a0 \u00a0 \u00a0 \u00a0 \u00a0 \u00a0 \u00a0 \u00a0 \u00a0 \u00a0 \u00a0 \u00a0 \u00a0 \u00a0 \u00a0 \u00a0 \u00a0 \u00a0 \u00a0 \u00a0 \u00a0 \u00a0 \u00a0 \u00a0 \u00a0 \u00a0 \u00a0 \u00a0 \u00a0 \u00a0 \u00a0 \u00a0 \u00a0 \u00a0 \u00a0 \u00a0 \u00a0 \u00a0 \u00a0 \u00a0 \u00a0 \u00a0 \u00a0 \u00a0 \u00a0 \u00a0 \u00a0 \u00a0 \u00a0 \u00a0 \u00a0 \u00a0ou est-ce au Mexique ?<\/p>\n<p style=\"font-weight: 400; text-align: left;\">des masques pour conjurer la mort<br \/>\n&nbsp;&nbsp;&nbsp;&nbsp;&nbsp;&nbsp;&nbsp;&nbsp;&nbsp;&nbsp;&nbsp;&nbsp;ni un documentaire, ni un film exp\u00e9rimental : de la po\u00e9sie pure&#8230;<br \/>\n<em>\u00a0 \u00a0Winterreise<\/em> sur la bande-son :<\/p>\n<p style=\"font-weight: 400; text-align: center;\"><em>Mon c\u0153ur est comme e\u0301teint,<br \/>\nEt dedans, sa froide image est fige\u0301e ;<br \/>\n<\/em><em>Que mon c\u0153ur a\u0300 nouveau se re\u0301chauffe,<br \/>\n<\/em><em>Alors aussi l\u2019image s\u2019animera !<\/em><\/p>\n<p style=\"font-weight: 400; text-align: center;\">\u00f4 mort du cin\u00e9matographe, o\u00f9 est ta victoire\u00a0?<\/p>\n<p style=\"font-weight: 400; text-align: justify;\">P.-S.\u00a0: on trouvera sur ce lien le <a href=\"https:\/\/derives.tv\/manifeste-du-navire-argo\/\">Manifeste du Navire Argo<\/a> pour une continuation de la production et de la projection argentique des films<\/p>\n","protected":false},"excerpt":{"rendered":"<p>Ode \u00e0 \u00ab Agua de vinagre \u00bb (Agua de vinagre, film en 16 mm couleur de Fr\u00e9d\u00e9rique MENANT, 39\u2019, 2022) \u00a0 \u00a0 \u00ab Le cin\u00e9ma ? Je n\u2019y vois que des atomes. \u00bb Paul Val\u00e9ry un film pas\/plus comme les autres\u00a0: enti\u00e8rement tourn\u00e9 et produit en argentique 16 mm &amp; fabriqu\u00e9 \u00e0 la main \u00e0 l\u2019Abominable \u2014 un collectif d\u2019artistes labo minable ou abominables sels d\u2019argent ? un diptyque entre deux \u00eeles de chaque c\u00f4t\u00e9 de l\u2019Atlantique une d\u00e9sertique : le Cap Vert une tropicale : la Guadeloupe \u00e0 20 ans d\u2019\u00e9cart une tentative impossible de r\u00e9parer un deuil, celui de Gilles premier amour \u00a0 \u00a0 \u00a0 \u00a0 \u00a0 \u00a0 \u00a0 \u00a0 \u00a0 \u00a0 \u00a0 \u00a0 \u00a0 \u00a0 \u00a0 \u00a0 \u00a0 \u00a0 \u00a0 \u00a0 \u00a0 \u00a0 \u00a0 \u00a0 \u00a0 \u00a0 \u00a0 \u00a0 \u00a0 \u00a0 \u00a0 \u00a0 \u00a0 \u00a0 \u00a0 \u00a0 \u00a0 \u00a0 \u00a0 \u00a0 \u00a0 \u00a0Il m\u2019aurait fallu d\u2019autres amours, peut-\u00eatre. \u00a0 \u00a0 \u00a0 \u00a0 \u00a0 \u00a0 \u00a0 \u00a0 \u00a0 \u00a0 \u00a0 \u00a0 \u00a0 \u00a0 \u00a0 \u00a0 \u00a0 \u00a0 \u00a0 \u00a0 \u00a0 \u00a0 \u00a0 \u00a0 \u00a0 \u00a0 \u00a0 \u00a0 \u00a0 \u00a0 \u00a0 \u00a0 \u00a0 \u00a0 \u00a0 \u00a0 \u00a0 \u00a0 \u00a0 \u00a0 \u00a0 \u00a0 \u00a0 \u00a0 \u00a0 \u00a0 \u00a0Mais l\u2019amour, \u00e7a ne se commande pas. un cin\u00e9-voyage pour un cin\u00e9-deuil\u00a0: \u00ab\u00a0l\u2019attente impossible qu\u2019apparaisse un absent\u00a0\u00bb au th\u00e9\u00e2tre, les morts se rel\u00e8vent toujours \u2014 pas au cin\u00e9ma un portrait de Gilles au banc-titre\u00a0\u00a0\u00a0\u00a0\u00a0 suivi d\u2019un lent fondu au noir argentique noir total un art venu du noir, de la nuit\u00a0\u00a0 &amp; pas du blanc-gris comme l\u2019image num\u00e9rique l\u2019arm\u00e9e des ombres l\u2019oc\u00e9an Atlantique, du c\u00f4t\u00e9 de Basse-Terre (l\u00e0 o\u00f9 les terres sont hautes) indompt\u00e9 on dirait la Guyane, sa faune sauvage : ici un crabe \u2014 l\u00e0-bas des tortues de mer * &amp; puis des mains travail agricole \u2014 le propre de l\u2019homme, c\u2019est de penser avec ses mains \u00a0\u00a0\u00a0\u00a0\u00a0 on s\u2019ra bien ici, enterr\u00e9 sous ce manguier\u00a0! la r\u00e9sistible ascension de l\u2019empoisonnement au chlord\u00e9cone comment faire revenir les morts, si ce n\u2019est en leur parlant sans cesse ? les catacombes de Pointe-\u00e0-Pitre ! * un carnaval en Guadeloupe \u00a0 \u00a0 \u00a0 \u00a0 \u00a0 \u00a0 \u00a0 \u00a0 \u00a0 \u00a0 \u00a0 \u00a0 \u00a0 \u00a0 \u00a0 \u00a0 \u00a0 \u00a0 \u00a0 \u00a0 \u00a0 \u00a0 \u00a0 \u00a0 \u00a0 \u00a0 \u00a0 \u00a0 \u00a0 \u00a0 \u00a0 \u00a0 \u00a0 \u00a0 \u00a0 \u00a0 \u00a0 \u00a0 \u00a0 \u00a0 \u00a0 \u00a0 \u00a0 \u00a0 \u00a0 \u00a0 \u00a0 \u00a0 \u00a0 \u00a0 \u00a0 \u00a0 \u00a0 \u00a0 \u00a0 \u00a0 \u00a0 \u00a0 \u00a0 \u00a0 \u00a0 \u00a0ou est-ce au Mexique ? des masques pour conjurer la mort &nbsp;&nbsp;&nbsp;&nbsp;&nbsp;&nbsp;&nbsp;&nbsp;&nbsp;&nbsp;&nbsp;&nbsp;ni un documentaire, ni un film exp\u00e9rimental : de la po\u00e9sie pure&#8230; \u00a0 \u00a0Winterreise sur la bande-son : Mon c\u0153ur est comme e\u0301teint, Et dedans, sa froide image est fige\u0301e ; Que mon c\u0153ur a\u0300 nouveau se re\u0301chauffe, Alors aussi l\u2019image s\u2019animera ! \u00f4 mort du cin\u00e9matographe, o\u00f9 est ta victoire\u00a0? P.-S.\u00a0: on trouvera sur ce lien le Manifeste du Navire Argo pour une continuation de la production et de la projection argentique des films<\/p>\n","protected":false},"author":1,"featured_media":5213,"comment_status":"open","ping_status":"open","sticky":false,"template":"","format":"standard","meta":{"footnotes":""},"categories":[9,2],"tags":[2435,134,1885,1086],"class_list":["post-5211","post","type-post","status-publish","format-standard","has-post-thumbnail","hentry","category-creation","category-une","tag-frederique-menant","tag-guillaume-basquin","tag-paul-valery","tag-poesie-et-cinema"],"post_mailing_queue_ids":[],"_links":{"self":[{"href":"https:\/\/t-pas-net.com\/librCritN\/wp-json\/wp\/v2\/posts\/5211","targetHints":{"allow":["GET"]}}],"collection":[{"href":"https:\/\/t-pas-net.com\/librCritN\/wp-json\/wp\/v2\/posts"}],"about":[{"href":"https:\/\/t-pas-net.com\/librCritN\/wp-json\/wp\/v2\/types\/post"}],"author":[{"embeddable":true,"href":"https:\/\/t-pas-net.com\/librCritN\/wp-json\/wp\/v2\/users\/1"}],"replies":[{"embeddable":true,"href":"https:\/\/t-pas-net.com\/librCritN\/wp-json\/wp\/v2\/comments?post=5211"}],"version-history":[{"count":6,"href":"https:\/\/t-pas-net.com\/librCritN\/wp-json\/wp\/v2\/posts\/5211\/revisions"}],"predecessor-version":[{"id":5222,"href":"https:\/\/t-pas-net.com\/librCritN\/wp-json\/wp\/v2\/posts\/5211\/revisions\/5222"}],"wp:featuredmedia":[{"embeddable":true,"href":"https:\/\/t-pas-net.com\/librCritN\/wp-json\/wp\/v2\/media\/5213"}],"wp:attachment":[{"href":"https:\/\/t-pas-net.com\/librCritN\/wp-json\/wp\/v2\/media?parent=5211"}],"wp:term":[{"taxonomy":"category","embeddable":true,"href":"https:\/\/t-pas-net.com\/librCritN\/wp-json\/wp\/v2\/categories?post=5211"},{"taxonomy":"post_tag","embeddable":true,"href":"https:\/\/t-pas-net.com\/librCritN\/wp-json\/wp\/v2\/tags?post=5211"}],"curies":[{"name":"wp","href":"https:\/\/api.w.org\/{rel}","templated":true}]}}