{"id":5269,"date":"2024-07-02T19:56:56","date_gmt":"2024-07-02T17:56:56","guid":{"rendered":"http:\/\/t-pas-net.com\/librCritN\/?p=5269"},"modified":"2024-07-02T19:58:46","modified_gmt":"2024-07-02T17:58:46","slug":"news-livres-libr-vacances","status":"publish","type":"post","link":"https:\/\/t-pas-net.com\/librCritN\/2024\/07\/02\/news-livres-libr-vacances\/","title":{"rendered":"[NEWS-LIVRES] Libr-vacance"},"content":{"rendered":"<p>Ce premier Libr-vacance d\u00e9bute par un Bulletin d\u00e9cha\u00een\u00e9 de l&rsquo;Agence Tumorale de Communication Disruptive et un Billet de Claude Mini\u00e8re, pour pr\u00e9senter ensuite une s\u00e9lection estivale de <strong>Libr-livres re\u00e7us<\/strong> et de <strong>Libr-\u00e9v\u00e9nements<\/strong>&#8230;<\/p>\n<p>&nbsp;<\/p>\n<p style=\"text-align: center;\"><span style=\"background-color: #ff0000; color: #ffffff;\"><strong>Bulletin de l&rsquo;Agence Tumorale de Communication Disruptive<\/strong><\/span><\/p>\n<p>&nbsp;<\/p>\n<div id=\"attachment_1994\" style=\"width: 550px\" class=\"wp-caption aligncenter\"><img loading=\"lazy\" decoding=\"async\" aria-describedby=\"caption-attachment-1994\" class=\"size-full wp-image-1994\" src=\"http:\/\/t-pas-net.com\/librCritN\/wp-content\/uploads\/2021\/11\/JupiteuxProtege.jpg\" alt=\"\" width=\"540\" height=\"200\" srcset=\"https:\/\/t-pas-net.com\/librCritN\/wp-content\/uploads\/2021\/11\/JupiteuxProtege.jpg 540w, https:\/\/t-pas-net.com\/librCritN\/wp-content\/uploads\/2021\/11\/JupiteuxProtege-300x111.jpg 300w, https:\/\/t-pas-net.com\/librCritN\/wp-content\/uploads\/2021\/11\/JupiteuxProtege-150x56.jpg 150w, https:\/\/t-pas-net.com\/librCritN\/wp-content\/uploads\/2021\/11\/JupiteuxProtege-366x136.jpg 366w\" sizes=\"auto, (max-width: 540px) 100vw, 540px\" \/><p id=\"caption-attachment-1994\" class=\"wp-caption-text\">Thomas-Roudeix<\/p><\/div>\n<p style=\"font-weight: 400;\">Plus encore qu\u2019un LouisMachinChose, Micron 1<sup>er\u00a0<\/sup>\u00e9tait un GrandMagicien qui nous prot\u00e9geait de tout sans rien d\u2019autre que la puissance de son verbe, y compris contre le GrandVirus.<\/p>\n<p style=\"font-weight: 400;\">Micron 1<sup>er\u00a0<\/sup>\u00e9tait un GrandMagicien : gr\u00e2ce \u00e0 lui, l\u2019Argent a ruissel\u00e9, et il a m\u00eame suffi de traverser la rue pour trouver un emploi.<\/p>\n<p style=\"font-weight: 400;\">Micron 1<sup>er\u00a0<\/sup>\u00e9tait un GrandMagicien qui a fait appara\u00eetre et dispara\u00eetre ces GrandsMaux que sont le wokisme et l\u2019islamogauchisme.<\/p>\n<p style=\"font-weight: 400;\">Micron 1<sup>er\u00a0<\/sup>\u00e9tait un GrandMagicien qui a pacifi\u00e9 la Gaule \u00e0 coups de Flash-Ball et de grands-messes merdiatiques\u00a0: la masse dans la nasse\u00a0!<\/p>\n<p style=\"font-weight: 400;\">Micron 1<sup>er\u00a0<\/sup>\u00e9tait un GrandMagicien qui a transform\u00e9 les GiletsJaunes en ChemisesNoires.<\/p>\n<p style=\"font-weight: 400;\">Micron 1<sup>er\u00a0<\/sup>\u00e9tait un Enfant-Roi qui aimait jouer \u00e0 la gu\u00e9guerre\u00a0: mal arm\u00e9 pour cet exercice, il n\u2019\u00e9tait gu\u00e8re adroit mais, \u00e0 droite toute, pr\u00f4nait le <strong>R\u00c9ARMEMENT<\/strong>\u00a0(militerre, d\u00e9mographique, \u00e9tronomique, etc.).<\/p>\n<p style=\"font-weight: 400;\">Lucifer l\u2019a r\u00eav\u00e9, Micro Imperator l\u2019a fait\u00a0: la dissolution de la D\u00e9mocratie \u2013 devenue D\u00e9moncratie&#8230; Diagnostic\u00a0: Moi-ou-le-KO&#8230; Explication\u00a0: l\u2019Enfant-Roi voulait voir ce que \u00e7a faisait&#8230;<\/p>\n<p style=\"font-weight: 400;\">Micron 1<sup>er<\/sup> avait raison de parler de \u00ab\u00a0d\u00e9civilisation\u00a0\u00bb\u00a0: la puissance financi\u00e8re qu\u2019il servait est en train de nous faire basculer dans la barbarie.<\/p>\n<p style=\"font-weight: 400; text-align: center;\">\u2666\u2666\u2666\u2666\u2666<\/p>\n<p style=\"font-weight: 400;\">Dans le monde de la post-v\u00e9rit\u00e9 \/ post-politique \/ post-d\u00e9mocratie on raisonne on claironne on p\u00e9titionne&#8230;<br \/>\nPSCHITT\u00a0!<br \/>\nQue faire contre l\u2019\u00e9vidence d\u2019un N\u00e9o-Leurre qui s\u2019est peu \u00e0 peu impos\u00e9 pour resplendir d\u2019une obscure clart\u00e9\u00a0: ainsi sont les humoins<\/p>\n<p style=\"font-weight: 400;\">On n\u2019arr\u00eate pas le Progr\u00e8s<br \/>\ndans l\u2019homonculit\u00e9&#8230;<\/p>\n<p style=\"font-weight: 400;\">La machine-\u00e0-bullshit a franchi le Mur-du-Con\u00a0!<\/p>\n<p style=\"font-weight: 400; text-align: center;\">\u2666\u2666\u2666\u2666\u2666<\/p>\n<p style=\"font-weight: 400;\">En Allemagne on ne parle plus de FRANKREICH mais de KRANKREICH&#8230;<br \/>\nla fRANCE malade capitule devant Razpoutine 1<sup>er<\/sup> et renie ses valeurs&#8230;<\/p>\n<p style=\"font-weight: 400;\">LIBERT\u00c9 = l\u00e2cher de pets<br \/>\n\u00c9GALIT\u00c9\u00a0: \u00e0 plein ventre devant l\u2019Autorit\u00e9<br \/>\nFRATERNIQU\u00c9<\/p>\n<p style=\"font-weight: 400; text-align: right;\">Et bien entendu comme au-bon-vieux-temps<br \/>\ndans le Grand-Reich<br \/>\nles crazy-Nantis<br \/>\nse pr\u00e9parent \u00e0 prendre leurs RESPONSABILIT\u00c9S<br \/>\npour mieux COLLABORER&#8230;<\/p>\n<p style=\"text-align: center;\"><span style=\"background-color: #ff0000; color: #ffffff;\"><strong>Libr-Humeur \/Claude Mini\u00e8re\/<\/strong><\/span><\/p>\n<p style=\"font-weight: 400; text-align: justify;\">J\u2019ai fait le march\u00e9, je suis rentr\u00e9 du March\u00e9 de la Po\u00e9sie avec quelques doutes dans mon panier.\u00a0 Le March\u00e9 est \u00e9videmment un \u00e9v\u00e9nement culturel, ce n\u2019est pas un \u00e9v\u00e9nement litt\u00e9raire.\u00a0 Le <em>litt\u00e9raire <\/em>ne sert \u00e0 rien, le <em>culturel <\/em>est utile \u00e0 la soci\u00e9t\u00e9, il sert \u00e0 quelque chose.<\/p>\n<p style=\"font-weight: 400; text-align: justify;\">Quant \u00e0 la <em>po\u00e9sie<\/em>, elle a mal jou\u00e9, elle s\u2019est laiss\u00e9 exclure du monde litt\u00e9raire, elle a ainsi perdu sa chance critique.\u00a0 Ev\u00e9nement culturel, les \u00ab\u00a0rencontres po\u00e9tiques\u00a0\u00bb sont toujours \u00e9cras\u00e9es sous des spectacles plus puissants qu\u2019elles.<\/p>\n<p style=\"text-align: center;\"><img loading=\"lazy\" decoding=\"async\" class=\"aligncenter size-full wp-image-5286\" src=\"http:\/\/t-pas-net.com\/librCritN\/wp-content\/uploads\/2024\/07\/Bandeau-marche-de-la-poesie-2024.jpg\" alt=\"\" width=\"540\" height=\"190\" srcset=\"https:\/\/t-pas-net.com\/librCritN\/wp-content\/uploads\/2024\/07\/Bandeau-marche-de-la-poesie-2024.jpg 540w, https:\/\/t-pas-net.com\/librCritN\/wp-content\/uploads\/2024\/07\/Bandeau-marche-de-la-poesie-2024-300x106.jpg 300w, https:\/\/t-pas-net.com\/librCritN\/wp-content\/uploads\/2024\/07\/Bandeau-marche-de-la-poesie-2024-150x53.jpg 150w, https:\/\/t-pas-net.com\/librCritN\/wp-content\/uploads\/2024\/07\/Bandeau-marche-de-la-poesie-2024-366x129.jpg 366w\" sizes=\"auto, (max-width: 540px) 100vw, 540px\" \/><\/p>\n<p>&nbsp;<\/p>\n<p style=\"text-align: center;\"><span style=\"background-color: #ff0000; color: #ffffff;\"><strong>Libr-livres re\u00e7us<\/strong><\/span><\/p>\n<p><strong>\u25ba <\/strong>Didier BOURDA, Rivi\u00e8re rouge, Lanskine \u00e9ditions, \u00e0 para\u00eetre le 9 juillet 2024, 216 pages, 24 \u20ac.<img loading=\"lazy\" decoding=\"async\" class=\"alignright size-full wp-image-5287\" src=\"http:\/\/t-pas-net.com\/librCritN\/wp-content\/uploads\/2024\/07\/Riviere-rouge.jpg\" alt=\"\" width=\"200\" height=\"290\" srcset=\"https:\/\/t-pas-net.com\/librCritN\/wp-content\/uploads\/2024\/07\/Riviere-rouge.jpg 200w, https:\/\/t-pas-net.com\/librCritN\/wp-content\/uploads\/2024\/07\/Riviere-rouge-103x150.jpg 103w\" sizes=\"auto, (max-width: 200px) 100vw, 200px\" \/><\/p>\n<p style=\"text-align: justify;\"><strong><span style=\"background-color: #ffff00;\">Pr\u00e9sentation \u00e9ditoriale<\/span>. <\/strong>\u00ab\u00a0Voyage\u00a0\u00bb sur le continent am\u00e9ricain&#8230; Didier Bourda pose la question du fran\u00e7ais \u2018tr\u00e8s \u00e0 l&rsquo;int\u00e9rieur&rsquo;, quelque part entre Grands Lacs et Manitoba. Au gr\u00e9 de sources nouvelles, historiques, g\u00e9ographiques, linguistiques et toponymiques (Prairie du Chien, Eau Claire, Flambeau, Notre-Dame-de-Lourdes, St Claude, St Boniface, etc.) affleure un soubassement langagier dont il importe de saisir les dilatations. Outre ses recherches document\u00e9es, Didier Bourda a parcouru les r\u00e9gions des grands lacs, \u00e0 la rencontre des gens qui parlent encore une sorte de m\u00e9tissage de langues indiennes et de fran\u00e7ais. Et c&rsquo;est peut-\u00eatre du fait de ce voyage que dans ce texte le corps prend une grande place, en tous cas bien plus importante que dans ses pr\u00e9c\u00e9dents textes. Corps et po\u00e8me s&rsquo;affectent l&rsquo;un l&rsquo;autre. Renouveler l&rsquo;espace de la pens\u00e9e.<\/p>\n<p>&nbsp;<\/p>\n<p><strong>\u25ba <\/strong>Sylvain JAMET, <strong><em>Une m\u00e9t\u00e9o<\/em><\/strong>, S\u00e9rie discr\u00e8te, \u00e9t\u00e9 2024, 60 pages, 12 \u20ac.<\/p>\n<p class=\"western\" lang=\"fr-FR\" style=\"text-align: justify;\"><strong><span style=\"background-color: #ffff00;\">Pr\u00e9sentation \u00e9ditoriale<\/span>. <\/strong>\u00ab On m\u2019avait dit \u00ab il te faut une forme \u00bb. Je me suis demand\u00e9 : les jours ont-ils une forme ? Quelle est la forme des jours ? Et ce<img loading=\"lazy\" decoding=\"async\" class=\"alignright size-full wp-image-5282\" src=\"http:\/\/t-pas-net.com\/librCritN\/wp-content\/uploads\/2024\/07\/Une-Meteo.jpg\" alt=\"\" width=\"220\" height=\"285\" srcset=\"https:\/\/t-pas-net.com\/librCritN\/wp-content\/uploads\/2024\/07\/Une-Meteo.jpg 220w, https:\/\/t-pas-net.com\/librCritN\/wp-content\/uploads\/2024\/07\/Une-Meteo-116x150.jpg 116w\" sizes=\"auto, (max-width: 220px) 100vw, 220px\" \/> que j\u2019en retiens ?<\/p>\n<p class=\"western\" lang=\"fr-FR\" style=\"text-align: justify;\">Les jours passent, ce qu\u2019il en reste s\u2019\u00e9parpille. Uneforme bris\u00e9e donc. Et puis ?<\/p>\n<p class=\"western\" lang=\"fr-FR\" style=\"text-align: justify;\">Il y a des gens en bas, devant, partout, des appels. <i>Chloris<\/i><i> <\/i><i>chloris<\/i><i> <\/i>et son gros porte-voix. Des messages envoy\u00e9s ou re\u00e7us, ou des plis sans destinataires.<\/p>\n<p class=\"western\" lang=\"fr-FR\" style=\"text-align: justify;\">Et puis il y a le temps qu\u2019il fait, aussi. L\u2019humeur,mettons. Une m\u00e9t\u00e9o. \u00bb<\/p>\n<p class=\"western\" lang=\"fr-FR\" style=\"text-align: justify;\">La forme ici est celle du po\u00e8me, des po\u00e8mes, et d\u2019une certaine mani\u00e8re de les assembler.<\/p>\n<p class=\"western\" lang=\"fr-FR\" style=\"text-align: justify;\">\u00ab Ciel calme en surface avec d\u2019insondables zones de panique au fond \u00bb est la quatri\u00e8me de couverture, po\u00e8me extrait du livre, et qui dit bien ce que le lecteur peut ressentir.<\/p>\n<p>&nbsp;<\/p>\n<p style=\"text-align: justify;\"><strong>\u25ba <\/strong>Juliette PENBLANC, <em><strong>N&rsquo;importe o\u00f9 \u00e0 Stang Blanc<\/strong><\/em>, S\u00e9rie discr\u00e8te, juin 2024, 60 pages, 14 \u20ac.<img loading=\"lazy\" decoding=\"async\" class=\"alignright size-full wp-image-5283\" src=\"http:\/\/t-pas-net.com\/librCritN\/wp-content\/uploads\/2024\/07\/premire-de-couv-nimporteoustangblanc.jpg\" alt=\"\" width=\"210\" height=\"290\" srcset=\"https:\/\/t-pas-net.com\/librCritN\/wp-content\/uploads\/2024\/07\/premire-de-couv-nimporteoustangblanc.jpg 210w, https:\/\/t-pas-net.com\/librCritN\/wp-content\/uploads\/2024\/07\/premire-de-couv-nimporteoustangblanc-109x150.jpg 109w\" sizes=\"auto, (max-width: 210px) 100vw, 210px\" \/><\/p>\n<p style=\"text-align: justify;\"><span lang=\"fr-FR\"><i><strong><span style=\"background-color: #ffff00;\">Pr\u00e9sentation \u00e9ditoriale<\/span>. <\/strong>\u00ab\u00a0Il s\u2019est pass\u00e9 des choses \u00e0 Stang Blanc\u00a0\u00bb. <\/i><\/span><span lang=\"fr-FR\">Stang Blanc est un lieu-dit, situ\u00e9 dans la commune de Sca\u00ebr, en Bretagne. Pour Juliette Penblanc, c\u2019est un lieu familier, lieu de l\u2019enfance tout proche de la maison de ses grands-parents. Elle en livre ici un r\u00e9cit fragmentaire et po\u00e9tique, exploration \u00e0 la fois topographique et historique. Nous y croisons les Jeanne, jeunes femmes accus\u00e9es \u00e0 tort de collaboration et ex\u00e9cut\u00e9es \u00e0 la Lib\u00e9ration, nous y lisons aussi des r\u00e9cits de r\u00e9sistance et l\u2019histoire d\u2019un lieu, de ses modifications et de ses habitants, humains, animaux et v\u00e9g\u00e9taux.<\/span><\/p>\n<p>&nbsp;<\/p>\n<p style=\"text-align: justify;\"><strong>\u25ba <\/strong>Isabelle ZRIBI, <strong><em>Il faut bien mourir de quelque chose<\/em><\/strong>, \u00e9ditions Rehauts, printemps 2024, 80 pages, 16 \u20ac.<img loading=\"lazy\" decoding=\"async\" class=\"alignright size-full wp-image-5279\" src=\"http:\/\/t-pas-net.com\/librCritN\/wp-content\/uploads\/2024\/07\/bien-mourir_big-e1719908274714.jpg\" alt=\"\" width=\"210\" height=\"289\" srcset=\"https:\/\/t-pas-net.com\/librCritN\/wp-content\/uploads\/2024\/07\/bien-mourir_big-e1719908274714.jpg 210w, https:\/\/t-pas-net.com\/librCritN\/wp-content\/uploads\/2024\/07\/bien-mourir_big-e1719908274714-109x150.jpg 109w\" sizes=\"auto, (max-width: 210px) 100vw, 210px\" \/><\/p>\n<p style=\"text-align: justify;\"><em>Il faut bien mourir de quelque chose<\/em>&#8230; Et pourquoi pas de rire ?<br \/>\nCet opus passe \u00e0 la moulinette critique un certain nombre d&rsquo;id\u00e9es re\u00e7ues propres \u00e0 notre dr\u00f4le d&rsquo;\u00e9poque : sont pass\u00e9s en revue la mort, la diff\u00e9rence des sexes, la \u00ab\u00a0laideur du f\u00e9minin\u00a0\u00bb, le \u00ab\u00a0bon go\u00fbt fran\u00e7ais\u00a0\u00bb, \u00ab\u00a0th\u00e9ories sociales et m\u00e9taphysiques\u00a0\u00bb, l&rsquo;homosexualit\u00e9, \u00ab\u00a0banalit\u00e9s d&rsquo;\u00e9pid\u00e9mie\u00a0\u00bb, \u00e2gisme et arts&#8230; \/FT\/<\/p>\n<p><span class=\"italique\">\u00ab Il<\/span><em><span class=\"italique\"> avait quel \u00e2ge<\/span><\/em><br \/>\nUn cadavre doit avoir, au compteur, un nombre suffisant d\u2019ann\u00e9es<br \/>\npour \u00e9touffer toute angoisse sur sa propre esp\u00e9rance de vie. C\u2019est<br \/>\nune question de politesse\u2026 \u00bb<\/p>\n<p>&nbsp;<\/p>\n<p style=\"text-align: center;\"><span style=\"background-color: #ff0000; color: #ffffff;\"><strong>Libr-\u00e9v\u00e9nements<\/strong><\/span><\/p>\n<p style=\"text-align: justify;\"><span style=\"background-color: #ffff00;\"><strong>\u25ba Samedi 6 juillet, de 18h \u00e0 21h : Soir\u00e9e \u00c9ditions La Baie des Singes<\/strong><\/span><br \/>\n<span style=\"background-color: #ffff00;\"><strong>Lancement de KES KIELS FOUTENT 1, avec Vincent Broqua, Liliane Giraudon, Henri Lefebvre, Georgia Ren\u00e9-Wormsc<\/strong><\/span><\/p>\n<div class=\"yiv1007874303\">\n<div class=\"yiv1007874303\">\n<div class=\"yiv1007874303\">\n<div class=\"yiv1007874303\">\n<div class=\"yiv1007874303\">\n<div class=\"yiv1007874303\">\n<div class=\"yiv1007874303\">\n<div class=\"yiv1007874303\">\n<div class=\"yiv1007874303\">\n<div class=\"yiv1007874303\">\n<div class=\"yiv1007874303\">\n<div class=\"yiv1007874303\">\n<div class=\"yiv1007874303\" dir=\"ltr\">\n<div class=\"yiv1007874303\" style=\"text-align: justify;\">7 Clous \u00e0 Marseille<\/div>\n<div class=\"yiv1007874303\" style=\"text-align: justify;\">150 rue de Crim\u00e9e 13003 Marseille<\/div>\n<div class=\"yiv1007874303\" style=\"text-align: justify;\">Prosecco et Grissini<\/div>\n<div style=\"text-align: center;\"><img loading=\"lazy\" decoding=\"async\" class=\"aligncenter size-full wp-image-5278\" src=\"http:\/\/t-pas-net.com\/librCritN\/wp-content\/uploads\/2024\/07\/Foutent_Marseille.jpg\" alt=\"\" width=\"540\" height=\"680\" srcset=\"https:\/\/t-pas-net.com\/librCritN\/wp-content\/uploads\/2024\/07\/Foutent_Marseille.jpg 540w, https:\/\/t-pas-net.com\/librCritN\/wp-content\/uploads\/2024\/07\/Foutent_Marseille-238x300.jpg 238w, https:\/\/t-pas-net.com\/librCritN\/wp-content\/uploads\/2024\/07\/Foutent_Marseille-119x150.jpg 119w, https:\/\/t-pas-net.com\/librCritN\/wp-content\/uploads\/2024\/07\/Foutent_Marseille-366x461.jpg 366w\" sizes=\"auto, (max-width: 540px) 100vw, 540px\" \/><\/div>\n<div><\/div>\n<\/div>\n<\/div>\n<\/div>\n<\/div>\n<\/div>\n<\/div>\n<\/div>\n<\/div>\n<\/div>\n<\/div>\n<\/div>\n<\/div>\n<\/div>\n<div class=\"elementor-element elementor-element-16f074a elementor-widget__width-inherit elementor-widget elementor-widget-heading\" data-id=\"16f074a\" data-element_type=\"widget\" data-widget_type=\"heading.default\">\n<div class=\"elementor-widget-container\">\n<p>&nbsp;<\/p>\n<p class=\"elementor-heading-title elementor-size-default\" style=\"text-align: justify;\"><span style=\"background-color: #ffff00;\"><strong>\u25ba Du 9 au 20 juillet 2024 \u00e0 Marseille : Habitable\/Inhabitable, R\u00e9sidence de cr\u00e9ation et atelier \u00e0 la BMVR Alcazar de Marseille<\/strong><\/span><\/p>\n<\/div>\n<\/div>\n<div class=\"elementor-element elementor-element-ab07cf5 elementor-widget__width-auto elementor-widget elementor-widget-text-editor\" data-id=\"ab07cf5\" data-element_type=\"widget\" data-widget_type=\"text-editor.default\">\n<div class=\"elementor-widget-container\">\n<p style=\"text-align: right;\">\u00ab <em>L\u2019inhabitable\u00a0: la mer d\u00e9potoir, les c\u00f4tes h\u00e9riss\u00e9es de fils barbel\u00e9s,<br \/>\nla terre pel\u00e9e, la terre charnier, les monceaux de carcasse,<br \/>\nles fleuves bourbiers, les villes naus\u00e9abondes<\/em>\u00a0\u00bb<\/p>\n<\/div>\n<\/div>\n<section class=\"elementor-section elementor-inner-section elementor-element elementor-element-ad77034 elementor-section-boxed elementor-section-height-default elementor-section-height-default\" data-id=\"ad77034\" data-element_type=\"section\">\n<div class=\"elementor-container elementor-column-gap-extended\">\n<div class=\"elementor-column elementor-col-100 elementor-inner-column elementor-element elementor-element-447341e\" data-id=\"447341e\" data-element_type=\"column\">\n<div class=\"elementor-widget-wrap elementor-element-populated\">\n<div class=\"elementor-element elementor-element-a859f62 elementor-widget__width-auto elementor-widget elementor-widget-text-editor\" data-id=\"a859f62\" data-element_type=\"widget\" data-widget_type=\"text-editor.default\">\n<div class=\"elementor-widget-container\">\n<p style=\"text-align: right;\">Extrait de \u00ab\u00a0Esp\u00e8ces d\u2019espaces\u00a0\u00bb de Georges P\u00e9rec, \u00e9ditions Galil\u00e9e, 1974<\/p>\n<p>&nbsp;<\/p>\n<p style=\"text-align: justify;\"><img loading=\"lazy\" decoding=\"async\" class=\"alignleft size-full wp-image-5288\" src=\"http:\/\/t-pas-net.com\/librCritN\/wp-content\/uploads\/2024\/07\/Tron.jpg\" alt=\"\" width=\"220\" height=\"205\" srcset=\"https:\/\/t-pas-net.com\/librCritN\/wp-content\/uploads\/2024\/07\/Tron.jpg 220w, https:\/\/t-pas-net.com\/librCritN\/wp-content\/uploads\/2024\/07\/Tron-150x140.jpg 150w\" sizes=\"auto, (max-width: 220px) 100vw, 220px\" \/>L\u2019autrice et critique Colette Tron interroge la notion d\u2019habitabilit\u00e9.<\/p>\n<p style=\"text-align: justify;\">Elle propose un atelier sur le th\u00e8me <strong>\u00ab Habitable\/Inhabitable \u00bb<\/strong>. Cet atelier se d\u00e9roule dans le cadre d\u2019une r\u00e9sidence de cr\u00e9ation et de transmission \u00e0 la BMVR Alcazar de Marseille du 9 au 20 juillet 2024.<\/p>\n<p style=\"text-align: justify;\">Le th\u00e8me \u00ab\u00a0Habitable \/ Inhabitable\u00a0\u00bb fait r\u00e9f\u00e9rence \u00e0 un chapitre du c\u00e9l\u00e8bre recueil \u00ab Esp\u00e8ces d\u2019espaces \u00bb de l\u2019\u00e9crivain Georges P\u00e9rec.<\/p>\n<p style=\"text-align: justify;\">Au cours de ce cet ouvrage, et de ces chapitres, P\u00e9rec scrute et documente le rapport \u00e0 l\u2019espace, aux espaces, selon leurs esp\u00e8ces, leurs fonctions, ce dans notre environnement direct, et du plus proche au plus lointain : le lit, la chambre, l\u2019appartement, l\u2019immeuble, la rue, le quartier, la ville, la campagne, le pays, l\u2019Europe, le monde\u2026<\/p>\n<p style=\"text-align: justify;\">P\u00e9rec \u00e9crit \u00e0 partir de son exp\u00e9rience personnelle. Mais elle est si quotidienne, concernant chacun.e, que l\u2019on peut la comprendre et l\u2019appr\u00e9hender, mais aussi la r\u00e9p\u00e9ter et l\u2019actualiser, selon sa propre exp\u00e9rience des espaces environnants.<\/p>\n<p style=\"text-align: justify;\">Comment les vit-on, se les approprie-t-on, quel temps y passe-t-on, quelle activit\u00e9 y a-t-on\u00a0? Quels sont les espaces oblig\u00e9s, obligatoires, anonymes, contraignants, ou bien quels sont ceux qui sont hospitaliers, agr\u00e9ables, familiers, amicaux\u2026\u00a0? Comment sont-ils am\u00e9nag\u00e9s, ou comment les am\u00e9nager\u00a0? En quoi sont-ils habitables\u00a0? Ou inhabitables.<\/p>\n<p style=\"text-align: center;\"><img loading=\"lazy\" decoding=\"async\" class=\"aligncenter size-full wp-image-5289\" src=\"http:\/\/t-pas-net.com\/librCritN\/wp-content\/uploads\/2024\/07\/Espace_habitable.jpg\" alt=\"\" width=\"540\" height=\"460\" srcset=\"https:\/\/t-pas-net.com\/librCritN\/wp-content\/uploads\/2024\/07\/Espace_habitable.jpg 540w, https:\/\/t-pas-net.com\/librCritN\/wp-content\/uploads\/2024\/07\/Espace_habitable-300x256.jpg 300w, https:\/\/t-pas-net.com\/librCritN\/wp-content\/uploads\/2024\/07\/Espace_habitable-150x128.jpg 150w, https:\/\/t-pas-net.com\/librCritN\/wp-content\/uploads\/2024\/07\/Espace_habitable-366x312.jpg 366w\" sizes=\"auto, (max-width: 540px) 100vw, 540px\" \/><\/p>\n<p style=\"text-align: justify;\">\u00ab\u00a0L\u2019inhabitable\u00a0\u00bb, dans \u00ab\u00a0Esp\u00e8ces d\u2019espaces\u00a0\u00bb, d\u00e9crit selon Georges P\u00e9rec\u00a0:<\/p>\n<p style=\"text-align: justify;\">\u00ab\u00a0<em>L\u2019inhabitable\u00a0: l\u2019architecture du m\u00e9pris et de la frime, la gloriole m\u00e9diocre des tours et des buildings, les milliers de cagibis entass\u00e9s [\u2026], l\u2019\u00e9triqu\u00e9, l\u2019irrespirable, le petit, le mesquin, le r\u00e9tr\u00e9ci, le calcul\u00e9 au plus juste<\/em><\/p>\n<p style=\"text-align: justify;\"><em>L\u2019inhabitable\u00a0: [\u2026] l\u2019encag\u00e9, le verrouill\u00e9, les murs h\u00e9riss\u00e9s de tessons de bouteille, les judas, les blindages [\u2026] les bidonvilles, les villes bidon<\/em>\u00a0\u00bb<\/p>\n<p style=\"text-align: justify;\">Ici, en confrontant l\u2019habitable et l\u2019inhabitable, en ajoutant cette dimension positive \u00e0 la n\u00e9gative, Colette Tron s\u2019approprie et interpr\u00e8te cette notion, qui, en effet, peut concerner diff\u00e9rentes \u00ab\u00a0esp\u00e8ces d\u2019espaces\u00a0\u00bb\u00a0: priv\u00e9s ou publics, int\u00e9rieurs ou ext\u00e9rieurs, r\u00e9els ou virtuels, concrets ou symboliques, ici ou ailleurs, pr\u00e9sents et pass\u00e9s\u2026 Il s\u2019agit de notre relation \u00e0 l\u2019environnement imm\u00e9diat, au milieu dans lequel nous vivons, ou parfois survivons, et que nous voudrions habiter, c\u2019est-\u00e0-dire investir de notre pr\u00e9sence.<\/p>\n<p style=\"text-align: justify;\">Face aux perturbations climatiques, aux environnements pollu\u00e9s, aux espaces d\u00e9figur\u00e9s par l\u2019activit\u00e9 industrielle, aux constructions sp\u00e9culatives, ou encore aux projets de smart cities (villes intelligentes), il est urgent de se ressaisir des probl\u00e9matiques initi\u00e9es par Georges P\u00e9rec au regard d\u2019une actualit\u00e9 inqui\u00e9tante et d\u2019un avenir incertain. Contre une plan\u00e8te qui deviendrait inhabitable, pour un environnement soutenable et un monde habitable.<\/p>\n<p style=\"text-align: justify;\">Il s\u2019agit entre autres de rep\u00e9rer et r\u00e9parer l\u2019inhabitable.<\/p>\n<\/div>\n<\/div>\n<\/div>\n<\/div>\n<\/div>\n<\/section>\n","protected":false},"excerpt":{"rendered":"<p>Ce premier Libr-vacance d\u00e9bute par un Bulletin d\u00e9cha\u00een\u00e9 de l&rsquo;Agence Tumorale de Communication Disruptive et un Billet de Claude Mini\u00e8re, pour pr\u00e9senter ensuite une s\u00e9lection estivale de Libr-livres re\u00e7us et de Libr-\u00e9v\u00e9nements&#8230; &nbsp; Bulletin de l&rsquo;Agence Tumorale de Communication Disruptive &nbsp; Plus encore qu\u2019un LouisMachinChose, Micron 1er\u00a0\u00e9tait un GrandMagicien qui nous prot\u00e9geait de tout sans rien d\u2019autre que la puissance de son verbe, y compris contre le GrandVirus. Micron 1er\u00a0\u00e9tait un GrandMagicien : gr\u00e2ce \u00e0 lui, l\u2019Argent a ruissel\u00e9, et il a m\u00eame suffi de traverser la rue pour trouver un emploi. Micron 1er\u00a0\u00e9tait un GrandMagicien qui a fait appara\u00eetre et dispara\u00eetre ces GrandsMaux que sont le wokisme et l\u2019islamogauchisme. Micron 1er\u00a0\u00e9tait un GrandMagicien qui a pacifi\u00e9 la Gaule \u00e0 coups de Flash-Ball et de grands-messes merdiatiques\u00a0: la masse dans la nasse\u00a0! Micron 1er\u00a0\u00e9tait un GrandMagicien qui a transform\u00e9 les GiletsJaunes en ChemisesNoires. Micron 1er\u00a0\u00e9tait un Enfant-Roi qui aimait jouer \u00e0 la gu\u00e9guerre\u00a0: mal arm\u00e9 pour cet exercice, il n\u2019\u00e9tait gu\u00e8re adroit mais, \u00e0 droite toute, pr\u00f4nait le R\u00c9ARMEMENT\u00a0(militerre, d\u00e9mographique, \u00e9tronomique, etc.). Lucifer l\u2019a r\u00eav\u00e9, Micro Imperator l\u2019a fait\u00a0: la dissolution de la D\u00e9mocratie \u2013 devenue D\u00e9moncratie&#8230; Diagnostic\u00a0: Moi-ou-le-KO&#8230; Explication\u00a0: l\u2019Enfant-Roi voulait voir ce que \u00e7a faisait&#8230; Micron 1er avait raison de parler de \u00ab\u00a0d\u00e9civilisation\u00a0\u00bb\u00a0: la puissance financi\u00e8re qu\u2019il servait est en train de nous faire basculer dans la barbarie. \u2666\u2666\u2666\u2666\u2666 Dans le monde de la post-v\u00e9rit\u00e9 \/ post-politique \/ post-d\u00e9mocratie on raisonne on claironne on p\u00e9titionne&#8230; PSCHITT\u00a0! Que faire contre l\u2019\u00e9vidence d\u2019un N\u00e9o-Leurre qui s\u2019est peu \u00e0 peu impos\u00e9 pour resplendir d\u2019une obscure clart\u00e9\u00a0: ainsi sont les humoins On n\u2019arr\u00eate pas le Progr\u00e8s dans l\u2019homonculit\u00e9&#8230; La machine-\u00e0-bullshit a franchi le Mur-du-Con\u00a0! \u2666\u2666\u2666\u2666\u2666 En Allemagne on ne parle plus de FRANKREICH mais de KRANKREICH&#8230; la fRANCE malade capitule devant Razpoutine 1er et renie ses valeurs&#8230; LIBERT\u00c9 = l\u00e2cher de pets \u00c9GALIT\u00c9\u00a0: \u00e0 plein ventre devant l\u2019Autorit\u00e9 FRATERNIQU\u00c9 Et bien entendu comme au-bon-vieux-temps dans le Grand-Reich les crazy-Nantis se pr\u00e9parent \u00e0 prendre leurs RESPONSABILIT\u00c9S pour mieux COLLABORER&#8230; Libr-Humeur \/Claude Mini\u00e8re\/ J\u2019ai fait le march\u00e9, je suis rentr\u00e9 du March\u00e9 de la Po\u00e9sie avec quelques doutes dans mon panier.\u00a0 Le March\u00e9 est \u00e9videmment un \u00e9v\u00e9nement culturel, ce n\u2019est pas un \u00e9v\u00e9nement litt\u00e9raire.\u00a0 Le litt\u00e9raire ne sert \u00e0 rien, le culturel est utile \u00e0 la soci\u00e9t\u00e9, il sert \u00e0 quelque chose. Quant \u00e0 la po\u00e9sie, elle a mal jou\u00e9, elle s\u2019est laiss\u00e9 exclure du monde litt\u00e9raire, elle a ainsi perdu sa chance critique.\u00a0 Ev\u00e9nement culturel, les \u00ab\u00a0rencontres po\u00e9tiques\u00a0\u00bb sont toujours \u00e9cras\u00e9es sous des spectacles plus puissants qu\u2019elles. &nbsp; Libr-livres re\u00e7us \u25ba Didier BOURDA, Rivi\u00e8re rouge, Lanskine \u00e9ditions, \u00e0 para\u00eetre le 9 juillet 2024, 216 pages, 24 \u20ac. Pr\u00e9sentation \u00e9ditoriale. \u00ab\u00a0Voyage\u00a0\u00bb sur le continent am\u00e9ricain&#8230; Didier Bourda pose la question du fran\u00e7ais \u2018tr\u00e8s \u00e0 l&rsquo;int\u00e9rieur&rsquo;, quelque part entre Grands Lacs et Manitoba. Au gr\u00e9 de sources nouvelles, historiques, g\u00e9ographiques, linguistiques et toponymiques (Prairie du Chien, Eau Claire, Flambeau, Notre-Dame-de-Lourdes, St Claude, St Boniface, etc.) affleure un soubassement langagier dont il importe de saisir les dilatations. Outre ses recherches document\u00e9es, Didier Bourda a parcouru les r\u00e9gions des grands lacs, \u00e0 la rencontre des gens qui parlent encore une sorte de m\u00e9tissage de langues indiennes et de fran\u00e7ais. Et c&rsquo;est peut-\u00eatre du fait de ce voyage que dans ce texte le corps prend une grande place, en tous cas bien plus importante que dans ses pr\u00e9c\u00e9dents textes. Corps et po\u00e8me s&rsquo;affectent l&rsquo;un l&rsquo;autre. Renouveler l&rsquo;espace de la pens\u00e9e. &nbsp; \u25ba Sylvain JAMET, Une m\u00e9t\u00e9o, S\u00e9rie discr\u00e8te, \u00e9t\u00e9 2024, 60 pages, 12 \u20ac. Pr\u00e9sentation \u00e9ditoriale. \u00ab On m\u2019avait dit \u00ab il te faut une forme \u00bb. Je me suis demand\u00e9 : les jours ont-ils une forme ? Quelle est la forme des jours ? Et ce que j\u2019en retiens ? Les jours passent, ce qu\u2019il en reste s\u2019\u00e9parpille. Uneforme bris\u00e9e donc. Et puis ? Il y a des gens en bas, devant, partout, des appels. Chloris chloris et son gros porte-voix. Des messages envoy\u00e9s ou re\u00e7us, ou des plis sans destinataires. Et puis il y a le temps qu\u2019il fait, aussi. L\u2019humeur,mettons. Une m\u00e9t\u00e9o. \u00bb La forme ici est celle du po\u00e8me, des po\u00e8mes, et d\u2019une certaine mani\u00e8re de les assembler. \u00ab Ciel calme en surface avec d\u2019insondables zones de panique au fond \u00bb est la quatri\u00e8me de couverture, po\u00e8me extrait du livre, et qui dit bien ce que le lecteur peut ressentir. &nbsp; \u25ba Juliette PENBLANC, N&rsquo;importe o\u00f9 \u00e0 Stang Blanc, S\u00e9rie discr\u00e8te, juin 2024, 60 pages, 14 \u20ac. Pr\u00e9sentation \u00e9ditoriale. \u00ab\u00a0Il s\u2019est pass\u00e9 des choses \u00e0 Stang Blanc\u00a0\u00bb. Stang Blanc est un lieu-dit, situ\u00e9 dans la commune de Sca\u00ebr, en Bretagne. Pour Juliette Penblanc, c\u2019est un lieu familier, lieu de l\u2019enfance tout proche de la maison de ses grands-parents. Elle en livre ici un r\u00e9cit fragmentaire et po\u00e9tique, exploration \u00e0 la fois topographique et historique. Nous y croisons les Jeanne, jeunes femmes accus\u00e9es \u00e0 tort de collaboration et ex\u00e9cut\u00e9es \u00e0 la Lib\u00e9ration, nous y lisons aussi des r\u00e9cits de r\u00e9sistance et l\u2019histoire d\u2019un lieu, de ses modifications et de ses habitants, humains, animaux et v\u00e9g\u00e9taux. &nbsp; \u25ba Isabelle ZRIBI, Il faut bien mourir de quelque chose, \u00e9ditions Rehauts, printemps 2024, 80 pages, 16 \u20ac. Il faut bien mourir de quelque chose&#8230; Et pourquoi pas de rire ? Cet opus passe \u00e0 la moulinette critique un certain nombre d&rsquo;id\u00e9es re\u00e7ues propres \u00e0 notre dr\u00f4le d&rsquo;\u00e9poque : sont pass\u00e9s en revue la mort, la diff\u00e9rence des sexes, la \u00ab\u00a0laideur du f\u00e9minin\u00a0\u00bb, le \u00ab\u00a0bon go\u00fbt fran\u00e7ais\u00a0\u00bb, \u00ab\u00a0th\u00e9ories sociales et m\u00e9taphysiques\u00a0\u00bb, l&rsquo;homosexualit\u00e9, \u00ab\u00a0banalit\u00e9s d&rsquo;\u00e9pid\u00e9mie\u00a0\u00bb, \u00e2gisme et arts&#8230; \/FT\/ \u00ab Il avait quel \u00e2ge Un cadavre doit avoir, au compteur, un nombre suffisant d\u2019ann\u00e9es pour \u00e9touffer toute angoisse sur sa propre esp\u00e9rance de vie. C\u2019est une question de politesse\u2026 \u00bb &nbsp; Libr-\u00e9v\u00e9nements \u25ba Samedi 6 juillet, de 18h \u00e0 21h : Soir\u00e9e \u00c9ditions La Baie des Singes Lancement de KES KIELS FOUTENT 1, avec Vincent Broqua, Liliane Giraudon, Henri Lefebvre, Georgia Ren\u00e9-Wormsc 7 Clous \u00e0 Marseille 150 rue de Crim\u00e9e 13003 Marseille Prosecco et Grissini &nbsp; \u25ba Du 9 au 20 juillet 2024 \u00e0 Marseille : Habitable\/Inhabitable, R\u00e9sidence de&#8230;<\/p>\n","protected":false},"author":2,"featured_media":1405,"comment_status":"open","ping_status":"open","sticky":false,"template":"","format":"standard","meta":{"footnotes":""},"categories":[7,10,1,2],"tags":[2446,2327,68,112,142,1649,1977,36,1751,278,12,565,1550,1980,189,2445,1129],"class_list":["post-5269","post","type-post","status-publish","format-standard","has-post-thumbnail","hentry","category-livres-recus","category-news","category-non-classe","category-une","tag-41e-marche-de-la-poesie","tag-agence-tumorale-de-communication-disruptive","tag-alphabetville","tag-bernard-thomas-roudeix","tag-claude-miniere","tag-colette-tron","tag-didier-bourda","tag-editions-lanskine","tag-editions-rehauts","tag-editions-serie-discrete","tag-fabrice-thumerel","tag-georges-perec","tag-isabelle-zribi","tag-juliette-penblanc","tag-liliane-giraudon","tag-sylvain-jamet","tag-vincent-broqua"],"post_mailing_queue_ids":[],"_links":{"self":[{"href":"https:\/\/t-pas-net.com\/librCritN\/wp-json\/wp\/v2\/posts\/5269","targetHints":{"allow":["GET"]}}],"collection":[{"href":"https:\/\/t-pas-net.com\/librCritN\/wp-json\/wp\/v2\/posts"}],"about":[{"href":"https:\/\/t-pas-net.com\/librCritN\/wp-json\/wp\/v2\/types\/post"}],"author":[{"embeddable":true,"href":"https:\/\/t-pas-net.com\/librCritN\/wp-json\/wp\/v2\/users\/2"}],"replies":[{"embeddable":true,"href":"https:\/\/t-pas-net.com\/librCritN\/wp-json\/wp\/v2\/comments?post=5269"}],"version-history":[{"count":12,"href":"https:\/\/t-pas-net.com\/librCritN\/wp-json\/wp\/v2\/posts\/5269\/revisions"}],"predecessor-version":[{"id":5291,"href":"https:\/\/t-pas-net.com\/librCritN\/wp-json\/wp\/v2\/posts\/5269\/revisions\/5291"}],"wp:featuredmedia":[{"embeddable":true,"href":"https:\/\/t-pas-net.com\/librCritN\/wp-json\/wp\/v2\/media\/1405"}],"wp:attachment":[{"href":"https:\/\/t-pas-net.com\/librCritN\/wp-json\/wp\/v2\/media?parent=5269"}],"wp:term":[{"taxonomy":"category","embeddable":true,"href":"https:\/\/t-pas-net.com\/librCritN\/wp-json\/wp\/v2\/categories?post=5269"},{"taxonomy":"post_tag","embeddable":true,"href":"https:\/\/t-pas-net.com\/librCritN\/wp-json\/wp\/v2\/tags?post=5269"}],"curies":[{"name":"wp","href":"https:\/\/api.w.org\/{rel}","templated":true}]}}