{"id":5297,"date":"2024-07-08T09:58:55","date_gmt":"2024-07-08T07:58:55","guid":{"rendered":"http:\/\/t-pas-net.com\/librCritN\/?p=5297"},"modified":"2024-07-08T18:30:47","modified_gmt":"2024-07-08T16:30:47","slug":"news-libr-vacance-4","status":"publish","type":"post","link":"https:\/\/t-pas-net.com\/librCritN\/2024\/07\/08\/news-libr-vacance-4\/","title":{"rendered":"[NEWS &#8211; livres] Libr-vacance"},"content":{"rendered":"<p style=\"text-align: justify;\">Apr\u00e8s un rendez-vous estival \u00e0 ne pas manquer demain \u00e0 Paris autour de <strong><em>Fr\u00e9quence Mulholland <\/em><\/strong>de Sandra Moussemp\u00e8s, nos <strong>Libr-livres re\u00e7us<\/strong> favoriseront votre Libr-vacance&#8230; Mais tout d&rsquo;abord, votre <strong>Bulletin de l\u2019Agence Tumorale de Communication Disruptive<\/strong>&#8230;<\/p>\n<p>&nbsp;<\/p>\n<p style=\"text-align: center;\"><span style=\"background-color: #ff0000; color: #ffffff;\"><strong>Bulletin de l\u2019Agence Tumorale de Communication Disruptive<\/strong><\/span><\/p>\n<div id=\"attachment_2622\" style=\"width: 550px\" class=\"wp-caption aligncenter\"><img loading=\"lazy\" decoding=\"async\" aria-describedby=\"caption-attachment-2622\" class=\"wp-image-2622 size-full\" src=\"http:\/\/t-pas-net.com\/librCritN\/wp-content\/uploads\/2022\/04\/JupiteuxProtege.jpg\" alt=\"\" width=\"540\" height=\"200\" srcset=\"https:\/\/t-pas-net.com\/librCritN\/wp-content\/uploads\/2022\/04\/JupiteuxProtege.jpg 540w, https:\/\/t-pas-net.com\/librCritN\/wp-content\/uploads\/2022\/04\/JupiteuxProtege-300x111.jpg 300w, https:\/\/t-pas-net.com\/librCritN\/wp-content\/uploads\/2022\/04\/JupiteuxProtege-150x56.jpg 150w, https:\/\/t-pas-net.com\/librCritN\/wp-content\/uploads\/2022\/04\/JupiteuxProtege-366x136.jpg 366w\" sizes=\"auto, (max-width: 540px) 100vw, 540px\" \/><p id=\"caption-attachment-2622\" class=\"wp-caption-text\">\u00a9 Thomas-Roudeix<\/p><\/div>\n<p style=\"text-align: center;\"><span style=\"font-size: 16px;\">F\u00e9ru de dividendes et de divisions<\/span><br \/>\n<span style=\"font-size: 16px;\">Micro Imperator a sclarifi\u00e9<\/span><br \/>\n<span style=\"font-size: 16px;\">Marianne&#8230;<\/span><\/p>\n<p style=\"text-align: center;\"><span style=\"font-size: 16px;\">\u00c0 tort Micron 1<sup>er<br \/>\n<span style=\"font-size: 16px;\">a fait ruisseler le\u00a0pleupleu qui pla\u00e7ait<\/span><br \/>\n<span style=\"font-size: 16px;\">son esp\u00e9RANCE<\/span><br \/>\n<span style=\"font-size: 16px;\">en la nouvelle fRANCE<\/span><br \/>\n<span style=\"font-size: 16px;\">Mais pas de quoi mouiller sa chemise<\/span><br \/>\n<span style=\"font-size: 16px;\">ce n&rsquo;est que partie remise<\/span><br \/>\n<span style=\"font-size: 16px;\">l&rsquo;Ordre liberanal<\/span><br \/>\n<span style=\"font-size: 16px;\">a plus d&rsquo;un \u00e9tron dans son sac<\/span><br \/>\n<span style=\"font-size: 16px;\">et bient\u00f4t nous engluera dans l&rsquo;\u00e9tron-national<\/span><\/sup><\/span><\/p>\n<p>&nbsp;<\/p>\n<p style=\"text-align: center;\"><span style=\"background-color: #ff0000; color: #ffffff;\"><strong>Libr-\u00e9v\u00e9nement de la semaine<\/strong><\/span><\/p>\n<div style=\"text-align: center;\"><img loading=\"lazy\" decoding=\"async\" class=\"aligncenter size-full wp-image-5303\" src=\"http:\/\/t-pas-net.com\/librCritN\/wp-content\/uploads\/2024\/07\/Moussempes_event24.jpg\" alt=\"\" width=\"540\" height=\"310\" srcset=\"https:\/\/t-pas-net.com\/librCritN\/wp-content\/uploads\/2024\/07\/Moussempes_event24.jpg 540w, https:\/\/t-pas-net.com\/librCritN\/wp-content\/uploads\/2024\/07\/Moussempes_event24-300x172.jpg 300w, https:\/\/t-pas-net.com\/librCritN\/wp-content\/uploads\/2024\/07\/Moussempes_event24-150x86.jpg 150w, https:\/\/t-pas-net.com\/librCritN\/wp-content\/uploads\/2024\/07\/Moussempes_event24-366x210.jpg 366w\" sizes=\"auto, (max-width: 540px) 100vw, 540px\" \/><\/div>\n<div><\/div>\n<div class=\"xdj266r x11i5rnm xat24cr x1mh8g0r x1vvkbs\" style=\"text-align: justify;\"><strong><span style=\"background-color: #ffff00;\">\u25ba Mardi 9 juillet 2024, de 20H30 \u00e0 23H45 au cin\u00e9ma Le Brady (Paris)<\/span><\/strong> : <strong><span style=\"background-color: #ffff00;\">Rencontre avec la po\u00e9tesse Sandra Moussemp\u00e8s, autour de <em>Fr\u00e9quence Mulholland <\/em><\/span>(MF, automne 2023), anim\u00e9e par le\u00a0critique Rodolphe Perez<\/strong>.<\/div>\n<div class=\"x11i5rnm xat24cr x1mh8g0r x1vvkbs xtlvy1s\" style=\"text-align: justify;\">Dans un dialogue ponctu\u00e9 de lectures d\u2019extraits du livre, seront \u00e9voqu\u00e9es l\u2019\u00e9criture po\u00e9tique de Sandra Moussemp\u00e8s et la mani\u00e8re dont elle s\u2019inspire du cin\u00e9ma de David Lynch. <br class=\"html-br\" \/><strong><em>Fr\u00e9quence Mulholland<\/em><\/strong>, le dernier recueil de Sandra Moussemp\u00e8s, explore l\u2019imaginaire cin\u00e9matographique de <em>Mulholland Drive<\/em>. Construit comme une variation po\u00e9tique et laboratoire des images, ce livre travaille le d\u00e9placement des r\u00e9f\u00e9rences intimes aux atmosph\u00e8res lynch\u00e9ennes pour d\u00e9ployer une po\u00e9sie de cin\u00e9ma. <br class=\"html-br\" \/>La rencontre sera suivie d\u2019une projection du film <em>Mulholland Drive<\/em>.<\/div>\n<div class=\"x11i5rnm xat24cr x1mh8g0r x1vvkbs xtlvy1s\" style=\"text-align: justify;\">La librairie EXC, partenaire du projet, proposera \u00e0 la vente <strong><em>Fr\u00e9quence Mulholland<\/em><\/strong> ainsi qu\u2019une s\u00e9lection de livres de Sandra Moussemp\u00e8s.<\/div>\n<div class=\"x11i5rnm xat24cr x1mh8g0r x1vvkbs xtlvy1s\" style=\"text-align: justify;\">L\u2019\u00e9v\u00e8nement a lieu au cin\u00e9ma Le Brady (43, Boulevard de Strasbourg 75010 Paris).<br class=\"html-br\" \/>Ouverture des portes d\u00e8s 20h<br class=\"html-br\" \/>Ticket pour la soir\u00e9e : 5 euros<\/div>\n<div class=\"x11i5rnm xat24cr x1mh8g0r x1vvkbs xtlvy1s\" style=\"text-align: justify;\">R\u00e9servation pour la projection du film aupr\u00e8s de Rodolphe Perez<br class=\"html-br\" \/>(ro.perez@francemel.fr)<\/div>\n<div><\/div>\n<div style=\"text-align: center;\">\u2666\u2666\u2666\u2666\u2666<\/div>\n<div style=\"text-align: justify;\">\n<p>&nbsp;<\/p>\n<p style=\"text-align: justify;\"><strong>\u25ba<\/strong><strong>\u00a0<\/strong>Sandra MOUSSEMP\u00c8S,\u00a0<strong><em>Fr\u00e9quence Mulholland<\/em><\/strong>, \u00e9ditions MF, septembre 2023, 136 pages, 15 \u20ac.<\/p>\n<p style=\"text-align: justify;\">Pour Sandra Moussemp\u00e8s, le po\u00e8te se fait spirite : contre les \u00ab subconscients plastifi\u00e9s \u00bb, son esprit cherche \u00ab l\u2019aura de l\u2019ailleurs \u00bb, \u00e0 \u00ab<img loading=\"lazy\" decoding=\"async\" class=\"alignright size-full wp-image-4343\" src=\"http:\/\/t-pas-net.com\/librCritN\/wp-content\/uploads\/2023\/09\/SM_FM.jpg\" alt=\"\" width=\"220\" height=\"365\" srcset=\"https:\/\/t-pas-net.com\/librCritN\/wp-content\/uploads\/2023\/09\/SM_FM.jpg 220w, https:\/\/t-pas-net.com\/librCritN\/wp-content\/uploads\/2023\/09\/SM_FM-181x300.jpg 181w, https:\/\/t-pas-net.com\/librCritN\/wp-content\/uploads\/2023\/09\/SM_FM-90x150.jpg 90w\" sizes=\"auto, (max-width: 220px) 100vw, 220px\" \/> ouvrir des portes qui donnent sur d\u2019autres portes \u00bb, \u00e0 donner \u00ab sur une rue surnaturelle \u00bb (<em>Colloque des t\u00e9l\u00e9pathes<\/em>, \u00e9ditions de l\u2019Attente, 2012, pp. 27, 23 et 83). Il doit viser la mise en crise des signes\/signaux sociaux pour favoriser la mise en sc\u00e8ne\/voix\u00a0des fantasmes et fantasmagories. D\u2019o\u00f9 la pr\u00e9dilection affich\u00e9e pour les atmosph\u00e8res oniriques du cin\u00e9ma.<\/p>\n<p style=\"text-align: justify;\">Rien d\u2019\u00e9tonnant \u00e0 ce que Sandra Moussemp\u00e8s tire un recueil entier de <em>Mulholland Drive<\/em> (2001), son film f\u00e9tiche d\u00e9j\u00e0 \u00e9voqu\u00e9 dans certains de ses pr\u00e9c\u00e9dents livres, fascin\u00e9e qu\u2019elle est par la cr\u00e9ation d\u2019ambiances singuli\u00e8res, les jeux de miroirs autofictifs\u2026 la tension entre parole et silence, r\u00eave et r\u00e9alit\u00e9, r\u00e9alit\u00e9 et repr\u00e9sentations cod\u00e9es. Nous retrouvons ici Betty et Rita, mais d\u2019un lieu de r\u00e9v\u00e9lation Silencio est devenu un amant pervers, qui fait son cin\u00e9ma de s\u00e9ducteur avant d\u2019abandonner brutalement la narratrice\u00a0: au passage, nous entrevoyons le \u00ab\u00a0chemin de croix \u00e9rotique\u00a0\u00bb d\u2019une \u00ab\u00a0diagnostiqu\u00e9e hypersensible\u00a0\u00bb qui, souffrant de d\u00e9pendance affective, s\u2019en remet \u00e0 \u00ab\u00a0une coach nouvelle g\u00e9n\u00e9ration\u00a0\u00bb (p. 108) dont les injonctions sont tourn\u00e9es en d\u00e9rision.<\/p>\n<p style=\"text-align: justify;\">Dans un d\u00e9cor hollywoodien, entre autres, elle s\u2019irr\u00e9alise via ce chef-d\u2019\u0153uvre de David Lynch\u00a0: dans sa <em>camera obscura<\/em>int\u00e9rieure d\u00e9filent les figures obsessionnelles qui hantent ses livres (les sorci\u00e8res Vesta et Lilith\u2026 la mauvaise m\u00e8re\u2026 le p\u00e8re admir\u00e9\u2026). L\u2019\u00e9criture spectrale permet de donner corps \u00e0 ses fant\u00f4mes : \u00ab Par le biais du biopic fant\u00f4me, les voix off et les cris stridents prennent place dans le grain du papier, chaque page recelant sa tessiture divinatoire \u00bb (130). \/Fabrice Thumerel\/<\/p>\n<p>&nbsp;<\/p>\n<\/div>\n<p style=\"text-align: center;\"><span style=\"background-color: #ff0000; color: #ffffff;\"><strong>Libr-livres re\u00e7us \/FT\/<\/strong><\/span><\/p>\n<p style=\"text-align: justify;\"><strong>\u25ba <\/strong>Christophe HANNA, <strong><em>Gloire<\/em><\/strong>, \u00e9ditions Amsterdam, mai 2024, 180 pages, 16 \u20ac.<\/p>\n<p style=\"text-align: justify;\"><strong><span style=\"background-color: #ffff00;\">Pr\u00e9sentation \u00e9ditoriale<\/span>. \u00ab Je n\u2019ai jamais c\u00f4toy\u00e9 de c\u00e9l\u00e9brit\u00e9s. Aujourd\u2019hui, je peux dire que je n\u2019en connais aucune, \u00e0 la diff\u00e9rence de ma m\u00e8re et surtout de mon p\u00e8re qui m\u2019a laiss\u00e9 entendre qu\u2019il avait eu une relation<img loading=\"lazy\" decoding=\"async\" class=\"alignright size-full wp-image-5311\" src=\"http:\/\/t-pas-net.com\/librCritN\/wp-content\/uploads\/2024\/07\/Gloire_Hanna.jpg\" alt=\"\" width=\"210\" height=\"305\" srcset=\"https:\/\/t-pas-net.com\/librCritN\/wp-content\/uploads\/2024\/07\/Gloire_Hanna.jpg 210w, https:\/\/t-pas-net.com\/librCritN\/wp-content\/uploads\/2024\/07\/Gloire_Hanna-207x300.jpg 207w, https:\/\/t-pas-net.com\/librCritN\/wp-content\/uploads\/2024\/07\/Gloire_Hanna-103x150.jpg 103w\" sizes=\"auto, (max-width: 210px) 100vw, 210px\" \/> avec la chanteuse y\u00e9-y\u00e9 Sheila, quand il \u00e9tait \u00e9tudiant \u00e0 l\u2019institut Fournier. \u00bb<br \/>\n<\/strong><br \/>\nUn matin, David, un brocanteur, m\u2019avoue que, pour lui, commercer n\u2019est qu\u2019un hobby : il est avant tout joueur de poker professionnel, activit\u00e9 qui, dit-il avec enthousiasme, lui ouvre des portes vers d\u2019autres mondes. Autour des tables de jeu, lors des tournois, il rencontre des stars, des gens uniques comme Patrick Bruel : peu d\u2019interm\u00e9diaires nous en s\u00e9parent, le monde est petit.<br \/>\nL\u2019\u00e9criture de nos \u00e9changes courants nous permet de retracer ces relations, parfois hasardeuses, parfois apparemment plus n\u00e9cessaires, qui nous relient, de proche en proche, \u00e0 une vedette, une <em>gloire<\/em> : Patrick Bruel mais aussi Didier Raoult, Sophie Marceau, Fran\u00e7ois Fillon, Christiane Taubira, Bernard-Henri L\u00e9vy\u2026<br \/>\n<em>Gloire<\/em> reconstruit ces tissus d\u2019affections et de d\u00e9saffections, de liaisons et de d\u00e9liaisons, et les constitue en formes sensibles de nos capitaux sociaux.<\/p>\n<p style=\"text-align: justify;\"><strong><span style=\"background-color: #ffff00;\">Libr-regard LC<\/span>.\u00a0<\/strong>Ne vous laissez pas prendre aux dr\u00f4les d&rsquo;\u00e9quations qui, allant crescendo (de un nom \u00e0 neuf), constituent les t\u00eates de chapitre \/ d&rsquo;affiche : \u00ab\u00a01. David = Patrick Bruel\u00a0\u00bb, \u00ab\u00a02. St\u00e9phane + Jacqueline = Didier Raoult\u00a0\u00bb, \u00ab\u00a03. Jean + Cyrille + Claude = Caroline Grimaldi\u00a0\u00bb&#8230; Ce singulier dispositif va glissando d&rsquo;un sujet \u00e0 un autre (au double sens de personne et th\u00e8me) pour tisser sa toile po\u00e9tique.<\/p>\n<p>&nbsp;<\/p>\n<p style=\"text-align: justify;\"><strong>\u25ba <\/strong>Gilles JALLET, <strong><em>Les Utopiques 2 : La Spirale de l&rsquo;histoire<\/em><\/strong>, La Rumeur libre \u00e9ditions, \u00e9t\u00e9 2024, 104 pages, 17 \u20ac.<img loading=\"lazy\" decoding=\"async\" class=\"alignright wp-image-5299\" src=\"http:\/\/t-pas-net.com\/librCritN\/wp-content\/uploads\/2024\/07\/Utopiques_2_jallet_gilles.jpg\" alt=\"\" width=\"200\" height=\"273\" srcset=\"https:\/\/t-pas-net.com\/librCritN\/wp-content\/uploads\/2024\/07\/Utopiques_2_jallet_gilles.jpg 220w, https:\/\/t-pas-net.com\/librCritN\/wp-content\/uploads\/2024\/07\/Utopiques_2_jallet_gilles-110x150.jpg 110w\" sizes=\"auto, (max-width: 200px) 100vw, 200px\" \/><\/p>\n<p class=\" text-justify\" style=\"text-align: right;\"><em>par les chemins an\u00e9antis nous ne cessons d\u2019aller<\/em>\u00a0(Miklos Bokor)<\/p>\n<p style=\"text-align: justify;\"><strong><span style=\"background-color: #ffff00;\">Pr\u00e9sentation \u00e9ditoriale<\/span>. <em>La Spirale de l\u2019histoire<\/em><\/strong> s\u2019inspire formellement des fresques \u00e9po\u00adnymes que Miklos Bokor a grav\u00e9es et peintes dans la chapelle de Maraden durant les ann\u00e9es 1998-2002, ainsi que des peintures sur toile datant d\u2019une p\u00e9riode plus ancienne \u00e0 partir de 1988, au moment o\u00f9 l\u2019homme r\u00e9appara\u00eet dans sa peinture, jusqu\u2019en 2010, l\u2019ann\u00e9e o\u00f9 il peignit son dernier tableau. Les titres des po\u00e8mes sont emprunt\u00e9s aux titres des tableaux ou des dessins au bistre de Miklos Bokor qui pour certains se retrouvent dans la fresque de Maraden.<\/p>\n<p style=\"text-align: justify;\"><strong><span style=\"background-color: #ffff00;\">Libr-regard LC<\/span>. <\/strong>Pour comprendre le projet de Gilles Jallet, il faut remonter au premier tome des <em>Utopiques<\/em>, dont le titre m\u00eame s\u2019inscrit dans le prolongement des <em>Pythiques<\/em> de Pindare ou des <em>Bucoliques<\/em> de Virgile : il recueille des po\u00e8mes in\u00e9luctablement fragmentaires, en ce sens que tout texte dit \u00ab d\u00e9finitif \u00bb ne peut \u00eatre qu\u2019utopique, et bien \u00e9videmment porte \u00ab la trace des dieux disparus \u00bb (p. 7).<\/p>\n<p>&nbsp;<\/p>\n<p><strong>\u25ba <\/strong>Daniel POZNER, <em><strong>D\u00e9sinvolture des engrenages<\/strong><\/em>, \u00e9ditions Louise Bottu, \u00e9t\u00e9 2024, 88 pages, 13 \u20ac.<img loading=\"lazy\" decoding=\"async\" class=\"alignright wp-image-5307\" src=\"http:\/\/t-pas-net.com\/librCritN\/wp-content\/uploads\/2024\/07\/desinvolture-ses-engrenages-recto_edited.jpg.jpg\" alt=\"\" width=\"175\" height=\"271\" srcset=\"https:\/\/t-pas-net.com\/librCritN\/wp-content\/uploads\/2024\/07\/desinvolture-ses-engrenages-recto_edited.jpg.jpg 200w, https:\/\/t-pas-net.com\/librCritN\/wp-content\/uploads\/2024\/07\/desinvolture-ses-engrenages-recto_edited.jpg-194x300.jpg 194w, https:\/\/t-pas-net.com\/librCritN\/wp-content\/uploads\/2024\/07\/desinvolture-ses-engrenages-recto_edited.jpg-97x150.jpg 97w\" sizes=\"auto, (max-width: 175px) 100vw, 175px\" \/><\/p>\n<div class=\"page\" title=\"Page 1\">\n<div class=\"section\">\n<div class=\"layoutArea\">\n<div class=\"column\">\n<p style=\"text-align: justify;\"><strong><span style=\"background-color: #ffff00;\">Pr\u00e9sentation \u00e9ditoriale<\/span>. <\/strong>Lieux, traces, personnages, je vous les laisse. Des cubes, des fle\u0300ches, des silhouettes, des mots. Savez-vous ce que vous aimeriez lire ? Tout est chaud, vrai, cassant. La main ouverte, les doigts serre\u0301s, je suis un peu plus loin.<br \/>\nVous me raconterez.<\/p>\n<p style=\"text-align: justify;\"><strong><span style=\"background-color: #ffff00;\">Libr-regard LC<\/span>.\u00a0<\/strong>Un subtil tourbillon d&rsquo;\u00e9l\u00e9ments et de r\u00e9f\u00e9rences&#8230; Des inventaires, si l&rsquo;on veut &#8211; mais diff\u00e9rents des pr\u00e9c\u00e9dents. Toujours aussi virtuose, Daniel Pozner !<br \/>\n\u00c0 vous de jouer, <em>voleurs de mots<\/em> !<\/p>\n<p style=\"text-align: center;\"><img loading=\"lazy\" decoding=\"async\" class=\"aligncenter size-full wp-image-5300\" src=\"http:\/\/t-pas-net.com\/librCritN\/wp-content\/uploads\/2024\/07\/Pozner_GF.jpg\" alt=\"\" width=\"540\" height=\"300\" srcset=\"https:\/\/t-pas-net.com\/librCritN\/wp-content\/uploads\/2024\/07\/Pozner_GF.jpg 540w, https:\/\/t-pas-net.com\/librCritN\/wp-content\/uploads\/2024\/07\/Pozner_GF-300x167.jpg 300w, https:\/\/t-pas-net.com\/librCritN\/wp-content\/uploads\/2024\/07\/Pozner_GF-150x83.jpg 150w, https:\/\/t-pas-net.com\/librCritN\/wp-content\/uploads\/2024\/07\/Pozner_GF-366x203.jpg 366w\" sizes=\"auto, (max-width: 540px) 100vw, 540px\" \/><\/p>\n<p>&nbsp;<\/p>\n<p style=\"text-align: justify;\"><strong>\u25ba <\/strong>Marc-\u00c9mile THINEZ, <strong><em>Exercices \u00e0 trous<\/em><\/strong>, \u00e9ditions Louise Bottu, \u00e9t\u00e9 2024, 90 pages, 13 \u20ac.<img loading=\"lazy\" decoding=\"async\" class=\"alignright wp-image-5313\" src=\"http:\/\/t-pas-net.com\/librCritN\/wp-content\/uploads\/2024\/07\/Thinez_trous.jpg.jpg\" alt=\"\" width=\"170\" height=\"255\" srcset=\"https:\/\/t-pas-net.com\/librCritN\/wp-content\/uploads\/2024\/07\/Thinez_trous.jpg.jpg 200w, https:\/\/t-pas-net.com\/librCritN\/wp-content\/uploads\/2024\/07\/Thinez_trous.jpg-100x150.jpg 100w\" sizes=\"auto, (max-width: 170px) 100vw, 170px\" \/><\/p>\n<p style=\"text-align: justify;\">\u00ab\u00a0Variations po\u00e9tiques autour du trou\u00a0\u00bb, nous dit sobrement l&rsquo;\u00e9diteur sur son site en guise de pr\u00e9sentation.<br \/>\nMais on imagine bien que, comme \u00e0 l&rsquo;accoutum\u00e9e, l&rsquo;ing\u00e9nieux po\u00e8te amoureux des formes ne manque pas de ressources, ayant plus d&rsquo;un <strong>trou<\/strong> dans son sac : de verdure rimbaldienne, de madame, des villes ou des champs, de Gascogne ou de gigogne, d&rsquo;O, d&rsquo;R ou du Q&#8230;<\/p>\n<\/div>\n<\/div>\n<\/div>\n<\/div>\n","protected":false},"excerpt":{"rendered":"<p>Apr\u00e8s un rendez-vous estival \u00e0 ne pas manquer demain \u00e0 Paris autour de Fr\u00e9quence Mulholland de Sandra Moussemp\u00e8s, nos Libr-livres re\u00e7us favoriseront votre Libr-vacance&#8230; Mais tout d&rsquo;abord, votre Bulletin de l\u2019Agence Tumorale de Communication Disruptive&#8230; &nbsp; Bulletin de l\u2019Agence Tumorale de Communication Disruptive F\u00e9ru de dividendes et de divisions Micro Imperator a sclarifi\u00e9 Marianne&#8230; \u00c0 tort Micron 1er a fait ruisseler le\u00a0pleupleu qui pla\u00e7ait son esp\u00e9RANCE en la nouvelle fRANCE Mais pas de quoi mouiller sa chemise ce n&rsquo;est que partie remise l&rsquo;Ordre liberanal a plus d&rsquo;un \u00e9tron dans son sac et bient\u00f4t nous engluera dans l&rsquo;\u00e9tron-national &nbsp; Libr-\u00e9v\u00e9nement de la semaine \u25ba Mardi 9 juillet 2024, de 20H30 \u00e0 23H45 au cin\u00e9ma Le Brady (Paris) : Rencontre avec la po\u00e9tesse Sandra Moussemp\u00e8s, autour de Fr\u00e9quence Mulholland (MF, automne 2023), anim\u00e9e par le\u00a0critique Rodolphe Perez. Dans un dialogue ponctu\u00e9 de lectures d\u2019extraits du livre, seront \u00e9voqu\u00e9es l\u2019\u00e9criture po\u00e9tique de Sandra Moussemp\u00e8s et la mani\u00e8re dont elle s\u2019inspire du cin\u00e9ma de David Lynch. Fr\u00e9quence Mulholland, le dernier recueil de Sandra Moussemp\u00e8s, explore l\u2019imaginaire cin\u00e9matographique de Mulholland Drive. Construit comme une variation po\u00e9tique et laboratoire des images, ce livre travaille le d\u00e9placement des r\u00e9f\u00e9rences intimes aux atmosph\u00e8res lynch\u00e9ennes pour d\u00e9ployer une po\u00e9sie de cin\u00e9ma. La rencontre sera suivie d\u2019une projection du film Mulholland Drive. La librairie EXC, partenaire du projet, proposera \u00e0 la vente Fr\u00e9quence Mulholland ainsi qu\u2019une s\u00e9lection de livres de Sandra Moussemp\u00e8s. L\u2019\u00e9v\u00e8nement a lieu au cin\u00e9ma Le Brady (43, Boulevard de Strasbourg 75010 Paris).Ouverture des portes d\u00e8s 20hTicket pour la soir\u00e9e : 5 euros R\u00e9servation pour la projection du film aupr\u00e8s de Rodolphe Perez(ro.perez@francemel.fr) \u2666\u2666\u2666\u2666\u2666 &nbsp; \u25ba\u00a0Sandra MOUSSEMP\u00c8S,\u00a0Fr\u00e9quence Mulholland, \u00e9ditions MF, septembre 2023, 136 pages, 15 \u20ac. Pour Sandra Moussemp\u00e8s, le po\u00e8te se fait spirite : contre les \u00ab subconscients plastifi\u00e9s \u00bb, son esprit cherche \u00ab l\u2019aura de l\u2019ailleurs \u00bb, \u00e0 \u00ab ouvrir des portes qui donnent sur d\u2019autres portes \u00bb, \u00e0 donner \u00ab sur une rue surnaturelle \u00bb (Colloque des t\u00e9l\u00e9pathes, \u00e9ditions de l\u2019Attente, 2012, pp. 27, 23 et 83). Il doit viser la mise en crise des signes\/signaux sociaux pour favoriser la mise en sc\u00e8ne\/voix\u00a0des fantasmes et fantasmagories. D\u2019o\u00f9 la pr\u00e9dilection affich\u00e9e pour les atmosph\u00e8res oniriques du cin\u00e9ma. Rien d\u2019\u00e9tonnant \u00e0 ce que Sandra Moussemp\u00e8s tire un recueil entier de Mulholland Drive (2001), son film f\u00e9tiche d\u00e9j\u00e0 \u00e9voqu\u00e9 dans certains de ses pr\u00e9c\u00e9dents livres, fascin\u00e9e qu\u2019elle est par la cr\u00e9ation d\u2019ambiances singuli\u00e8res, les jeux de miroirs autofictifs\u2026 la tension entre parole et silence, r\u00eave et r\u00e9alit\u00e9, r\u00e9alit\u00e9 et repr\u00e9sentations cod\u00e9es. Nous retrouvons ici Betty et Rita, mais d\u2019un lieu de r\u00e9v\u00e9lation Silencio est devenu un amant pervers, qui fait son cin\u00e9ma de s\u00e9ducteur avant d\u2019abandonner brutalement la narratrice\u00a0: au passage, nous entrevoyons le \u00ab\u00a0chemin de croix \u00e9rotique\u00a0\u00bb d\u2019une \u00ab\u00a0diagnostiqu\u00e9e hypersensible\u00a0\u00bb qui, souffrant de d\u00e9pendance affective, s\u2019en remet \u00e0 \u00ab\u00a0une coach nouvelle g\u00e9n\u00e9ration\u00a0\u00bb (p. 108) dont les injonctions sont tourn\u00e9es en d\u00e9rision. Dans un d\u00e9cor hollywoodien, entre autres, elle s\u2019irr\u00e9alise via ce chef-d\u2019\u0153uvre de David Lynch\u00a0: dans sa camera obscuraint\u00e9rieure d\u00e9filent les figures obsessionnelles qui hantent ses livres (les sorci\u00e8res Vesta et Lilith\u2026 la mauvaise m\u00e8re\u2026 le p\u00e8re admir\u00e9\u2026). L\u2019\u00e9criture spectrale permet de donner corps \u00e0 ses fant\u00f4mes : \u00ab Par le biais du biopic fant\u00f4me, les voix off et les cris stridents prennent place dans le grain du papier, chaque page recelant sa tessiture divinatoire \u00bb (130). \/Fabrice Thumerel\/ &nbsp; Libr-livres re\u00e7us \/FT\/ \u25ba Christophe HANNA, Gloire, \u00e9ditions Amsterdam, mai 2024, 180 pages, 16 \u20ac. Pr\u00e9sentation \u00e9ditoriale. \u00ab Je n\u2019ai jamais c\u00f4toy\u00e9 de c\u00e9l\u00e9brit\u00e9s. Aujourd\u2019hui, je peux dire que je n\u2019en connais aucune, \u00e0 la diff\u00e9rence de ma m\u00e8re et surtout de mon p\u00e8re qui m\u2019a laiss\u00e9 entendre qu\u2019il avait eu une relation avec la chanteuse y\u00e9-y\u00e9 Sheila, quand il \u00e9tait \u00e9tudiant \u00e0 l\u2019institut Fournier. \u00bb Un matin, David, un brocanteur, m\u2019avoue que, pour lui, commercer n\u2019est qu\u2019un hobby : il est avant tout joueur de poker professionnel, activit\u00e9 qui, dit-il avec enthousiasme, lui ouvre des portes vers d\u2019autres mondes. Autour des tables de jeu, lors des tournois, il rencontre des stars, des gens uniques comme Patrick Bruel : peu d\u2019interm\u00e9diaires nous en s\u00e9parent, le monde est petit. L\u2019\u00e9criture de nos \u00e9changes courants nous permet de retracer ces relations, parfois hasardeuses, parfois apparemment plus n\u00e9cessaires, qui nous relient, de proche en proche, \u00e0 une vedette, une gloire : Patrick Bruel mais aussi Didier Raoult, Sophie Marceau, Fran\u00e7ois Fillon, Christiane Taubira, Bernard-Henri L\u00e9vy\u2026 Gloire reconstruit ces tissus d\u2019affections et de d\u00e9saffections, de liaisons et de d\u00e9liaisons, et les constitue en formes sensibles de nos capitaux sociaux. Libr-regard LC.\u00a0Ne vous laissez pas prendre aux dr\u00f4les d&rsquo;\u00e9quations qui, allant crescendo (de un nom \u00e0 neuf), constituent les t\u00eates de chapitre \/ d&rsquo;affiche : \u00ab\u00a01. David = Patrick Bruel\u00a0\u00bb, \u00ab\u00a02. St\u00e9phane + Jacqueline = Didier Raoult\u00a0\u00bb, \u00ab\u00a03. Jean + Cyrille + Claude = Caroline Grimaldi\u00a0\u00bb&#8230; Ce singulier dispositif va glissando d&rsquo;un sujet \u00e0 un autre (au double sens de personne et th\u00e8me) pour tisser sa toile po\u00e9tique. &nbsp; \u25ba Gilles JALLET, Les Utopiques 2 : La Spirale de l&rsquo;histoire, La Rumeur libre \u00e9ditions, \u00e9t\u00e9 2024, 104 pages, 17 \u20ac. par les chemins an\u00e9antis nous ne cessons d\u2019aller\u00a0(Miklos Bokor) Pr\u00e9sentation \u00e9ditoriale. La Spirale de l\u2019histoire s\u2019inspire formellement des fresques \u00e9po\u00adnymes que Miklos Bokor a grav\u00e9es et peintes dans la chapelle de Maraden durant les ann\u00e9es 1998-2002, ainsi que des peintures sur toile datant d\u2019une p\u00e9riode plus ancienne \u00e0 partir de 1988, au moment o\u00f9 l\u2019homme r\u00e9appara\u00eet dans sa peinture, jusqu\u2019en 2010, l\u2019ann\u00e9e o\u00f9 il peignit son dernier tableau. Les titres des po\u00e8mes sont emprunt\u00e9s aux titres des tableaux ou des dessins au bistre de Miklos Bokor qui pour certains se retrouvent dans la fresque de Maraden. Libr-regard LC. Pour comprendre le projet de Gilles Jallet, il faut remonter au premier tome des Utopiques, dont le titre m\u00eame s\u2019inscrit dans le prolongement des Pythiques de Pindare ou des Bucoliques de Virgile : il recueille des po\u00e8mes in\u00e9luctablement fragmentaires, en ce sens que tout texte dit \u00ab d\u00e9finitif \u00bb ne peut \u00eatre qu\u2019utopique, et bien \u00e9videmment porte \u00ab la trace des dieux disparus&#8230;<\/p>\n","protected":false},"author":2,"featured_media":1405,"comment_status":"open","ping_status":"open","sticky":false,"template":"","format":"standard","meta":{"footnotes":""},"categories":[7,10,2],"tags":[2327,112,990,270,1949,229,1429,2448,12,1441,1388,1415,2395,215],"class_list":["post-5297","post","type-post","status-publish","format-standard","has-post-thumbnail","hentry","category-livres-recus","category-news","category-une","tag-agence-tumorale-de-communication-disruptive","tag-bernard-thomas-roudeix","tag-christophe-hanna","tag-daniel-pozner","tag-editions-la-rumeur-libre","tag-editions-louise-bottu","tag-editions-amsterdam","tag-exc-librairie","tag-fabrice-thumerel","tag-gilles-jallet","tag-marc-emile-thinez","tag-mf-editions","tag-rodolphe-perez","tag-sandra-moussempes"],"post_mailing_queue_ids":[],"_links":{"self":[{"href":"https:\/\/t-pas-net.com\/librCritN\/wp-json\/wp\/v2\/posts\/5297","targetHints":{"allow":["GET"]}}],"collection":[{"href":"https:\/\/t-pas-net.com\/librCritN\/wp-json\/wp\/v2\/posts"}],"about":[{"href":"https:\/\/t-pas-net.com\/librCritN\/wp-json\/wp\/v2\/types\/post"}],"author":[{"embeddable":true,"href":"https:\/\/t-pas-net.com\/librCritN\/wp-json\/wp\/v2\/users\/2"}],"replies":[{"embeddable":true,"href":"https:\/\/t-pas-net.com\/librCritN\/wp-json\/wp\/v2\/comments?post=5297"}],"version-history":[{"count":13,"href":"https:\/\/t-pas-net.com\/librCritN\/wp-json\/wp\/v2\/posts\/5297\/revisions"}],"predecessor-version":[{"id":5316,"href":"https:\/\/t-pas-net.com\/librCritN\/wp-json\/wp\/v2\/posts\/5297\/revisions\/5316"}],"wp:featuredmedia":[{"embeddable":true,"href":"https:\/\/t-pas-net.com\/librCritN\/wp-json\/wp\/v2\/media\/1405"}],"wp:attachment":[{"href":"https:\/\/t-pas-net.com\/librCritN\/wp-json\/wp\/v2\/media?parent=5297"}],"wp:term":[{"taxonomy":"category","embeddable":true,"href":"https:\/\/t-pas-net.com\/librCritN\/wp-json\/wp\/v2\/categories?post=5297"},{"taxonomy":"post_tag","embeddable":true,"href":"https:\/\/t-pas-net.com\/librCritN\/wp-json\/wp\/v2\/tags?post=5297"}],"curies":[{"name":"wp","href":"https:\/\/api.w.org\/{rel}","templated":true}]}}