{"id":554,"date":"2020-09-13T05:07:24","date_gmt":"2020-09-13T03:07:24","guid":{"rendered":"http:\/\/t-pas-net.com\/librCritN\/?p=554"},"modified":"2021-05-07T05:08:18","modified_gmt":"2021-05-07T03:08:18","slug":"news-news-du-dimanche-18","status":"publish","type":"post","link":"https:\/\/t-pas-net.com\/librCritN\/2020\/09\/13\/news-news-du-dimanche-18\/","title":{"rendered":"[News] News du dimanche"},"content":{"rendered":"<p>En route vers un automne que l\u2019on veut r\u00e9solument cr\u00e9atif : agenda Prigent, agenda Moussemp\u00e8s, RV \u00e0 la Librairie Texture\u2026<\/p>\n<p>&nbsp;<\/p>\n<p><strong>\u25ba Agenda de Christian Prigent<\/strong> : Avant que de rendre compte des <a href=\"http:\/\/www.t-pas-net.com\/libr-critique\/news-libr-news-23\/\">deux derniers livres de l\u2019\u00e9crivain<\/a> d\u00e9sormais reconnu (sa<a href=\"http:\/\/www.t-pas-net.com\/libr-critique\/wp-content\/uploads\/2020\/07\/PrigentPeinture2020.jpg\" rel=\"prettyphoto[554]\" rel=\"prettyphoto[16904]\"><img loading=\"lazy\" decoding=\"async\" class=\"alignright wp-image-16643\" src=\"http:\/\/www.t-pas-net.com\/libr-critique\/wp-content\/uploads\/2020\/07\/PrigentPeinture2020.jpg\" sizes=\"auto, (max-width: 155px) 100vw, 155px\" srcset=\"http:\/\/www.t-pas-net.com\/libr-critique\/wp-content\/uploads\/2020\/07\/PrigentPeinture2020.jpg 135w, http:\/\/www.t-pas-net.com\/libr-critique\/wp-content\/uploads\/2020\/07\/PrigentPeinture2020-116x150.jpg 116w\" alt=\"\" width=\"155\" height=\"201\" \/><\/a> correspondance avec Ponge et ses \u00e9crits sur l\u2019art), ces deux RV \u00e0 ne pas manquer\u2026<\/p>\n<p>\u00ab\u00a0Les hommes \u00a0 s\u2019approprient le monde par quelques trac\u00e9s articul\u00e9s qui l\u2019organisent en langage. Mais, du m\u00eame coup, ils s\u2019en s\u00e9parent et le disposent dans la distance du symbolique. L\u2019\u0153uvre peinte traduit cette distance dans l\u2019\u00e9cart optique que jauge le regard. Alors la sensation d\u2019une coupure et d\u2019une perte envahit cette distance.<br \/>\nMais une peinture est aussi un objet ouvr\u00e9 dont la mat\u00e9rialit\u00e9 sugg\u00e8re la r\u00e9duction de la distance\u00a0\u00bb (<strong><em>La Peinture me regarde<\/em><\/strong>, L\u2019Atelier contemporain, ao\u00fbt 2020, p. 26).<\/p>\n<div class=\"yiv6278559565\"><span class=\"yiv6278559565\"><b class=\"yiv6278559565\">Christian Prigent \u00e0 Saran (Orl\u00e9ans), Th\u00e9\u00e2tre de la T\u00eate Noire.<\/b><\/span><\/div>\n<div class=\"yiv6278559565\"><span class=\"yiv6278559565\">Le mardi 15 septembre \u00e0 19 h. <i class=\"yiv6278559565\">Peep-Show<\/i>, spectacle de Vanda Benes, d\u2019apr\u00e8s le roman en vers de Christian Prigent. Compagnie \u00ab<a href=\"http:\/\/www.t-pas-net.com\/libr-critique\/wp-content\/uploads\/2020\/09\/saran-150920.jpeg\" rel=\"prettyphoto[554]\" rel=\"prettyphoto[16904]\"><img loading=\"lazy\" decoding=\"async\" class=\"alignright size-full wp-image-16906\" src=\"http:\/\/www.t-pas-net.com\/libr-critique\/wp-content\/uploads\/2020\/09\/saran-150920.jpeg\" sizes=\"auto, (max-width: 220px) 100vw, 220px\" srcset=\"http:\/\/www.t-pas-net.com\/libr-critique\/wp-content\/uploads\/2020\/09\/saran-150920.jpeg 220w, http:\/\/www.t-pas-net.com\/libr-critique\/wp-content\/uploads\/2020\/09\/saran-150920-100x100.jpeg 100w, http:\/\/www.t-pas-net.com\/libr-critique\/wp-content\/uploads\/2020\/09\/saran-150920-144x144.jpeg 144w, http:\/\/www.t-pas-net.com\/libr-critique\/wp-content\/uploads\/2020\/09\/saran-150920-150x150.jpeg 150w, http:\/\/www.t-pas-net.com\/libr-critique\/wp-content\/uploads\/2020\/09\/saran-150920-75x75.jpeg 75w\" alt=\"\" width=\"220\" height=\"220\" \/><\/a> La belle Inutile\u00a0\u00bb. Conception et interpr\u00e9tation Vanda Benes. Cr\u00e9ation sonore Paul Gasnier. Lien : <a class=\"yiv6278559565\" href=\"http:\/\/www.theatre-tete-noire.com\/spectacle\/presentation-de-la-saison-peep-show\/92\" target=\"_blank\" rel=\"nofollow noopener\">http:\/\/www.theatre-tete-noire.com\/spectacle\/presentation-de-la-saison-peep-show\/92<\/a><\/span><\/div>\n<div class=\"yiv6278559565\"><\/div>\n<div class=\"yiv6278559565\"><span class=\"yiv6278559565\">Le vendredi 4 d\u00e9cembre 2020, \u00e0 20 h 30. <i class=\"yiv6278559565\">Tra la la !<\/i>, Spectacle de Vanda Benes sur des textes et po\u00e8mes de Christian Prigent. Musique Jean-Christophe Marti. Avec Vanda Benes (voix) et Emmanuel Olivier (piano). Lien :<\/span><span class=\"yiv6278559565\"> <a class=\"yiv6278559565\" href=\"http:\/\/www.theatre-tete-noire.com\/spectacle\/fabienne-pralon-et-tra-la-la-\/101\" target=\"_blank\" rel=\"nofollow noopener\">http:\/\/www.theatre-tete-noire.com\/spectacle\/fabienne-pralon-et-tra-la-la-\/101<\/a><\/span><\/div>\n<div class=\"yiv6278559565\"><\/div>\n<div class=\"yiv6278559565\"><span class=\"yiv6278559565\">Th\u00e9\u00e2tre de la T\u00eate Noire, 219 rue de la Fontaine 45770-Saran. T\u00e9l. : 02 38 73 14 14. Contact : <a class=\"yiv6278559565\" href=\"mailto:contact@theatre-tete-noire.com\" target=\"_blank\" rel=\"nofollow noopener\">contact@theatre-tete-noire.com<\/a>.<\/span><\/div>\n<div><\/div>\n<div><\/div>\n<p>&nbsp;<\/p>\n<div>\u25ba <strong>Vendredi 25 septembre \u00e0 19H30, Texture Librairie<\/strong> (94, avenue Jean-Jaur\u00e8s 75019 Paris), rencontre avec <strong>Laure Gauthier et Pedro Garcia-Velasquez<\/strong>.<\/div>\n<div><\/div>\n<div><a href=\"http:\/\/www.t-pas-net.com\/libr-critique\/wp-content\/uploads\/2020\/09\/Texture-Librairie.jpg\" rel=\"prettyphoto[554]\" rel=\"prettyphoto[16904]\"><img loading=\"lazy\" decoding=\"async\" class=\"aligncenter size-full wp-image-16909\" src=\"http:\/\/www.t-pas-net.com\/libr-critique\/wp-content\/uploads\/2020\/09\/Texture-Librairie.jpg\" sizes=\"auto, (max-width: 540px) 100vw, 540px\" srcset=\"http:\/\/www.t-pas-net.com\/libr-critique\/wp-content\/uploads\/2020\/09\/Texture-Librairie.jpg 540w, http:\/\/www.t-pas-net.com\/libr-critique\/wp-content\/uploads\/2020\/09\/Texture-Librairie-300x211.jpg 300w, http:\/\/www.t-pas-net.com\/libr-critique\/wp-content\/uploads\/2020\/09\/Texture-Librairie-150x106.jpg 150w, http:\/\/www.t-pas-net.com\/libr-critique\/wp-content\/uploads\/2020\/09\/Texture-Librairie-366x258.jpg 366w\" alt=\"\" width=\"540\" height=\"380\" \/><\/a><\/div>\n<p>&nbsp;<\/p>\n<p><strong>\u25ba Agenda de <a href=\"http:\/\/sandramoussempes.blogspot.com\">Sandra Moussemp\u00e8s<\/a><\/strong> :<\/p>\n<div>\n<div>\u2013\u00a0<b>Lecture au Centre Pompidou dans le cadre du festival Extra !<\/b>, de sa \u00ab\u00a0lettre \u00e0 une jeune po\u00e9tesse\u00a0\u00bb (en compagnie de<a href=\"http:\/\/www.t-pas-net.com\/libr-critique\/wp-content\/uploads\/2020\/08\/LPSEXTRA20.jpg\" rel=\"prettyphoto[554]\" rel=\"prettyphoto[16904]\"><img loading=\"lazy\" decoding=\"async\" class=\"alignright wp-image-16790\" src=\"http:\/\/www.t-pas-net.com\/libr-critique\/wp-content\/uploads\/2020\/08\/LPSEXTRA20-300x167.jpg\" sizes=\"auto, (max-width: 230px) 100vw, 230px\" srcset=\"http:\/\/www.t-pas-net.com\/libr-critique\/wp-content\/uploads\/2020\/08\/LPSEXTRA20-300x167.jpg 300w, http:\/\/www.t-pas-net.com\/libr-critique\/wp-content\/uploads\/2020\/08\/LPSEXTRA20-150x83.jpg 150w, http:\/\/www.t-pas-net.com\/libr-critique\/wp-content\/uploads\/2020\/08\/LPSEXTRA20-366x203.jpg 366w, http:\/\/www.t-pas-net.com\/libr-critique\/wp-content\/uploads\/2020\/08\/LPSEXTRA20.jpg 540w\" alt=\"\" width=\"230\" height=\"128\" \/><\/a> Liliane Giraudon, Nathalie Quintane, Chlo\u00e9 Delaume, Ryoko Sekiguchi etc..) le 26 septembre \u00e0 18 heures forum -1\u00a0<a title=\"https:\/\/www.centrepompidou.fr\/cpv\/agenda\/event.action?param.id=FR_R-64494d3cc483b93da32ed61b91242f7&amp;param.idSource=FR_E-64494d3cc483b93da32ed61b91242f7&amp;fbclid=IwAR0o25-zZgajhYeKNy4S7X-Nzi2ukleBi7Bvqvc3lLthPWXrBqYNmjmb2l4\" href=\"https:\/\/www.centrepompidou.fr\/cpv\/agenda\/event.action?param.id=FR_R-64494d3cc483b93da32ed61b91242f7&amp;param.idSource=FR_E-64494d3cc483b93da32ed61b91242f7&amp;fbclid=IwAR0o25-zZgajhYeKNy4S7X-Nzi2ukleBi7Bvqvc3lLthPWXrBqYNmjmb2l4\" target=\"_blank\" rel=\"nofollow noopener\">Infos ICI<\/a><\/div>\n<\/div>\n<div><\/div>\n<div>\u2013 Workshops \u00e0 <b>l\u2019ESAM de Caen <\/b>\u00a0Cin\u00e9ma\/Po\u00e9sie\/Son (\u00e9criture et travail en studio autour de la performance) sessions 2020\/2021<\/div>\n<div><\/div>\n<div>\u2013\u00a0<b>Lecture au Centre Pompidou<\/b>, de <i>Cin\u00e9ma de l\u2019affect<\/i> et d\u2019extraits de son prochain livre (\u00e0 para\u00eetre chez Po\u00e9sie\/Flammarion en janvier 2021), le 3 d\u00e9cembre dans le cadre des <b>En<\/b><b>jeux contemporains de la litt\u00e9rature,<\/b><u> petite <\/u>salle, suivie d\u2019une conf\u00e9rence de Jean-Luc Nancy.<\/div>\n<div><\/div>\n<p>&nbsp;<\/p>\n<div><strong>En lisant, en zigzaguant dans trois livres \u00e0\u00a0<\/strong><b>para\u00eetre\u2026<\/b><\/div>\n<div><\/div>\n<p>&nbsp;<\/p>\n<div>\u25ba Tristan Felix, <strong><em>Tangor<\/em><\/strong>, PhB \u00e9ditions, seconde quinzaine de septembre 2020 :<a href=\"http:\/\/www.t-pas-net.com\/libr-critique\/wp-content\/uploads\/2020\/09\/tangor.jpg\" rel=\"prettyphoto[554]\" rel=\"prettyphoto[16904]\"><img loading=\"lazy\" decoding=\"async\" class=\"alignright  wp-image-16922\" src=\"http:\/\/www.t-pas-net.com\/libr-critique\/wp-content\/uploads\/2020\/09\/tangor.jpg\" sizes=\"auto, (max-width: 110px) 100vw, 110px\" srcset=\"http:\/\/www.t-pas-net.com\/libr-critique\/wp-content\/uploads\/2020\/09\/tangor.jpg 200w, http:\/\/www.t-pas-net.com\/libr-critique\/wp-content\/uploads\/2020\/09\/tangor-100x150.jpg 100w\" alt=\"\" width=\"110\" height=\"165\" \/><\/a><\/div>\n<div><\/div>\n<div>\u00ab\u00a0<em>La veuve Tango<\/em> danse avec <em>Chevreuille Ecarlate<\/em>, cette autre \u00e9chapp\u00e9e de l\u2019espace du leurre, fianc\u00e9e sur la sc\u00e8ne au conte de la lune qui n\u2019avait qu\u2019un\u00a0\u0153il pour briller.<br \/>\nQui l\u2019embrasse soudain se noie dans la houle au miroir o\u00f9 chaque bouche de poisson accroche un tesson de verre imp\u00e9n\u00e9trable\u00a0\u00bb (p. 32).<\/div>\n<div><\/div>\n<p>&nbsp;<\/p>\n<div>\u25ba Jean-Michel Espitallier, <a href=\"http:\/\/www.t-pas-net.com\/libr-critique\/livres-news-libr-5\/\"><strong><em>Centre \u00e9pique<\/em><\/strong><\/a>, \u00e9ditions de l\u2019Attente, \u00e0 para\u00eetre le 9 octobre 2020 :<a href=\"http:\/\/www.t-pas-net.com\/libr-critique\/wp-content\/uploads\/2020\/08\/EspitallierCentrEpique.jpg\" rel=\"prettyphoto[554]\" rel=\"prettyphoto[16904]\"><img loading=\"lazy\" decoding=\"async\" class=\"alignright wp-image-16755\" src=\"http:\/\/www.t-pas-net.com\/libr-critique\/wp-content\/uploads\/2020\/08\/EspitallierCentrEpique.jpg\" sizes=\"auto, (max-width: 160px) 100vw, 160px\" srcset=\"http:\/\/www.t-pas-net.com\/libr-critique\/wp-content\/uploads\/2020\/08\/EspitallierCentrEpique.jpg 210w, http:\/\/www.t-pas-net.com\/libr-critique\/wp-content\/uploads\/2020\/08\/EspitallierCentrEpique-111x150.jpg 111w\" alt=\"\" width=\"160\" height=\"218\" \/><\/a><\/div>\n<div><\/div>\n<p>&nbsp;<\/p>\n<div>\u00ab\u00a0\u2026 Mai 68, nouvel \u00e9pisode de la tradition fran\u00e7aise de l\u2019\u00e9meute, \u00e9ternel geste romantique de la barricade, envol de pav\u00e9s, assauts de la troupe. Feux de camp dans la rue. La France de 68 ne peut se r\u00e9sumer aux \u00e9meutes du Quartier latin, m\u00eame si c\u2019est l\u00e0 que s\u2019est forg\u00e9e la mythologie soixante-huitarde construite sur l\u2019invention de la jeunesse, centrifugeuse pour tous les d\u00e9sirs d\u2019\u00e9mancipations \u00e0 venir, carnaval pop o\u00f9 tout sembla soudain possible parce qu\u2019on mit ses d\u00e9sirs dans la r\u00e9alit\u00e9\u00a0\u00bb (p. 72).<\/div>\n<div><\/div>\n<p>&nbsp;<\/p>\n<div>\u25ba V\u00e9ronique Bergen, <strong><em>Belgiques<\/em><\/strong>, Ker \u00e9ditions, \u00e0 para\u00eetre le 21 octobre :<a href=\"http:\/\/www.t-pas-net.com\/libr-critique\/wp-content\/uploads\/2020\/09\/BergenBelgiques.jpg\" rel=\"prettyphoto[554]\" rel=\"prettyphoto[16904]\"><img loading=\"lazy\" decoding=\"async\" class=\"alignright wp-image-16916\" src=\"http:\/\/www.t-pas-net.com\/libr-critique\/wp-content\/uploads\/2020\/09\/BergenBelgiques.jpg\" sizes=\"auto, (max-width: 110px) 100vw, 110px\" srcset=\"http:\/\/www.t-pas-net.com\/libr-critique\/wp-content\/uploads\/2020\/09\/BergenBelgiques.jpg 180w, http:\/\/www.t-pas-net.com\/libr-critique\/wp-content\/uploads\/2020\/09\/BergenBelgiques-90x150.jpg 90w\" alt=\"\" width=\"110\" height=\"183\" \/><\/a><\/div>\n<div><\/div>\n<div>\u00ab\u00a0Dans mon Monopoly mental, une case sur deux est une maison abandonn\u00e9e, les autres des terrains vagues. <em>Lolita, tu ne vas pas gauchir le parcours gnostique par tes prurits\u00a0\u0153dipiens, vomir sur le XVIII<sup>e<\/sup> si\u00e8cle des glaviota punko\u00efdes, revival post-hippie ? D\u00e9code les signaux \u00e9parpill\u00e9s sur cette place, arr\u00eate de r\u00e9musromuluser aupr\u00e8s de ta Louve. L\u00e8ve la t\u00eate, Lol. Les quatre cavaliers de l\u2019Apocalypse d\u00e9poseront leurs derniers messages lors de l\u2019Ommegang et du Tapis de fleurs<\/em>\u00a0\u00bb (p. 60).<\/div>\n","protected":false},"excerpt":{"rendered":"<p>En route vers un automne que l\u2019on veut r\u00e9solument cr\u00e9atif : agenda Prigent, agenda Moussemp\u00e8s, RV \u00e0 la Librairie Texture\u2026 &nbsp; \u25ba Agenda de Christian Prigent : Avant que de rendre compte des deux derniers livres de l\u2019\u00e9crivain d\u00e9sormais reconnu (sa correspondance avec Ponge et ses \u00e9crits sur l\u2019art), ces deux RV \u00e0 ne pas manquer\u2026 \u00ab\u00a0Les hommes \u00a0 s\u2019approprient le monde par quelques trac\u00e9s articul\u00e9s qui l\u2019organisent en langage. Mais, du m\u00eame coup, ils s\u2019en s\u00e9parent et le disposent dans la distance du symbolique. L\u2019\u0153uvre peinte traduit cette distance dans l\u2019\u00e9cart optique que jauge le regard. Alors la sensation d\u2019une coupure et d\u2019une perte envahit cette distance. Mais une peinture est aussi un objet ouvr\u00e9 dont la mat\u00e9rialit\u00e9 sugg\u00e8re la r\u00e9duction de la distance\u00a0\u00bb (La Peinture me regarde, L\u2019Atelier contemporain, ao\u00fbt 2020, p. 26). Christian Prigent \u00e0 Saran (Orl\u00e9ans), Th\u00e9\u00e2tre de la T\u00eate Noire. Le mardi 15 septembre \u00e0 19 h. Peep-Show, spectacle de Vanda Benes, d\u2019apr\u00e8s le roman en vers de Christian Prigent. Compagnie \u00ab La belle Inutile\u00a0\u00bb. Conception et interpr\u00e9tation Vanda Benes. Cr\u00e9ation sonore Paul Gasnier. Lien : http:\/\/www.theatre-tete-noire.com\/spectacle\/presentation-de-la-saison-peep-show\/92 Le vendredi 4 d\u00e9cembre 2020, \u00e0 20 h 30. Tra la la !, Spectacle de Vanda Benes sur des textes et po\u00e8mes de Christian Prigent. Musique Jean-Christophe Marti. Avec Vanda Benes (voix) et Emmanuel Olivier (piano). Lien : http:\/\/www.theatre-tete-noire.com\/spectacle\/fabienne-pralon-et-tra-la-la-\/101 Th\u00e9\u00e2tre de la T\u00eate Noire, 219 rue de la Fontaine 45770-Saran. T\u00e9l. : 02 38 73 14 14. Contact : contact@theatre-tete-noire.com. &nbsp; \u25ba Vendredi 25 septembre \u00e0 19H30, Texture Librairie (94, avenue Jean-Jaur\u00e8s 75019 Paris), rencontre avec Laure Gauthier et Pedro Garcia-Velasquez. &nbsp; \u25ba Agenda de Sandra Moussemp\u00e8s : \u2013\u00a0Lecture au Centre Pompidou dans le cadre du festival Extra !, de sa \u00ab\u00a0lettre \u00e0 une jeune po\u00e9tesse\u00a0\u00bb (en compagnie de Liliane Giraudon, Nathalie Quintane, Chlo\u00e9 Delaume, Ryoko Sekiguchi etc..) le 26 septembre \u00e0 18 heures forum -1\u00a0Infos ICI \u2013 Workshops \u00e0 l\u2019ESAM de Caen \u00a0Cin\u00e9ma\/Po\u00e9sie\/Son (\u00e9criture et travail en studio autour de la performance) sessions 2020\/2021 \u2013\u00a0Lecture au Centre Pompidou, de Cin\u00e9ma de l\u2019affect et d\u2019extraits de son prochain livre (\u00e0 para\u00eetre chez Po\u00e9sie\/Flammarion en janvier 2021), le 3 d\u00e9cembre dans le cadre des Enjeux contemporains de la litt\u00e9rature, petite salle, suivie d\u2019une conf\u00e9rence de Jean-Luc Nancy. &nbsp; En lisant, en zigzaguant dans trois livres \u00e0\u00a0para\u00eetre\u2026 &nbsp; \u25ba Tristan Felix, Tangor, PhB \u00e9ditions, seconde quinzaine de septembre 2020 : \u00ab\u00a0La veuve Tango danse avec Chevreuille Ecarlate, cette autre \u00e9chapp\u00e9e de l\u2019espace du leurre, fianc\u00e9e sur la sc\u00e8ne au conte de la lune qui n\u2019avait qu\u2019un\u00a0\u0153il pour briller. Qui l\u2019embrasse soudain se noie dans la houle au miroir o\u00f9 chaque bouche de poisson accroche un tesson de verre imp\u00e9n\u00e9trable\u00a0\u00bb (p. 32). &nbsp; \u25ba Jean-Michel Espitallier, Centre \u00e9pique, \u00e9ditions de l\u2019Attente, \u00e0 para\u00eetre le 9 octobre 2020 : &nbsp; \u00ab\u00a0\u2026 Mai 68, nouvel \u00e9pisode de la tradition fran\u00e7aise de l\u2019\u00e9meute, \u00e9ternel geste romantique de la barricade, envol de pav\u00e9s, assauts de la troupe. Feux de camp dans la rue. La France de 68 ne peut se r\u00e9sumer aux \u00e9meutes du Quartier latin, m\u00eame si c\u2019est l\u00e0 que s\u2019est forg\u00e9e la mythologie soixante-huitarde construite sur l\u2019invention de la jeunesse, centrifugeuse pour tous les d\u00e9sirs d\u2019\u00e9mancipations \u00e0 venir, carnaval pop o\u00f9 tout sembla soudain possible parce qu\u2019on mit ses d\u00e9sirs dans la r\u00e9alit\u00e9\u00a0\u00bb (p. 72). &nbsp; \u25ba V\u00e9ronique Bergen, Belgiques, Ker \u00e9ditions, \u00e0 para\u00eetre le 21 octobre : \u00ab\u00a0Dans mon Monopoly mental, une case sur deux est une maison abandonn\u00e9e, les autres des terrains vagues. Lolita, tu ne vas pas gauchir le parcours gnostique par tes prurits\u00a0\u0153dipiens, vomir sur le XVIIIe si\u00e8cle des glaviota punko\u00efdes, revival post-hippie ? D\u00e9code les signaux \u00e9parpill\u00e9s sur cette place, arr\u00eate de r\u00e9musromuluser aupr\u00e8s de ta Louve. L\u00e8ve la t\u00eate, Lol. Les quatre cavaliers de l\u2019Apocalypse d\u00e9poseront leurs derniers messages lors de l\u2019Ommegang et du Tapis de fleurs\u00a0\u00bb (p. 60).<\/p>\n","protected":false},"author":1,"featured_media":40,"comment_status":"open","ping_status":"open","sticky":false,"template":"","format":"standard","meta":{"footnotes":""},"categories":[10,2],"tags":[617,618,38,44,619,620,621,336,622,48,189,623,624,625,227,626,215,13,627,20],"class_list":["post-554","post","type-post","status-publish","format-standard","has-post-thumbnail","hentry","category-news","category-une","tag-centre-pompidou","tag-chloe-delaume","tag-christian-prigent","tag-editions-de-lattente","tag-esam-de-caen","tag-festival-extra-2020","tag-jean-luc-nancy","tag-jean-michel-espitallier","tag-ker-editions","tag-laure-gauthier","tag-liliane-giraudon","tag-nathalie-quintane","tag-parleuses","tag-pedro-garcia-velasquez","tag-phb-editions","tag-ponge-prigent","tag-sandra-moussempes","tag-tristan-felix","tag-vanda-benes","tag-veronique-bergen"],"post_mailing_queue_ids":[],"_links":{"self":[{"href":"https:\/\/t-pas-net.com\/librCritN\/wp-json\/wp\/v2\/posts\/554","targetHints":{"allow":["GET"]}}],"collection":[{"href":"https:\/\/t-pas-net.com\/librCritN\/wp-json\/wp\/v2\/posts"}],"about":[{"href":"https:\/\/t-pas-net.com\/librCritN\/wp-json\/wp\/v2\/types\/post"}],"author":[{"embeddable":true,"href":"https:\/\/t-pas-net.com\/librCritN\/wp-json\/wp\/v2\/users\/1"}],"replies":[{"embeddable":true,"href":"https:\/\/t-pas-net.com\/librCritN\/wp-json\/wp\/v2\/comments?post=554"}],"version-history":[{"count":1,"href":"https:\/\/t-pas-net.com\/librCritN\/wp-json\/wp\/v2\/posts\/554\/revisions"}],"predecessor-version":[{"id":555,"href":"https:\/\/t-pas-net.com\/librCritN\/wp-json\/wp\/v2\/posts\/554\/revisions\/555"}],"wp:featuredmedia":[{"embeddable":true,"href":"https:\/\/t-pas-net.com\/librCritN\/wp-json\/wp\/v2\/media\/40"}],"wp:attachment":[{"href":"https:\/\/t-pas-net.com\/librCritN\/wp-json\/wp\/v2\/media?parent=554"}],"wp:term":[{"taxonomy":"category","embeddable":true,"href":"https:\/\/t-pas-net.com\/librCritN\/wp-json\/wp\/v2\/categories?post=554"},{"taxonomy":"post_tag","embeddable":true,"href":"https:\/\/t-pas-net.com\/librCritN\/wp-json\/wp\/v2\/tags?post=554"}],"curies":[{"name":"wp","href":"https:\/\/api.w.org\/{rel}","templated":true}]}}