{"id":5559,"date":"2024-10-27T20:12:53","date_gmt":"2024-10-27T19:12:53","guid":{"rendered":"http:\/\/t-pas-net.com\/librCritN\/?p=5559"},"modified":"2024-10-27T20:12:53","modified_gmt":"2024-10-27T19:12:53","slug":"news-news-du-dimanche-92","status":"publish","type":"post","link":"https:\/\/t-pas-net.com\/librCritN\/2024\/10\/27\/news-news-du-dimanche-92\/","title":{"rendered":"[NEWS] NEWS DU DIMANCHE"},"content":{"rendered":"<p style=\"text-align: justify;\">En ce dernier dimanche d&rsquo;octobre, c&rsquo;est le moment de remettre les pendules \u00e0 l&rsquo;heure : <em><strong>LIBR-CRITIQUE.COM<\/strong><\/em> se veut dans l&rsquo;aire du temps, mais non dans cet air de la mode qui fustige l&rsquo;esprit de critique ou confond critique et promotion tous azimuts&#8230;<\/p>\n<p>&nbsp;<\/p>\n<p style=\"text-align: center;\"><strong><span style=\"color: #ffffff; background-color: #ff0000;\">Libr-livres re\u00e7us \/FT\/<\/span><\/strong><\/p>\n<p style=\"text-align: justify;\">\u25ba Elsa BOYER, <strong><em>Laminaire<\/em><\/strong>, Zo\u00e8me, Marseille, octobre 2024, 56 pages, 12 \u20ac.<\/p>\n<p style=\"text-align: justify;\"><strong><span style=\"background-color: #ffff00;\">Pr\u00e9sentation \u00e9ditoriale<\/span>. <em>Laminaire<\/em><\/strong> est compos\u00e9 de dix-sept longs po\u00e8mes dans lesquels sont tress\u00e9s vers et fragments de prose. On y rencontre, entre autres choses, un s\u00e9nateur am\u00e9ricain, des contrats de propri\u00e9t\u00e9 et de location, les dessins de corps <img loading=\"lazy\" decoding=\"async\" class=\"alignright size-full wp-image-5560\" src=\"http:\/\/t-pas-net.com\/librCritN\/wp-content\/uploads\/2024\/10\/Laminaire.jpg\" alt=\"\" width=\"220\" height=\"300\" srcset=\"https:\/\/t-pas-net.com\/librCritN\/wp-content\/uploads\/2024\/10\/Laminaire.jpg 220w, https:\/\/t-pas-net.com\/librCritN\/wp-content\/uploads\/2024\/10\/Laminaire-110x150.jpg 110w\" sizes=\"auto, (max-width: 220px) 100vw, 220px\" \/>f\u00e9minins et d&rsquo;organes dans les trait\u00e9s d&rsquo;anatomie, les vid\u00e9os Tiktok d&rsquo;un pr\u00e9sident, la vid\u00e9o <span id=\"js-showResume\" class=\"showResume\">de pr\u00e9sentation du robot Optimus de Tesla par Elon Musk, le texte du Sch\u00e9ma national du maintien de l&rsquo;ordre, ou encore des projets et propositions de loi. Laminaire est le premier livre de po\u00e9sie d&rsquo;Elsa Boyer.<\/span><\/p>\n<p style=\"text-align: justify;\"><strong><span style=\"background-color: #ffff00;\">Premi\u00e8res impressions LC<\/span>. <\/strong>Non sans humour \u2013 parfois caustique \u2013, l&rsquo;autrice nous rappelle que nous vivons dans un abyssal palais des glaces, \u00e9gar\u00e9s dans un infini miroitement de repr\u00e9sentations. Rien d&rsquo;\u00e9tonnant, donc, \u00e0 ce que la plupart des titres de po\u00e8me nous perdent dans le labyrinthe de la novlangue <em>mainstream<\/em> ; un exemple : \u00ab\u00a0c&rsquo;est un po\u00e8me autour du communiqu\u00e9 de presse du S\u00e9nat sur le projet de loi Immigration repris par la commission paritaire, et la proposition de loi visant \u00e0 prot\u00e9ger la langue fran\u00e7aise des d\u00e9rives de l&rsquo;\u00e9criture dite inclusive\u00a0\u00bb (p. 43)&#8230; Mais la v\u00e9ritable d\u00e9naturation de la langue-fran\u00e7aise n&rsquo;est-elle pas due aux pratiques du ministre-de-l&rsquo;int\u00e9rieur et des parlementaires qui \u00ab\u00a0mutent en mentaires\u00a0\u00bb ? Nulle pire trahison que celle du corps : \u00ab\u00a0entre les joues se d\u00e9grade la langue \/ r\u00e9duite \u00e0 \/ des fonctions canines\u00a0\u00bb&#8230;<\/p>\n<p>&nbsp;<\/p>\n<p style=\"text-align: justify;\">\u25ba Alain Marc, <em><strong>La Vie du cri<\/strong> \u2013 vie et cri, cri et vie, \u00e9criture du cri \u2013<\/em>, r\u00e9flexions (&amp; entretiens), pr\u00e9face de Jean-Philippe Testefort, \u00e9ditions Unicit\u00e9s, Saint-Ch\u00e9ron (91), automne 2024, 274 pages, 20 \u20ac.<\/p>\n<p style=\"text-align: justify;\"><strong><span style=\"background-color: #ffff00;\">Pr\u00e9sentation \u00e9ditoriale<\/span>. <\/strong>Il est des livres qui ne se laissent pas aborder tout \u00e0 fait comme des r\u00e9alit\u00e9s autosuffisantes, aspirant<img loading=\"lazy\" decoding=\"async\" class=\"alignright size-full wp-image-5565\" src=\"http:\/\/t-pas-net.com\/librCritN\/wp-content\/uploads\/2024\/10\/Marc_Cri.jpg\" alt=\"\" width=\"220\" height=\"310\" srcset=\"https:\/\/t-pas-net.com\/librCritN\/wp-content\/uploads\/2024\/10\/Marc_Cri.jpg 220w, https:\/\/t-pas-net.com\/librCritN\/wp-content\/uploads\/2024\/10\/Marc_Cri-213x300.jpg 213w, https:\/\/t-pas-net.com\/librCritN\/wp-content\/uploads\/2024\/10\/Marc_Cri-106x150.jpg 106w\" sizes=\"auto, (max-width: 220px) 100vw, 220px\" \/> le lecteur le temps d\u2019un voyage. Entrer dans <em>La Vie du cri<\/em> de cette mani\u00e8re conduirait en effet \u00e0 figer, an\u00e9antir un geste, un geste aussi vital que l\u2019\u00e9criture par laquelle Alain Marc poursuit le cri, de livre en livre, de texte en texte, de fragment en fragment. Dans une r\u00e9p\u00e9tition du geste presque litanique, se produisent d\u2019infinies diff\u00e9rences qui \u00e9veillent les chairs \u00e0 la faille d\u2019o\u00f9 sourd l\u2019expression. Ces \u00e9critures t\u00e9moignent d\u2019une vie de cris, vie qui interroge en retour, et par vagues, l\u2019\u00e9criture dans sa pr\u00e9tention \u00e0 dire le cri, et m\u00eame \u00e0 se faire cri. \u00c9criture \u00ab du \u00bb cri, la poursuite sans cesse reprise et repris\u00e9e de l\u2019auteur lui-m\u00eame, met en tension qui \u00e9crit, d\u2019o\u00f9 \u00ab \u00e7a \u00bb \u00e9crit et comment \u00ab \u00e7a \u00bb s\u2019\u00e9crit.<\/p>\n<p style=\"text-align: justify;\"><strong><span style=\"background-color: #ffff00;\">Premi\u00e8res impressions LC<\/span>. <\/strong>Au fil des d\u00e9cennies, le po\u00e8te du cri approfondit ses <strong><a href=\"http:\/\/www.t-pas-net.com\/libr-critique\/livres-news-libr-vacance-3\/\">recherches<\/a><\/strong>. S\u2019il se distingue des pr\u00e9c\u00e9dents opus par sa dimension plus intime (\u00ab\u00a0Notes m\u00e9taphysiques\u00a0\u00bb), ce volume qui r\u00e9unit textes et entretiens divers revient essentiellement sur une position paradoxale non d\u00e9nu\u00e9e d\u2019int\u00e9r\u00eat\u00a0: d\u2019une part, il revendique une po\u00e9tique et une politique du cri, se r\u00e9f\u00e9rant \u00e0 l\u2019\u0153uvre d\u2019Artaud comme au c\u00e9l\u00e8bre tableau de Munch, d\u00e9fendant un expressionnisme qui consiste \u00e0 manifester \u00ab\u00a0<em>ce qu\u2019il y a de plus tendre dans la sensibilit\u00e9<\/em>\u00a0\u00bb, \u00ab\u00a0<em>de plus spontan\u00e9 dans l\u2019imagination<\/em>\u00a0\u00bb (Blanchot), contre le formalisme et l\u2019intellectualisme d\u2019une po\u00e9sie contemporaine qui tourne le dos \u00e0 la vie\u00a0; d\u2019autre part, celui qui s\u2019arroge un exp\u00e9rimentalisme propre \u00ab\u00a0appr\u00e9cie pourtant des \u0153uvres comme celles de Christian Prigent, Val\u00e8re Novarina, Charles Pennequin ou \u00c9dith Azam\u00a0\u00bb (p. 190).<\/p>\n<p>&nbsp;<\/p>\n<p style=\"text-align: justify;\">\u25ba Michel Murat, <strong><em>Les Javelots de l&rsquo;avant-garde. Po\u00e9sie en France 1960-1980<\/em><\/strong>, Corti, en librairie depuis le 17 octobre 2024, 422 pages, 23,50 \u20ac.<\/p>\n<p style=\"text-align: justify;\"><strong><span style=\"background-color: #ffff00;\">Quatri\u00e8me de couverture<\/span>.<\/strong> Les javelots de l\u2019avant-garde : des \u0153uvres lanc\u00e9es comme des projectiles pour abattre la po\u00e9sie, cette maison commune, tandis que d\u2019autres essayaient d\u2019en saper les fondements, d\u2019autres au contraire d\u2019en consolider l\u2019\u00e9difice. Beaucoup de ces traits se sont perdus ; certains au contraire se sont fich\u00e9s en nous profond\u00e9ment. Denis Roche et Jacques<img loading=\"lazy\" decoding=\"async\" class=\"alignright size-full wp-image-5568\" src=\"http:\/\/t-pas-net.com\/librCritN\/wp-content\/uploads\/2024\/10\/les-javelots.jpg\" alt=\"\" width=\"220\" height=\"330\" srcset=\"https:\/\/t-pas-net.com\/librCritN\/wp-content\/uploads\/2024\/10\/les-javelots.jpg 220w, https:\/\/t-pas-net.com\/librCritN\/wp-content\/uploads\/2024\/10\/les-javelots-200x300.jpg 200w, https:\/\/t-pas-net.com\/librCritN\/wp-content\/uploads\/2024\/10\/les-javelots-100x150.jpg 100w\" sizes=\"auto, (max-width: 220px) 100vw, 220px\" \/> Roubaud, les po\u00e8tes du \u00ab Chemin \u00bb et ceux de <em>L\u2019\u00c9ph\u00e9m\u00e8re<\/em>, puis les tenants de la \u00ab modernit\u00e9 n\u00e9gative \u00bb \u2013 parmi eux quelques femmes brillant d\u2019un \u00e9clat singulier \u2013 ont dessin\u00e9 de 1960 \u00e0 1980 et au-del\u00e0 le paysage de la po\u00e9sie en France ; \u00e0 tous l\u2019innovation s\u2019imposait comme un mot d\u2019ordre. Leurs intentions et leurs r\u00e9alisations sont examin\u00e9es dans ce livre avec une attention libre de nostalgie \u00bb (Michel Murat).<\/p>\n<p style=\"text-align: justify;\"><strong><span style=\"background-color: #ffff00;\">Premi\u00e8res impressions LC<\/span>.<\/strong>\u00a0Apr\u00e8s <em>La Po\u00e9sie de l\u2019Apr\u00e8s-guerre 1945-1960<\/em>, paru chez le m\u00eame \u00e9diteur en 2022, voici venu le temps d\u2019aborder l\u2019avant-garde, \u00ab\u00a0con\u00e7ue \u00e0 la fois comme une mystique du nouveau et comme une guerre dans laquelle les \u0153uvres servent de projectiles offensifs\u00a0\u00bb (p. 7), en trois temps\u00a0: \u00ab\u00a0I. La Seconde crise de vers\u00a0\u00bb (Denis Roche, Jacques Roubaud)\u00a0; \u00ab\u00a0II. Contrefeux\u00a0\u00bb (Deguy, St\u00e9fan, R\u00e9da, <em>L\u2019\u00c9ph\u00e9m\u00e8re<\/em>)\u00a0; \u00ab\u00a0III. L\u2019Ablatif absolu\u00a0\u00bb (essentiellement sur la \u00ab\u00a0modernit\u00e9 n\u00e9gative\u00a0\u00bb). Mais peut-on seulement imaginer un volume d\u2019histoire litt\u00e9raire \u00e0 vis\u00e9e g\u00e9n\u00e9raliste qui pr\u00e9tende r\u00e9duire l\u2019avant-garde po\u00e9tique des ann\u00e9es 60-80 \u00e0 \u00ab\u00a0une histoire du vers\u00a0\u00bb (10)\u00a0? Exit la th\u00e9orie, l\u2019automatisme (surr\u00e9aliste et oulipien), la po\u00e9sie sc\u00e9nique (une page consacr\u00e9e \u00e0 la lecture publique, une demie \u00e0 la po\u00e9sie sonore, rien sur la po\u00e9sie visuelle)&#8230; Il s\u2019agit surtout de ne sortir en aucune fa\u00e7on d\u2019une conception restreinte de la po\u00e9sie. Ce qui est pour le moins paradoxal de la part d\u2019un sp\u00e9cialiste qui s\u2019est toujours montr\u00e9 curieux des exp\u00e9riences hors livre.<\/p>\n<p>&nbsp;<\/p>\n<p style=\"text-align: center;\"><span style=\"background-color: #ff0000; color: #ffffff;\"><strong>Libr-\u00e9v\u00e9nement en UNE<br \/>\n<\/strong><\/span><\/p>\n<p style=\"text-align: center;\"><img loading=\"lazy\" decoding=\"async\" class=\"aligncenter size-full wp-image-5562\" src=\"http:\/\/t-pas-net.com\/librCritN\/wp-content\/uploads\/2024\/10\/AlDante_CIPM.jpg\" alt=\"\" width=\"540\" height=\"1250\" srcset=\"https:\/\/t-pas-net.com\/librCritN\/wp-content\/uploads\/2024\/10\/AlDante_CIPM.jpg 540w, https:\/\/t-pas-net.com\/librCritN\/wp-content\/uploads\/2024\/10\/AlDante_CIPM-130x300.jpg 130w, https:\/\/t-pas-net.com\/librCritN\/wp-content\/uploads\/2024\/10\/AlDante_CIPM-442x1024.jpg 442w, https:\/\/t-pas-net.com\/librCritN\/wp-content\/uploads\/2024\/10\/AlDante_CIPM-65x150.jpg 65w, https:\/\/t-pas-net.com\/librCritN\/wp-content\/uploads\/2024\/10\/AlDante_CIPM-366x847.jpg 366w\" sizes=\"auto, (max-width: 540px) 100vw, 540px\" \/><\/p>\n","protected":false},"excerpt":{"rendered":"<p>En ce dernier dimanche d&rsquo;octobre, c&rsquo;est le moment de remettre les pendules \u00e0 l&rsquo;heure : LIBR-CRITIQUE.COM se veut dans l&rsquo;aire du temps, mais non dans cet air de la mode qui fustige l&rsquo;esprit de critique ou confond critique et promotion tous azimuts&#8230; &nbsp; Libr-livres re\u00e7us \/FT\/ \u25ba Elsa BOYER, Laminaire, Zo\u00e8me, Marseille, octobre 2024, 56 pages, 12 \u20ac. Pr\u00e9sentation \u00e9ditoriale. Laminaire est compos\u00e9 de dix-sept longs po\u00e8mes dans lesquels sont tress\u00e9s vers et fragments de prose. On y rencontre, entre autres choses, un s\u00e9nateur am\u00e9ricain, des contrats de propri\u00e9t\u00e9 et de location, les dessins de corps f\u00e9minins et d&rsquo;organes dans les trait\u00e9s d&rsquo;anatomie, les vid\u00e9os Tiktok d&rsquo;un pr\u00e9sident, la vid\u00e9o de pr\u00e9sentation du robot Optimus de Tesla par Elon Musk, le texte du Sch\u00e9ma national du maintien de l&rsquo;ordre, ou encore des projets et propositions de loi. Laminaire est le premier livre de po\u00e9sie d&rsquo;Elsa Boyer. Premi\u00e8res impressions LC. Non sans humour \u2013 parfois caustique \u2013, l&rsquo;autrice nous rappelle que nous vivons dans un abyssal palais des glaces, \u00e9gar\u00e9s dans un infini miroitement de repr\u00e9sentations. Rien d&rsquo;\u00e9tonnant, donc, \u00e0 ce que la plupart des titres de po\u00e8me nous perdent dans le labyrinthe de la novlangue mainstream ; un exemple : \u00ab\u00a0c&rsquo;est un po\u00e8me autour du communiqu\u00e9 de presse du S\u00e9nat sur le projet de loi Immigration repris par la commission paritaire, et la proposition de loi visant \u00e0 prot\u00e9ger la langue fran\u00e7aise des d\u00e9rives de l&rsquo;\u00e9criture dite inclusive\u00a0\u00bb (p. 43)&#8230; Mais la v\u00e9ritable d\u00e9naturation de la langue-fran\u00e7aise n&rsquo;est-elle pas due aux pratiques du ministre-de-l&rsquo;int\u00e9rieur et des parlementaires qui \u00ab\u00a0mutent en mentaires\u00a0\u00bb ? Nulle pire trahison que celle du corps : \u00ab\u00a0entre les joues se d\u00e9grade la langue \/ r\u00e9duite \u00e0 \/ des fonctions canines\u00a0\u00bb&#8230; &nbsp; \u25ba Alain Marc, La Vie du cri \u2013 vie et cri, cri et vie, \u00e9criture du cri \u2013, r\u00e9flexions (&amp; entretiens), pr\u00e9face de Jean-Philippe Testefort, \u00e9ditions Unicit\u00e9s, Saint-Ch\u00e9ron (91), automne 2024, 274 pages, 20 \u20ac. Pr\u00e9sentation \u00e9ditoriale. Il est des livres qui ne se laissent pas aborder tout \u00e0 fait comme des r\u00e9alit\u00e9s autosuffisantes, aspirant le lecteur le temps d\u2019un voyage. Entrer dans La Vie du cri de cette mani\u00e8re conduirait en effet \u00e0 figer, an\u00e9antir un geste, un geste aussi vital que l\u2019\u00e9criture par laquelle Alain Marc poursuit le cri, de livre en livre, de texte en texte, de fragment en fragment. Dans une r\u00e9p\u00e9tition du geste presque litanique, se produisent d\u2019infinies diff\u00e9rences qui \u00e9veillent les chairs \u00e0 la faille d\u2019o\u00f9 sourd l\u2019expression. Ces \u00e9critures t\u00e9moignent d\u2019une vie de cris, vie qui interroge en retour, et par vagues, l\u2019\u00e9criture dans sa pr\u00e9tention \u00e0 dire le cri, et m\u00eame \u00e0 se faire cri. \u00c9criture \u00ab du \u00bb cri, la poursuite sans cesse reprise et repris\u00e9e de l\u2019auteur lui-m\u00eame, met en tension qui \u00e9crit, d\u2019o\u00f9 \u00ab \u00e7a \u00bb \u00e9crit et comment \u00ab \u00e7a \u00bb s\u2019\u00e9crit. Premi\u00e8res impressions LC. Au fil des d\u00e9cennies, le po\u00e8te du cri approfondit ses recherches. S\u2019il se distingue des pr\u00e9c\u00e9dents opus par sa dimension plus intime (\u00ab\u00a0Notes m\u00e9taphysiques\u00a0\u00bb), ce volume qui r\u00e9unit textes et entretiens divers revient essentiellement sur une position paradoxale non d\u00e9nu\u00e9e d\u2019int\u00e9r\u00eat\u00a0: d\u2019une part, il revendique une po\u00e9tique et une politique du cri, se r\u00e9f\u00e9rant \u00e0 l\u2019\u0153uvre d\u2019Artaud comme au c\u00e9l\u00e8bre tableau de Munch, d\u00e9fendant un expressionnisme qui consiste \u00e0 manifester \u00ab\u00a0ce qu\u2019il y a de plus tendre dans la sensibilit\u00e9\u00a0\u00bb, \u00ab\u00a0de plus spontan\u00e9 dans l\u2019imagination\u00a0\u00bb (Blanchot), contre le formalisme et l\u2019intellectualisme d\u2019une po\u00e9sie contemporaine qui tourne le dos \u00e0 la vie\u00a0; d\u2019autre part, celui qui s\u2019arroge un exp\u00e9rimentalisme propre \u00ab\u00a0appr\u00e9cie pourtant des \u0153uvres comme celles de Christian Prigent, Val\u00e8re Novarina, Charles Pennequin ou \u00c9dith Azam\u00a0\u00bb (p. 190). &nbsp; \u25ba Michel Murat, Les Javelots de l&rsquo;avant-garde. Po\u00e9sie en France 1960-1980, Corti, en librairie depuis le 17 octobre 2024, 422 pages, 23,50 \u20ac. Quatri\u00e8me de couverture. Les javelots de l\u2019avant-garde : des \u0153uvres lanc\u00e9es comme des projectiles pour abattre la po\u00e9sie, cette maison commune, tandis que d\u2019autres essayaient d\u2019en saper les fondements, d\u2019autres au contraire d\u2019en consolider l\u2019\u00e9difice. Beaucoup de ces traits se sont perdus ; certains au contraire se sont fich\u00e9s en nous profond\u00e9ment. Denis Roche et Jacques Roubaud, les po\u00e8tes du \u00ab Chemin \u00bb et ceux de L\u2019\u00c9ph\u00e9m\u00e8re, puis les tenants de la \u00ab modernit\u00e9 n\u00e9gative \u00bb \u2013 parmi eux quelques femmes brillant d\u2019un \u00e9clat singulier \u2013 ont dessin\u00e9 de 1960 \u00e0 1980 et au-del\u00e0 le paysage de la po\u00e9sie en France ; \u00e0 tous l\u2019innovation s\u2019imposait comme un mot d\u2019ordre. Leurs intentions et leurs r\u00e9alisations sont examin\u00e9es dans ce livre avec une attention libre de nostalgie \u00bb (Michel Murat). Premi\u00e8res impressions LC.\u00a0Apr\u00e8s La Po\u00e9sie de l\u2019Apr\u00e8s-guerre 1945-1960, paru chez le m\u00eame \u00e9diteur en 2022, voici venu le temps d\u2019aborder l\u2019avant-garde, \u00ab\u00a0con\u00e7ue \u00e0 la fois comme une mystique du nouveau et comme une guerre dans laquelle les \u0153uvres servent de projectiles offensifs\u00a0\u00bb (p. 7), en trois temps\u00a0: \u00ab\u00a0I. La Seconde crise de vers\u00a0\u00bb (Denis Roche, Jacques Roubaud)\u00a0; \u00ab\u00a0II. Contrefeux\u00a0\u00bb (Deguy, St\u00e9fan, R\u00e9da, L\u2019\u00c9ph\u00e9m\u00e8re)\u00a0; \u00ab\u00a0III. L\u2019Ablatif absolu\u00a0\u00bb (essentiellement sur la \u00ab\u00a0modernit\u00e9 n\u00e9gative\u00a0\u00bb). Mais peut-on seulement imaginer un volume d\u2019histoire litt\u00e9raire \u00e0 vis\u00e9e g\u00e9n\u00e9raliste qui pr\u00e9tende r\u00e9duire l\u2019avant-garde po\u00e9tique des ann\u00e9es 60-80 \u00e0 \u00ab\u00a0une histoire du vers\u00a0\u00bb (10)\u00a0? Exit la th\u00e9orie, l\u2019automatisme (surr\u00e9aliste et oulipien), la po\u00e9sie sc\u00e9nique (une page consacr\u00e9e \u00e0 la lecture publique, une demie \u00e0 la po\u00e9sie sonore, rien sur la po\u00e9sie visuelle)&#8230; Il s\u2019agit surtout de ne sortir en aucune fa\u00e7on d\u2019une conception restreinte de la po\u00e9sie. Ce qui est pour le moins paradoxal de la part d\u2019un sp\u00e9cialiste qui s\u2019est toujours montr\u00e9 curieux des exp\u00e9riences hors livre. &nbsp; Libr-\u00e9v\u00e9nement en UNE<\/p>\n","protected":false},"author":2,"featured_media":2401,"comment_status":"open","ping_status":"open","sticky":false,"template":"","format":"standard","meta":{"footnotes":""},"categories":[7,10,2],"tags":[1307,292,1147,1366,298,38,1131,1047,1509,1915,2182,1414,12,2545,1213,1918,85,308,189,2298,1857,1836,2546,784,734,2329,1919,2547,720,1831,174],"class_list":["post-5559","post","type-post","status-publish","format-standard","has-post-thumbnail","hentry","category-livres-recus","category-news","category-une","tag-alain-marc","tag-antonin-artaud","tag-avant-garde-annees-70","tag-avant-gardes","tag-charles-pennequin","tag-christian-prigent","tag-danielle-memoire","tag-denis-roche","tag-editions-al-dante","tag-editions-unicite","tag-editions-zoeme","tag-elsa-boyer","tag-fabrice-thumerel","tag-jacques-roubaud","tag-jose-corti","tag-jude-stefan","tag-julien-blaine","tag-laurent-cauwet","tag-liliane-giraudon","tag-michael-batalla","tag-michel-deguy","tag-michel-murat","tag-modernite-negative","tag-natacha-guiller","tag-poesie-sonore","tag-poesie-critique","tag-poesie-experimentale","tag-revue-lephemere","tag-revue-txt","tag-stephane-nowak-papantoniou","tag-valere-novarina"],"post_mailing_queue_ids":[],"_links":{"self":[{"href":"https:\/\/t-pas-net.com\/librCritN\/wp-json\/wp\/v2\/posts\/5559","targetHints":{"allow":["GET"]}}],"collection":[{"href":"https:\/\/t-pas-net.com\/librCritN\/wp-json\/wp\/v2\/posts"}],"about":[{"href":"https:\/\/t-pas-net.com\/librCritN\/wp-json\/wp\/v2\/types\/post"}],"author":[{"embeddable":true,"href":"https:\/\/t-pas-net.com\/librCritN\/wp-json\/wp\/v2\/users\/2"}],"replies":[{"embeddable":true,"href":"https:\/\/t-pas-net.com\/librCritN\/wp-json\/wp\/v2\/comments?post=5559"}],"version-history":[{"count":6,"href":"https:\/\/t-pas-net.com\/librCritN\/wp-json\/wp\/v2\/posts\/5559\/revisions"}],"predecessor-version":[{"id":5569,"href":"https:\/\/t-pas-net.com\/librCritN\/wp-json\/wp\/v2\/posts\/5559\/revisions\/5569"}],"wp:featuredmedia":[{"embeddable":true,"href":"https:\/\/t-pas-net.com\/librCritN\/wp-json\/wp\/v2\/media\/2401"}],"wp:attachment":[{"href":"https:\/\/t-pas-net.com\/librCritN\/wp-json\/wp\/v2\/media?parent=5559"}],"wp:term":[{"taxonomy":"category","embeddable":true,"href":"https:\/\/t-pas-net.com\/librCritN\/wp-json\/wp\/v2\/categories?post=5559"},{"taxonomy":"post_tag","embeddable":true,"href":"https:\/\/t-pas-net.com\/librCritN\/wp-json\/wp\/v2\/tags?post=5559"}],"curies":[{"name":"wp","href":"https:\/\/api.w.org\/{rel}","templated":true}]}}