{"id":581,"date":"2020-08-23T05:19:00","date_gmt":"2020-08-23T03:19:00","guid":{"rendered":"http:\/\/t-pas-net.com\/librCritN\/?p=581"},"modified":"2021-05-07T05:20:09","modified_gmt":"2021-05-07T03:20:09","slug":"news-news-du-dimanche-20","status":"publish","type":"post","link":"https:\/\/t-pas-net.com\/librCritN\/2020\/08\/23\/news-news-du-dimanche-20\/","title":{"rendered":"[News] News du dimanche"},"content":{"rendered":"<p>Oui, \u00ab\u00a0<em>on vit une \u00e9poque compliqu\u00e9e<\/em>\u00a0\u00bb \u2013 pour nous faire l\u2019\u00e9cho de la note qu\u2019a post\u00e9e ce matin dans son journal\u00a0<a href=\"http:\/\/www.fuirestunepulsion.net\/spip.php?article4931\">Guillaume Vissac<\/a>\u2026<br \/>\nEt plut\u00f4t que de fustiger la vanit\u00e9 d\u2019une \u00e9ni\u00e8me Rentr\u00e9e-litt\u00e9raire ou, pour le dire \u00e0 la mani\u00e8re des organisateurs du Festival EXTRA!, \u00ab\u00a0plut\u00f4t que de se complaindre sur la fin lancinante de la litt\u00e9rature, il convient plus que jamais de manifester la vitalit\u00e9 multiple de la cr\u00e9ation litt\u00e9raire, sous toutes ses formes : vivante, sonore, expos\u00e9e, num\u00e9rique\u2026\u00a0\u00bb<br \/>\nApr\u00e8s la <strong>UNE<\/strong> consacr\u00e9e \u00e0 la <strong>4<sup>e<\/sup> \u00e9dition du Festival EXTRA!<\/strong>, quelques <strong>Libr-\u00e9v\u00e9nements<\/strong> de septembre\u2026<\/p>\n<p>&nbsp;<\/p>\n<p class=\"notice\"><strong>UNE : Festival EXTRA! #4, du 11 au 27 septembre 2020<\/strong><\/p>\n<p>Cr\u00e9\u00e9 au Centre Pompidou \u00e0 Paris en 2017, le Festival EXTRA! donne la plus large visibilit\u00e9 \u00e0 l\u2019ensemble des formes que prend aujourd\u2019hui la litt\u00e9rature. Lectures, performances, litt\u00e9rature expos\u00e9e, visuelle ou num\u00e9rique, po\u00e9sie sonore, rencontres\u00a0publiques, autant de pratiques litt\u00e9raires h\u00e9t\u00e9rog\u00e8nes qui am\u00e8nent la litt\u00e9rature \u00e0 sortir du livre pour se cr\u00e9er et se diffuser ailleurs et autrement : sur sc\u00e8ne, dans la rue, en public, \u00e0 l\u2019\u00e9cran, comme dans les mus\u00e9es et les espaces d\u2019exposition.<\/p>\n<p>L\u2019interrogation que porte EXTRA! sur la cr\u00e9ation litt\u00e9raire n\u2019est jamais apparu aussi n\u00e9cessaire qu\u2019aujourd\u2019hui, pour affronter le d\u00e9sarroi dans lequel nous plonge le monde, mais \u00e9galement pour r\u00e9enchanter notre rapport vivant \u00e0 la litt\u00e9rature dans toute sa diversit\u00e9. Organis\u00e9 en 7 chapitres \u00e0 la fa\u00e7on d\u2019un r\u00e9cit d\u2019aventure, th\u00e9matis\u00e9 autour du motif de l\u2019\u00eele, synonyme \u00e0 la fois d\u2019\u00e9vasion et de confinement, le festival EXTRA! vous embarque dans une odyss\u00e9e o\u00f9 il sera question de Musiques-fictions, de Manhattan et du po\u00e8te am\u00e9ricain John Giorno, d\u2019\u00e9critures \u00e9co-po\u00e9tiques et d\u2019une \u00eele peupl\u00e9e de Robinsons et de Parleuses.<\/p>\n<p><img loading=\"lazy\" decoding=\"async\" class=\"aligncenter size-full wp-image-16774\" src=\"http:\/\/www.t-pas-net.com\/libr-critique\/wp-content\/uploads\/2020\/08\/EXTRA2020.jpg\" sizes=\"auto, (max-width: 1920px) 100vw, 1920px\" srcset=\"http:\/\/www.t-pas-net.com\/libr-critique\/wp-content\/uploads\/2020\/08\/EXTRA2020.jpg 1920w, http:\/\/www.t-pas-net.com\/libr-critique\/wp-content\/uploads\/2020\/08\/EXTRA2020-300x169.jpg 300w, http:\/\/www.t-pas-net.com\/libr-critique\/wp-content\/uploads\/2020\/08\/EXTRA2020-768x432.jpg 768w, http:\/\/www.t-pas-net.com\/libr-critique\/wp-content\/uploads\/2020\/08\/EXTRA2020-1024x576.jpg 1024w, http:\/\/www.t-pas-net.com\/libr-critique\/wp-content\/uploads\/2020\/08\/EXTRA2020-150x84.jpg 150w, http:\/\/www.t-pas-net.com\/libr-critique\/wp-content\/uploads\/2020\/08\/EXTRA2020-366x206.jpg 366w, http:\/\/www.t-pas-net.com\/libr-critique\/wp-content\/uploads\/2020\/08\/EXTRA2020-770x433.jpg 770w\" alt=\"\" width=\"1920\" height=\"1080\" \/><\/p>\n<p class=\"notice\"><strong>PROGRAMME (encore provisoire)<\/strong><\/p>\n<div class=\"event_div_ar_0\">\n<div class=\"bloc_event_tab_event bloc_event_div_ar_0\">\n<div class=\"agenda-article-block agenda-article-description\">\n<div id=\"default_txt_0\">\n<div class=\"txt_desc notice\">\n<p class=\"notice\"><strong>CHAPITRE 1 : l\u2019\u00eele de Crash Park<\/strong><\/p>\n<p class=\"notice\">En continu du 11 au 27 septembre, Forum \u20131<\/p>\n<p class=\"notice\"><strong>CHAPITRE 2 : Les \u00eeles sonores<\/strong><\/p>\n<p class=\"notice\"><strong>Vendredi 11 septembre :<\/strong><br \/>\nRencontre avec Maylis de Kerangal, 18h30, Forum -1<br \/>\nMusiques-Fictions (Ircam), 19h, Grande salle<br \/>\n<strong>Samedi 12 septembre : <\/strong><br \/>\nLa rentr\u00e9e litt\u00e9raire, 15h-19h, Forum \u20131<br \/>\nLa rentr\u00e9e litt\u00e9raire, 15h-19h, Forum \u20131<br \/>\nMusiques-Fictions (IRCAM), 19h, Grande salle<br \/>\nRobert Cantarella et Romain Darolles, <em>Moi -m\u00eame, je me suis d\u00e9\u00e7u<\/em>, 14h-23h (dur\u00e9e : 9h), Centre culturel suisse<br \/>\n<strong>Dimanche 13 septembre<\/strong><br \/>\nLa rentr\u00e9e litt\u00e9raire, 15h-19h, Forum \u20131<br \/>\nMusiques-Fictions (IRCAM), 19h, Grande salle<\/p>\n<p class=\"notice\"><strong>CHAPITRE 3 : Eco-po\u00e9tiques<\/strong><\/p>\n<p class=\"notice\"><strong>Mercredi 16 septembre<\/strong><br \/>\nAtelier d\u2019\u00e9criture, 17h-19h<br \/>\nAntoine Boute, Op\u00e9ration Bio-Hardcore, 19h, Forum \u20131<br \/>\nTable ronde : La litt\u00e9rature \u00e0 l\u2019heure panique, 20h<br \/>\n<strong>Jeudi 17 septembre<\/strong><br \/>\nJulien Creuzet, performance, 19h, Forum -1<br \/>\nProgramme complet \u00e0 venir<\/p>\n<p class=\"notice\"><strong>CHAPITRE 4 : Urban Island <\/strong><\/p>\n<p class=\"notice\"><strong>Vendredi 18 septembre<\/strong><br \/>\nPlan\u00e9tarium, avec Fr\u00e9d\u00e9rique A\u00eft-Touati, Michel Lussault et Philippe Rahm, 18h30, Cin\u00e9ma 1<br \/>\n<strong>Samedi 19 septembre<\/strong><br \/>\nThe John Giorno Poetry Day, Grande Salle, Forum \u20131 et hors les murs, Toute la journ\u00e9e<br \/>\nPrix Bernard Heidsieck, Forum \u20131, 11h30-23h<br \/>\n<strong>Mardi 22 Septembre :<\/strong><br \/>\nBelgian Theory 3 \u2013 <em>Le Jour d\u2019apr\u00e8s<\/em>, Centre Wallonie-Bruxelles, 19h30<\/p>\n<p class=\"notice\"><strong>CHAPITRE 5 : Robinsonnades<\/strong><\/p>\n<p class=\"notice\"><strong>Mardi 22 septembre :<\/strong><br \/>\nGwena\u00ebl Morin, <em>Antonin Artaud \u2013 Le Th\u00e9\u00e2tre et son double<\/em>, Th\u00e9\u00e2tre des Amandiers de Nanterre, 20h30<br \/>\n<strong>Mercredi 23 septembre<\/strong><br \/>\nOlivier Cadiot, <em>M\u00e9decine g\u00e9n\u00e9rale<\/em>, 20h30, Grande Salle<br \/>\n<strong>Jeudi 24 septembre<\/strong><br \/>\nJean-Yves Jouannais, <em>L\u2019Encyclop\u00e9die des guerres<\/em>, 19h, Petite Salle<br \/>\nChristophe Fiat, <em>L\u2019\u00eele \u00e9pouvantable<\/em>, 20h30, Forum -1<\/p>\n<p class=\"notice\"><strong>CHAPITRE 6 : L\u2019\u00eele des parleuses<\/strong><\/p>\n<p class=\"notice\"><strong>Vendredi 25 septembre <\/strong><br \/>\nChlo\u00e9 Delaume, Rencontre, 19h, Forum -1<br \/>\nBarbara Carlotti, <em>Lecture Beat<\/em>, Maison de la Po\u00e9sie, 20h30<br \/>\n<strong>Samedi 26 septembre<\/strong><br \/>\nLettres \u00e0 une jeune po\u00e9tesse, 18h-20h, Forum -1<br \/>\n<strong>Dimanche 27 septembre <\/strong><br \/>\n<a href=\"http:\/\/litterature-etc.com\/le-week-end-des-parleuses-au-centre-pompidou\/\">Les Parleuses<\/a>, toute la journ\u00e9e, Bpi<br \/>\nJos\u00e8fa Ntjam, 18h, Forum -1<\/p>\n<p class=\"notice\"><strong>CHAPITRE 7 : Paysages alentours<br \/>\n<\/strong>Exposition dans le Forum \u20131 (en continu du 11 au 27 septembre)<\/p>\n<p><a href=\"http:\/\/www.t-pas-net.com\/libr-critique\/wp-content\/uploads\/2020\/08\/LPSEXTRA20.jpg\" rel=\"prettyphoto[581]\" rel=\"prettyphoto[16770]\"><img loading=\"lazy\" decoding=\"async\" class=\"aligncenter size-full wp-image-16790\" src=\"http:\/\/www.t-pas-net.com\/libr-critique\/wp-content\/uploads\/2020\/08\/LPSEXTRA20.jpg\" sizes=\"auto, (max-width: 540px) 100vw, 540px\" srcset=\"http:\/\/www.t-pas-net.com\/libr-critique\/wp-content\/uploads\/2020\/08\/LPSEXTRA20.jpg 540w, http:\/\/www.t-pas-net.com\/libr-critique\/wp-content\/uploads\/2020\/08\/LPSEXTRA20-300x167.jpg 300w, http:\/\/www.t-pas-net.com\/libr-critique\/wp-content\/uploads\/2020\/08\/LPSEXTRA20-150x83.jpg 150w, http:\/\/www.t-pas-net.com\/libr-critique\/wp-content\/uploads\/2020\/08\/LPSEXTRA20-366x203.jpg 366w\" alt=\"\" width=\"540\" height=\"300\" \/><\/a><\/p>\n<div class=\"kvgmc6g5 cxmmr5t8 oygrvhab hcukyx3x c1et5uql ii04i59q\">\n<div dir=\"auto\">\u2666 Au programme du Festival Extra! : La remise du\u00a0<strong>Prix litt\u00e9raire Bernard Heidsieck\u00a0<\/strong>aura lieu le <strong>samedi 19 septembre \u00e0<a href=\"http:\/\/www.t-pas-net.com\/libr-critique\/wp-content\/uploads\/2020\/08\/PrixHeidsieck.jpg\" rel=\"prettyphoto[581]\" rel=\"prettyphoto[16770]\"><img loading=\"lazy\" decoding=\"async\" class=\"alignright size-full wp-image-16773\" src=\"http:\/\/www.t-pas-net.com\/libr-critique\/wp-content\/uploads\/2020\/08\/PrixHeidsieck.jpg\" sizes=\"auto, (max-width: 220px) 100vw, 220px\" srcset=\"http:\/\/www.t-pas-net.com\/libr-critique\/wp-content\/uploads\/2020\/08\/PrixHeidsieck.jpg 220w, http:\/\/www.t-pas-net.com\/libr-critique\/wp-content\/uploads\/2020\/08\/PrixHeidsieck-100x100.jpg 100w, http:\/\/www.t-pas-net.com\/libr-critique\/wp-content\/uploads\/2020\/08\/PrixHeidsieck-144x144.jpg 144w, http:\/\/www.t-pas-net.com\/libr-critique\/wp-content\/uploads\/2020\/08\/PrixHeidsieck-150x150.jpg 150w, http:\/\/www.t-pas-net.com\/libr-critique\/wp-content\/uploads\/2020\/08\/PrixHeidsieck-75x75.jpg 75w\" alt=\"\" width=\"220\" height=\"220\" \/><\/a> 11h30 au Centre Pompidou<\/strong>\u00a0(Entr\u00e9e libre).<\/div>\n<div dir=\"auto\"><\/div>\n<\/div>\n<div class=\"o9v6fnle cxmmr5t8 oygrvhab hcukyx3x c1et5uql ii04i59q\">\n<div dir=\"auto\">Dans le monde des prix litt\u00e9raires, celui du Centre Pompidou est tout \u00e0 fait singulier : cr\u00e9\u00e9 en 2017, il veut mettre \u00e0 l\u2019honneur les formes diverses de la cr\u00e9ation litt\u00e9raire : po\u00e9sie sonore ou visuelle, performance, lectures, film-po\u00e8me, cr\u00e9ation num\u00e9rique, etc. Un prix de litt\u00e9rature vivante, plasticienne, hors du livre.<\/div>\n<\/div>\n<div class=\"o9v6fnle cxmmr5t8 oygrvhab hcukyx3x c1et5uql ii04i59q\">\n<div dir=\"auto\">Cette ann\u00e9e, le jury du prix Bernard Heidsieck-Centre Pompidou 2020, pr\u00e9sid\u00e9 par le po\u00e8te Jacques Donguy, a retenu les 4 nomin\u00e9(e)s suivants : Natalie Czech (Allemagne), J\u00e9r\u00f4me Game (France), Kinga Toth (Hongrie), Pierre Paulin (France).<\/div>\n<\/div>\n<div class=\"o9v6fnle cxmmr5t8 oygrvhab hcukyx3x c1et5uql ii04i59q\">\n<div dir=\"auto\">\ufffc<\/div>\n<\/div>\n<div class=\"o9v6fnle cxmmr5t8 oygrvhab hcukyx3x c1et5uql ii04i59q\">\n<div dir=\"auto\"><a href=\"http:\/\/www.t-pas-net.com\/libr-critique\/wp-content\/uploads\/2020\/08\/Czech.jpg\" rel=\"prettyphoto[581]\" rel=\"prettyphoto[16770]\"><img loading=\"lazy\" decoding=\"async\" class=\"alignleft wp-image-16775\" src=\"http:\/\/www.t-pas-net.com\/libr-critique\/wp-content\/uploads\/2020\/08\/Czech.jpg\" sizes=\"auto, (max-width: 100px) 100vw, 100px\" srcset=\"http:\/\/www.t-pas-net.com\/libr-critique\/wp-content\/uploads\/2020\/08\/Czech.jpg 220w, http:\/\/www.t-pas-net.com\/libr-critique\/wp-content\/uploads\/2020\/08\/Czech-100x100.jpg 100w, http:\/\/www.t-pas-net.com\/libr-critique\/wp-content\/uploads\/2020\/08\/Czech-144x144.jpg 144w, http:\/\/www.t-pas-net.com\/libr-critique\/wp-content\/uploads\/2020\/08\/Czech-150x150.jpg 150w, http:\/\/www.t-pas-net.com\/libr-critique\/wp-content\/uploads\/2020\/08\/Czech-75x75.jpg 75w\" alt=\"\" width=\"100\" height=\"100\" \/><\/a>Artiste, Natalie Czech (1976, vit et travaille \u00e0 Berlin) oscille entre po\u00e9sie concr\u00e8te et photographie conceptuelle. L\u2019\u00e9criture po\u00e9tique est au coeur de son travail, qu\u2019elle s\u2019applique \u00e0 faire \u00e9merger visuellement dans bien d\u2019autres supports ou m\u00e9dias : pochettes de disques, \u00e9crans, lettres, journaux, ou publicit\u00e9s.<\/div>\n<div dir=\"auto\"><\/div>\n<div dir=\"auto\">\u00c9crivain, po\u00e8te, J\u00e9r\u00f4me Game est l\u2019auteur d\u2019une quinzaine d\u2019ouvrages (recueils, livres-CD de po\u00e9sie sonore,<a href=\"http:\/\/www.t-pas-net.com\/libr-critique\/wp-content\/uploads\/2020\/08\/GameHeidsieck.jpg\" rel=\"prettyphoto[581]\" rel=\"prettyphoto[16770]\"><img loading=\"lazy\" decoding=\"async\" class=\"alignright wp-image-16783\" src=\"http:\/\/www.t-pas-net.com\/libr-critique\/wp-content\/uploads\/2020\/08\/GameHeidsieck.jpg\" sizes=\"auto, (max-width: 104px) 100vw, 104px\" srcset=\"http:\/\/www.t-pas-net.com\/libr-critique\/wp-content\/uploads\/2020\/08\/GameHeidsieck.jpg 200w, http:\/\/www.t-pas-net.com\/libr-critique\/wp-content\/uploads\/2020\/08\/GameHeidsieck-143x150.jpg 143w\" alt=\"\" width=\"104\" height=\"110\" \/><\/a>\u00a0essais, vid\u00e9opo\u00e8mes, th\u00e9\u00e2tre). Correspondances entre pratiques, questionnements transfrontaliers, dispositifs partag\u00e9s : c\u2019est dans ces \u00e9carts que son \u00e9criture agit et s\u2019ajuste, explorant la consistance du r\u00e9el des corps, des \u00e9v\u00e9nements et r\u00e9cits, collectifs ou individuels.<\/div>\n<\/div>\n<div class=\"o9v6fnle cxmmr5t8 oygrvhab hcukyx3x c1et5uql ii04i59q\">\n<div dir=\"auto\"><\/div>\n<\/div>\n<div class=\"o9v6fnle cxmmr5t8 oygrvhab hcukyx3x c1et5uql ii04i59q\">\n<div dir=\"auto\"><a href=\"http:\/\/www.t-pas-net.com\/libr-critique\/wp-content\/uploads\/2020\/08\/Paulin.jpg\" rel=\"prettyphoto[581]\" rel=\"prettyphoto[16770]\"><img loading=\"lazy\" decoding=\"async\" class=\"alignleft wp-image-16780\" src=\"http:\/\/www.t-pas-net.com\/libr-critique\/wp-content\/uploads\/2020\/08\/Paulin.jpg\" sizes=\"auto, (max-width: 104px) 100vw, 104px\" srcset=\"http:\/\/www.t-pas-net.com\/libr-critique\/wp-content\/uploads\/2020\/08\/Paulin.jpg 220w, http:\/\/www.t-pas-net.com\/libr-critique\/wp-content\/uploads\/2020\/08\/Paulin-100x100.jpg 100w, http:\/\/www.t-pas-net.com\/libr-critique\/wp-content\/uploads\/2020\/08\/Paulin-144x144.jpg 144w, http:\/\/www.t-pas-net.com\/libr-critique\/wp-content\/uploads\/2020\/08\/Paulin-150x150.jpg 150w, http:\/\/www.t-pas-net.com\/libr-critique\/wp-content\/uploads\/2020\/08\/Paulin-75x75.jpg 75w\" alt=\"\" width=\"104\" height=\"104\" \/><\/a>\u00c0 travers le po\u00e8me, la note, l\u2019essai, l\u2019\u00e9dition et des objets, Pierre Paulin (1982) inscrit son travail artistique dans la culture visuelle d\u2019aujourd\u2019hui. L\u2019utilisation du terme \u00ab look \u00bb, pour qualifier son travail po\u00e9tique ou les ensembles de v\u00eatements qu\u2019il reproduit, est le d\u00e9nominateur commun d\u2019une pratique de l\u2019\u00e9criture et de l\u2019art bas\u00e9e sur la combinaison de formats et de signes culturels.<\/div>\n<div dir=\"auto\"><\/div>\n<\/div>\n<div class=\"o9v6fnle cxmmr5t8 oygrvhab hcukyx3x c1et5uql ii04i59q\">\n<div dir=\"auto\">Kinga Toth (1983, Hongrie) \u00e9crit et publie des nouvelles, des po\u00e8mes et des pi\u00e8ces de th\u00e9\u00e2tre en hongrois, en allemand et en<a href=\"http:\/\/www.t-pas-net.com\/libr-critique\/wp-content\/uploads\/2020\/08\/Toth.jpg\" rel=\"prettyphoto[581]\" rel=\"prettyphoto[16770]\"><img loading=\"lazy\" decoding=\"async\" class=\"alignright wp-image-16779\" src=\"http:\/\/www.t-pas-net.com\/libr-critique\/wp-content\/uploads\/2020\/08\/Toth.jpg\" sizes=\"auto, (max-width: 95px) 100vw, 95px\" srcset=\"http:\/\/www.t-pas-net.com\/libr-critique\/wp-content\/uploads\/2020\/08\/Toth.jpg 220w, http:\/\/www.t-pas-net.com\/libr-critique\/wp-content\/uploads\/2020\/08\/Toth-100x100.jpg 100w, http:\/\/www.t-pas-net.com\/libr-critique\/wp-content\/uploads\/2020\/08\/Toth-144x144.jpg 144w, http:\/\/www.t-pas-net.com\/libr-critique\/wp-content\/uploads\/2020\/08\/Toth-150x150.jpg 150w, http:\/\/www.t-pas-net.com\/libr-critique\/wp-content\/uploads\/2020\/08\/Toth-75x75.jpg 75w\" alt=\"\" width=\"95\" height=\"95\" \/><\/a> anglais. Musicienne, chanteuse, po\u00e8te visuelle et sonore, elle pr\u00e9sente son travail dans des performances, des expositions\u00a0et des installations internationales.<\/div>\n<p>&nbsp;<\/p>\n<p><strong>Libr-\u00e9v\u00e9nements<\/strong><\/p>\n<p>\u25ba En lien avec le Festival au Centre Pompidou : le 11\/09 \u00e0 20H ; le 12 \u00e0 14H30 et 19H ; le 13 \u00e0 11H30.<\/p>\n<p><strong><em>L\u2019autre fille<\/em><\/strong> d\u2019Annie Ernaux<br \/>\nAur\u00e9lien Dumont composition, commande de l\u2019<a href=\"https:\/\/www.ircam.fr\/agenda\/musiques-fictions-n2-lautre-fille-dannie-ernaux-manifeste-2020\/detail\/\">Ircam-Centre Pompidou<\/a><br \/>\nDaniel Jeanneteau adaptation et r\u00e9alisation<br \/>\nAugustin Muller design sonore et r\u00e9alisation<br \/>\nSylvain Cadars ing\u00e9nierie sonore<br \/>\nAvec la voix d\u2019Annie Ernaux et musique enregistr\u00e9e par les musiciens de l\u2019ensemble L\u2019Instant Donn\u00e9, Nicolas Carpentier violoncelle, Maxime Echardour percussion, Mayu Sato-Br\u00e9maud fl\u00fbte<\/p>\n<p><img loading=\"lazy\" decoding=\"async\" class=\"aligncenter size-full wp-image-16784\" src=\"http:\/\/www.t-pas-net.com\/libr-critique\/wp-content\/uploads\/2020\/08\/ErnauxMusiquePompidou.jpg\" sizes=\"auto, (max-width: 540px) 100vw, 540px\" srcset=\"http:\/\/www.t-pas-net.com\/libr-critique\/wp-content\/uploads\/2020\/08\/ErnauxMusiquePompidou.jpg 540w, http:\/\/www.t-pas-net.com\/libr-critique\/wp-content\/uploads\/2020\/08\/ErnauxMusiquePompidou-300x167.jpg 300w, http:\/\/www.t-pas-net.com\/libr-critique\/wp-content\/uploads\/2020\/08\/ErnauxMusiquePompidou-150x83.jpg 150w, http:\/\/www.t-pas-net.com\/libr-critique\/wp-content\/uploads\/2020\/08\/ErnauxMusiquePompidou-366x203.jpg 366w\" alt=\"\" width=\"540\" height=\"300\" \/><\/p>\n<p>\u00ab\u00a0Musiques-Fictions\u00a0\u00bb est la collection que lance l\u2019Ircam en 2020 : un programme o\u00f9 la cr\u00e9ation musicale est en prise directe avec la fiction litt\u00e9raire. Ces musiques-fictions agencent un texte, en priorit\u00e9 celui d\u2019une auteure contemporaine, une musique originale li\u00e9e aux sens de la fiction, un metteur en sc\u00e8ne et des acteurs. Donner toute sa place \u00e0 l\u2019\u00e9criture musicale mais conserver toute son intelligibilit\u00e9 au texte : Musiques-Fictions entend renouveler le genre de la fiction radiophonique ou du H\u00f6rspiel, en d\u00e9passant la simple illustration sonore du r\u00e9cit ou du dialogue.<br \/>\nDans un espace immersif, sous le d\u00f4me de diffusion ambisonique, o\u00f9 l\u2019imagination est sollicit\u00e9e par l\u2019environnement sonore cr\u00e9\u00e9, l\u2019auditeur est convi\u00e9 \u00e0 une \u00e9coute partag\u00e9e.<\/p>\n<p>\u25ba<\/p>\n<p align=\"center\"><img loading=\"lazy\" decoding=\"async\" class=\"aligncenter size-full wp-image-16785\" src=\"http:\/\/www.t-pas-net.com\/libr-critique\/wp-content\/uploads\/2020\/08\/SaturneMPP.jpg\" sizes=\"auto, (max-width: 540px) 100vw, 540px\" srcset=\"http:\/\/www.t-pas-net.com\/libr-critique\/wp-content\/uploads\/2020\/08\/SaturneMPP.jpg 540w, http:\/\/www.t-pas-net.com\/libr-critique\/wp-content\/uploads\/2020\/08\/SaturneMPP-300x167.jpg 300w, http:\/\/www.t-pas-net.com\/libr-critique\/wp-content\/uploads\/2020\/08\/SaturneMPP-150x83.jpg 150w, http:\/\/www.t-pas-net.com\/libr-critique\/wp-content\/uploads\/2020\/08\/SaturneMPP-366x203.jpg 366w\" alt=\"\" width=\"540\" height=\"300\" \/><\/p>\n<p>\u25ba<\/p>\n<p align=\"center\"><img loading=\"lazy\" decoding=\"async\" class=\"aligncenter size-full wp-image-16786\" src=\"http:\/\/www.t-pas-net.com\/libr-critique\/wp-content\/uploads\/2020\/08\/ForteMPPsept2020.jpg\" sizes=\"auto, (max-width: 540px) 100vw, 540px\" srcset=\"http:\/\/www.t-pas-net.com\/libr-critique\/wp-content\/uploads\/2020\/08\/ForteMPPsept2020.jpg 540w, http:\/\/www.t-pas-net.com\/libr-critique\/wp-content\/uploads\/2020\/08\/ForteMPPsept2020-300x167.jpg 300w, http:\/\/www.t-pas-net.com\/libr-critique\/wp-content\/uploads\/2020\/08\/ForteMPPsept2020-150x83.jpg 150w, http:\/\/www.t-pas-net.com\/libr-critique\/wp-content\/uploads\/2020\/08\/ForteMPPsept2020-366x203.jpg 366w\" alt=\"\" width=\"540\" height=\"300\" \/><\/p>\n<\/div>\n<\/div>\n<\/div>\n<\/div>\n<\/div>\n<\/div>\n","protected":false},"excerpt":{"rendered":"<p>Oui, \u00ab\u00a0on vit une \u00e9poque compliqu\u00e9e\u00a0\u00bb \u2013 pour nous faire l\u2019\u00e9cho de la note qu\u2019a post\u00e9e ce matin dans son journal\u00a0Guillaume Vissac\u2026 Et plut\u00f4t que de fustiger la vanit\u00e9 d\u2019une \u00e9ni\u00e8me Rentr\u00e9e-litt\u00e9raire ou, pour le dire \u00e0 la mani\u00e8re des organisateurs du Festival EXTRA!, \u00ab\u00a0plut\u00f4t que de se complaindre sur la fin lancinante de la litt\u00e9rature, il convient plus que jamais de manifester la vitalit\u00e9 multiple de la cr\u00e9ation litt\u00e9raire, sous toutes ses formes : vivante, sonore, expos\u00e9e, num\u00e9rique\u2026\u00a0\u00bb Apr\u00e8s la UNE consacr\u00e9e \u00e0 la 4e \u00e9dition du Festival EXTRA!, quelques Libr-\u00e9v\u00e9nements de septembre\u2026 &nbsp; UNE : Festival EXTRA! #4, du 11 au 27 septembre 2020 Cr\u00e9\u00e9 au Centre Pompidou \u00e0 Paris en 2017, le Festival EXTRA! donne la plus large visibilit\u00e9 \u00e0 l\u2019ensemble des formes que prend aujourd\u2019hui la litt\u00e9rature. Lectures, performances, litt\u00e9rature expos\u00e9e, visuelle ou num\u00e9rique, po\u00e9sie sonore, rencontres\u00a0publiques, autant de pratiques litt\u00e9raires h\u00e9t\u00e9rog\u00e8nes qui am\u00e8nent la litt\u00e9rature \u00e0 sortir du livre pour se cr\u00e9er et se diffuser ailleurs et autrement : sur sc\u00e8ne, dans la rue, en public, \u00e0 l\u2019\u00e9cran, comme dans les mus\u00e9es et les espaces d\u2019exposition. L\u2019interrogation que porte EXTRA! sur la cr\u00e9ation litt\u00e9raire n\u2019est jamais apparu aussi n\u00e9cessaire qu\u2019aujourd\u2019hui, pour affronter le d\u00e9sarroi dans lequel nous plonge le monde, mais \u00e9galement pour r\u00e9enchanter notre rapport vivant \u00e0 la litt\u00e9rature dans toute sa diversit\u00e9. Organis\u00e9 en 7 chapitres \u00e0 la fa\u00e7on d\u2019un r\u00e9cit d\u2019aventure, th\u00e9matis\u00e9 autour du motif de l\u2019\u00eele, synonyme \u00e0 la fois d\u2019\u00e9vasion et de confinement, le festival EXTRA! vous embarque dans une odyss\u00e9e o\u00f9 il sera question de Musiques-fictions, de Manhattan et du po\u00e8te am\u00e9ricain John Giorno, d\u2019\u00e9critures \u00e9co-po\u00e9tiques et d\u2019une \u00eele peupl\u00e9e de Robinsons et de Parleuses. PROGRAMME (encore provisoire) CHAPITRE 1 : l\u2019\u00eele de Crash Park En continu du 11 au 27 septembre, Forum \u20131 CHAPITRE 2 : Les \u00eeles sonores Vendredi 11 septembre : Rencontre avec Maylis de Kerangal, 18h30, Forum -1 Musiques-Fictions (Ircam), 19h, Grande salle Samedi 12 septembre : La rentr\u00e9e litt\u00e9raire, 15h-19h, Forum \u20131 La rentr\u00e9e litt\u00e9raire, 15h-19h, Forum \u20131 Musiques-Fictions (IRCAM), 19h, Grande salle Robert Cantarella et Romain Darolles, Moi -m\u00eame, je me suis d\u00e9\u00e7u, 14h-23h (dur\u00e9e : 9h), Centre culturel suisse Dimanche 13 septembre La rentr\u00e9e litt\u00e9raire, 15h-19h, Forum \u20131 Musiques-Fictions (IRCAM), 19h, Grande salle CHAPITRE 3 : Eco-po\u00e9tiques Mercredi 16 septembre Atelier d\u2019\u00e9criture, 17h-19h Antoine Boute, Op\u00e9ration Bio-Hardcore, 19h, Forum \u20131 Table ronde : La litt\u00e9rature \u00e0 l\u2019heure panique, 20h Jeudi 17 septembre Julien Creuzet, performance, 19h, Forum -1 Programme complet \u00e0 venir CHAPITRE 4 : Urban Island Vendredi 18 septembre Plan\u00e9tarium, avec Fr\u00e9d\u00e9rique A\u00eft-Touati, Michel Lussault et Philippe Rahm, 18h30, Cin\u00e9ma 1 Samedi 19 septembre The John Giorno Poetry Day, Grande Salle, Forum \u20131 et hors les murs, Toute la journ\u00e9e Prix Bernard Heidsieck, Forum \u20131, 11h30-23h Mardi 22 Septembre : Belgian Theory 3 \u2013 Le Jour d\u2019apr\u00e8s, Centre Wallonie-Bruxelles, 19h30 CHAPITRE 5 : Robinsonnades Mardi 22 septembre : Gwena\u00ebl Morin, Antonin Artaud \u2013 Le Th\u00e9\u00e2tre et son double, Th\u00e9\u00e2tre des Amandiers de Nanterre, 20h30 Mercredi 23 septembre Olivier Cadiot, M\u00e9decine g\u00e9n\u00e9rale, 20h30, Grande Salle Jeudi 24 septembre Jean-Yves Jouannais, L\u2019Encyclop\u00e9die des guerres, 19h, Petite Salle Christophe Fiat, L\u2019\u00eele \u00e9pouvantable, 20h30, Forum -1 CHAPITRE 6 : L\u2019\u00eele des parleuses Vendredi 25 septembre Chlo\u00e9 Delaume, Rencontre, 19h, Forum -1 Barbara Carlotti, Lecture Beat, Maison de la Po\u00e9sie, 20h30 Samedi 26 septembre Lettres \u00e0 une jeune po\u00e9tesse, 18h-20h, Forum -1 Dimanche 27 septembre Les Parleuses, toute la journ\u00e9e, Bpi Jos\u00e8fa Ntjam, 18h, Forum -1 CHAPITRE 7 : Paysages alentours Exposition dans le Forum \u20131 (en continu du 11 au 27 septembre) \u2666 Au programme du Festival Extra! : La remise du\u00a0Prix litt\u00e9raire Bernard Heidsieck\u00a0aura lieu le samedi 19 septembre \u00e0 11h30 au Centre Pompidou\u00a0(Entr\u00e9e libre). Dans le monde des prix litt\u00e9raires, celui du Centre Pompidou est tout \u00e0 fait singulier : cr\u00e9\u00e9 en 2017, il veut mettre \u00e0 l\u2019honneur les formes diverses de la cr\u00e9ation litt\u00e9raire : po\u00e9sie sonore ou visuelle, performance, lectures, film-po\u00e8me, cr\u00e9ation num\u00e9rique, etc. Un prix de litt\u00e9rature vivante, plasticienne, hors du livre. Cette ann\u00e9e, le jury du prix Bernard Heidsieck-Centre Pompidou 2020, pr\u00e9sid\u00e9 par le po\u00e8te Jacques Donguy, a retenu les 4 nomin\u00e9(e)s suivants : Natalie Czech (Allemagne), J\u00e9r\u00f4me Game (France), Kinga Toth (Hongrie), Pierre Paulin (France). \ufffc Artiste, Natalie Czech (1976, vit et travaille \u00e0 Berlin) oscille entre po\u00e9sie concr\u00e8te et photographie conceptuelle. L\u2019\u00e9criture po\u00e9tique est au coeur de son travail, qu\u2019elle s\u2019applique \u00e0 faire \u00e9merger visuellement dans bien d\u2019autres supports ou m\u00e9dias : pochettes de disques, \u00e9crans, lettres, journaux, ou publicit\u00e9s. \u00c9crivain, po\u00e8te, J\u00e9r\u00f4me Game est l\u2019auteur d\u2019une quinzaine d\u2019ouvrages (recueils, livres-CD de po\u00e9sie sonore,\u00a0essais, vid\u00e9opo\u00e8mes, th\u00e9\u00e2tre). Correspondances entre pratiques, questionnements transfrontaliers, dispositifs partag\u00e9s : c\u2019est dans ces \u00e9carts que son \u00e9criture agit et s\u2019ajuste, explorant la consistance du r\u00e9el des corps, des \u00e9v\u00e9nements et r\u00e9cits, collectifs ou individuels. \u00c0 travers le po\u00e8me, la note, l\u2019essai, l\u2019\u00e9dition et des objets, Pierre Paulin (1982) inscrit son travail artistique dans la culture visuelle d\u2019aujourd\u2019hui. L\u2019utilisation du terme \u00ab look \u00bb, pour qualifier son travail po\u00e9tique ou les ensembles de v\u00eatements qu\u2019il reproduit, est le d\u00e9nominateur commun d\u2019une pratique de l\u2019\u00e9criture et de l\u2019art bas\u00e9e sur la combinaison de formats et de signes culturels. Kinga Toth (1983, Hongrie) \u00e9crit et publie des nouvelles, des po\u00e8mes et des pi\u00e8ces de th\u00e9\u00e2tre en hongrois, en allemand et en anglais. Musicienne, chanteuse, po\u00e8te visuelle et sonore, elle pr\u00e9sente son travail dans des performances, des expositions\u00a0et des installations internationales. &nbsp; Libr-\u00e9v\u00e9nements \u25ba En lien avec le Festival au Centre Pompidou : le 11\/09 \u00e0 20H ; le 12 \u00e0 14H30 et 19H ; le 13 \u00e0 11H30. L\u2019autre fille d\u2019Annie Ernaux Aur\u00e9lien Dumont composition, commande de l\u2019Ircam-Centre Pompidou Daniel Jeanneteau adaptation et r\u00e9alisation Augustin Muller design sonore et r\u00e9alisation Sylvain Cadars ing\u00e9nierie sonore Avec la voix d\u2019Annie Ernaux et musique enregistr\u00e9e par les musiciens de l\u2019ensemble L\u2019Instant Donn\u00e9, Nicolas Carpentier violoncelle, Maxime Echardour percussion, Mayu Sato-Br\u00e9maud fl\u00fbte \u00ab\u00a0Musiques-Fictions\u00a0\u00bb est la collection que lance l\u2019Ircam en 2020 : un programme o\u00f9 la cr\u00e9ation musicale est en prise directe avec la fiction litt\u00e9raire. Ces musiques-fictions agencent&#8230;<\/p>\n","protected":false},"author":1,"featured_media":40,"comment_status":"open","ping_status":"open","sticky":false,"template":"","format":"standard","meta":{"footnotes":""},"categories":[10,2],"tags":[654,110,365,617,618,275,12,96,197,655,318,656,210,657,658,557,659],"class_list":["post-581","post","type-post","status-publish","format-standard","has-post-thumbnail","hentry","category-news","category-une","tag-4e-festival-extra","tag-annie-ernaux","tag-antoine-boute","tag-centre-pompidou","tag-chloe-delaume","tag-christophe-fiat","tag-fabrice-thumerel","tag-frederic-forte","tag-jacques-donguy","tag-jean-max-colard","tag-jerome-game","tag-kinga-toth","tag-maison-de-la-poesie-paris","tag-nathalie-czech","tag-pierre-paulin","tag-prix-bernard-heidsieck","tag-sarah-chiche"],"post_mailing_queue_ids":[],"_links":{"self":[{"href":"https:\/\/t-pas-net.com\/librCritN\/wp-json\/wp\/v2\/posts\/581","targetHints":{"allow":["GET"]}}],"collection":[{"href":"https:\/\/t-pas-net.com\/librCritN\/wp-json\/wp\/v2\/posts"}],"about":[{"href":"https:\/\/t-pas-net.com\/librCritN\/wp-json\/wp\/v2\/types\/post"}],"author":[{"embeddable":true,"href":"https:\/\/t-pas-net.com\/librCritN\/wp-json\/wp\/v2\/users\/1"}],"replies":[{"embeddable":true,"href":"https:\/\/t-pas-net.com\/librCritN\/wp-json\/wp\/v2\/comments?post=581"}],"version-history":[{"count":2,"href":"https:\/\/t-pas-net.com\/librCritN\/wp-json\/wp\/v2\/posts\/581\/revisions"}],"predecessor-version":[{"id":583,"href":"https:\/\/t-pas-net.com\/librCritN\/wp-json\/wp\/v2\/posts\/581\/revisions\/583"}],"wp:featuredmedia":[{"embeddable":true,"href":"https:\/\/t-pas-net.com\/librCritN\/wp-json\/wp\/v2\/media\/40"}],"wp:attachment":[{"href":"https:\/\/t-pas-net.com\/librCritN\/wp-json\/wp\/v2\/media?parent=581"}],"wp:term":[{"taxonomy":"category","embeddable":true,"href":"https:\/\/t-pas-net.com\/librCritN\/wp-json\/wp\/v2\/categories?post=581"},{"taxonomy":"post_tag","embeddable":true,"href":"https:\/\/t-pas-net.com\/librCritN\/wp-json\/wp\/v2\/tags?post=581"}],"curies":[{"name":"wp","href":"https:\/\/api.w.org\/{rel}","templated":true}]}}