{"id":59,"date":"2021-03-28T05:04:00","date_gmt":"2021-03-28T03:04:00","guid":{"rendered":"http:\/\/t-pas-net.com\/librCritN\/?p=59"},"modified":"2021-04-27T05:07:04","modified_gmt":"2021-04-27T03:07:04","slug":"news-news-du-dimanche-2","status":"publish","type":"post","link":"https:\/\/t-pas-net.com\/librCritN\/2021\/03\/28\/news-news-du-dimanche-2\/","title":{"rendered":"[NEWS] NEWS DU DIMANCHE"},"content":{"rendered":"\n<p>On se plongera d\u2019embl\u00e9e dans un objet po\u00e9tique inventif : <strong><em>\u00c9clectiques Cit\u00e9s<\/em><\/strong> de Laure Gauthier\u2026 On d\u00e9couvrira ensuite une s\u00e9lection de 8 livres essentiellement parus en mars\u2026 avant de go\u00fbter un \u00e9pisode loufoque comme on les aime des \u00ab&nbsp;nouvelles aventures d\u2019Ovaine&nbsp;\u00bb\u2026<\/p>\n\n\n\n<p><strong>UNE : Laure Gauthier, <em>\u00c9clectiques cit\u00e9s<\/em><\/strong><\/p>\n\n\n\n<p><strong>\u25ba&nbsp;<\/strong>Laure Gauthier, <em><strong>\u00c9clectiques Cit\u00e9s<\/strong>,&nbsp;un album transpo\u00e9tique<\/em>,&nbsp;Livre (140 x 200) de 92 pages + CD + Livret de 24 pages, <a href=\"http:\/\/acedie58.fr\">Ac\u00e9die58<\/a>, mars 2021, 19 \u20ac TTC (<a href=\"https:\/\/www.helloasso.com\/associations\/acedie-58\/paiements\/eclectiques-cites\"><strong>commander<\/strong><\/a>), ISBN : 978-2-492760-00-6.<\/p>\n\n\n\n<p>\u00ab&nbsp;Les textes que j\u2019\u00e9cris articulent les attaques men\u00e9es par la soci\u00e9t\u00e9 capitaliste tardive<br>contre l\u2019individu, son corps, sa langue, sa pens\u00e9e, &nbsp;donc sa singularit\u00e9<br>et sa capacit\u00e9 \u00e0 d\u00e9jouer les assignations&nbsp;\u00bb (p. 17).<\/p>\n\n\n\n<div class=\"wp-block-image\"><figure class=\"alignright\"><a href=\"http:\/\/www.t-pas-net.com\/libr-critique\/wp-content\/uploads\/2021\/03\/Couv-Electriques-cites-laure-gauthier.jpg\" rel=\"prettyphoto[59]\"><img decoding=\"async\" src=\"http:\/\/www.t-pas-net.com\/libr-critique\/wp-content\/uploads\/2021\/03\/Couv-Electriques-cites-laure-gauthier.jpg\" alt=\"\" class=\"wp-image-17939\"\/><\/a><\/figure><\/div>\n\n\n\n<p>Entre la performance, le document et la po\u00e9sie sonore, voici un objet po\u00e9tique singulier,&nbsp;<strong><em>\u00c9clectiques Cit\u00e9s<\/em><\/strong>. Sur&nbsp;<em><strong>Libr-critique<\/strong><\/em>, on lira\/\u00e9coutera\/regardera : <a href=\"http:\/\/www.t-pas-net.com\/libr-critique\/creations-laure-gauthier-transpoems\/\"><em>Transpo\u00e8mes 1\/2<\/em><\/a> ; <a href=\"http:\/\/www.t-pas-net.com\/libr-critique\/creation-laure-gauthier-transpoems-2-2\/\"><em>Transpo\u00e8mes 2\/2<\/em><\/a> ; <a href=\"http:\/\/www.t-pas-net.com\/libr-critique\/creation-laure-gauthier-transpoemes-rodez-blues-ou-de-la-relativite-du-silence-1-2-du-dehors\/\"><em>\u00ab&nbsp;Rodez blues, 1\/2 : De la relativit\u00e9 du silence&nbsp;\u00bb<\/em><\/a> ; <em><a href=\"http:\/\/www.t-pas-net.com\/libr-critique\/creation-laure-gauthier-transpoemes-rodez-blues-ou-ceci-nest-pas-un-voyage-autour-de-ma-chambre-2-2-du-dedans\/\">\u00ab&nbsp;Rodez blues, 2\/2 : Ceci n\u2019est pas un voyage autour de ma chambre&nbsp;\u00bb<\/a><\/em>.<\/p>\n\n\n\n<p>\u00c9clectiques cit\u00e9s : Porto, Naples, Paris, Pomp\u00e9i. Lieux : paysages naturels divers ; mus\u00e9es ; maisons\u2026 On reviendra bient\u00f4t sur l\u2019architecture subtile du livre ainsi que sur l\u2019invention d\u2019un tel objet multipolaire.<\/p>\n\n\n\n<p>\u2666 <a href=\"https:\/\/www.laure-gauthier.com\/26-03-21-transpoemes-radio-canut\/\">26.03.21 Transpo\u00e8mes sur Radio Canut<\/a><\/p>\n\n\n\n<p>Baptiste Caruana programme plusieurs transpo\u00e8mes sortis de l\u2019album transpo\u00e9tique <strong><em>Eclectiques Cit\u00e9s<\/em><\/strong> (Ac\u00e9die58, 2021) dans l\u2019\u00e9mission POEZZ E CHRONIK sur Radio Canut. Ecouter&nbsp;:&nbsp;<a href=\"https:\/\/radiocanut.org\/emissions\/poezz-e-chronik\/\" target=\"_blank\" rel=\"noreferrer noopener\">https:\/\/radiocanut.org\/emissions\/poezz-e-chronik\/<\/a><\/p>\n\n\n\n<p>\u2666&nbsp;<strong>Rencontre radiophonique avec Laure Gauthier et l\u2019\u00e9quipe \u00e9ditoriale d\u2019Ac\u00e9die 58<\/strong> pr\u00e9sent\u00e9e par La Biblioth\u00e8que des Grands Moulins de l\u2019Universit\u00e9 de Paris en direct sur <a href=\"https:\/\/duuuradio.fr\"><em><strong>DUUU Radio<\/strong><\/em><\/a> de 17h \u00e0 18h30 le vendredi 2 avril entre les lignes \/ les mots \/ les signes \/ chaque mati\u00e8re\u2026<\/p>\n\n\n\n<p>Comment l\u2019\u00e9criture devient-elle un vecteur de de m\u00e9tamorphoses, o\u00f9 chaque lieu travers\u00e9 donne lieu \u00e0 un glissement de sens ? Comment lire et interpr\u00e9ter ces transformations ? Quelle entaille creuse l\u2019environnement dans le po\u00e8me et que nous dit cet \u00e9cart entre la voix de la situation et celle du texte. Quelles questions nouvelles \u00e9mergent alors ?<\/p>\n\n\n\n<p>Avec Laure Gauthier, po\u00e8te et artiste transdisciplinaire, qui \u00e9crivait d\u00e9j\u00e0 \u00ab entre les mots de villon \u00bb (<strong><em>je neige (entre les mots de villon)<\/em><\/strong>, LansKine, 2018), seront abord\u00e9es ces questions \u00e0 travers sa pratique de po\u00e8te et ses recherches universitaires en se concentrant particuli\u00e8rement sur son nouveau recueil et album transpo\u00e9tiques Eclectiques Cit\u00e9s qui vient de para\u00eetre chez Ac\u00e9die 58.<\/p>\n\n\n\n<div class=\"wp-block-image\"><figure class=\"aligncenter\"><a href=\"http:\/\/www.t-pas-net.com\/libr-critique\/wp-content\/uploads\/2021\/03\/LaureAcedieAvril.jpg\" rel=\"prettyphoto[59]\"><img decoding=\"async\" src=\"http:\/\/www.t-pas-net.com\/libr-critique\/wp-content\/uploads\/2021\/03\/LaureAcedieAvril.jpg\" alt=\"\" class=\"wp-image-17924\"\/><\/a><\/figure><\/div>\n\n\n\n<div class=\"wp-block-image\"><figure class=\"alignright\"><a href=\"http:\/\/www.t-pas-net.com\/libr-critique\/wp-content\/uploads\/2021\/03\/Couv-Electriques-cites-laure-gauthier.jpg\" rel=\"prettyphoto[59]\"><img decoding=\"async\" src=\"http:\/\/www.t-pas-net.com\/libr-critique\/wp-content\/uploads\/2021\/03\/Couv-Electriques-cites-laure-gauthier.jpg\" alt=\"\" class=\"wp-image-17939\"\/><\/a><\/figure><\/div>\n\n\n\n<p>Comme Gauthier souligne dans la pr\u00e9face de <em><strong>Eclectiques Cit\u00e9s<\/strong><\/em>, \u00ab J\u2019appelle <em>transpo\u00e8mes<\/em>&nbsp;des po\u00e8mes transgenres qui mutent et migrent. Passent d\u2019une rive po\u00e9tique \u00e0 l\u2019autre. Ce sont des segments que je pr\u00e9l\u00e8ve de mes textes publi\u00e9s ou en cours d\u2019\u00e9criture et que j\u2019enregistre \u00e0 l\u2019aide d\u2019un zoom audio ou de mon smartphone dans diff\u00e9rentes situations et diff\u00e9rents lieux.<br>Parler de transpo\u00e9sie est bien s\u00fbr un clin d\u2019\u0153il en sympathie adress\u00e9 aux travaux sur le genre. Les nouvelles avanc\u00e9es scientifiques et militantes sur le genre nous montrent la plasticit\u00e9 de celui-ci. Les transpo\u00e8mes entendent plaider pour la plasticit\u00e9 du genre po\u00e9tique. Ni po\u00e9sie sonore ni po\u00e9sie \u00e9crite ni m\u00eame po\u00e9sie mixte mais une po\u00e9sie dont le genre se modifie en fonction des situations. Hors sol, hors livre, ils prennent alors un autre sens\u2026La voix est le carrefour b\u00e9ant entre le sens du texte et le corps du po\u00e8te qui a fait l\u2019\u00e9preuve secr\u00e8te de ce texte en l\u2019\u00e9crivant\u2026Le transpo\u00e8me est un carrefour naturel : l\u2019\u00e9cart entre la voix sous le texte et la voix sonore y est vivant et impr\u00e9visible. \u00bb<\/p>\n\n\n\n<p>Lire entre l\u2019auteur\u00b7trice et son texte, entre son corps et ses mots, entre le sens, le son et ses trajectoires\u2026<\/p>\n\n\n\n<p><strong>Libr-8 (re\u00e7us et quasiment tous parus en mars 2021)<\/strong><\/p>\n\n\n\n<div class=\"wp-block-image\"><figure class=\"aligncenter\"><a href=\"http:\/\/www.t-pas-net.com\/libr-critique\/wp-content\/uploads\/2021\/03\/Libr8-mars-2021.jpg\" rel=\"prettyphoto[59]\"><img decoding=\"async\" src=\"http:\/\/www.t-pas-net.com\/libr-critique\/wp-content\/uploads\/2021\/03\/Libr8-mars-2021.jpg\" alt=\"\" class=\"wp-image-17930\"\/><\/a><\/figure><\/div>\n\n\n\n<p><strong>\u25ba <em>Des \u00e9crivains \u00e0 la biblioth\u00e8que de la Sorbonne \u2013 3&nbsp;<\/em><\/strong><em>: Hubert Haddad, Line Amselem, Christian Prigent, Mona Ozouf, Laure Murat<\/em>, \u00e9ditions de la Sorbonne, automne 2020, 196 pages, 5 \u20ac.<\/p>\n\n\n\n<p><strong>\u25ba&nbsp;<\/strong>\u00c9lisabeth ROUDINESCO,<strong><em> Soi-m\u00eame comme un roi. Essai sur les d\u00e9rives identitaires<\/em><\/strong>, Seuil, coll. \u00ab&nbsp;La Couleur des id\u00e9es&nbsp;\u00bb, mars 2021, 288 pages, 17,90 \u20ac.<\/p>\n\n\n\n<p>\u2660\u2660\u2660<\/p>\n\n\n\n<p><strong>\u25ba&nbsp;<\/strong>Aur\u00e9lia DECLERCQ, <strong><em>RIKIKI<\/em><\/strong>, pr\u00e9face de Pierre Alferi, \u00e9ditions de l\u2019Attente, mars 2021, 92 pages, 12 \u20ac.<\/p>\n\n\n\n<p><strong>\u25ba&nbsp;<\/strong>Lionel FONDEVILLE, <strong><em>La P\u00e9remption<\/em><\/strong>, \u00e9ditions Tinbad, mars 2021, 162 pages, 18 \u20ac.<\/p>\n\n\n\n<p><strong>\u25ba&nbsp;<\/strong>Typhaine GARNIER, <strong><em>Configures<\/em><\/strong>, \u00e9ditions Lurlure, mars 2021, 96 pages, 15 \u20ac.<\/p>\n\n\n\n<p><strong>\u25ba&nbsp;<\/strong>Laure GAUTHIER,&nbsp;<em><strong>\u00c9clectiques Cit\u00e9s<\/strong>,&nbsp;un album transpo\u00e9tique<\/em>,&nbsp;Livre (140 x 200) de 92 pages + CD + Livret de 24 pages, Ac\u00e9die58, mars 2021, 19 \u20ac TTC (<a href=\"https:\/\/www.helloasso.com\/associations\/acedie-58\/paiements\/eclectiques-cites\"><strong>commander<\/strong><\/a>).<\/p>\n\n\n\n<p><strong>\u25ba&nbsp;<\/strong>Ryoko SEKIGUCHI, <em><strong>961 heures \u00e0 Beyrouth (et 321 plats qui les accompagnent)<\/strong><\/em>, P.O.L, avril 2021, 256 pages, 19 \u20ac.<\/p>\n\n\n\n<p><strong>\u25ba&nbsp;<\/strong>Florence TROCM\u00c9, <em><strong>P\u2019tit Bonhomme de chemin<\/strong><\/em>, Lanskine \u00e9ditions, mars 2021, 56 pages, 14 \u20ac.<\/p>\n\n\n\n<p><strong>Les nouvelles aventures d\u2019Ovaine \/Tristan Felix\/<\/strong><\/p>\n\n\n\n<p>Alert\u00e9e par la pr\u00e9sence \u00e9nigmatique de son loup, Ovaine, depuis tr\u00e8s peu, s\u2019est affect\u00e9e au comptage des absents.<\/p>\n\n\n\n<div class=\"wp-block-image\"><figure class=\"alignright\"><a href=\"http:\/\/www.t-pas-net.com\/libr-critique\/wp-content\/uploads\/2020\/05\/TristanFelix.jpg\" rel=\"prettyphoto[59]\"><img decoding=\"async\" src=\"http:\/\/www.t-pas-net.com\/libr-critique\/wp-content\/uploads\/2020\/05\/TristanFelix.jpg\" alt=\"\" class=\"wp-image-16296\"\/><\/a><\/figure><\/div>\n\n\n\n<p>Les disparus, 37%, les pas l\u00e0, 14%, les pas l\u00e0 non plus, 29 %, les invisibles, 17%, les morts, 6%, les d\u00e9c\u00e9d\u00e9s, 10%, les exfiltr\u00e9s, 22%, les enlev\u00e9s, 32%, les \u00f4t\u00e9s 11%, les suicid\u00e9s, 13%, les morts-n\u00e9s, 9%, les en voie d\u2019extinction, 0,1%, les exclus du comptage, \u2013 0,1%, les non voyants, +0%\u2026<\/p>\n\n\n\n<p>\u2026 Ce qui fait tout de m\u00eame 200 absents sur 100 personnes non pr\u00e9sentes au compteur.<\/p>\n\n\n\n<p>Il urge de retrouver les 100 manquant \u00e0 l\u2019appel.<\/p>\n\n\n\n<p>Apr\u00e8s enqu\u00eate sur une \u00eele d\u00e9serte aupr\u00e8s des suspects, Ovaine remet son rapport : \u00ab&nbsp;Une population inqui\u00e9tante d\u2019absents prolif\u00e8re en toute impunit\u00e9.&nbsp;\u00bb<\/p>\n\n\n\n<p>D\u00e9cision est prise \u00e0 l\u2019unanimit\u00e9 de sonner l\u2019heure de la dispersion.<\/p>\n","protected":false},"excerpt":{"rendered":"<p>On se plongera d\u2019embl\u00e9e dans un objet po\u00e9tique inventif : \u00c9clectiques Cit\u00e9s de Laure Gauthier\u2026 On d\u00e9couvrira ensuite une s\u00e9lection de 8 livres essentiellement parus en mars\u2026 avant de go\u00fbter un \u00e9pisode loufoque comme on les aime des \u00ab&nbsp;nouvelles aventures d\u2019Ovaine&nbsp;\u00bb\u2026 UNE : Laure Gauthier, \u00c9clectiques cit\u00e9s \u25ba&nbsp;Laure Gauthier, \u00c9clectiques Cit\u00e9s,&nbsp;un album transpo\u00e9tique,&nbsp;Livre (140 x 200) de 92 pages + CD + Livret de 24 pages, Ac\u00e9die58, mars 2021, 19 \u20ac TTC (commander), ISBN : 978-2-492760-00-6. \u00ab&nbsp;Les textes que j\u2019\u00e9cris articulent les attaques men\u00e9es par la soci\u00e9t\u00e9 capitaliste tardivecontre l\u2019individu, son corps, sa langue, sa pens\u00e9e, &nbsp;donc sa singularit\u00e9et sa capacit\u00e9 \u00e0 d\u00e9jouer les assignations&nbsp;\u00bb (p. 17). Entre la performance, le document et la po\u00e9sie sonore, voici un objet po\u00e9tique singulier,&nbsp;\u00c9clectiques Cit\u00e9s. Sur&nbsp;Libr-critique, on lira\/\u00e9coutera\/regardera : Transpo\u00e8mes 1\/2 ; Transpo\u00e8mes 2\/2 ; \u00ab&nbsp;Rodez blues, 1\/2 : De la relativit\u00e9 du silence&nbsp;\u00bb ; \u00ab&nbsp;Rodez blues, 2\/2 : Ceci n\u2019est pas un voyage autour de ma chambre&nbsp;\u00bb. \u00c9clectiques cit\u00e9s : Porto, Naples, Paris, Pomp\u00e9i. Lieux : paysages naturels divers ; mus\u00e9es ; maisons\u2026 On reviendra bient\u00f4t sur l\u2019architecture subtile du livre ainsi que sur l\u2019invention d\u2019un tel objet multipolaire. \u2666 26.03.21 Transpo\u00e8mes sur Radio Canut Baptiste Caruana programme plusieurs transpo\u00e8mes sortis de l\u2019album transpo\u00e9tique Eclectiques Cit\u00e9s (Ac\u00e9die58, 2021) dans l\u2019\u00e9mission POEZZ E CHRONIK sur Radio Canut. Ecouter&nbsp;:&nbsp;https:\/\/radiocanut.org\/emissions\/poezz-e-chronik\/ \u2666&nbsp;Rencontre radiophonique avec Laure Gauthier et l\u2019\u00e9quipe \u00e9ditoriale d\u2019Ac\u00e9die 58 pr\u00e9sent\u00e9e par La Biblioth\u00e8que des Grands Moulins de l\u2019Universit\u00e9 de Paris en direct sur DUUU Radio de 17h \u00e0 18h30 le vendredi 2 avril entre les lignes \/ les mots \/ les signes \/ chaque mati\u00e8re\u2026 Comment l\u2019\u00e9criture devient-elle un vecteur de de m\u00e9tamorphoses, o\u00f9 chaque lieu travers\u00e9 donne lieu \u00e0 un glissement de sens ? Comment lire et interpr\u00e9ter ces transformations ? Quelle entaille creuse l\u2019environnement dans le po\u00e8me et que nous dit cet \u00e9cart entre la voix de la situation et celle du texte. Quelles questions nouvelles \u00e9mergent alors ? Avec Laure Gauthier, po\u00e8te et artiste transdisciplinaire, qui \u00e9crivait d\u00e9j\u00e0 \u00ab entre les mots de villon \u00bb (je neige (entre les mots de villon), LansKine, 2018), seront abord\u00e9es ces questions \u00e0 travers sa pratique de po\u00e8te et ses recherches universitaires en se concentrant particuli\u00e8rement sur son nouveau recueil et album transpo\u00e9tiques Eclectiques Cit\u00e9s qui vient de para\u00eetre chez Ac\u00e9die 58. Comme Gauthier souligne dans la pr\u00e9face de Eclectiques Cit\u00e9s, \u00ab J\u2019appelle transpo\u00e8mes&nbsp;des po\u00e8mes transgenres qui mutent et migrent. Passent d\u2019une rive po\u00e9tique \u00e0 l\u2019autre. Ce sont des segments que je pr\u00e9l\u00e8ve de mes textes publi\u00e9s ou en cours d\u2019\u00e9criture et que j\u2019enregistre \u00e0 l\u2019aide d\u2019un zoom audio ou de mon smartphone dans diff\u00e9rentes situations et diff\u00e9rents lieux.Parler de transpo\u00e9sie est bien s\u00fbr un clin d\u2019\u0153il en sympathie adress\u00e9 aux travaux sur le genre. Les nouvelles avanc\u00e9es scientifiques et militantes sur le genre nous montrent la plasticit\u00e9 de celui-ci. Les transpo\u00e8mes entendent plaider pour la plasticit\u00e9 du genre po\u00e9tique. Ni po\u00e9sie sonore ni po\u00e9sie \u00e9crite ni m\u00eame po\u00e9sie mixte mais une po\u00e9sie dont le genre se modifie en fonction des situations. Hors sol, hors livre, ils prennent alors un autre sens\u2026La voix est le carrefour b\u00e9ant entre le sens du texte et le corps du po\u00e8te qui a fait l\u2019\u00e9preuve secr\u00e8te de ce texte en l\u2019\u00e9crivant\u2026Le transpo\u00e8me est un carrefour naturel : l\u2019\u00e9cart entre la voix sous le texte et la voix sonore y est vivant et impr\u00e9visible. \u00bb Lire entre l\u2019auteur\u00b7trice et son texte, entre son corps et ses mots, entre le sens, le son et ses trajectoires\u2026 Libr-8 (re\u00e7us et quasiment tous parus en mars 2021) \u25ba Des \u00e9crivains \u00e0 la biblioth\u00e8que de la Sorbonne \u2013 3&nbsp;: Hubert Haddad, Line Amselem, Christian Prigent, Mona Ozouf, Laure Murat, \u00e9ditions de la Sorbonne, automne 2020, 196 pages, 5 \u20ac. \u25ba&nbsp;\u00c9lisabeth ROUDINESCO, Soi-m\u00eame comme un roi. Essai sur les d\u00e9rives identitaires, Seuil, coll. \u00ab&nbsp;La Couleur des id\u00e9es&nbsp;\u00bb, mars 2021, 288 pages, 17,90 \u20ac. \u2660\u2660\u2660 \u25ba&nbsp;Aur\u00e9lia DECLERCQ, RIKIKI, pr\u00e9face de Pierre Alferi, \u00e9ditions de l\u2019Attente, mars 2021, 92 pages, 12 \u20ac. \u25ba&nbsp;Lionel FONDEVILLE, La P\u00e9remption, \u00e9ditions Tinbad, mars 2021, 162 pages, 18 \u20ac. \u25ba&nbsp;Typhaine GARNIER, Configures, \u00e9ditions Lurlure, mars 2021, 96 pages, 15 \u20ac. \u25ba&nbsp;Laure GAUTHIER,&nbsp;\u00c9clectiques Cit\u00e9s,&nbsp;un album transpo\u00e9tique,&nbsp;Livre (140 x 200) de 92 pages + CD + Livret de 24 pages, Ac\u00e9die58, mars 2021, 19 \u20ac TTC (commander). \u25ba&nbsp;Ryoko SEKIGUCHI, 961 heures \u00e0 Beyrouth (et 321 plats qui les accompagnent), P.O.L, avril 2021, 256 pages, 19 \u20ac. \u25ba&nbsp;Florence TROCM\u00c9, P\u2019tit Bonhomme de chemin, Lanskine \u00e9ditions, mars 2021, 56 pages, 14 \u20ac. Les nouvelles aventures d\u2019Ovaine \/Tristan Felix\/ Alert\u00e9e par la pr\u00e9sence \u00e9nigmatique de son loup, Ovaine, depuis tr\u00e8s peu, s\u2019est affect\u00e9e au comptage des absents. Les disparus, 37%, les pas l\u00e0, 14%, les pas l\u00e0 non plus, 29 %, les invisibles, 17%, les morts, 6%, les d\u00e9c\u00e9d\u00e9s, 10%, les exfiltr\u00e9s, 22%, les enlev\u00e9s, 32%, les \u00f4t\u00e9s 11%, les suicid\u00e9s, 13%, les morts-n\u00e9s, 9%, les en voie d\u2019extinction, 0,1%, les exclus du comptage, \u2013 0,1%, les non voyants, +0%\u2026 \u2026 Ce qui fait tout de m\u00eame 200 absents sur 100 personnes non pr\u00e9sentes au compteur. Il urge de retrouver les 100 manquant \u00e0 l\u2019appel. Apr\u00e8s enqu\u00eate sur une \u00eele d\u00e9serte aupr\u00e8s des suspects, Ovaine remet son rapport : \u00ab&nbsp;Une population inqui\u00e9tante d\u2019absents prolif\u00e8re en toute impunit\u00e9.&nbsp;\u00bb D\u00e9cision est prise \u00e0 l\u2019unanimit\u00e9 de sonner l\u2019heure de la dispersion.<\/p>\n","protected":false},"author":1,"featured_media":60,"comment_status":"open","ping_status":"open","sticky":false,"template":"","format":"standard","meta":{"footnotes":""},"categories":[7,10,2],"tags":[42,38,39,44,43,40,41,36,37,28,47,12,45,46,48,50,49,13,51],"class_list":["post-59","post","type-post","status-publish","format-standard","has-post-thumbnail","hentry","category-livres-recus","category-news","category-une","tag-aurelia-declercq","tag-christian-prigent","tag-editions-acedie58","tag-editions-de-lattente","tag-editions-de-la-sorbonne","tag-editions-du-seuil","tag-editions-p-o-l","tag-editions-lanskine","tag-editions-lurlure","tag-editions-tinbad","tag-elisabeth-roudinesco","tag-fabrice-thumerel","tag-florence-trocme","tag-gauthier-agencement-repetitif","tag-laure-gauthier","tag-lionel-fondeville","tag-ryoko-sekiguchi","tag-tristan-felix","tag-typhaine-garnier"],"post_mailing_queue_ids":[],"_links":{"self":[{"href":"https:\/\/t-pas-net.com\/librCritN\/wp-json\/wp\/v2\/posts\/59","targetHints":{"allow":["GET"]}}],"collection":[{"href":"https:\/\/t-pas-net.com\/librCritN\/wp-json\/wp\/v2\/posts"}],"about":[{"href":"https:\/\/t-pas-net.com\/librCritN\/wp-json\/wp\/v2\/types\/post"}],"author":[{"embeddable":true,"href":"https:\/\/t-pas-net.com\/librCritN\/wp-json\/wp\/v2\/users\/1"}],"replies":[{"embeddable":true,"href":"https:\/\/t-pas-net.com\/librCritN\/wp-json\/wp\/v2\/comments?post=59"}],"version-history":[{"count":1,"href":"https:\/\/t-pas-net.com\/librCritN\/wp-json\/wp\/v2\/posts\/59\/revisions"}],"predecessor-version":[{"id":61,"href":"https:\/\/t-pas-net.com\/librCritN\/wp-json\/wp\/v2\/posts\/59\/revisions\/61"}],"wp:featuredmedia":[{"embeddable":true,"href":"https:\/\/t-pas-net.com\/librCritN\/wp-json\/wp\/v2\/media\/60"}],"wp:attachment":[{"href":"https:\/\/t-pas-net.com\/librCritN\/wp-json\/wp\/v2\/media?parent=59"}],"wp:term":[{"taxonomy":"category","embeddable":true,"href":"https:\/\/t-pas-net.com\/librCritN\/wp-json\/wp\/v2\/categories?post=59"},{"taxonomy":"post_tag","embeddable":true,"href":"https:\/\/t-pas-net.com\/librCritN\/wp-json\/wp\/v2\/tags?post=59"}],"curies":[{"name":"wp","href":"https:\/\/api.w.org\/{rel}","templated":true}]}}