{"id":6,"date":"2026-04-03T20:10:59","date_gmt":"2026-04-03T18:10:59","guid":{"rendered":"https:\/\/t-pas-net.com\/librCritN\/?p=6"},"modified":"2026-04-03T20:14:04","modified_gmt":"2026-04-03T18:14:04","slug":"deplacement-de-libr-critique","status":"publish","type":"post","link":"https:\/\/t-pas-net.com\/librCritN\/2026\/04\/03\/deplacement-de-libr-critique\/","title":{"rendered":"Du nouveau sur libr-critique"},"content":{"rendered":"\r\n<p style=\"text-align: justify;\">Gr\u00e2ce \u00e0 ses derni\u00e8res mises \u00e0 jour, <em><strong>Libr-critique <\/strong><\/em>gagne en puissance, stabilit\u00e9 et s\u00e9curit\u00e9. Les derniers changements auront lieu dans les semaines qui viennent, mais d&rsquo;ores et d\u00e9j\u00e0 vous pouvez percevoir sa discr\u00e8te ic\u00f4ne, dont le dessin entier figure dans ce post (merci \u00e0 Tristan Felix !) ; nous vous invitons \u00e0 consulter la rubrique renouvel\u00e9e <strong>Service-presse<\/strong> et bient\u00f4t la liste des <strong>r\u00e9dacteurs<\/strong> appara\u00eetra. Le renouvellement se fera \u00e9galement c\u00f4t\u00e9 contenu, avec des dossiers et des contributions de plus en plus libr&amp;critiques.<\/p>\r\n<p style=\"text-align: justify;\">L&rsquo;ancien site (2004-2020), mis \u00e0 jour \u00e9galement, est toujours consultable \u00e0 partir de celui-ci, qui devrait progressivement en int\u00e9grer encore une partie : les deux coexistent encore pour l&rsquo;instant \u2013 mais il n&rsquo;est pas impossible que l&rsquo;on parvienne \u00e0 fusionner le premier avec le second.<\/p>\r\n","protected":false},"excerpt":{"rendered":"<p>Gr\u00e2ce \u00e0 ses derni\u00e8res mises \u00e0 jour, Libr-critique gagne en puissance, stabilit\u00e9 et s\u00e9curit\u00e9. Les derniers changements auront lieu dans les semaines qui viennent, mais d&rsquo;ores et d\u00e9j\u00e0 vous pouvez percevoir sa discr\u00e8te ic\u00f4ne, dont le dessin entier figure dans ce post (merci \u00e0 Tristan Felix !) ; nous vous invitons \u00e0 consulter la rubrique renouvel\u00e9e Service-presse et bient\u00f4t la liste des r\u00e9dacteurs appara\u00eetra. Le renouvellement se fera \u00e9galement c\u00f4t\u00e9 contenu, avec des dossiers et des contributions de plus en plus libr&amp;critiques. L&rsquo;ancien site (2004-2020), mis \u00e0 jour \u00e9galement, est toujours consultable \u00e0 partir de celui-ci, qui devrait progressivement en int\u00e9grer encore une partie : les deux coexistent encore pour l&rsquo;instant \u2013 mais il n&rsquo;est pas impossible que l&rsquo;on parvienne \u00e0 fusionner le premier avec le second.<\/p>\n","protected":false},"author":1,"featured_media":7002,"comment_status":"open","ping_status":"open","sticky":true,"template":"","format":"standard","meta":{"footnotes":""},"categories":[10,2],"tags":[12,34,13],"class_list":["post-6","post","type-post","status-publish","format-standard","has-post-thumbnail","hentry","category-news","category-une","tag-fabrice-thumerel","tag-libr-critique-new","tag-tristan-felix"],"post_mailing_queue_ids":[],"_links":{"self":[{"href":"https:\/\/t-pas-net.com\/librCritN\/wp-json\/wp\/v2\/posts\/6","targetHints":{"allow":["GET"]}}],"collection":[{"href":"https:\/\/t-pas-net.com\/librCritN\/wp-json\/wp\/v2\/posts"}],"about":[{"href":"https:\/\/t-pas-net.com\/librCritN\/wp-json\/wp\/v2\/types\/post"}],"author":[{"embeddable":true,"href":"https:\/\/t-pas-net.com\/librCritN\/wp-json\/wp\/v2\/users\/1"}],"replies":[{"embeddable":true,"href":"https:\/\/t-pas-net.com\/librCritN\/wp-json\/wp\/v2\/comments?post=6"}],"version-history":[{"count":8,"href":"https:\/\/t-pas-net.com\/librCritN\/wp-json\/wp\/v2\/posts\/6\/revisions"}],"predecessor-version":[{"id":7003,"href":"https:\/\/t-pas-net.com\/librCritN\/wp-json\/wp\/v2\/posts\/6\/revisions\/7003"}],"wp:featuredmedia":[{"embeddable":true,"href":"https:\/\/t-pas-net.com\/librCritN\/wp-json\/wp\/v2\/media\/7002"}],"wp:attachment":[{"href":"https:\/\/t-pas-net.com\/librCritN\/wp-json\/wp\/v2\/media?parent=6"}],"wp:term":[{"taxonomy":"category","embeddable":true,"href":"https:\/\/t-pas-net.com\/librCritN\/wp-json\/wp\/v2\/categories?post=6"},{"taxonomy":"post_tag","embeddable":true,"href":"https:\/\/t-pas-net.com\/librCritN\/wp-json\/wp\/v2\/tags?post=6"}],"curies":[{"name":"wp","href":"https:\/\/api.w.org\/{rel}","templated":true}]}}