{"id":6160,"date":"2025-06-08T21:21:28","date_gmt":"2025-06-08T19:21:28","guid":{"rendered":"https:\/\/t-pas-net.com\/librCritN\/?p=6160"},"modified":"2025-06-11T09:31:31","modified_gmt":"2025-06-11T07:31:31","slug":"news-news-du-dimanche-102","status":"publish","type":"post","link":"https:\/\/t-pas-net.com\/librCritN\/2025\/06\/08\/news-news-du-dimanche-102\/","title":{"rendered":"[NEWS] NEWS DU DIMANCHE"},"content":{"rendered":"<p style=\"text-align: justify;\">En ce mois de juin o\u00f9 il s&rsquo;agit de <a href=\"https:\/\/deborderbollore.fr\/les-contributions\"><em><strong>d\u00e9border Bollor\u00e9<\/strong><\/em><\/a>, l&rsquo;accent sera mis sur une actualit\u00e9 po\u00e9tique intense, avec Tristan FELIX en <strong>UNE<\/strong> et pour sa nouvelle livraison d&rsquo;Ovaine&#8230; Et bien s\u00fbr le <strong>42e March\u00e9 de la po\u00e9sie<\/strong> qui ouvre ses portes le 18 juin&#8230; Un petit pas de c\u00f4t\u00e9 est par ailleurs le bienvenu : <strong>Libr-retour sur les <em>Chants d&rsquo;utopie<\/em> de Brice Bonfanti<\/strong>&#8230;<\/p>\n<p>&nbsp;<\/p>\n<p style=\"text-align: center;\"><span style=\"background-color: #ff0000; color: #ffffff;\"><strong>UNE : Avec <em>Exuvies<\/em> vos envies prennent vie&#8230; \/Fabrice Thumerel\/<\/strong><\/span><\/p>\n<p style=\"text-align: justify;\">Tristan FELIX, <strong><em>Exuvies<\/em><\/strong><em> suivi de <strong>B\u00eates d\u2019augures<\/strong><\/em>, PhB \u00e9ditions, vient de para\u00eetre le 29 mai 2025, 108 pages, 12 \u20ac, ISBN : 978-2-9593901-3-5.<br \/>\n<em>[March\u00e9 de la po\u00e9sie : stand 106]<\/em><\/p>\n<p style=\"text-align: right;\">l&rsquo;art c&rsquo;est pisse chaos (p. 82).<\/p>\n<p style=\"text-align: justify;\"><img loading=\"lazy\" decoding=\"async\" class=\"alignright size-full wp-image-6169\" src=\"http:\/\/t-pas-net.com\/librCritN\/wp-content\/uploads\/2025\/06\/muriel-martin.jpg\" alt=\"\" width=\"230\" height=\"167\" srcset=\"https:\/\/t-pas-net.com\/librCritN\/wp-content\/uploads\/2025\/06\/muriel-martin.jpg 230w, https:\/\/t-pas-net.com\/librCritN\/wp-content\/uploads\/2025\/06\/muriel-martin-150x109.jpg 150w\" sizes=\"auto, (max-width: 230px) 100vw, 230px\" \/><\/p>\n<p style=\"text-align: justify;\"><strong><span style=\"background-color: #ffff00;\">Pr\u00e9sentation \u00e9ditoriale<\/span>. <\/strong>L\u2019exuvie est l\u2019enveloppe que le corps de l\u2019animal a quitt\u00e9e lors de la mue ou de la m\u00e9tamorphose et qui laisse place \u00e0 une nouvelle cuticule d\u00e9j\u00e0 pr\u00eate en dessous de la pr\u00e9c\u00e9dente. Elle permet la croissance de l\u2019animal et a une fonction de d\u00e9toxication de l\u2019organisme. Les b\u00eates d\u2019augures peuvent t\u00e9moigner.<\/p>\n<p style=\"text-align: justify;\"><strong><span style=\"background-color: #ffff00;\">Note de lecture<\/span>. <\/strong>L\u2019\u0153uvre foisonnante de la polyartiste Tristan Felix abonde de riches bestiaires et cr\u00e9atures hybrides. Aussi n\u2019est-il <img loading=\"lazy\" decoding=\"async\" class=\"alignleft wp-image-6170\" src=\"http:\/\/t-pas-net.com\/librCritN\/wp-content\/uploads\/2025\/06\/exuvies.jpg\" alt=\"\" width=\"180\" height=\"291\" srcset=\"https:\/\/t-pas-net.com\/librCritN\/wp-content\/uploads\/2025\/06\/exuvies.jpg 225w, https:\/\/t-pas-net.com\/librCritN\/wp-content\/uploads\/2025\/06\/exuvies-185x300.jpg 185w, https:\/\/t-pas-net.com\/librCritN\/wp-content\/uploads\/2025\/06\/exuvies-93x150.jpg 93w\" sizes=\"auto, (max-width: 180px) 100vw, 180px\" \/>pas \u00e9tonnant de voir arriver ces <strong><em>Exuvies<\/em><\/strong><em> suivi de <strong>B\u00eates d\u2019augures<\/strong><\/em> \u2013 l\u2019augure \u00e9tant \u00ab\u00a0<em>l\u2019alibi du po\u00e8me<\/em> \/ <em>son identit\u00e9 transfuge<\/em>\u00a0\u00bb\u00a0: \u00ab\u00a0<em>il ment pour de vrai<\/em> \/ <em>comme une b\u00eate<\/em>\u00a0\u00bb&#8230; Histoire de rappeler que l\u2019identit\u00e9 comme la v\u00e9rit\u00e9 sont mobiles parce que complexes. Il faut dire que l\u2019esprit po\u00e9tique de l\u2019artiste et \u00e9crivaine aime \u00e0 se mouvoir dans l\u2019espace baroque des m\u00e9tamorphoses pour fuir celui, \u00e9triqu\u00e9, de notre monde en voie de d\u00e9composition.<\/p>\n<p style=\"text-align: justify;\">Est-ce parce l\u2019esp\u00e8ce humaine est \u00e0 court d\u2019imagination et de r\u00e9invention que Tristan Felix cherche la <em>r\u00e9alit\u00e9 impalpable<\/em> du monde animal, pour nous faire l\u2019\u00e9cho de Pierre Reverdy cit\u00e9 en exergue\u00a0? Est-ce parce qu\u2019il n\u2019y a plus de vie dans le monde humain qu\u2019elle est en qu\u00eate d\u2019exuvies dans <em>soixante-six po\u00e8mes-peaux<\/em>\u00a0? Le <em>Moi-peau<\/em> (Anzieu) de la po\u00e8te ressortit \u00e0 une animalit\u00e9 divagante et divergente&#8230; D\u00e9ton(n)ante aussi !<\/p>\n<p style=\"text-align: justify;\">C\u2019est donc tout <i>naturellement<\/i> que, dans le trente-cinqui\u00e8me <i>po\u00e8me-peau<\/i>, le texte s\u2019ouvre \u00e0 l\u2019insolite gr\u00e2ce aux t\u00e9lescopages lexicaux, aux jeux du signifiant et du signifi\u00e9, devenant un espace de mutations qui s\u2019affranchit des fronti\u00e8res entre humanit\u00e9 et animalit\u00e9\u00a0:<\/p>\n<p style=\"margin: 0cm; text-align: justify;\">de tout son steak la femme<\/p>\n<p style=\"margin: 0cm; text-align: justify;\">avance et r\u00e9clame sa proie<\/p>\n<p style=\"margin: 0cm; text-align: justify;\">du baiser-greffe<\/p>\n<p style=\"margin: 0cm; text-align: justify;\">elle \u00e9chancre sa joue<\/p>\n<p style=\"margin: 0cm; text-align: justify;\">qu\u2019y vienne planter son bec une buse<\/p>\n<p style=\"margin: 0cm; text-align: justify;\">de tant de fac\u00e9tie<\/p>\n<p style=\"margin: 0cm; text-align: justify;\">sa bouche rit, faite oiseau<\/p>\n<p>&nbsp;<\/p>\n<p style=\"text-align: center;\"><span style=\"background-color: #ff0000; color: #ffffff;\"><strong>Libr-retour sur les <em>Chants d&rsquo;utopie<\/em> de Brice Bonfanti\u00a0 \/Fabrice Thumerel\/<\/strong><\/span><\/p>\n<p><strong>Le cycle\u00a0: <\/strong><\/p>\n<p>2024 &#8211; Sens &amp; Tonka &amp; Cie : <em>Chants d&rsquo;utopie : quatri\u00e8me cycle<\/em><\/p>\n<p>2021 &#8211; Sens &amp; Tonka &amp; Cie : <em>Chants d&rsquo;utopie : troisi\u00e8me cycle<\/em><\/p>\n<p>2019 &#8211; Sens &amp; Tonka &amp; Cie : <em>Chants d&rsquo;utopie : deuxi\u00e8me cycle<\/em><\/p>\n<p><img loading=\"lazy\" decoding=\"async\" class=\"alignleft size-full wp-image-6172\" src=\"http:\/\/t-pas-net.com\/librCritN\/wp-content\/uploads\/2025\/06\/Bonfanti_Chants4.jpg\" alt=\"\" width=\"225\" height=\"300\" srcset=\"https:\/\/t-pas-net.com\/librCritN\/wp-content\/uploads\/2025\/06\/Bonfanti_Chants4.jpg 225w, https:\/\/t-pas-net.com\/librCritN\/wp-content\/uploads\/2025\/06\/Bonfanti_Chants4-113x150.jpg 113w\" sizes=\"auto, (max-width: 225px) 100vw, 225px\" \/>2017 &#8211; Sens &amp; Tonka &amp; Cie : <em>Chants d&rsquo;utopie : premier cycle<\/em><\/p>\n<p style=\"text-align: justify;\">Fort de ses trois d\u00e9cennies d\u2019exp\u00e9rience d\u2019\u00e9criture et des quatre cycles publi\u00e9s de ses <strong><em>Chants d\u2019utopie<\/em><\/strong>, cette \u00ab nouvelle Divine Com\u00e9die au XXIe si\u00e8cle \u00bb, Brice Bonfanti va publier fin 2025-d\u00e9but 2026 son cinqui\u00e8me des neuf cycles pr\u00e9vus par l\u2019\u00e9diteur. Il s\u2019agit ici d\u2019une magnifique d\u00e9couverte, tant sont rares les projets aussi ambitieux : chaque cycle comporte neuf chants ressortissant \u00e0 \u00ab une forme h\u00e9t\u00e9rophonique de l&rsquo;utopie faite langage \u00bb, des chants polyphoniques en versets et dialogues dont le souffle et l\u2019inventivit\u00e9 verbale sont puissants. La diversit\u00e9 des formes, des \u00e9poques et des cultures est prodigieuse. On y croise des figures l\u00e9gendaires et symboliques ; certains passages du premier cycle semblent nous plonger dans un univers dystopique, avec la dangereuse flicaille, ses philopseudosophes et ses falscientifiques&#8230; Chaque cycle nous fait prendre nos distance avec les hominid\u00e9s.<\/p>\n<p style=\"text-align: justify;\">Avec Brice Bonfanti, <em>voici venu le temps du po\u00e8me \u00e0 scandale<\/em>, qui s\u2019\u00e9rige \u00e0 l\u2019encontre de toute \u00ab\u00a0malpensance de chiqu\u00e9\u00a0\u00bb\u00a0(3<sup>e<\/sup> cycle)\u00a0!<\/p>\n<p>&nbsp;<\/p>\n<p style=\"text-align: center;\"><span style=\"background-color: #ff0000; color: #ffffff;\"><strong>Nouvelles aventures d&rsquo;Ovaine \/Tristan Felix\/<\/strong><\/span><\/p>\n<p style=\"text-align: justify;\">Un soir d\u2019orage, Ovaine, couch\u00e9e dans l\u2019herbe verte en \u00e9tat d\u2019\u00e9bri\u00e9t\u00e9 supr\u00eame, s\u2019imagine onduler jusqu\u2019aux confins de sa vie.<\/p>\n<p style=\"text-align: justify;\">Le grand chef des invert\u00e9br\u00e9s, souterrainement \u00e9mu jusqu\u2019\u00e0 toujours, lui envoie un songe.<\/p>\n<p style=\"text-align: justify;\">Tout \u00e0 trac, lucidifi\u00e9e en un \u00e9clair, Ovaine se pr\u00e9cipite au cimeti\u00e8re du coin pour v\u00e9rifier que tous ses os sont bien en place \u2013 dans l\u2019ordre alphab\u00e9tique, entendons-nous<img loading=\"lazy\" decoding=\"async\" class=\"alignright size-full wp-image-5978\" src=\"http:\/\/t-pas-net.com\/librCritN\/wp-content\/uploads\/2025\/03\/OvainePetit.jpg\" alt=\"\" width=\"210\" height=\"290\" srcset=\"https:\/\/t-pas-net.com\/librCritN\/wp-content\/uploads\/2025\/03\/OvainePetit.jpg 210w, https:\/\/t-pas-net.com\/librCritN\/wp-content\/uploads\/2025\/03\/OvainePetit-109x150.jpg 109w\" sizes=\"auto, (max-width: 210px) 100vw, 210px\" \/> bien.<\/p>\n<p style=\"text-align: justify;\">Tout est si tellement bien rang\u00e9 qu\u2019on peut m\u00eame y lire dans les deux sens \u00e0 la fois.<\/p>\n<p style=\"text-align: justify;\">Rassur\u00e9e, Ovaine retourne \u00e0 son \u00e9tat d\u2019\u00e9bri\u00e9t\u00e9 supr\u00eame&#8230;<\/p>\n<p style=\"text-align: justify;\">Tandis qu\u2019une port\u00e9e de lombrics joue avec ses osselets pour faire des palindr\u00f4les.<\/p>\n<p>&nbsp;<\/p>\n<p style=\"text-align: center;\">*<\/p>\n<p style=\"text-align: justify;\">Assise au bord d&rsquo;une route&#8230; Ovaine observe un \u00e9lastique qui se tortille.<\/p>\n<p style=\"text-align: justify;\">\u2013 Qu&rsquo;est-ce qui t&rsquo;agite ainsi ce bon soir de septembre ?<\/p>\n<p style=\"text-align: justify;\">\u2013 Je cherche un soulier bless\u00e9 qui fut mien jadis.<\/p>\n<p style=\"text-align: justify;\">\u2013 \u00c7a ne rime \u00e0 rien car nul ici ne passe plus sinon quelque froufrou d&rsquo;\u00e9toile.<\/p>\n<p style=\"text-align: justify;\">Oh l\u00e0 l\u00e0, arrive en claudiquant le loup gr\u00eale, \u00e9m\u00e9ch\u00e9, imbib\u00e9 d&rsquo;un vin de vigueur.<\/p>\n<p style=\"text-align: justify;\">\u00a0\u00c0 sa patte arri\u00e8re b\u00e2ille un soulier id\u00e9al, comme un po\u00e8me \u00e0 la manque.<\/p>\n<p>&nbsp;<\/p>\n<p style=\"text-align: center;\"><span style=\"background-color: #ff0000; color: #ffffff;\"><strong>Un coup d&rsquo;\u0153il sur le 42e March\u00e9 de la po\u00e9sie (du 18 au 22 juin 2025) et ses p\u00e9riph\u00e9riques<\/strong><\/span><\/p>\n<p style=\"text-align: center;\"><img loading=\"lazy\" decoding=\"async\" class=\"aligncenter size-full wp-image-6175\" src=\"http:\/\/t-pas-net.com\/librCritN\/wp-content\/uploads\/2025\/06\/bandeauL-MdlP.jpg\" alt=\"\" width=\"540\" height=\"270\" srcset=\"https:\/\/t-pas-net.com\/librCritN\/wp-content\/uploads\/2025\/06\/bandeauL-MdlP.jpg 540w, https:\/\/t-pas-net.com\/librCritN\/wp-content\/uploads\/2025\/06\/bandeauL-MdlP-300x150.jpg 300w, https:\/\/t-pas-net.com\/librCritN\/wp-content\/uploads\/2025\/06\/bandeauL-MdlP-150x75.jpg 150w, https:\/\/t-pas-net.com\/librCritN\/wp-content\/uploads\/2025\/06\/bandeauL-MdlP-366x183.jpg 366w\" sizes=\"auto, (max-width: 540px) 100vw, 540px\" \/><\/p>\n<p>&nbsp;<\/p>\n<p><strong>\u25ba\u00a0<\/strong><strong><span style=\"background-color: #ffff00;\">Petit itin\u00e9raire avec LIBR-CRITIQUE<\/span> :\u00a0<\/strong>un petit circuit dans le d\u00e9dale des stands&#8230;<\/p>\n<p>102 : La Boucherie litt\u00e9raire, Lurlure \u00e9ditions&#8230;<br \/>\n110\/114 : \u00e9ditions de l&rsquo;Attente, Cam\u00e9ras animales, CipM, Nous, Vanloo&#8230;<br \/>\n204 : \u00e9ditions du Lampadaire&#8230;<br \/>\n214 : revue <em>Doc(k)s<\/em>&#8230;<br \/>\n216\/218 : Arfuyen&#8230;<br \/>\n222 : \u00e9ditions du Cygne&#8230;<br \/>\n403 : Al manar<br \/>\n506B : L&rsquo;Atelier contemporain<br \/>\n507 : Tarabuste<br \/>\n508\/512 : Propos2\u00e9ditions&#8230;<br \/>\n509 : Plaine page<br \/>\n523 : Eric Pesty<br \/>\n606 : S\u00e9rie discr\u00e8te<br \/>\n607 : Fa\u00ef Fioc<br \/>\n608 : L&rsquo;Herbe qui tremble<br \/>\n609 : \u00e9ditions de la Contre-All\u00e9e<br \/>\n610 : LansKine<br \/>\n613 : Dernier T\u00e9l\u00e9gramme, MF \u00e9ditions&#8230;<\/p>\n<blockquote><p>Vendredi 20 \u00e0 16h : \u00ab\u00a0Po\u00e9sie commune\u00a0\u00bb (MF \u00e9ditions), rencontre avec S\u00e9verine Daucourt, Florence Jou et Gabrielle Schaff<\/p>\n<p>Samedi 21 \u00e0 14h30 : <em>Le bien-\u00eatre par la po\u00e9sie (MF \u00e9ditions)<\/em>, rencontre avec David Christoffel et Ma\u00ebl Guesdon<\/p><\/blockquote>\n<p>615 : Atelier de l&rsquo;agneau<br \/>\n617\/619 : \u00c6ncrages &amp; Co<br \/>\n701\/702 : revues <em>Ent&rsquo;revues<\/em>, <em>La Moiti\u00e9 du fourbi<\/em>&#8230;<\/p>\n<p style=\"text-align: center;\"><span style=\"background-color: #ffff00;\"><strong>Signatures \u00e9ditions LansKine<\/strong><\/span><br \/>\n<span style=\"background-color: #ffff00;\"><strong>March\u00e9 de la po\u00e9sie<\/strong><\/span><br \/>\n<span style=\"background-color: #ffff00;\"><strong>Stand 610<\/strong><\/span><\/p>\n<p style=\"text-align: center;\">MERCREDI 18 JUIN<br \/>\n15h-16h Yves Boudier \/ Aur\u00e9lie Foglia \/ Daniel Pozner<br \/>\n16h-17h Guy Bennett \/ Dominique Qu\u00e9len \/ Juliette Manel<br \/>\n17h-18h Frank Smith \/ Vincent Es-Sadeq \/ Yves Boudier \/ Gilles Weinzaepflen<\/p>\n<p style=\"text-align: center;\">JEUDI 19 JUIN<br \/>\n15h-16h Aur\u00e9lie Foglia \/ Claudie Lenzi<br \/>\n17h-18h Herv\u00e9 Brunaux \/ Yves Boudier \/ Nicolas Vargas<br \/>\n18h-19h Paul de Brancion \/ Guy Bennett<br \/>\n19h-20h Laurence Werner David \/Juliette Manel<br \/>\n19h Nicolas Vargas (soir\u00e9e \u00e0 L&rsquo;Ours)<\/p>\n<p style=\"text-align: center;\">VENDREDI 20 JUIN<br \/>\n15h-16h Samantha Barendson \/ Caroline Boulord \/ Juliette Penblanc\/ Florence Pazzottu<br \/>\n16h-17h Patrick Dubost \/ Anne E. Volterra \/ Claudie Lenzi \/ Isabelle Alentour<br \/>\n17h-18h B\u00e9atrice Machet \/ Maud Thiria \/ Nicolas Vargas \/ Juliette Manel<br \/>\n18h-19h Catherine Weinzaepflen \/ Guy Bennett \/ H\u00e9l\u00e8ne Sanguinetti<br \/>\n19h-20h Herv\u00e9 Brunaux \/ Guillaume Marie \/ C\u00e9cile Riou + Yves Boudier \/ Paul de Brancion<\/p>\n<p style=\"text-align: center;\">SAMEDI 21 JUIN<br \/>\n11h30-12h30 Cathy Jurado \/ Vincent Es-Sadeq \/ Yves Boudier\/ Elke de Rijcke<br \/>\n13h-14h Emmanuel Moses \/ Nicolas Vargas\/ Amel Boudali\/Paul de Brancion<br \/>\n14h-15h Maud Thiria \/ Emmanuel Gavard \/ Floriane Durey\/ Kent\/ Barendson<br \/>\n15h-16h Pierre de Brancion \/ Philippe Annocque \/ B\u00e9atrice Machet \/ Pauline Catherinot 16h-17h Sophie Loizeau \/ H\u00e9l\u00e8ne Tyrtoff \/ Patrick Dubost \/ Herv\u00e9 Brunaux\/ 17h-18h Guy Bennett \/ David Christoffel \/ Jean-Philippe Cazier\/ Frank Smith\/<br \/>\n18h-19h Juliette Penblanc \/ Florence Pazzottu \/ Christiane Veschambre<br \/>\n19h POT \/\/ Venez nombreux<\/p>\n<p style=\"text-align: center;\">DIMANCHE 22 JUIN<br \/>\n12h-13h Patrick Dubost<br \/>\n13h-14h Laurent Grisel \/ Floriane Durey<br \/>\n14h-15h Michal Grabowski \/ Pascale Petit\/ Juliette Manel<br \/>\n15h-16h Maud Thiria \/ Pauline Catherinot<br \/>\n16h-17h Yves Boudier \/ Emmanuel Gavard<br \/>\n17h-18h Paul de Brancion<\/p>\n<p><strong>\u25ba<\/strong><\/p>\n<p style=\"text-align: center;\"><img loading=\"lazy\" decoding=\"async\" class=\"aligncenter size-full wp-image-6166\" src=\"http:\/\/t-pas-net.com\/librCritN\/wp-content\/uploads\/2025\/06\/Triages.jpg\" alt=\"\" width=\"540\" height=\"405\" srcset=\"https:\/\/t-pas-net.com\/librCritN\/wp-content\/uploads\/2025\/06\/Triages.jpg 540w, https:\/\/t-pas-net.com\/librCritN\/wp-content\/uploads\/2025\/06\/Triages-300x225.jpg 300w, https:\/\/t-pas-net.com\/librCritN\/wp-content\/uploads\/2025\/06\/Triages-150x113.jpg 150w, https:\/\/t-pas-net.com\/librCritN\/wp-content\/uploads\/2025\/06\/Triages-366x275.jpg 366w\" sizes=\"auto, (max-width: 540px) 100vw, 540px\" \/><\/p>\n<p class=\"yiv8978051574text-build-content\">mardi 10 juin<br \/>\nLe Garage (Saint-Nazaire &#8211; 44) \/ 18h30<br \/>\n<a class=\"yiv8978051574link-build-content\" href=\"http:\/\/6s6s.mjt.lu\/lnk\/AV8AAG8n7b0AAc56tzoAALIyAk0AAYCrndYAJPduAAd3GwBoRA9vrRg8g1DUTWCSvjvBPaJeggAHHP8\/1\/vmPeenQRVZuvGXOs5FkvzQ\/aHR0cHM6Ly93d3cubWFyY2hlLXBvZXNpZS5jb20vMTQtdm9jYWxlLWV0LW11c2ljYWxlLWxlLWdhcmFnZS1zYWludC1uYXphaXJlLTQ0LTEwLWp1aW4xOGgzMC8\" target=\"_blank\" rel=\"nofollow noopener noreferrer\"><b>Vocale et musicale<\/b><\/a><br \/>\nS\u00e9verine Daucourt<\/p>\n<p class=\"yiv8978051574text-build-content\">vendredi 13 juin<br \/>\nChapiteaux Turbulences ! (Paris 17e) \/ 19h<br \/>\n<a class=\"yiv8978051574link-build-content\" href=\"http:\/\/6s6s.mjt.lu\/lnk\/AV8AAG8n7b0AAc56tzoAALIyAk0AAYCrndYAJPduAAd3GwBoRA9vrRg8g1DUTWCSvjvBPaJeggAHHP8\/3\/uWz-56oEFy_W71bG-UCZbw\/aHR0cHM6Ly93d3cubWFyY2hlLXBvZXNpZS5jb20vMTYtem9uZS1kZS10dXJidWxlbmNlOC1jaGFwaXRlYXV4LXR1cmJ1bGVuY2VzLXBhcmlzLTE3ZS0xMy1qdWluMTloLw\" target=\"_blank\" rel=\"nofollow noopener noreferrer\"><b>Zone de turbulence#8<\/b><\/a><br \/>\nRestitution du travail des ateliers d\u2019\u00e9criture men\u00e9s avec les Turbulents sous la direction de Philippe Duban avec Guillaume Decourt et V\u00e9ronique Pittolo \/ Buffet<\/p>\n<p class=\"yiv8978051574text-build-content\">samedi 14 juin<br \/>\nLa Guillotine (Montreuil &#8211; 93) \/ 16h<br \/>\n<a class=\"yiv8978051574link-build-content\" href=\"http:\/\/6s6s.mjt.lu\/lnk\/AV8AAG8n7b0AAc56tzoAALIyAk0AAYCrndYAJPduAAd3GwBoRA9vrRg8g1DUTWCSvjvBPaJeggAHHP8\/5\/IOffi9R3d4xiF7HBoBuk0Q\/aHR0cHM6Ly93d3cubWFyY2hlLXBvZXNpZS5jb20vMTgtZGVybmllci10ZWxlZ3JhbW1lMi1sYS1ndWlsbG90aW5lLW1vbnRyZXVpbC05My0xNC1qdWluLTE2aC8\" target=\"_blank\" rel=\"nofollow noopener noreferrer\"><b>L\u2019\u00e9dition du po\u00e8me#05 : dernier t\u00e9l\u00e9gramme#2<\/b><\/a><br \/>\nMariano Rolando Andrade, Kristell Loquet, Christophe Manon, Fr\u00e9d\u00e9rique Soumagne et 3773<\/p>\n","protected":false},"excerpt":{"rendered":"<p>En ce mois de juin o\u00f9 il s&rsquo;agit de d\u00e9border Bollor\u00e9, l&rsquo;accent sera mis sur une actualit\u00e9 po\u00e9tique intense, avec Tristan FELIX en UNE et pour sa nouvelle livraison d&rsquo;Ovaine&#8230; Et bien s\u00fbr le 42e March\u00e9 de la po\u00e9sie qui ouvre ses portes le 18 juin&#8230; Un petit pas de c\u00f4t\u00e9 est par ailleurs le bienvenu : Libr-retour sur les Chants d&rsquo;utopie de Brice Bonfanti&#8230; &nbsp; UNE : Avec Exuvies vos envies prennent vie&#8230; \/Fabrice Thumerel\/ Tristan FELIX, Exuvies suivi de B\u00eates d\u2019augures, PhB \u00e9ditions, vient de para\u00eetre le 29 mai 2025, 108 pages, 12 \u20ac, ISBN : 978-2-9593901-3-5. [March\u00e9 de la po\u00e9sie : stand 106] l&rsquo;art c&rsquo;est pisse chaos (p. 82). Pr\u00e9sentation \u00e9ditoriale. L\u2019exuvie est l\u2019enveloppe que le corps de l\u2019animal a quitt\u00e9e lors de la mue ou de la m\u00e9tamorphose et qui laisse place \u00e0 une nouvelle cuticule d\u00e9j\u00e0 pr\u00eate en dessous de la pr\u00e9c\u00e9dente. Elle permet la croissance de l\u2019animal et a une fonction de d\u00e9toxication de l\u2019organisme. Les b\u00eates d\u2019augures peuvent t\u00e9moigner. Note de lecture. L\u2019\u0153uvre foisonnante de la polyartiste Tristan Felix abonde de riches bestiaires et cr\u00e9atures hybrides. Aussi n\u2019est-il pas \u00e9tonnant de voir arriver ces Exuvies suivi de B\u00eates d\u2019augures \u2013 l\u2019augure \u00e9tant \u00ab\u00a0l\u2019alibi du po\u00e8me \/ son identit\u00e9 transfuge\u00a0\u00bb\u00a0: \u00ab\u00a0il ment pour de vrai \/ comme une b\u00eate\u00a0\u00bb&#8230; Histoire de rappeler que l\u2019identit\u00e9 comme la v\u00e9rit\u00e9 sont mobiles parce que complexes. Il faut dire que l\u2019esprit po\u00e9tique de l\u2019artiste et \u00e9crivaine aime \u00e0 se mouvoir dans l\u2019espace baroque des m\u00e9tamorphoses pour fuir celui, \u00e9triqu\u00e9, de notre monde en voie de d\u00e9composition. Est-ce parce l\u2019esp\u00e8ce humaine est \u00e0 court d\u2019imagination et de r\u00e9invention que Tristan Felix cherche la r\u00e9alit\u00e9 impalpable du monde animal, pour nous faire l\u2019\u00e9cho de Pierre Reverdy cit\u00e9 en exergue\u00a0? Est-ce parce qu\u2019il n\u2019y a plus de vie dans le monde humain qu\u2019elle est en qu\u00eate d\u2019exuvies dans soixante-six po\u00e8mes-peaux\u00a0? Le Moi-peau (Anzieu) de la po\u00e8te ressortit \u00e0 une animalit\u00e9 divagante et divergente&#8230; D\u00e9ton(n)ante aussi ! C\u2019est donc tout naturellement que, dans le trente-cinqui\u00e8me po\u00e8me-peau, le texte s\u2019ouvre \u00e0 l\u2019insolite gr\u00e2ce aux t\u00e9lescopages lexicaux, aux jeux du signifiant et du signifi\u00e9, devenant un espace de mutations qui s\u2019affranchit des fronti\u00e8res entre humanit\u00e9 et animalit\u00e9\u00a0: de tout son steak la femme avance et r\u00e9clame sa proie du baiser-greffe elle \u00e9chancre sa joue qu\u2019y vienne planter son bec une buse de tant de fac\u00e9tie sa bouche rit, faite oiseau &nbsp; Libr-retour sur les Chants d&rsquo;utopie de Brice Bonfanti\u00a0 \/Fabrice Thumerel\/ Le cycle\u00a0: 2024 &#8211; Sens &amp; Tonka &amp; Cie : Chants d&rsquo;utopie : quatri\u00e8me cycle 2021 &#8211; Sens &amp; Tonka &amp; Cie : Chants d&rsquo;utopie : troisi\u00e8me cycle 2019 &#8211; Sens &amp; Tonka &amp; Cie : Chants d&rsquo;utopie : deuxi\u00e8me cycle 2017 &#8211; Sens &amp; Tonka &amp; Cie : Chants d&rsquo;utopie : premier cycle Fort de ses trois d\u00e9cennies d\u2019exp\u00e9rience d\u2019\u00e9criture et des quatre cycles publi\u00e9s de ses Chants d\u2019utopie, cette \u00ab nouvelle Divine Com\u00e9die au XXIe si\u00e8cle \u00bb, Brice Bonfanti va publier fin 2025-d\u00e9but 2026 son cinqui\u00e8me des neuf cycles pr\u00e9vus par l\u2019\u00e9diteur. Il s\u2019agit ici d\u2019une magnifique d\u00e9couverte, tant sont rares les projets aussi ambitieux : chaque cycle comporte neuf chants ressortissant \u00e0 \u00ab une forme h\u00e9t\u00e9rophonique de l&rsquo;utopie faite langage \u00bb, des chants polyphoniques en versets et dialogues dont le souffle et l\u2019inventivit\u00e9 verbale sont puissants. La diversit\u00e9 des formes, des \u00e9poques et des cultures est prodigieuse. On y croise des figures l\u00e9gendaires et symboliques ; certains passages du premier cycle semblent nous plonger dans un univers dystopique, avec la dangereuse flicaille, ses philopseudosophes et ses falscientifiques&#8230; Chaque cycle nous fait prendre nos distance avec les hominid\u00e9s. Avec Brice Bonfanti, voici venu le temps du po\u00e8me \u00e0 scandale, qui s\u2019\u00e9rige \u00e0 l\u2019encontre de toute \u00ab\u00a0malpensance de chiqu\u00e9\u00a0\u00bb\u00a0(3e cycle)\u00a0! &nbsp; Nouvelles aventures d&rsquo;Ovaine \/Tristan Felix\/ Un soir d\u2019orage, Ovaine, couch\u00e9e dans l\u2019herbe verte en \u00e9tat d\u2019\u00e9bri\u00e9t\u00e9 supr\u00eame, s\u2019imagine onduler jusqu\u2019aux confins de sa vie. Le grand chef des invert\u00e9br\u00e9s, souterrainement \u00e9mu jusqu\u2019\u00e0 toujours, lui envoie un songe. Tout \u00e0 trac, lucidifi\u00e9e en un \u00e9clair, Ovaine se pr\u00e9cipite au cimeti\u00e8re du coin pour v\u00e9rifier que tous ses os sont bien en place \u2013 dans l\u2019ordre alphab\u00e9tique, entendons-nous bien. Tout est si tellement bien rang\u00e9 qu\u2019on peut m\u00eame y lire dans les deux sens \u00e0 la fois. Rassur\u00e9e, Ovaine retourne \u00e0 son \u00e9tat d\u2019\u00e9bri\u00e9t\u00e9 supr\u00eame&#8230; Tandis qu\u2019une port\u00e9e de lombrics joue avec ses osselets pour faire des palindr\u00f4les. &nbsp; * Assise au bord d&rsquo;une route&#8230; Ovaine observe un \u00e9lastique qui se tortille. \u2013 Qu&rsquo;est-ce qui t&rsquo;agite ainsi ce bon soir de septembre ? \u2013 Je cherche un soulier bless\u00e9 qui fut mien jadis. \u2013 \u00c7a ne rime \u00e0 rien car nul ici ne passe plus sinon quelque froufrou d&rsquo;\u00e9toile. Oh l\u00e0 l\u00e0, arrive en claudiquant le loup gr\u00eale, \u00e9m\u00e9ch\u00e9, imbib\u00e9 d&rsquo;un vin de vigueur. \u00a0\u00c0 sa patte arri\u00e8re b\u00e2ille un soulier id\u00e9al, comme un po\u00e8me \u00e0 la manque. &nbsp; Un coup d&rsquo;\u0153il sur le 42e March\u00e9 de la po\u00e9sie (du 18 au 22 juin 2025) et ses p\u00e9riph\u00e9riques &nbsp; \u25ba\u00a0Petit itin\u00e9raire avec LIBR-CRITIQUE :\u00a0un petit circuit dans le d\u00e9dale des stands&#8230; 102 : La Boucherie litt\u00e9raire, Lurlure \u00e9ditions&#8230; 110\/114 : \u00e9ditions de l&rsquo;Attente, Cam\u00e9ras animales, CipM, Nous, Vanloo&#8230; 204 : \u00e9ditions du Lampadaire&#8230; 214 : revue Doc(k)s&#8230; 216\/218 : Arfuyen&#8230; 222 : \u00e9ditions du Cygne&#8230; 403 : Al manar 506B : L&rsquo;Atelier contemporain 507 : Tarabuste 508\/512 : Propos2\u00e9ditions&#8230; 509 : Plaine page 523 : Eric Pesty 606 : S\u00e9rie discr\u00e8te 607 : Fa\u00ef Fioc 608 : L&rsquo;Herbe qui tremble 609 : \u00e9ditions de la Contre-All\u00e9e 610 : LansKine 613 : Dernier T\u00e9l\u00e9gramme, MF \u00e9ditions&#8230; Vendredi 20 \u00e0 16h : \u00ab\u00a0Po\u00e9sie commune\u00a0\u00bb (MF \u00e9ditions), rencontre avec S\u00e9verine Daucourt, Florence Jou et Gabrielle Schaff Samedi 21 \u00e0 14h30 : Le bien-\u00eatre par la po\u00e9sie (MF \u00e9ditions), rencontre avec David Christoffel et Ma\u00ebl Guesdon 615 : Atelier de l&rsquo;agneau 617\/619 : \u00c6ncrages &amp; Co 701\/702 : revues Ent&rsquo;revues, La Moiti\u00e9 du fourbi&#8230; Signatures \u00e9ditions LansKine March\u00e9 de la po\u00e9sie Stand 610 MERCREDI 18 JUIN 15h-16h Yves Boudier \/ Aur\u00e9lie Foglia \/ Daniel Pozner 16h-17h&#8230;<\/p>\n","protected":false},"author":2,"featured_media":2401,"comment_status":"open","ping_status":"open","sticky":false,"template":"","format":"standard","meta":{"footnotes":""},"categories":[7,10,2],"tags":[2727,1745,2729,2726,303,270,116,1625,36,12,1858,2461,2725,2677,1391,540,1415,227,1363,2724,372,2532,151,13,311,487],"class_list":["post-6160","post","type-post","status-publish","format-standard","has-post-thumbnail","hentry","category-livres-recus","category-news","category-une","tag-ariane-dreyfus","tag-aurelie-foglia","tag-brice-bonfanti","tag-carole-cohen-wolf","tag-christophe-manon","tag-daniel-pozner","tag-david-christoffel","tag-dominique-quelen","tag-editions-lanskine","tag-fabrice-thumerel","tag-frank-smith","tag-frederique-soumagne","tag-hortense-raynal","tag-james-sacre","tag-mael-guesdon","tag-maud-thiria","tag-mf-editions","tag-phb-editions","tag-philippe-beck","tag-revue-triages","tag-severine-daucourt","tag-sophie-loizeau","tag-sylvie-durbec","tag-tristan-felix","tag-veronique-pittolo","tag-yves-charnet"],"post_mailing_queue_ids":[],"_links":{"self":[{"href":"https:\/\/t-pas-net.com\/librCritN\/wp-json\/wp\/v2\/posts\/6160","targetHints":{"allow":["GET"]}}],"collection":[{"href":"https:\/\/t-pas-net.com\/librCritN\/wp-json\/wp\/v2\/posts"}],"about":[{"href":"https:\/\/t-pas-net.com\/librCritN\/wp-json\/wp\/v2\/types\/post"}],"author":[{"embeddable":true,"href":"https:\/\/t-pas-net.com\/librCritN\/wp-json\/wp\/v2\/users\/2"}],"replies":[{"embeddable":true,"href":"https:\/\/t-pas-net.com\/librCritN\/wp-json\/wp\/v2\/comments?post=6160"}],"version-history":[{"count":15,"href":"https:\/\/t-pas-net.com\/librCritN\/wp-json\/wp\/v2\/posts\/6160\/revisions"}],"predecessor-version":[{"id":6181,"href":"https:\/\/t-pas-net.com\/librCritN\/wp-json\/wp\/v2\/posts\/6160\/revisions\/6181"}],"wp:featuredmedia":[{"embeddable":true,"href":"https:\/\/t-pas-net.com\/librCritN\/wp-json\/wp\/v2\/media\/2401"}],"wp:attachment":[{"href":"https:\/\/t-pas-net.com\/librCritN\/wp-json\/wp\/v2\/media?parent=6160"}],"wp:term":[{"taxonomy":"category","embeddable":true,"href":"https:\/\/t-pas-net.com\/librCritN\/wp-json\/wp\/v2\/categories?post=6160"},{"taxonomy":"post_tag","embeddable":true,"href":"https:\/\/t-pas-net.com\/librCritN\/wp-json\/wp\/v2\/tags?post=6160"}],"curies":[{"name":"wp","href":"https:\/\/api.w.org\/{rel}","templated":true}]}}