{"id":6478,"date":"2025-10-25T12:41:02","date_gmt":"2025-10-25T10:41:02","guid":{"rendered":"https:\/\/t-pas-net.com\/librCritN\/?p=6478"},"modified":"2025-10-26T10:38:11","modified_gmt":"2025-10-26T09:38:11","slug":"creation-daniel-cabanis-pas-dans-la-dentelle-saynetes-3-6","status":"publish","type":"post","link":"https:\/\/t-pas-net.com\/librCritN\/2025\/10\/25\/creation-daniel-cabanis-pas-dans-la-dentelle-saynetes-3-6\/","title":{"rendered":"[Cr\u00e9ation] Daniel Cabanis, PAS DANS LA DENTELLE, sayn\u00e8tes (3\/6)"},"content":{"rendered":"<p style=\"text-align: center;\"><strong>3 \u2014 Gueuss est vol\u00e9<\/strong><\/p>\n<div id=\"attachment_6481\" style=\"width: 550px\" class=\"wp-caption aligncenter\"><img loading=\"lazy\" decoding=\"async\" aria-describedby=\"caption-attachment-6481\" class=\"wp-image-6481 size-full\" src=\"http:\/\/t-pas-net.com\/librCritN\/wp-content\/uploads\/2025\/10\/DC-dentelles_3.jpg\" alt=\"\" width=\"540\" height=\"386\" srcset=\"https:\/\/t-pas-net.com\/librCritN\/wp-content\/uploads\/2025\/10\/DC-dentelles_3.jpg 540w, https:\/\/t-pas-net.com\/librCritN\/wp-content\/uploads\/2025\/10\/DC-dentelles_3-300x214.jpg 300w, https:\/\/t-pas-net.com\/librCritN\/wp-content\/uploads\/2025\/10\/DC-dentelles_3-150x107.jpg 150w, https:\/\/t-pas-net.com\/librCritN\/wp-content\/uploads\/2025\/10\/DC-dentelles_3-366x262.jpg 366w\" sizes=\"auto, (max-width: 540px) 100vw, 540px\" \/><p id=\"caption-attachment-6481\" class=\"wp-caption-text\">Bianca Saldine \/ Eau de savon III \/ Aquarelle num\u00e9rique \/ Coll. Marcel Navas<\/p><\/div>\n<p style=\"text-align: justify;\">Le tas s\u2019\u00e9tait tass\u00e9. Tass\u00e9 tout seul. Il a diminu\u00e9, probablement sous l\u2019effet de la gravit\u00e9, d\u2019une 20taine de centim\u00e8tres dirait-on, ai-je dit. \u00c0 vue d\u2019\u0153il je dirais trente, a cri\u00e9 Gueuss ulc\u00e9r\u00e9. Et la gravit\u00e9 n\u2019y est pour rien, bande de sous-tar\u00e9s inframinces\u00a0! Plaies-pus-bubons\u00a0! S\u00e9quelles de furoncles\u00a0! Parasites mous\u00a0! Bouzines\u00a0! Gus \u00e0 go\u00eetres\u00a0! Gueuss, le perdu-sec d\u2019environ 30 % de son tas, le faisait fou-furax. Il y a eu pillage\u00a0! Mon tas \u00e9tait sous surveillance, mais il a\u00a0 \u00e9t\u00e9 pill\u00e9. Il fulminait en rond, se disant pr\u00eat \u00e0 d\u00e9caper deux ou trois grad\u00e9s de La Surveillance qui avaient merd\u00e9 \u00e0 son d\u00e9triment. Je vais les racler \u00e0 l\u2019os, il a dit, je leur casserai l\u2019occiput, je leur boufferai le foie et le rognon. Les agents de base pris en flag d\u2019incomp\u00e9tence, terroris\u00e9s, se fondaient en excuses, et pleurnichaient leur trouille de passer eux aussi \u00e0 la cassolette. \u00c0 mon avis, ces gagne-peu \u00e9taient les voleurs, ou de m\u00e8che avec. Gueuss, \u00e0 vif, d\u00e9col\u00e9rait pas. J\u2019ai dit Chef, on se calme. Et d\u2019abord, on n\u2019est pas des cannibales. Si, que moi j\u2019en suis un. Et un vorace, il a dit. Ah rien que l\u2019id\u00e9e de vous farcir trous et boyaux, les gars, \u00e7a me salive, je fringale\u00a0: faut que j\u2019vous cuisine\u00a0! Gueuss, il partait en vrille. Les types, la peur aidant, s\u2019encollaient le falzar + les bottes, et puis l\u00e2chement se donnaient les uns les autres. C\u2019est Gofa qui a eu l\u2019id\u00e9e de voler dans le tas. Faux, c\u2019est Glou. Tu mens, c\u2019est Gal. Non, c\u2019est Gette.\u00a0Etc. Stop\u00a0!\u00a0a hurl\u00e9 Gueuss quand ce bal des pleutres eut fini de bouillir sa vengeance. Apr\u00e8s quoi, il a sorti de sa vieille Merco un lance-flammes <em>de collection<\/em> quasi neuf et a ouvert le feu. Mais l\u2019arme a fait flop, on a \u00e9chapp\u00e9 au barbecue.<\/p>\n<p style=\"text-align: right;\"><a href=\"https:\/\/t-pas-net.com\/librCritN\/2025\/10\/19\/creation-daniel-cabanis-pas-dans-la-dentelle-saynetes-2-6\/\"><strong>Lire\/voir la 2e sayn\u00e8te<\/strong><\/a><\/p>\n<p>&nbsp;<\/p>\n","protected":false},"excerpt":{"rendered":"<p>3 \u2014 Gueuss est vol\u00e9 Le tas s\u2019\u00e9tait tass\u00e9. Tass\u00e9 tout seul. Il a diminu\u00e9, probablement sous l\u2019effet de la gravit\u00e9, d\u2019une 20taine de centim\u00e8tres dirait-on, ai-je dit. \u00c0 vue d\u2019\u0153il je dirais trente, a cri\u00e9 Gueuss ulc\u00e9r\u00e9. Et la gravit\u00e9 n\u2019y est pour rien, bande de sous-tar\u00e9s inframinces\u00a0! Plaies-pus-bubons\u00a0! S\u00e9quelles de furoncles\u00a0! Parasites mous\u00a0! Bouzines\u00a0! Gus \u00e0 go\u00eetres\u00a0! Gueuss, le perdu-sec d\u2019environ 30 % de son tas, le faisait fou-furax. Il y a eu pillage\u00a0! Mon tas \u00e9tait sous surveillance, mais il a\u00a0 \u00e9t\u00e9 pill\u00e9. Il fulminait en rond, se disant pr\u00eat \u00e0 d\u00e9caper deux ou trois grad\u00e9s de La Surveillance qui avaient merd\u00e9 \u00e0 son d\u00e9triment. Je vais les racler \u00e0 l\u2019os, il a dit, je leur casserai l\u2019occiput, je leur boufferai le foie et le rognon. Les agents de base pris en flag d\u2019incomp\u00e9tence, terroris\u00e9s, se fondaient en excuses, et pleurnichaient leur trouille de passer eux aussi \u00e0 la cassolette. \u00c0 mon avis, ces gagne-peu \u00e9taient les voleurs, ou de m\u00e8che avec. Gueuss, \u00e0 vif, d\u00e9col\u00e9rait pas. J\u2019ai dit Chef, on se calme. Et d\u2019abord, on n\u2019est pas des cannibales. Si, que moi j\u2019en suis un. Et un vorace, il a dit. Ah rien que l\u2019id\u00e9e de vous farcir trous et boyaux, les gars, \u00e7a me salive, je fringale\u00a0: faut que j\u2019vous cuisine\u00a0! Gueuss, il partait en vrille. Les types, la peur aidant, s\u2019encollaient le falzar + les bottes, et puis l\u00e2chement se donnaient les uns les autres. C\u2019est Gofa qui a eu l\u2019id\u00e9e de voler dans le tas. Faux, c\u2019est Glou. Tu mens, c\u2019est Gal. Non, c\u2019est Gette.\u00a0Etc. Stop\u00a0!\u00a0a hurl\u00e9 Gueuss quand ce bal des pleutres eut fini de bouillir sa vengeance. Apr\u00e8s quoi, il a sorti de sa vieille Merco un lance-flammes de collection quasi neuf et a ouvert le feu. Mais l\u2019arme a fait flop, on a \u00e9chapp\u00e9 au barbecue. Lire\/voir la 2e sayn\u00e8te &nbsp;<\/p>\n","protected":false},"author":1,"featured_media":6479,"comment_status":"open","ping_status":"open","sticky":false,"template":"","format":"standard","meta":{"footnotes":""},"categories":[9,2],"tags":[543,839,772,2776,322],"class_list":["post-6478","post","type-post","status-publish","format-standard","has-post-thumbnail","hentry","category-creation","category-une","tag-cabanis-critique-sociale","tag-cabanis-fantaisie","tag-cabanis-humour-noir","tag-cabanis-pas-dans-la-dentelle","tag-daniel-cabanis"],"post_mailing_queue_ids":[],"_links":{"self":[{"href":"https:\/\/t-pas-net.com\/librCritN\/wp-json\/wp\/v2\/posts\/6478","targetHints":{"allow":["GET"]}}],"collection":[{"href":"https:\/\/t-pas-net.com\/librCritN\/wp-json\/wp\/v2\/posts"}],"about":[{"href":"https:\/\/t-pas-net.com\/librCritN\/wp-json\/wp\/v2\/types\/post"}],"author":[{"embeddable":true,"href":"https:\/\/t-pas-net.com\/librCritN\/wp-json\/wp\/v2\/users\/1"}],"replies":[{"embeddable":true,"href":"https:\/\/t-pas-net.com\/librCritN\/wp-json\/wp\/v2\/comments?post=6478"}],"version-history":[{"count":4,"href":"https:\/\/t-pas-net.com\/librCritN\/wp-json\/wp\/v2\/posts\/6478\/revisions"}],"predecessor-version":[{"id":6488,"href":"https:\/\/t-pas-net.com\/librCritN\/wp-json\/wp\/v2\/posts\/6478\/revisions\/6488"}],"wp:featuredmedia":[{"embeddable":true,"href":"https:\/\/t-pas-net.com\/librCritN\/wp-json\/wp\/v2\/media\/6479"}],"wp:attachment":[{"href":"https:\/\/t-pas-net.com\/librCritN\/wp-json\/wp\/v2\/media?parent=6478"}],"wp:term":[{"taxonomy":"category","embeddable":true,"href":"https:\/\/t-pas-net.com\/librCritN\/wp-json\/wp\/v2\/categories?post=6478"},{"taxonomy":"post_tag","embeddable":true,"href":"https:\/\/t-pas-net.com\/librCritN\/wp-json\/wp\/v2\/tags?post=6478"}],"curies":[{"name":"wp","href":"https:\/\/api.w.org\/{rel}","templated":true}]}}