{"id":6484,"date":"2025-10-26T20:27:26","date_gmt":"2025-10-26T19:27:26","guid":{"rendered":"https:\/\/t-pas-net.com\/librCritN\/?p=6484"},"modified":"2025-10-26T20:40:37","modified_gmt":"2025-10-26T19:40:37","slug":"news-news-du-dimanche-107","status":"publish","type":"post","link":"https:\/\/t-pas-net.com\/librCritN\/2025\/10\/26\/news-news-du-dimanche-107\/","title":{"rendered":"[NEWS] NEWS DU DIMANCHE"},"content":{"rendered":"<p style=\"text-align: justify;\">En ce dernier dimanche d&rsquo;octobre, l&rsquo;actualit\u00e9 est essentiellement po\u00e9tique, avec le <strong>Livre de la semaine<\/strong>, le gros volume du Journal de Prigent, la superbe salve \u00e9ditoriale d&rsquo;Al dante et nos <strong>Libr-\u00e9v\u00e9nements<\/strong>&#8230;<\/p>\n<p>&nbsp;<\/p>\n<p style=\"text-align: center;\"><span style=\"background-color: #ff0000; color: #ffffff;\"><strong>Le livre de la semaine :<br \/>\n<\/strong><\/span><span style=\"background-color: #ff0000; color: #ffffff;\"><strong><em>Vocalit\u00e9s contemporaines. La voix entre po\u00e9sie et musique (1947-2024)<\/em><\/strong><\/span><\/p>\n<p style=\"text-align: justify;\">Laure GAUTHIER et Anne-Christine GOYERE dir., <strong><em>Vocalit\u00e9s contemporaines. La voix entre po\u00e9sie et musique (1947-2024)<\/em><\/strong>, Presses Universitaires de Rennes, octobre 2025, 302 pages, 25 \u20ac.<\/p>\n<p style=\"text-align: justify;\">Ce volume collectif constitue les Actes d&rsquo;un colloque dont l&rsquo;objectif \u00e9tait d\u2019interroger l\u2019\u00e9mergence r\u00e9cente de nouvelles pratiques vocales et de nouveaux r\u00e9pertoires entre po\u00e9sie et musique ainsi que de nouvelles collaborations transm\u00e9diales. C&rsquo;\u00e9tait une invitation \u00e0 repenser la voix, qu\u2019elle \u00e9mane de la musique vocale d\u2019aujourd\u2019hui, des diverses m\u00e9diations vocales de la po\u00e9sie contemporaine, de la performance ou encore de la cr\u00e9ation radiophonique depuis les ann\u00e9es 1950. Quelles tensions, quelles f\u00e9condations r\u00e9ciproques animent les pratiques vocales contemporaines entre po\u00e9sie et musique ? De fait, elles ont fr\u00e9quemment fait l\u2019objet, notamment au d\u00e9but de la p\u00e9riode consid\u00e9r\u00e9e, de d\u00e9clarations d\u2019intention distinctes de la part des po\u00e8tes et des compositeurs. De m\u00eame, l\u2019analyse de ces vocalit\u00e9s a souvent suivi des chemins \u00e9pist\u00e9mologiques s\u00e9par\u00e9s, m\u00eame si parfois, notamment concernant la musique \u00e9lectroacoustique et la voix acousmate, on a pu les \u00e9tudier conjointement. L\u2019enjeu est d\u00e9sormais de faire dialoguer les disciplines en vue d\u2019une compr\u00e9hension globale de ces vocalit\u00e9s contemporaines situ\u00e9es \u00e0 l\u2019intersection des champs de la po\u00e9sie et de la musique. On s&rsquo;est \u00e9galement demand\u00e9 en quoi les vocalit\u00e9s nouvelles, \u00e9manant de po\u00e8tes et de compositeurs associ\u00e9s \u00e0 d\u2019autres artistes, permettent d\u2019ouvrir la r\u00e9flexion sur la voix \u00e0 des questionnements environnementaux \u00e9copo\u00e9tiques et politiques.<\/p>\n<p style=\"text-align: center;\"><img loading=\"lazy\" decoding=\"async\" class=\"aligncenter size-full wp-image-6489\" src=\"http:\/\/t-pas-net.com\/librCritN\/wp-content\/uploads\/2025\/10\/Vocalites_couv.jpg\" alt=\"\" width=\"540\" height=\"764\" srcset=\"https:\/\/t-pas-net.com\/librCritN\/wp-content\/uploads\/2025\/10\/Vocalites_couv.jpg 540w, https:\/\/t-pas-net.com\/librCritN\/wp-content\/uploads\/2025\/10\/Vocalites_couv-212x300.jpg 212w, https:\/\/t-pas-net.com\/librCritN\/wp-content\/uploads\/2025\/10\/Vocalites_couv-106x150.jpg 106w, https:\/\/t-pas-net.com\/librCritN\/wp-content\/uploads\/2025\/10\/Vocalites_couv-366x518.jpg 366w\" sizes=\"auto, (max-width: 540px) 100vw, 540px\" \/><\/p>\n<p style=\"text-align: center;\"><img loading=\"lazy\" decoding=\"async\" class=\"aligncenter size-full wp-image-6490\" src=\"http:\/\/t-pas-net.com\/librCritN\/wp-content\/uploads\/2025\/10\/Vocalites1.jpg\" alt=\"\" width=\"540\" height=\"770\" srcset=\"https:\/\/t-pas-net.com\/librCritN\/wp-content\/uploads\/2025\/10\/Vocalites1.jpg 540w, https:\/\/t-pas-net.com\/librCritN\/wp-content\/uploads\/2025\/10\/Vocalites1-210x300.jpg 210w, https:\/\/t-pas-net.com\/librCritN\/wp-content\/uploads\/2025\/10\/Vocalites1-105x150.jpg 105w, https:\/\/t-pas-net.com\/librCritN\/wp-content\/uploads\/2025\/10\/Vocalites1-366x522.jpg 366w\" sizes=\"auto, (max-width: 540px) 100vw, 540px\" \/><\/p>\n<p style=\"text-align: center;\"><img loading=\"lazy\" decoding=\"async\" class=\"aligncenter size-full wp-image-6491\" src=\"http:\/\/t-pas-net.com\/librCritN\/wp-content\/uploads\/2025\/10\/Vocalites2.jpg\" alt=\"\" width=\"540\" height=\"489\" srcset=\"https:\/\/t-pas-net.com\/librCritN\/wp-content\/uploads\/2025\/10\/Vocalites2.jpg 540w, https:\/\/t-pas-net.com\/librCritN\/wp-content\/uploads\/2025\/10\/Vocalites2-300x272.jpg 300w, https:\/\/t-pas-net.com\/librCritN\/wp-content\/uploads\/2025\/10\/Vocalites2-150x136.jpg 150w, https:\/\/t-pas-net.com\/librCritN\/wp-content\/uploads\/2025\/10\/Vocalites2-366x331.jpg 366w\" sizes=\"auto, (max-width: 540px) 100vw, 540px\" \/><\/p>\n<blockquote><p>&nbsp;<\/p>\n<p style=\"text-align: justify;\">Introduction de Fabrice Thumerel, \u00ab Trans-phonographies contemporaines : sur les audio-po\u00e8mes de Sandra Moussemp\u00e8s et les transpo\u00e8mes de Laure Gauthier \u00bb, p. 249-262.<\/p>\n<\/blockquote>\n<p style=\"text-align: justify;\">Le dernier demi-si\u00e8cle a vu, dans le domaine de l\u2019oralit\u00e9 et de la performance po\u00e9tiques, les m\u00e9diations vocales d\u00e9passer l\u2019antinomie entre po\u00e9sie \u00e9crite et po\u00e9sie orale, graphocentrisme et phonocentrisme, tout en inventant de nouvelles interactions entre po\u00e9sie et musique. Dans cet espace po\u00e9tique en pleine mutation, sans doute parce <img loading=\"lazy\" decoding=\"async\" class=\"alignleft size-full wp-image-5835\" src=\"http:\/\/t-pas-net.com\/librCritN\/wp-content\/uploads\/2025\/01\/Laure-Gauthier-Teyssot.jpg\" alt=\"\" width=\"225\" height=\"241\" srcset=\"https:\/\/t-pas-net.com\/librCritN\/wp-content\/uploads\/2025\/01\/Laure-Gauthier-Teyssot.jpg 225w, https:\/\/t-pas-net.com\/librCritN\/wp-content\/uploads\/2025\/01\/Laure-Gauthier-Teyssot-140x150.jpg 140w\" sizes=\"auto, (max-width: 225px) 100vw, 225px\" \/>que trop longtemps et trop souvent encore lyrisme et \u00ab \u00e9criture f\u00e9minine \u00bb ont \u00e9t\u00e9 ou sont associ\u00e9s, deux po\u00e9tesses apparues dans des \u00e9tats du champ diff\u00e9rents (ann\u00e9es 1990 pour l\u2019une et ann\u00e9es 2010 pour l\u2019autre) cr\u00e9ent des objets po\u00e9tiques singuliers qui ressortissent aux exp\u00e9riences transartistiques \/ transg\u00e9n\u00e9riques : bien que leurs horizons culturels divergent, il est possible de faire entrer en r\u00e9sonance leurs pratiques transphonographiques, dans la mesure o\u00f9 elles rel\u00e8vent d\u2019une oralit\u00e9 auctoriale (la voix de l\u2019auteure comme m\u00e9diation po\u00e9tique, transport de l\u2019\u00e9crit dans un espace sonore singulier) et que la vis\u00e9e de leur parole est imageante (<em>mim\u00e8sis tympanis\u00e9e<\/em>). D\u2019o\u00f9 l\u2019importance des arts visuels dans les deux \u0153uvres, et en particulier de la photographie et de l\u2019univers<img loading=\"lazy\" decoding=\"async\" class=\"alignright size-full wp-image-2789\" src=\"http:\/\/t-pas-net.com\/librCritN\/wp-content\/uploads\/2022\/05\/MoussempesCassandre.jpg\" alt=\"\" width=\"200\" height=\"300\" srcset=\"https:\/\/t-pas-net.com\/librCritN\/wp-content\/uploads\/2022\/05\/MoussempesCassandre.jpg 200w, https:\/\/t-pas-net.com\/librCritN\/wp-content\/uploads\/2022\/05\/MoussempesCassandre-100x150.jpg 100w\" sizes=\"auto, (max-width: 200px) 100vw, 200px\" \/> cin\u00e9matographique.<\/p>\n<p style=\"text-align: justify;\">Dot\u00e9e d\u2019une double exp\u00e9rience (chant depuis 1984 et po\u00e9sie depuis 1992), depuis 2010 Sandra Moussemp\u00e8s reprend \u00e0 son compte l\u2019appellation \u00ab audio-po\u00e8mes \u00bb qu\u2019a invent\u00e9e Henri Chopin en 1963 \u2013 alors que sa pratique remonte \u00e0 1956 \u2013 pour cr\u00e9er des objets sonores originaux. Quant \u00e0 Laure Gauthier, qui \u00e9volue dans l\u2019espace po\u00e9tique depuis 2013, elle vient de mettre au point ses <em>transpo\u00e8mes<\/em>, qu\u2019elle d\u00e9finit ainsi\u00a0: \u00ab\u00a0J\u2019appelle\u00a0<em>transpo\u00e8mes<\/em> des po\u00e8mes transgenres, qui mutent et migrent. Passent d\u2019une rive po\u00e9tique \u00e0 l\u2019autre. Ce sont des segments que je pr\u00e9l\u00e8ve de mes textes publi\u00e9s ou en cours d\u2019\u00e9criture et que j\u2019enregistre \u00e0 l\u2019aide d\u2019un zoom audio ou de mon smartphone dans diff\u00e9rentes situations et diff\u00e9rents lieux \u00bb (<em>\u00c9clectiques cit\u00e9s<\/em>, Ac\u00e9die 58, 2021, d\u00e9but non pagin\u00e9). C\u2019est dire \u00e0 quel point, en cette \u00e9poque de r\u00e9volution ultra-conservatrice, cette po\u00e9tique du <em>trans-<\/em>, du passage, de l\u2019aller-vers, cette esth\u00e9tique de la m\u00e9tamorphose fait pr\u00e9valoir le devenir sur l\u2019\u00eatre, le nomadisme sur l\u2019identitarisme.<\/p>\n<p>&nbsp;<\/p>\n<p style=\"text-align: center;\"><span style=\"background-color: #ff0000; color: #ffffff;\"><strong>Jean-Claude Pinson a lu et recommande&#8230;<\/strong><\/span><\/p>\n<p style=\"text-align: justify;\">Christian PRIGENT, <em><strong>Zapp &amp; zipp 2019-2024<\/strong><\/em>, P. O. L., septembre 2025, 734 pages, 29 \u20ac.<\/p>\n<p style=\"text-align: right;\"><span style=\"font-size: 14px;\">Tenir un \u00ab\u00a0journal\u00a0\u00bb : <em>zapper<\/em> d&rsquo;un sujet \u00e0 l&rsquo;autre (salut l&rsquo;impr\u00e9vu !) ;<\/span><br \/>\n<span style=\"font-size: 14px;\">sans s&rsquo;interdire de <em>zipper<\/em> les sujets entre eux (coucou les manies !)<br \/>\n(exergue).<\/span><\/p>\n<p style=\"text-align: justify;\">PRIGENT tel qu&rsquo;en lui-m\u00eame.<br \/>\nPRIGENT \u00e0 son meilleur.<\/p>\n<p style=\"text-align: justify;\"><img loading=\"lazy\" decoding=\"async\" class=\"alignleft size-full wp-image-6342\" src=\"http:\/\/t-pas-net.com\/librCritN\/wp-content\/uploads\/2025\/09\/zapp-zipp.jpg\" alt=\"\" width=\"225\" height=\"329\" srcset=\"https:\/\/t-pas-net.com\/librCritN\/wp-content\/uploads\/2025\/09\/zapp-zipp.jpg 225w, https:\/\/t-pas-net.com\/librCritN\/wp-content\/uploads\/2025\/09\/zapp-zipp-205x300.jpg 205w, https:\/\/t-pas-net.com\/librCritN\/wp-content\/uploads\/2025\/09\/zapp-zipp-103x150.jpg 103w\" sizes=\"auto, (max-width: 225px) 100vw, 225px\" \/>Un tr\u00e8s volumineux journal, o\u00f9 constamment et formidablement \u00e7a pense et souvent \u00e7a touche, \u00e9meut.<br \/>\n\u00ab\u00a0Moins &lsquo;\u00e9crit\u2018 que d&rsquo;autres de mes livres\u00a0\u00bb (p. 108) ?<br \/>\nPas s\u00fbr. Le tranchant du phras\u00e9 est ici constamment et \u00ab\u00a0po\u00e9tiquement\u00a0\u00bb au travail. Po\u00e9sie, \u2013 \u00ab\u00a0si &lsquo;po\u00e9sie&rsquo; (au-del\u00e0 des mi\u00e8vreries sentimentales ou formellement bricol\u00e9es que ce mot le plus souvent d\u00e9signe) veut dire effort pour mimer dans le corps m\u00eame de la langue l&rsquo;effet d&rsquo;obscurcissement illuminant que le corps \u00e9nigmatique du r\u00e9el oppose \u00e0 la repr\u00e9sentation discursive (essai) ou narrative (roman)\u00a0\u00bb (p. 393).<\/p>\n<p style=\"text-align: justify;\">Jamais ennuyeux, un livre sur tous les sujets. De l&rsquo;I. A. (p. 413) au marathonien Mimoun (p. 498). Un regard ac\u00e9r\u00e9 et lucide sur l&rsquo;\u00e9poque (\u00ab\u00a0&#8230; un monde que je comprends de moins en moins et un moi qui s&rsquo;y sent de plus en plus inadapt\u00e9\u00a0\u00bb (525-526).<br \/>\nUn ABC de l&rsquo;\u00e9criture et de la lecture. Pages p\u00e9n\u00e9trantes sur Saint-Simon, Racine (mais oui !), Follain &#8230; aussi bien que Guyotat. Des peintres aussi (d&rsquo;Uccello \u00e0 Twombly, Baselitz&#8230;) et une analyse tr\u00e8s \u00e9clairante du c\u00e9l\u00e8bre \u00ab\u00a0Cri\u00a0\u00bb de Munch (p. 413).<\/p>\n<p>&nbsp;<\/p>\n<p style=\"text-align: center;\"><span style=\"background-color: #ff0000; color: #ffffff;\"><strong>Libr-livres re\u00e7us : sp\u00e9ciale Al dante<\/strong><\/span><\/p>\n<p style=\"text-align: center;\"><img loading=\"lazy\" decoding=\"async\" class=\"aligncenter size-full wp-image-6492\" src=\"http:\/\/t-pas-net.com\/librCritN\/wp-content\/uploads\/2025\/10\/Libr6_AlDante.jpg\" alt=\"\" width=\"540\" height=\"569\" srcset=\"https:\/\/t-pas-net.com\/librCritN\/wp-content\/uploads\/2025\/10\/Libr6_AlDante.jpg 540w, https:\/\/t-pas-net.com\/librCritN\/wp-content\/uploads\/2025\/10\/Libr6_AlDante-285x300.jpg 285w, https:\/\/t-pas-net.com\/librCritN\/wp-content\/uploads\/2025\/10\/Libr6_AlDante-142x150.jpg 142w, https:\/\/t-pas-net.com\/librCritN\/wp-content\/uploads\/2025\/10\/Libr6_AlDante-366x386.jpg 366w\" sizes=\"auto, (max-width: 540px) 100vw, 540px\" \/><\/p>\n<p style=\"text-align: justify;\"><strong>\u25ba<\/strong> Vincent BROQUA, <strong><em>GA\u00cfAMEN<\/em><\/strong>, 64 pages, 17 \u20ac.<\/p>\n<blockquote><p>Retour au chant, mais en <em>langue de truanderie<\/em> (Liliane Giraudon) \u2013 avec un grand \u00e9cart entre Hom\u00e8re et Melnick (\u00ab\u00a0po\u00e8te gay de San Francisco\u00a0\u00bb)&#8230;<\/p><\/blockquote>\n<p style=\"text-align: justify;\"><strong>\u25ba<\/strong> Angelica FREITAS, <strong><em>Un ut\u00e9rus fait la taille d&rsquo;un poing<\/em><\/strong>, 84 pages, 17 \u20ac.<\/p>\n<blockquote><p>Du souffle, de l&rsquo;engagement et de la provocation dans ces agencements r\u00e9p\u00e9titifs qui visent \u00e0 lib\u00e9rer la femme \u2013 laquelle \u00ab\u00a0est une construction\u00a0\u00bb \u2013 des discours tout faits&#8230;<\/p><\/blockquote>\n<p style=\"text-align: justify;\"><strong>\u25ba<\/strong> Jean-Marie GLEIZE, <em><strong>TRNC (reprises &amp; suites)<\/strong><\/em>, 168 pages, 20 \u20ac.<\/p>\n<blockquote><p>Rien de fig\u00e9, \u00e7a tourbillonne&#8230; Cette \u00e9criture fragmentaire revendique une esth\u00e9tique du d\u00e9sordre.<\/p><\/blockquote>\n<p style=\"text-align: justify;\"><strong>\u25ba<\/strong> Denise LE DANTEC, <strong><em>ROSA<\/em><\/strong>, 40 pages, 15 \u20ac.<\/p>\n<blockquote><p>Une \u00e9criture haute en couleur, une po\u00e9sie visuelle pour saluer celle qui souhaitait \u00ab\u00a0vivre obstin\u00e9ment\u00a0\u00bb et se battait \u00ab\u00a0pour les portes du ciel\u00a0\u00bb (Karl Liebknecht) : Rosa Luxembourg&#8230;<\/p><\/blockquote>\n<p><strong>\u25ba<\/strong> Jacques-Henri MICHOT, <strong><em>En lieu &amp; place<\/em><\/strong>, 64 pages, 17 \u20ac.<\/p>\n<blockquote><p>En droite ligne de son <em>ABC de la barbarie<\/em> (1998-2022) et de <em>Comme un fracas<\/em> (2009), 57 fragments qui offrent des miroitements entre les trois h\u00e9t\u00e9ronymes de l&rsquo;\u00e9crivain&#8230;<\/p><\/blockquote>\n<p><strong>\u25ba<\/strong> Sa\u00efd NOURINE, <strong><em>Le Ra\u00ef de l&rsquo;homme approximatif<\/em><\/strong>, 112 pages, 15 \u20ac.<\/p>\n<blockquote><p>On aime \u00e0 d\u00e9ambuler avec cet homme approximatif qui \u00ab\u00a0est une allure \/ une figure libre en \u00e9moi \/ un exc\u00e8s de z\u00e8le une pi\u00e9t\u00e9 ch\u00e9tive\u00a0\u00bb&#8230;<\/p><\/blockquote>\n<p style=\"text-align: center;\"><span style=\"background-color: #ff0000; color: #ffffff;\"><strong>Libr-\u00e9v\u00e9nements<\/strong><\/span><\/p>\n<p><strong>\u25ba<\/strong><\/p>\n<div dir=\"auto\" style=\"text-align: center;\"><img loading=\"lazy\" decoding=\"async\" class=\"aligncenter size-full wp-image-6494\" src=\"http:\/\/t-pas-net.com\/librCritN\/wp-content\/uploads\/2025\/10\/Blaine_Delaume.jpg\" alt=\"\" width=\"540\" height=\"675\" srcset=\"https:\/\/t-pas-net.com\/librCritN\/wp-content\/uploads\/2025\/10\/Blaine_Delaume.jpg 540w, https:\/\/t-pas-net.com\/librCritN\/wp-content\/uploads\/2025\/10\/Blaine_Delaume-240x300.jpg 240w, https:\/\/t-pas-net.com\/librCritN\/wp-content\/uploads\/2025\/10\/Blaine_Delaume-120x150.jpg 120w, https:\/\/t-pas-net.com\/librCritN\/wp-content\/uploads\/2025\/10\/Blaine_Delaume-366x458.jpg 366w\" sizes=\"auto, (max-width: 540px) 100vw, 540px\" \/><\/div>\n<div dir=\"auto\"><\/div>\n<div dir=\"auto\"><\/div>\n<div dir=\"auto\" style=\"text-align: justify;\"><span style=\"background-color: #ffff00;\"><strong>\u25ba Vendredi 7 novembre \u00e0 20h, Maison de la po\u00e9sie de Paris<\/strong><\/span> : <em><strong>Outrechanter<\/strong><\/em> (<span class=\"html-span xdj266r x14z9mp xat24cr x1lziwak xexx8yu xyri2b x18d9i69 x1c1uobl x1hl2dhg x16tdsg8 x1vvkbs\"><span class=\"xt0psk2\"><span class=\"xjp7ctv\">\u00c9ditions La Lettre Vol\u00e9e<\/span><\/span><\/span>), une lecture \u00e0 trois : Laure Gauthier, <span class=\"html-span xdj266r x14z9mp xat24cr x1lziwak xexx8yu xyri2b x18d9i69 x1c1uobl x1hl2dhg x16tdsg8 x1vvkbs\"><span class=\"xt0psk2\"><span class=\"xjp7ctv\">S\u00e9verine Daucourt<\/span><\/span><\/span> et <span class=\"html-span xdj266r x14z9mp xat24cr x1lziwak xexx8yu xyri2b x18d9i69 x1c1uobl x1hl2dhg x16tdsg8 x1vvkbs\"><span class=\"xt0psk2\"><span class=\"xjp7ctv\">Antoine Basile Mouton<\/span><\/span><\/span>, composition musicale de Nicolas Repac.<\/div>\n<div dir=\"auto\" style=\"text-align: justify;\">Pour r\u00e9server <span class=\"html-span xexx8yu xyri2b x18d9i69 x1c1uobl x1hl2dhg x16tdsg8 x1vvkbs x3nfvp2 x1j61x8r x1fcty0u xdj266r xat24cr xm2jcoa x1mpyi22 xxymvpz xlup9mm x1kky2od\"><img loading=\"lazy\" decoding=\"async\" class=\"xz74otr x15mokao x1ga7v0g x16uus16 xbiv7yw\" src=\"https:\/\/static.xx.fbcdn.net\/images\/emoji.php\/v9\/t6d\/2\/16\/1f449_1f3fd.png\" alt=\"\ud83d\udc49\ud83c\udffd\" width=\"16\" height=\"16\" \/><\/span> <span class=\"html-span xdj266r x14z9mp xat24cr x1lziwak xexx8yu xyri2b x18d9i69 x1c1uobl x1hl2dhg x16tdsg8 x1vvkbs\"><a class=\"x1i10hfl xjbqb8w x1ejq31n x18oe1m7 x1sy0etr xstzfhl x972fbf x10w94by x1qhh985 x14e42zd x9f619 x1ypdohk xt0psk2 x3ct3a4 xdj266r x14z9mp xat24cr x1lziwak xexx8yu xyri2b x18d9i69 x1c1uobl x16tdsg8 x1hl2dhg xggy1nq x1a2a7pz xkrqix3 x1sur9pj x1fey0fg x1s688f\" tabindex=\"0\" role=\"link\" href=\"https:\/\/billetterie.maisondelapoesieparis.com\/agenda\/105-Laure-Gauthier-Outrechanter?fbclid=IwZXh0bgNhZW0CMTAAYnJpZBExOGpHZDlweWo2MlZsVjZqcwEerAuD5EU6PyxWfJdX4Lc4J6n-8una9czqp7e_3wYGJszHfo8IDtPfFd90rNc_aem_xCnTShxGZBpzRWkvK1pz_A\" target=\"_blank\" rel=\"nofollow noopener noreferrer\">https:\/\/billetterie.maisondelapoesieparis.com\/&#8230;\/105&#8230;<\/a><\/span><\/div>\n<div dir=\"auto\"><\/div>\n<div dir=\"auto\" style=\"text-align: center;\"><img loading=\"lazy\" decoding=\"async\" class=\"aligncenter size-full wp-image-6493\" src=\"http:\/\/t-pas-net.com\/librCritN\/wp-content\/uploads\/2025\/10\/LG_MPP-nov25.jpg\" alt=\"\" width=\"540\" height=\"671\" srcset=\"https:\/\/t-pas-net.com\/librCritN\/wp-content\/uploads\/2025\/10\/LG_MPP-nov25.jpg 540w, https:\/\/t-pas-net.com\/librCritN\/wp-content\/uploads\/2025\/10\/LG_MPP-nov25-241x300.jpg 241w, https:\/\/t-pas-net.com\/librCritN\/wp-content\/uploads\/2025\/10\/LG_MPP-nov25-121x150.jpg 121w, https:\/\/t-pas-net.com\/librCritN\/wp-content\/uploads\/2025\/10\/LG_MPP-nov25-366x455.jpg 366w\" sizes=\"auto, (max-width: 540px) 100vw, 540px\" \/><\/div>\n<div dir=\"auto\"><\/div>\n","protected":false},"excerpt":{"rendered":"<p>En ce dernier dimanche d&rsquo;octobre, l&rsquo;actualit\u00e9 est essentiellement po\u00e9tique, avec le Livre de la semaine, le gros volume du Journal de Prigent, la superbe salve \u00e9ditoriale d&rsquo;Al dante et nos Libr-\u00e9v\u00e9nements&#8230; &nbsp; Le livre de la semaine : Vocalit\u00e9s contemporaines. La voix entre po\u00e9sie et musique (1947-2024) Laure GAUTHIER et Anne-Christine GOYERE dir., Vocalit\u00e9s contemporaines. La voix entre po\u00e9sie et musique (1947-2024), Presses Universitaires de Rennes, octobre 2025, 302 pages, 25 \u20ac. Ce volume collectif constitue les Actes d&rsquo;un colloque dont l&rsquo;objectif \u00e9tait d\u2019interroger l\u2019\u00e9mergence r\u00e9cente de nouvelles pratiques vocales et de nouveaux r\u00e9pertoires entre po\u00e9sie et musique ainsi que de nouvelles collaborations transm\u00e9diales. C&rsquo;\u00e9tait une invitation \u00e0 repenser la voix, qu\u2019elle \u00e9mane de la musique vocale d\u2019aujourd\u2019hui, des diverses m\u00e9diations vocales de la po\u00e9sie contemporaine, de la performance ou encore de la cr\u00e9ation radiophonique depuis les ann\u00e9es 1950. Quelles tensions, quelles f\u00e9condations r\u00e9ciproques animent les pratiques vocales contemporaines entre po\u00e9sie et musique ? De fait, elles ont fr\u00e9quemment fait l\u2019objet, notamment au d\u00e9but de la p\u00e9riode consid\u00e9r\u00e9e, de d\u00e9clarations d\u2019intention distinctes de la part des po\u00e8tes et des compositeurs. De m\u00eame, l\u2019analyse de ces vocalit\u00e9s a souvent suivi des chemins \u00e9pist\u00e9mologiques s\u00e9par\u00e9s, m\u00eame si parfois, notamment concernant la musique \u00e9lectroacoustique et la voix acousmate, on a pu les \u00e9tudier conjointement. L\u2019enjeu est d\u00e9sormais de faire dialoguer les disciplines en vue d\u2019une compr\u00e9hension globale de ces vocalit\u00e9s contemporaines situ\u00e9es \u00e0 l\u2019intersection des champs de la po\u00e9sie et de la musique. On s&rsquo;est \u00e9galement demand\u00e9 en quoi les vocalit\u00e9s nouvelles, \u00e9manant de po\u00e8tes et de compositeurs associ\u00e9s \u00e0 d\u2019autres artistes, permettent d\u2019ouvrir la r\u00e9flexion sur la voix \u00e0 des questionnements environnementaux \u00e9copo\u00e9tiques et politiques. &nbsp; Introduction de Fabrice Thumerel, \u00ab Trans-phonographies contemporaines : sur les audio-po\u00e8mes de Sandra Moussemp\u00e8s et les transpo\u00e8mes de Laure Gauthier \u00bb, p. 249-262. Le dernier demi-si\u00e8cle a vu, dans le domaine de l\u2019oralit\u00e9 et de la performance po\u00e9tiques, les m\u00e9diations vocales d\u00e9passer l\u2019antinomie entre po\u00e9sie \u00e9crite et po\u00e9sie orale, graphocentrisme et phonocentrisme, tout en inventant de nouvelles interactions entre po\u00e9sie et musique. Dans cet espace po\u00e9tique en pleine mutation, sans doute parce que trop longtemps et trop souvent encore lyrisme et \u00ab \u00e9criture f\u00e9minine \u00bb ont \u00e9t\u00e9 ou sont associ\u00e9s, deux po\u00e9tesses apparues dans des \u00e9tats du champ diff\u00e9rents (ann\u00e9es 1990 pour l\u2019une et ann\u00e9es 2010 pour l\u2019autre) cr\u00e9ent des objets po\u00e9tiques singuliers qui ressortissent aux exp\u00e9riences transartistiques \/ transg\u00e9n\u00e9riques : bien que leurs horizons culturels divergent, il est possible de faire entrer en r\u00e9sonance leurs pratiques transphonographiques, dans la mesure o\u00f9 elles rel\u00e8vent d\u2019une oralit\u00e9 auctoriale (la voix de l\u2019auteure comme m\u00e9diation po\u00e9tique, transport de l\u2019\u00e9crit dans un espace sonore singulier) et que la vis\u00e9e de leur parole est imageante (mim\u00e8sis tympanis\u00e9e). D\u2019o\u00f9 l\u2019importance des arts visuels dans les deux \u0153uvres, et en particulier de la photographie et de l\u2019univers cin\u00e9matographique. Dot\u00e9e d\u2019une double exp\u00e9rience (chant depuis 1984 et po\u00e9sie depuis 1992), depuis 2010 Sandra Moussemp\u00e8s reprend \u00e0 son compte l\u2019appellation \u00ab audio-po\u00e8mes \u00bb qu\u2019a invent\u00e9e Henri Chopin en 1963 \u2013 alors que sa pratique remonte \u00e0 1956 \u2013 pour cr\u00e9er des objets sonores originaux. Quant \u00e0 Laure Gauthier, qui \u00e9volue dans l\u2019espace po\u00e9tique depuis 2013, elle vient de mettre au point ses transpo\u00e8mes, qu\u2019elle d\u00e9finit ainsi\u00a0: \u00ab\u00a0J\u2019appelle\u00a0transpo\u00e8mes des po\u00e8mes transgenres, qui mutent et migrent. Passent d\u2019une rive po\u00e9tique \u00e0 l\u2019autre. Ce sont des segments que je pr\u00e9l\u00e8ve de mes textes publi\u00e9s ou en cours d\u2019\u00e9criture et que j\u2019enregistre \u00e0 l\u2019aide d\u2019un zoom audio ou de mon smartphone dans diff\u00e9rentes situations et diff\u00e9rents lieux \u00bb (\u00c9clectiques cit\u00e9s, Ac\u00e9die 58, 2021, d\u00e9but non pagin\u00e9). C\u2019est dire \u00e0 quel point, en cette \u00e9poque de r\u00e9volution ultra-conservatrice, cette po\u00e9tique du trans-, du passage, de l\u2019aller-vers, cette esth\u00e9tique de la m\u00e9tamorphose fait pr\u00e9valoir le devenir sur l\u2019\u00eatre, le nomadisme sur l\u2019identitarisme. &nbsp; Jean-Claude Pinson a lu et recommande&#8230; Christian PRIGENT, Zapp &amp; zipp 2019-2024, P. O. L., septembre 2025, 734 pages, 29 \u20ac. Tenir un \u00ab\u00a0journal\u00a0\u00bb : zapper d&rsquo;un sujet \u00e0 l&rsquo;autre (salut l&rsquo;impr\u00e9vu !) ; sans s&rsquo;interdire de zipper les sujets entre eux (coucou les manies !) (exergue). PRIGENT tel qu&rsquo;en lui-m\u00eame. PRIGENT \u00e0 son meilleur. Un tr\u00e8s volumineux journal, o\u00f9 constamment et formidablement \u00e7a pense et souvent \u00e7a touche, \u00e9meut. \u00ab\u00a0Moins &lsquo;\u00e9crit\u2018 que d&rsquo;autres de mes livres\u00a0\u00bb (p. 108) ? Pas s\u00fbr. Le tranchant du phras\u00e9 est ici constamment et \u00ab\u00a0po\u00e9tiquement\u00a0\u00bb au travail. Po\u00e9sie, \u2013 \u00ab\u00a0si &lsquo;po\u00e9sie&rsquo; (au-del\u00e0 des mi\u00e8vreries sentimentales ou formellement bricol\u00e9es que ce mot le plus souvent d\u00e9signe) veut dire effort pour mimer dans le corps m\u00eame de la langue l&rsquo;effet d&rsquo;obscurcissement illuminant que le corps \u00e9nigmatique du r\u00e9el oppose \u00e0 la repr\u00e9sentation discursive (essai) ou narrative (roman)\u00a0\u00bb (p. 393). Jamais ennuyeux, un livre sur tous les sujets. De l&rsquo;I. A. (p. 413) au marathonien Mimoun (p. 498). Un regard ac\u00e9r\u00e9 et lucide sur l&rsquo;\u00e9poque (\u00ab\u00a0&#8230; un monde que je comprends de moins en moins et un moi qui s&rsquo;y sent de plus en plus inadapt\u00e9\u00a0\u00bb (525-526). Un ABC de l&rsquo;\u00e9criture et de la lecture. Pages p\u00e9n\u00e9trantes sur Saint-Simon, Racine (mais oui !), Follain &#8230; aussi bien que Guyotat. Des peintres aussi (d&rsquo;Uccello \u00e0 Twombly, Baselitz&#8230;) et une analyse tr\u00e8s \u00e9clairante du c\u00e9l\u00e8bre \u00ab\u00a0Cri\u00a0\u00bb de Munch (p. 413). &nbsp; Libr-livres re\u00e7us : sp\u00e9ciale Al dante \u25ba Vincent BROQUA, GA\u00cfAMEN, 64 pages, 17 \u20ac. Retour au chant, mais en langue de truanderie (Liliane Giraudon) \u2013 avec un grand \u00e9cart entre Hom\u00e8re et Melnick (\u00ab\u00a0po\u00e8te gay de San Francisco\u00a0\u00bb)&#8230; \u25ba Angelica FREITAS, Un ut\u00e9rus fait la taille d&rsquo;un poing, 84 pages, 17 \u20ac. Du souffle, de l&rsquo;engagement et de la provocation dans ces agencements r\u00e9p\u00e9titifs qui visent \u00e0 lib\u00e9rer la femme \u2013 laquelle \u00ab\u00a0est une construction\u00a0\u00bb \u2013 des discours tout faits&#8230; \u25ba Jean-Marie GLEIZE, TRNC (reprises &amp; suites), 168 pages, 20 \u20ac. Rien de fig\u00e9, \u00e7a tourbillonne&#8230; Cette \u00e9criture fragmentaire revendique une esth\u00e9tique du d\u00e9sordre. \u25ba Denise LE DANTEC, ROSA, 40 pages, 15 \u20ac. Une \u00e9criture haute en couleur, une po\u00e9sie visuelle pour saluer celle qui souhaitait \u00ab\u00a0vivre obstin\u00e9ment\u00a0\u00bb et se battait \u00ab\u00a0pour les portes du ciel\u00a0\u00bb (Karl Liebknecht) : Rosa Luxembourg&#8230; \u25ba Jacques-Henri MICHOT,&#8230;<\/p>\n","protected":false},"author":2,"featured_media":2401,"comment_status":"open","ping_status":"open","sticky":false,"template":"","format":"standard","meta":{"footnotes":""},"categories":[7,10,2],"tags":[364,424,298,618,38,303,1515,116,2323,76,1543,12,2639,294,1552,796,2802,1115,318,85,48,623,1556,1363,148,1989,2803,215,1129,787],"class_list":["post-6484","post","type-post","status-publish","format-standard","has-post-thumbnail","hentry","category-livres-recus","category-news","category-une","tag-anne-christine-royere","tag-anne-james-chaton","tag-charles-pennequin","tag-chloe-delaume","tag-christian-prigent","tag-christophe-manon","tag-christophe-tarkos","tag-david-christoffel","tag-denise-le-dantec","tag-dominique-fourcade","tag-entre-poesie-et-musique","tag-fabrice-thumerel","tag-frederic-d-oberland","tag-gherasim-luca","tag-jacques-henri-michot","tag-jean-claude-pinson","tag-jean-francois-puff","tag-jean-marie-gleize","tag-jerome-game","tag-julien-blaine","tag-laure-gauthier","tag-nathalie-quintane","tag-olivier-mellano","tag-philippe-beck","tag-presses-du-reel-al-dante","tag-presses-universitaires-de-rennes","tag-said-nourine","tag-sandra-moussempes","tag-vincent-broqua","tag-vincent-tholome"],"post_mailing_queue_ids":[],"_links":{"self":[{"href":"https:\/\/t-pas-net.com\/librCritN\/wp-json\/wp\/v2\/posts\/6484","targetHints":{"allow":["GET"]}}],"collection":[{"href":"https:\/\/t-pas-net.com\/librCritN\/wp-json\/wp\/v2\/posts"}],"about":[{"href":"https:\/\/t-pas-net.com\/librCritN\/wp-json\/wp\/v2\/types\/post"}],"author":[{"embeddable":true,"href":"https:\/\/t-pas-net.com\/librCritN\/wp-json\/wp\/v2\/users\/2"}],"replies":[{"embeddable":true,"href":"https:\/\/t-pas-net.com\/librCritN\/wp-json\/wp\/v2\/comments?post=6484"}],"version-history":[{"count":8,"href":"https:\/\/t-pas-net.com\/librCritN\/wp-json\/wp\/v2\/posts\/6484\/revisions"}],"predecessor-version":[{"id":6499,"href":"https:\/\/t-pas-net.com\/librCritN\/wp-json\/wp\/v2\/posts\/6484\/revisions\/6499"}],"wp:featuredmedia":[{"embeddable":true,"href":"https:\/\/t-pas-net.com\/librCritN\/wp-json\/wp\/v2\/media\/2401"}],"wp:attachment":[{"href":"https:\/\/t-pas-net.com\/librCritN\/wp-json\/wp\/v2\/media?parent=6484"}],"wp:term":[{"taxonomy":"category","embeddable":true,"href":"https:\/\/t-pas-net.com\/librCritN\/wp-json\/wp\/v2\/categories?post=6484"},{"taxonomy":"post_tag","embeddable":true,"href":"https:\/\/t-pas-net.com\/librCritN\/wp-json\/wp\/v2\/tags?post=6484"}],"curies":[{"name":"wp","href":"https:\/\/api.w.org\/{rel}","templated":true}]}}