{"id":6601,"date":"2025-12-07T19:19:18","date_gmt":"2025-12-07T18:19:18","guid":{"rendered":"https:\/\/t-pas-net.com\/librCritN\/?p=6601"},"modified":"2025-12-07T19:46:37","modified_gmt":"2025-12-07T18:46:37","slug":"news-news-du-dimanche-109","status":"publish","type":"post","link":"https:\/\/t-pas-net.com\/librCritN\/2025\/12\/07\/news-news-du-dimanche-109\/","title":{"rendered":"[NEWS] NEWS DU DIMANCHE"},"content":{"rendered":"<p style=\"text-align: justify;\">Apr\u00e8s de nouvelles aventures d&rsquo;Ovaine (Tristan Felix) \u2013 ce qui est d\u00e9j\u00e0 festif ! \u2013, nos <strong>Libr-f\u00eates<\/strong> (avec des id\u00e9es cadeaux en grands et petit formats) et nos <strong>Libr-\u00e9v\u00e9nements<\/strong>&#8230;<\/p>\n<p>&nbsp;<\/p>\n<p style=\"text-align: center;\"><span style=\"background-color: #ff0000; color: #ffffff;\"><strong>Nouvelles aventures d&rsquo;Ovaine \/Tristan Felix\/<\/strong><\/span><\/p>\n<p style=\"text-align: justify;\">\u00c9parpill\u00e9e sur la plage, Ovaine \u00e9coute la clameur des galets.<\/p>\n<p style=\"text-align: justify;\">\u2013 Z&rsquo;avez grise mine, t\u00eates de mioches.<\/p>\n<p style=\"text-align: justify;\">\u2013 On se cogne contre l&rsquo;in\u00e9luctable, glapissent-t-ils, perclus de bleus. On va tous finir \u00e0 la casse !<img loading=\"lazy\" decoding=\"async\" class=\"alignright size-full wp-image-5978\" src=\"http:\/\/t-pas-net.com\/librCritN\/wp-content\/uploads\/2025\/03\/OvainePetit.jpg\" alt=\"\" width=\"210\" height=\"290\" srcset=\"https:\/\/t-pas-net.com\/librCritN\/wp-content\/uploads\/2025\/03\/OvainePetit.jpg 210w, https:\/\/t-pas-net.com\/librCritN\/wp-content\/uploads\/2025\/03\/OvainePetit-109x150.jpg 109w\" sizes=\"auto, (max-width: 210px) 100vw, 210px\" \/><\/p>\n<p style=\"text-align: justify;\">Ovaine alors les pr\u00e9l\u00e8ve comme des \u0153ufs et les emporte dans son galetas.<\/p>\n<p style=\"text-align: justify;\">L\u00e0, elle et le loup les couvent 28 jours, d\u00e9goisant \u00e0 tue-t\u00eate des chants de marins.<\/p>\n<p style=\"text-align: justify;\">\u00c0 la nouvelle lune, une arm\u00e9e de petites falaises en sortent qui se pr\u00e9cipitent vers la mer pour devenir immenses.<\/p>\n<p>&nbsp;<\/p>\n<p style=\"text-align: center;\">\u2666\u2666\u2666\u2666\u2666<\/p>\n<p>&nbsp;<\/p>\n<p style=\"text-align: justify;\">Des fois, Ovaine relit ses M\u00e9moires \u00e0 la lueur un peu folle d&rsquo;une luciole.<\/p>\n<p style=\"text-align: justify;\">Mmm\u2026 il y a des zones d&rsquo;ombre&#8230; oh, c&rsquo;est d\u00e9j\u00e0 l&rsquo;extinction des feux et l&rsquo;heure de la chauve-souris\u00a0?<\/p>\n<p style=\"text-align: justify;\">Dans ses r\u00eaves elle tente in extremis de les ramener \u00e0 la lumi\u00e8re mais le ma\u00eetre de l&rsquo;Oubli les jette toutes nues dans ses oubliettes.<\/p>\n<p style=\"text-align: justify;\">L\u00e0, elles complotent, se frottent l&rsquo;allumette et fulminent jusqu&rsquo;\u00e0 ce que l&rsquo;Oubli recrache sa valda.<\/p>\n<p style=\"text-align: justify;\">Han, bouh, beurk, \u00e7a rago\u00fbte mauvais, bon pour la casserole&#8230;<\/p>\n<p style=\"text-align: justify;\">C&rsquo;est ainsi qu&rsquo;Ovaine et le loup gr\u00eale go\u00fbt\u00e8rent une daube de souvenirs frelat\u00e9s \u00e0 l&rsquo;ail de vampire.<\/p>\n<p>&nbsp;<\/p>\n<p style=\"text-align: center;\"><span style=\"background-color: #ff0000; color: #ffffff;\"><strong>Libr-f\u00eates<\/strong><\/span><\/p>\n<p style=\"text-align: center;\"><img loading=\"lazy\" decoding=\"async\" class=\"aligncenter size-full wp-image-6604\" src=\"http:\/\/t-pas-net.com\/librCritN\/wp-content\/uploads\/2025\/12\/Libr-fetes25.jpg\" alt=\"\" width=\"540\" height=\"401\" srcset=\"https:\/\/t-pas-net.com\/librCritN\/wp-content\/uploads\/2025\/12\/Libr-fetes25.jpg 540w, https:\/\/t-pas-net.com\/librCritN\/wp-content\/uploads\/2025\/12\/Libr-fetes25-300x223.jpg 300w, https:\/\/t-pas-net.com\/librCritN\/wp-content\/uploads\/2025\/12\/Libr-fetes25-150x111.jpg 150w, https:\/\/t-pas-net.com\/librCritN\/wp-content\/uploads\/2025\/12\/Libr-fetes25-366x272.jpg 366w\" sizes=\"auto, (max-width: 540px) 100vw, 540px\" \/><\/p>\n<p><span style=\"color: #0000ff; background-color: #ffff00;\"><strong>Volumes collectifs :<\/strong><\/span><\/p>\n<p style=\"text-align: justify;\"><strong>\u25ba<\/strong> <strong><em>Dictionnaire<\/em><\/strong><em><strong> Val\u00e8re Novarina<\/strong><\/em>, C\u00e9line Hersant et Fabrice Thumerel dir., HDiffusion (grand format avec photos), printemps 2025, 424 pages, 35 \u20ac. [<a href=\"http:\/\/t-pas-net.com\/librCritN\/2025\/04\/05\/livre-dictionnaire-valere-novarina\/\"><strong>Pr\u00e9sentation<\/strong><\/a>]<\/p>\n<p style=\"text-align: justify;\"><strong>\u25ba<\/strong> <em><strong>Une anthologie (2005-2025<\/strong><\/em><strong>)<\/strong>, Dernier T\u00e9l\u00e9gramme (grand format), \u00e9t\u00e9 2025, 544 pages, 25 \u20ac. [L&rsquo;anthologie g\u00e9n\u00e9rale la plus dense depuis quelques ann\u00e9es !]<\/p>\n<p style=\"text-align: justify;\"><strong>\u25ba<\/strong> <em><strong>C<\/strong><strong>e<\/strong><strong> que les femmes font \u00e0 la po\u00e9sie<\/strong><\/em>, entretiens et textes in\u00e9dits\u00a0recueillis et pr\u00e9sent\u00e9s par Fabrice Thumerel, Lanskine (format de poche), novembre 2025, 248 pages, 14 \u20ac. [<a href=\"http:\/\/t-pas-net.com\/librCritN\/2025\/11\/09\/news-du-dimanche\/\"><strong>Pr\u00e9sentation<\/strong><\/a>]<\/p>\n<p><span style=\"color: #0000ff; background-color: #ffff00;\"><strong>Livres singuliers :<\/strong><\/span><\/p>\n<p style=\"text-align: justify;\"><strong>\u25ba<\/strong> David CHRISTOFFEL et Ma\u00ebl GUESDON, <strong><em>Le bien-\u00eatre par la po\u00e9sie. Manuel de contre-culture psychique<\/em><\/strong>, MF \u00e9ditions, juin 2025, 192 pages, 16 \u20ac. [<a href=\"https:\/\/t-pas-net.com\/librCritN\/2025\/09\/20\/mael-guesdon-et-david-christoffel-le-bien-etre-par-la-poesie-par-fabrice-thumerel\/\"><strong>Chronique<\/strong><\/a>]<\/p>\n<p style=\"text-align: justify;\"><strong>\u25ba<\/strong> Patrick MODIANO et Christian MAZZALAI, <strong><em>70 bis entr\u00e9e des artistes<\/em><\/strong>, Gallimard (grand format avec photos), automne 2025, 208 pages, 25 \u20ac. [La Belle \u00c9poque de Montparnasse : <em>valse m\u00e9lancolique et langoureux vertige<\/em> !]<\/p>\n<p style=\"text-align: justify;\"><strong>\u25ba <\/strong>Jacques DONGUY, <strong><em>De Golycheff \u00e0 Stelarc. De l\u2019avant-garde \u00e0 la post-humanit\u00e9<\/em><\/strong>, A.D.L.M.N. \/ Les Presses du r\u00e9el (grand format avec photos), octobre 2025, 736 pages, 28 \u20ac. [Ce parcours tr\u00e8s vivant des pratiques exp\u00e9rimentales depuis plus de quarante ans nous conduit de Jef Golyscheff, \u00ab le dada\u00efste oubli\u00e9 \u00bb, aux exp\u00e9riences du corps appareill\u00e9 voire augment\u00e9 propres \u00e0 Stelarc]<\/p>\n<p>&nbsp;<\/p>\n<p style=\"text-align: center;\"><span style=\"background-color: #ff0000; color: #ffffff;\"><strong>Libr-\u00e9v\u00e9nements<\/strong><\/span><\/p>\n<p style=\"text-align: justify;\"><strong>\u25ba\u00a0<\/strong><strong><span class=\"datetime-date \" style=\"background-color: #ffff00;\">Jeudi 11 d\u00e9cembre 2025 \u00e0\u00a0<\/span><\/strong><span class=\"datetime-time \"><strong><span style=\"background-color: #ffff00;\">20h, Maison de la po\u00e9sie de Paris<\/span><\/strong> : <\/span><span style=\"background-color: #ffff00;\"><strong>\u00ab D\u00e9veloppement personnel &amp; po\u00e9sie \u00bb, avec David Christoffel &amp; Ma\u00ebl Guesdon<\/strong><\/span>,<img loading=\"lazy\" decoding=\"async\" class=\"alignright wp-image-6211\" src=\"http:\/\/t-pas-net.com\/librCritN\/wp-content\/uploads\/2025\/06\/MF-Inventions-bien-etre.jpg\" alt=\"\" width=\"175\" height=\"306\" srcset=\"https:\/\/t-pas-net.com\/librCritN\/wp-content\/uploads\/2025\/06\/MF-Inventions-bien-etre.jpg 217w, https:\/\/t-pas-net.com\/librCritN\/wp-content\/uploads\/2025\/06\/MF-Inventions-bien-etre-171x300.jpg 171w, https:\/\/t-pas-net.com\/librCritN\/wp-content\/uploads\/2025\/06\/MF-Inventions-bien-etre-86x150.jpg 86w\" sizes=\"auto, (max-width: 175px) 100vw, 175px\" \/> Nancy Murzilli &amp; Sophie Prinssen, Cyrille Martinez.<\/p>\n<header class=\"entry-header\">\n<div class=\"participants\">La po\u00e9sie est-elle l\u2019ennemie, l\u2019alli\u00e9e ou la victime du d\u00e9veloppement personnel ?<\/div>\n<\/header>\n<div class=\"entry-content\">\n<p style=\"text-align: justify;\">Trois performances vont explorer les difficult\u00e9s qu\u2019il y a \u00e0 devenir la meilleure version de soi-m\u00eame. Cyrille Martinez d\u00e9fendra d\u2019abord que la litt\u00e9rature est d\u2019un grand b\u00e9n\u00e9fice pour qui la pratique : \u00e9crire permettrait d\u2019am\u00e9liorer sa vie mat\u00e9rielle et d\u2019accro\u00eetre son potentiel \u00e9rotique. Nancy Murzilli et Sophie Prinssen soumettront un exercice divinatoire au public ; il repose sur l\u2019id\u00e9e que la lecture d\u2019une fiction, le tarot divinatoire et le coaching de vie ont quelque chose en commun. Quant \u00e0 David Christoffel et Ma\u00ebl Guesdon, ils proposeront une s\u00e9rie d\u2019exercices de contre-culture psychique afin de se non-d\u00e9velopper ou de s\u2019anti-d\u00e9velopper \u2013 voire de s\u2019oublier comme personne.<\/p>\n<\/div>\n<p><strong>\u25ba<\/strong><\/p>\n<p style=\"text-align: center;\"><img loading=\"lazy\" decoding=\"async\" class=\"aligncenter size-full wp-image-6603\" src=\"http:\/\/t-pas-net.com\/librCritN\/wp-content\/uploads\/2025\/12\/Marche-de-la-Poesie-de-Lille.jpg\" alt=\"\" width=\"540\" height=\"200\" srcset=\"https:\/\/t-pas-net.com\/librCritN\/wp-content\/uploads\/2025\/12\/Marche-de-la-Poesie-de-Lille.jpg 540w, https:\/\/t-pas-net.com\/librCritN\/wp-content\/uploads\/2025\/12\/Marche-de-la-Poesie-de-Lille-300x111.jpg 300w, https:\/\/t-pas-net.com\/librCritN\/wp-content\/uploads\/2025\/12\/Marche-de-la-Poesie-de-Lille-150x56.jpg 150w, https:\/\/t-pas-net.com\/librCritN\/wp-content\/uploads\/2025\/12\/Marche-de-la-Poesie-de-Lille-366x136.jpg 366w\" sizes=\"auto, (max-width: 540px) 100vw, 540px\" \/><\/p>\n<p class=\"font_8 wixui-rich-text__text\" style=\"text-align: justify;\"><span class=\"wixui-rich-text__text\">Le <span style=\"background-color: #ffff00;\"><strong>3e March\u00e9 de la Po\u00e9sie de Lille<\/strong><\/span> &#8211; co-organis\u00e9 par le Centre litt\u00e9raire Escales des lettres et l&rsquo;association c\/i\/r\/c\/\u00e9 (March\u00e9 de la Po\u00e9sie de Paris) &#8211; vous donne rendez-vous les <span style=\"background-color: #ffff00;\"><strong>12, 13 et 14 d\u00e9cembre 2025 au Tripostal<\/strong><\/span>, pr\u00e9c\u00e9d\u00e9 des Escales du March\u00e9, une s\u00e9rie de rencontres po\u00e9tiques qui ouvrira les festivit\u00e9s dans de nombreuses villes de la M\u00e9tropole Europ\u00e9enne de Lille du 26 novembre au 11 d\u00e9cembre. <span style=\"background-color: #ffffff; color: #ff0000;\"><strong>Programme, participants et plan d&rsquo;ensemble<\/strong><\/span> : <a href=\"https:\/\/www.escalesdeslettres.com\/_files\/ugd\/2dc572_b35136a212fa40d886ef3fee55c0b93b.pdf\"><span style=\"color: #0000ff;\"><strong>ici<\/strong><\/span><\/a>.<\/span><\/p>\n<p class=\"font_8 wixui-rich-text__text\" style=\"text-align: justify;\"><span class=\"wixui-rich-text__text\">Plus de 300 maisons d\u2019\u00e9dition, revues et po\u00e8tes venus de la R\u00e9gion, de la France enti\u00e8re et de l\u2019\u00e9tranger\u2026 Plus de 2.000 m2 pour des rencontres, des d\u00e9bats, des animations, une exposition, des ateliers et des lectures\u2026 Parmi les po\u00e8tes pr\u00e9sents : Alain MARC, Coline MARESCAUX, Juliette MEZENC, Dominique QU\u00c9LEN, Lucien SUEL&#8230;\u00a0<\/span><\/p>\n<p style=\"text-align: justify;\"><span style=\"background-color: #ffff00;\"><strong>Rendez-vous au stand I 12, \u00e9ditions Lanskine<\/strong><\/span> : Yves Boudier ; samedi 13 \u00e0 partir de 15H : Sophie Loizeau et Fabrice Thumerel pour <strong><em>Ce que les femmes font \u00e0 la po\u00e9sie<\/em><\/strong>.<\/p>\n<p>&nbsp;<\/p>\n","protected":false},"excerpt":{"rendered":"<p>Apr\u00e8s de nouvelles aventures d&rsquo;Ovaine (Tristan Felix) \u2013 ce qui est d\u00e9j\u00e0 festif ! \u2013, nos Libr-f\u00eates (avec des id\u00e9es cadeaux en grands et petit formats) et nos Libr-\u00e9v\u00e9nements&#8230; &nbsp; Nouvelles aventures d&rsquo;Ovaine \/Tristan Felix\/ \u00c9parpill\u00e9e sur la plage, Ovaine \u00e9coute la clameur des galets. \u2013 Z&rsquo;avez grise mine, t\u00eates de mioches. \u2013 On se cogne contre l&rsquo;in\u00e9luctable, glapissent-t-ils, perclus de bleus. On va tous finir \u00e0 la casse ! Ovaine alors les pr\u00e9l\u00e8ve comme des \u0153ufs et les emporte dans son galetas. L\u00e0, elle et le loup les couvent 28 jours, d\u00e9goisant \u00e0 tue-t\u00eate des chants de marins. \u00c0 la nouvelle lune, une arm\u00e9e de petites falaises en sortent qui se pr\u00e9cipitent vers la mer pour devenir immenses. &nbsp; \u2666\u2666\u2666\u2666\u2666 &nbsp; Des fois, Ovaine relit ses M\u00e9moires \u00e0 la lueur un peu folle d&rsquo;une luciole. Mmm\u2026 il y a des zones d&rsquo;ombre&#8230; oh, c&rsquo;est d\u00e9j\u00e0 l&rsquo;extinction des feux et l&rsquo;heure de la chauve-souris\u00a0? Dans ses r\u00eaves elle tente in extremis de les ramener \u00e0 la lumi\u00e8re mais le ma\u00eetre de l&rsquo;Oubli les jette toutes nues dans ses oubliettes. L\u00e0, elles complotent, se frottent l&rsquo;allumette et fulminent jusqu&rsquo;\u00e0 ce que l&rsquo;Oubli recrache sa valda. Han, bouh, beurk, \u00e7a rago\u00fbte mauvais, bon pour la casserole&#8230; C&rsquo;est ainsi qu&rsquo;Ovaine et le loup gr\u00eale go\u00fbt\u00e8rent une daube de souvenirs frelat\u00e9s \u00e0 l&rsquo;ail de vampire. &nbsp; Libr-f\u00eates Volumes collectifs : \u25ba Dictionnaire Val\u00e8re Novarina, C\u00e9line Hersant et Fabrice Thumerel dir., HDiffusion (grand format avec photos), printemps 2025, 424 pages, 35 \u20ac. [Pr\u00e9sentation] \u25ba Une anthologie (2005-2025), Dernier T\u00e9l\u00e9gramme (grand format), \u00e9t\u00e9 2025, 544 pages, 25 \u20ac. [L&rsquo;anthologie g\u00e9n\u00e9rale la plus dense depuis quelques ann\u00e9es !] \u25ba Ce que les femmes font \u00e0 la po\u00e9sie, entretiens et textes in\u00e9dits\u00a0recueillis et pr\u00e9sent\u00e9s par Fabrice Thumerel, Lanskine (format de poche), novembre 2025, 248 pages, 14 \u20ac. [Pr\u00e9sentation] Livres singuliers : \u25ba David CHRISTOFFEL et Ma\u00ebl GUESDON, Le bien-\u00eatre par la po\u00e9sie. Manuel de contre-culture psychique, MF \u00e9ditions, juin 2025, 192 pages, 16 \u20ac. [Chronique] \u25ba Patrick MODIANO et Christian MAZZALAI, 70 bis entr\u00e9e des artistes, Gallimard (grand format avec photos), automne 2025, 208 pages, 25 \u20ac. [La Belle \u00c9poque de Montparnasse : valse m\u00e9lancolique et langoureux vertige !] \u25ba Jacques DONGUY, De Golycheff \u00e0 Stelarc. De l\u2019avant-garde \u00e0 la post-humanit\u00e9, A.D.L.M.N. \/ Les Presses du r\u00e9el (grand format avec photos), octobre 2025, 736 pages, 28 \u20ac. [Ce parcours tr\u00e8s vivant des pratiques exp\u00e9rimentales depuis plus de quarante ans nous conduit de Jef Golyscheff, \u00ab le dada\u00efste oubli\u00e9 \u00bb, aux exp\u00e9riences du corps appareill\u00e9 voire augment\u00e9 propres \u00e0 Stelarc] &nbsp; Libr-\u00e9v\u00e9nements \u25ba\u00a0Jeudi 11 d\u00e9cembre 2025 \u00e0\u00a020h, Maison de la po\u00e9sie de Paris : \u00ab D\u00e9veloppement personnel &amp; po\u00e9sie \u00bb, avec David Christoffel &amp; Ma\u00ebl Guesdon, Nancy Murzilli &amp; Sophie Prinssen, Cyrille Martinez. La po\u00e9sie est-elle l\u2019ennemie, l\u2019alli\u00e9e ou la victime du d\u00e9veloppement personnel ? Trois performances vont explorer les difficult\u00e9s qu\u2019il y a \u00e0 devenir la meilleure version de soi-m\u00eame. Cyrille Martinez d\u00e9fendra d\u2019abord que la litt\u00e9rature est d\u2019un grand b\u00e9n\u00e9fice pour qui la pratique : \u00e9crire permettrait d\u2019am\u00e9liorer sa vie mat\u00e9rielle et d\u2019accro\u00eetre son potentiel \u00e9rotique. Nancy Murzilli et Sophie Prinssen soumettront un exercice divinatoire au public ; il repose sur l\u2019id\u00e9e que la lecture d\u2019une fiction, le tarot divinatoire et le coaching de vie ont quelque chose en commun. Quant \u00e0 David Christoffel et Ma\u00ebl Guesdon, ils proposeront une s\u00e9rie d\u2019exercices de contre-culture psychique afin de se non-d\u00e9velopper ou de s\u2019anti-d\u00e9velopper \u2013 voire de s\u2019oublier comme personne. \u25ba Le 3e March\u00e9 de la Po\u00e9sie de Lille &#8211; co-organis\u00e9 par le Centre litt\u00e9raire Escales des lettres et l&rsquo;association c\/i\/r\/c\/\u00e9 (March\u00e9 de la Po\u00e9sie de Paris) &#8211; vous donne rendez-vous les 12, 13 et 14 d\u00e9cembre 2025 au Tripostal, pr\u00e9c\u00e9d\u00e9 des Escales du March\u00e9, une s\u00e9rie de rencontres po\u00e9tiques qui ouvrira les festivit\u00e9s dans de nombreuses villes de la M\u00e9tropole Europ\u00e9enne de Lille du 26 novembre au 11 d\u00e9cembre. Programme, participants et plan d&rsquo;ensemble : ici. Plus de 300 maisons d\u2019\u00e9dition, revues et po\u00e8tes venus de la R\u00e9gion, de la France enti\u00e8re et de l\u2019\u00e9tranger\u2026 Plus de 2.000 m2 pour des rencontres, des d\u00e9bats, des animations, une exposition, des ateliers et des lectures\u2026 Parmi les po\u00e8tes pr\u00e9sents : Alain MARC, Coline MARESCAUX, Juliette MEZENC, Dominique QU\u00c9LEN, Lucien SUEL&#8230;\u00a0 Rendez-vous au stand I 12, \u00e9ditions Lanskine : Yves Boudier ; samedi 13 \u00e0 partir de 15H : Sophie Loizeau et Fabrice Thumerel pour Ce que les femmes font \u00e0 la po\u00e9sie. &nbsp;<\/p>\n","protected":false},"author":2,"featured_media":2401,"comment_status":"open","ping_status":"open","sticky":false,"template":"","format":"standard","meta":{"footnotes":""},"categories":[7,10,2],"tags":[145,1745,1366,1061,387,2822,1189,116,1625,667,264,36,1414,12,2647,907,1550,197,652,1872,48,201,189,236,1391,641,524,540,1415,2821,2820,372,2532,13,174,1297,974,2151],"class_list":["post-6601","post","type-post","status-publish","format-standard","has-post-thumbnail","hentry","category-livres-recus","category-news","category-une","tag-ac-hello","tag-aurelie-foglia","tag-avant-gardes","tag-cecile-richard","tag-celine-hersant","tag-coline-marescaux","tag-cyrille-martinez","tag-david-christoffel","tag-dominique-quelen","tag-editions-dernier-telegramme","tag-editions-gallimard","tag-editions-lanskine","tag-elsa-boyer","tag-fabrice-thumerel","tag-hd-editions","tag-hortense-gauthier","tag-isabelle-zribi","tag-jacques-donguy","tag-juliette-mezenc","tag-katia-bouchoueva","tag-laure-gauthier","tag-les-presses-du-reel","tag-liliane-giraudon","tag-lucien-suel","tag-mael-guesdon","tag-maison-de-la-poesie-de-paris","tag-marina-skalova","tag-maud-thiria","tag-mf-editions","tag-nancy-murzilli","tag-patrick-modiano","tag-severine-daucourt","tag-sophie-loizeau","tag-tristan-felix","tag-valere-novarina","tag-veronique-vassiliou","tag-virginie-poitrasson","tag-yves-boudier"],"post_mailing_queue_ids":[],"_links":{"self":[{"href":"https:\/\/t-pas-net.com\/librCritN\/wp-json\/wp\/v2\/posts\/6601","targetHints":{"allow":["GET"]}}],"collection":[{"href":"https:\/\/t-pas-net.com\/librCritN\/wp-json\/wp\/v2\/posts"}],"about":[{"href":"https:\/\/t-pas-net.com\/librCritN\/wp-json\/wp\/v2\/types\/post"}],"author":[{"embeddable":true,"href":"https:\/\/t-pas-net.com\/librCritN\/wp-json\/wp\/v2\/users\/2"}],"replies":[{"embeddable":true,"href":"https:\/\/t-pas-net.com\/librCritN\/wp-json\/wp\/v2\/comments?post=6601"}],"version-history":[{"count":15,"href":"https:\/\/t-pas-net.com\/librCritN\/wp-json\/wp\/v2\/posts\/6601\/revisions"}],"predecessor-version":[{"id":6618,"href":"https:\/\/t-pas-net.com\/librCritN\/wp-json\/wp\/v2\/posts\/6601\/revisions\/6618"}],"wp:featuredmedia":[{"embeddable":true,"href":"https:\/\/t-pas-net.com\/librCritN\/wp-json\/wp\/v2\/media\/2401"}],"wp:attachment":[{"href":"https:\/\/t-pas-net.com\/librCritN\/wp-json\/wp\/v2\/media?parent=6601"}],"wp:term":[{"taxonomy":"category","embeddable":true,"href":"https:\/\/t-pas-net.com\/librCritN\/wp-json\/wp\/v2\/categories?post=6601"},{"taxonomy":"post_tag","embeddable":true,"href":"https:\/\/t-pas-net.com\/librCritN\/wp-json\/wp\/v2\/tags?post=6601"}],"curies":[{"name":"wp","href":"https:\/\/api.w.org\/{rel}","templated":true}]}}