{"id":6904,"date":"2026-03-15T20:36:24","date_gmt":"2026-03-15T19:36:24","guid":{"rendered":"https:\/\/t-pas-net.com\/librCritN\/?p=6904"},"modified":"2026-03-15T20:36:24","modified_gmt":"2026-03-15T19:36:24","slug":"news-news-du-dimanche-113","status":"publish","type":"post","link":"https:\/\/t-pas-net.com\/librCritN\/2026\/03\/15\/news-news-du-dimanche-113\/","title":{"rendered":"[NEWS] NEWS DU DIMANCHE"},"content":{"rendered":"<p style=\"text-align: justify;\">En ce dernier dimanche avant le printemps &#8211; mais les po\u00e8tes sortent en toute saison, bien \u00e9videmment &#8211; retrouvez le <strong>Libr-regard d&rsquo;\u00c9ric Pessan<\/strong> et les <strong>Nouvelles aventures d&rsquo;Ovaine<\/strong>, puis nos <strong>Libr-livres re\u00e7us <\/strong>et<strong> nos Libr-\u00e9v\u00e9nements<\/strong>&#8230;<\/p>\n<p>&nbsp;<\/p>\n<p style=\"text-align: center;\"><span style=\"background-color: #ff0000; color: #ffffff;\"><strong>Les nouvelles aventures d&rsquo;Ovaine<\/strong><\/span><\/p>\n<p style=\"text-align: justify;\">Sans crier gare l\u2019Intelligence Sacrificielle s\u2019abat sur la grande horde des D\u00e9sapparus.<img loading=\"lazy\" decoding=\"async\" class=\"alignright size-full wp-image-5796\" src=\"http:\/\/t-pas-net.com\/librCritN\/wp-content\/uploads\/2024\/12\/OvainePetit.jpg\" alt=\"\" width=\"210\" height=\"290\" srcset=\"https:\/\/t-pas-net.com\/librCritN\/wp-content\/uploads\/2024\/12\/OvainePetit.jpg 210w, https:\/\/t-pas-net.com\/librCritN\/wp-content\/uploads\/2024\/12\/OvainePetit-109x150.jpg 109w\" sizes=\"auto, (max-width: 210px) 100vw, 210px\" \/><\/p>\n<p style=\"text-align: justify;\">Elle fomente de les r\u00e9activer en double exemplaire, l\u2019un pour le Troph\u00e9e de M\u00e9moire, l\u2019autre pour les occire \u00e0 jamais.<\/p>\n<p style=\"text-align: justify;\">Mais Ovaine, \u00e0 l\u2019aide d\u2019une centrifugeuse \u00e0 proutons, se glisse parmi eux et pagaille de la chauffe comme jamais nulle auparavant. Ses gluons et ses quarks up and down barytonnent du trou de balle.<\/p>\n<p style=\"text-align: justify;\">L\u2019Intelligence commence \u00e0 cocoter s\u00e9v\u00e8re, \u00e0 perdre ses dents, ses cheveux, son soutif, la m\u00e9moire\u2026 Elle ne sait m\u00eame plus qui elle n\u2019est pas.<\/p>\n<p style=\"text-align: justify;\">Alors, les D\u00e9sapparus, brumis\u00e9s de c\u00e9leste ros\u00e9e, bient\u00f4t s\u2019\u00e9brouent, cliqu\u00e8tent du squelette, se t\u00e2tent, s\u2019ent\u00eatent, croient \u00eatre encore\u2026<\/p>\n<p style=\"text-align: justify;\">Ils se reconnaissent au fond des miroirs o\u00f9 leur image, depuis tr\u00e8s jadis, a toujours veill\u00e9 sous la surface.<\/p>\n<p>&nbsp;<\/p>\n<p style=\"text-align: center;\"><span style=\"background-color: #ff0000; color: #ffffff;\"><strong>Libr-regard d&rsquo;\u00c9ric Pessan<\/strong><\/span><\/p>\n<p>&nbsp;<\/p>\n<p style=\"text-align: center;\"><img loading=\"lazy\" decoding=\"async\" class=\"aligncenter size-full wp-image-6908\" src=\"http:\/\/t-pas-net.com\/librCritN\/wp-content\/uploads\/2026\/03\/ParisLivres_Amazon.jpg\" alt=\"\" width=\"500\" height=\"370\" srcset=\"https:\/\/t-pas-net.com\/librCritN\/wp-content\/uploads\/2026\/03\/ParisLivres_Amazon.jpg 500w, https:\/\/t-pas-net.com\/librCritN\/wp-content\/uploads\/2026\/03\/ParisLivres_Amazon-300x222.jpg 300w, https:\/\/t-pas-net.com\/librCritN\/wp-content\/uploads\/2026\/03\/ParisLivres_Amazon-150x111.jpg 150w, https:\/\/t-pas-net.com\/librCritN\/wp-content\/uploads\/2026\/03\/ParisLivres_Amazon-366x271.jpg 366w\" sizes=\"auto, (max-width: 500px) 100vw, 500px\" \/><\/p>\n<p>&nbsp;<\/p>\n<p style=\"text-align: justify;\">A un moment o\u00f9 la lecture est en baisse chez toutes les tranches d&rsquo;\u00e2ge, o\u00f9 le chiffre d&rsquo;affaire des librairies suit cette baisse dans tout le pays, le fait m\u00eame que Paris livres \u00e9v\u00e9nements (soci\u00e9t\u00e9 priv\u00e9e filiale du Syndicat national de l&rsquo;\u00e9dition) ait convi\u00e9 Amazon a \u00eatre le partenaire du festival du livre de Paris est assez symptomatique de l&rsquo;\u00e9v\u00e9nementialisation du petit monde de la culture. Les gros salons &#8211; sauf exception &#8211; ne sont pas g\u00e9r\u00e9s par des acteurs du monde culturel mais par des soci\u00e9t\u00e9s dont l&rsquo;objectif est de faire du profit tout en d\u00e9ployant une logistique technicienne. L&rsquo;installation du salon au Grand Palais est confi\u00e9e (par exemple) \u00e0 GL Events, l&rsquo;une des plus grosses bo\u00eetes d&rsquo;\u00e9v\u00e9nementiels du monde (pr\u00e9sence dans 100 pays, sous-traitance pour des salons, des foires, des f\u00eates, des expositions universelles, gestionnaire du stade de France) \u2013 dont le patron,\u00a0\u00a0Olivier Ginon, \u00a0est un proche du pr\u00e9sident Macron, d&rsquo;apr\u00e8s le<a href=\"https:\/\/www.lecanardenchaine.fr\/politique\/49742-macron-lange-du-bizness-de-gl-events\"><strong> <em>Canard Encha\u00een\u00e9<\/em><\/strong><\/a>.<\/p>\n<div dir=\"auto\" style=\"text-align: justify;\">Si les organisateurs du salon du livre s&rsquo;\u00e9tonnent que les libraires s&rsquo;indignent de la pr\u00e9sence d&rsquo;Amazon, je m&rsquo;\u00e9tonne de leur na\u00efvet\u00e9, voire de leur inexp\u00e9rience. Il faut \u00eatre \u00e0 mille lieux du terrain pour ne pas voir le probl\u00e8me.<\/div>\n<div dir=\"auto\" style=\"text-align: justify;\">\n<p>C&rsquo;est peut-\u00eatre d&rsquo;ailleurs ce qui nous manque un peu partout : des directeurs d\u2019h\u00f4pitaux qui auraient \u00e9t\u00e9 m\u00e9decins, par exemple. Et pourquoi pas, puisque l&rsquo;on parle ici du livre : des organisateurs s\u00e9lectionn\u00e9s pour leur amour de la litt\u00e9rature et leur d\u00e9fense des \u00e9diteurs, des libraires et des auteurs ?<\/p>\n<\/div>\n<p>&nbsp;<\/p>\n<p style=\"text-align: center;\"><span style=\"background-color: #ff0000; color: #ffffff;\"><strong>Libr-livres re\u00e7us<\/strong><\/span><\/p>\n<p>&nbsp;<\/p>\n<p style=\"text-align: center;\"><img loading=\"lazy\" decoding=\"async\" class=\"aligncenter size-full wp-image-6911\" src=\"http:\/\/t-pas-net.com\/librCritN\/wp-content\/uploads\/2026\/03\/Libr6_15mars26.jpg\" alt=\"\" width=\"540\" height=\"467\" srcset=\"https:\/\/t-pas-net.com\/librCritN\/wp-content\/uploads\/2026\/03\/Libr6_15mars26.jpg 540w, https:\/\/t-pas-net.com\/librCritN\/wp-content\/uploads\/2026\/03\/Libr6_15mars26-300x259.jpg 300w, https:\/\/t-pas-net.com\/librCritN\/wp-content\/uploads\/2026\/03\/Libr6_15mars26-150x130.jpg 150w, https:\/\/t-pas-net.com\/librCritN\/wp-content\/uploads\/2026\/03\/Libr6_15mars26-366x317.jpg 366w\" sizes=\"auto, (max-width: 540px) 100vw, 540px\" \/><\/p>\n<div dir=\"auto\" style=\"text-align: justify;\">\n<p>&nbsp;<\/p>\n<p><strong>\u25ba<\/strong> Philippe ANNOCQUE, <strong><em>Ab\u00e9c\u00e9daires du dimanche<\/em><\/strong>, \u00e9ditions Louise Bottu, coll. \u00ab\u00a0Contraintes\u00a0\u00bb, f\u00e9vrier 2026, 62 pages, 10 \u20ac.<\/p>\n<p><strong>\u25ba<\/strong> \u00c9ric ARLIX, <em><strong>PNJ<\/strong><\/em>, \u00e9ditions JOU, f\u00e9vrier 2026, 86 pages, 10 \u20ac.<\/p>\n<p><strong>\u25ba<\/strong> Luminitza C. TIGIRLAS, <strong><em>Nible. L&rsquo;oubli en deuil de son \u00e9corce<\/em><\/strong>, \u00e9ditions du Cygne, f\u00e9vrier 2026, 100 pages, 15 \u20ac.<\/p>\n<p><strong>\u25ba<\/strong> Val\u00e8re NOVARINA, <strong><em>D\u00e9soubli<\/em><\/strong>, P.O.L, mars 2026, 320 pages, 22 \u20ac.<\/p>\n<p><strong>\u25ba<\/strong> Ad\u00e8le RENART, <em><strong>La Maison du bord de l&rsquo;ombre<\/strong><\/em>, L&rsquo;\u00c9carlate, hiver 2025, 300 pages, 23 \u20ac.<\/p>\n<p><strong>\u25ba<\/strong> Fran\u00e7ois RICHARD, <em><strong>V\u00a0 \u00a0I\u00a0 \u00a0E<\/strong><\/em>, <em>3e livre :<\/em> <strong><em>Division Eidola<\/em><\/strong>, Le Grand Souffle, mars 2026, 300 pages, 15 \u20ac.<\/p>\n<p>&nbsp;<\/p>\n<p style=\"text-align: center;\"><span style=\"color: #ffffff;\"><strong><span style=\"background-color: #ff0000;\">Libr-\u00e9v\u00e9nements<\/span><\/strong><\/span><\/p>\n<p><strong>\u25ba<\/strong><\/p>\n<\/div>\n<div dir=\"auto\" style=\"text-align: center;\">\n<p style=\"text-align: center;\"><img loading=\"lazy\" decoding=\"async\" class=\"aligncenter size-full wp-image-6906\" src=\"http:\/\/t-pas-net.com\/librCritN\/wp-content\/uploads\/2026\/03\/Prigent_Benes_mars26.jpg\" alt=\"\" width=\"540\" height=\"540\" srcset=\"https:\/\/t-pas-net.com\/librCritN\/wp-content\/uploads\/2026\/03\/Prigent_Benes_mars26.jpg 540w, https:\/\/t-pas-net.com\/librCritN\/wp-content\/uploads\/2026\/03\/Prigent_Benes_mars26-300x300.jpg 300w, https:\/\/t-pas-net.com\/librCritN\/wp-content\/uploads\/2026\/03\/Prigent_Benes_mars26-150x150.jpg 150w, https:\/\/t-pas-net.com\/librCritN\/wp-content\/uploads\/2026\/03\/Prigent_Benes_mars26-144x144.jpg 144w, https:\/\/t-pas-net.com\/librCritN\/wp-content\/uploads\/2026\/03\/Prigent_Benes_mars26-366x366.jpg 366w, https:\/\/t-pas-net.com\/librCritN\/wp-content\/uploads\/2026\/03\/Prigent_Benes_mars26-75x75.jpg 75w\" sizes=\"auto, (max-width: 540px) 100vw, 540px\" \/><\/p>\n<\/div>\n<p>&nbsp;<\/p>\n<p><strong>\u25ba<\/strong> <img loading=\"lazy\" decoding=\"async\" class=\"aligncenter size-full wp-image-6915\" src=\"http:\/\/t-pas-net.com\/librCritN\/wp-content\/uploads\/2026\/03\/Fanny_Lambert.jpg\" alt=\"\" width=\"540\" height=\"675\" srcset=\"https:\/\/t-pas-net.com\/librCritN\/wp-content\/uploads\/2026\/03\/Fanny_Lambert.jpg 540w, https:\/\/t-pas-net.com\/librCritN\/wp-content\/uploads\/2026\/03\/Fanny_Lambert-240x300.jpg 240w, https:\/\/t-pas-net.com\/librCritN\/wp-content\/uploads\/2026\/03\/Fanny_Lambert-120x150.jpg 120w, https:\/\/t-pas-net.com\/librCritN\/wp-content\/uploads\/2026\/03\/Fanny_Lambert-366x458.jpg 366w\" sizes=\"auto, (max-width: 540px) 100vw, 540px\" \/><\/p>\n<p>&nbsp;<\/p>\n<p style=\"text-align: center;\"><strong>\u25ba\u00a0\u00a0<img loading=\"lazy\" decoding=\"async\" class=\"aligncenter size-full wp-image-6916\" src=\"http:\/\/t-pas-net.com\/librCritN\/wp-content\/uploads\/2026\/03\/Bottu_19mars.jpg\" alt=\"\" width=\"1350\" height=\"1688\" srcset=\"https:\/\/t-pas-net.com\/librCritN\/wp-content\/uploads\/2026\/03\/Bottu_19mars.jpg 1350w, https:\/\/t-pas-net.com\/librCritN\/wp-content\/uploads\/2026\/03\/Bottu_19mars-240x300.jpg 240w, https:\/\/t-pas-net.com\/librCritN\/wp-content\/uploads\/2026\/03\/Bottu_19mars-819x1024.jpg 819w, https:\/\/t-pas-net.com\/librCritN\/wp-content\/uploads\/2026\/03\/Bottu_19mars-768x960.jpg 768w, https:\/\/t-pas-net.com\/librCritN\/wp-content\/uploads\/2026\/03\/Bottu_19mars-1228x1536.jpg 1228w, https:\/\/t-pas-net.com\/librCritN\/wp-content\/uploads\/2026\/03\/Bottu_19mars-120x150.jpg 120w, https:\/\/t-pas-net.com\/librCritN\/wp-content\/uploads\/2026\/03\/Bottu_19mars-366x458.jpg 366w, https:\/\/t-pas-net.com\/librCritN\/wp-content\/uploads\/2026\/03\/Bottu_19mars-770x963.jpg 770w\" sizes=\"auto, (max-width: 1350px) 100vw, 1350px\" \/><\/strong><\/p>\n<p>&nbsp;<\/p>\n<p><strong>\u25ba<\/strong> <img loading=\"lazy\" decoding=\"async\" class=\"aligncenter size-full wp-image-6917\" src=\"http:\/\/t-pas-net.com\/librCritN\/wp-content\/uploads\/2026\/03\/27mars_poetes-en-resonances.jpg\" alt=\"\" width=\"540\" height=\"764\" srcset=\"https:\/\/t-pas-net.com\/librCritN\/wp-content\/uploads\/2026\/03\/27mars_poetes-en-resonances.jpg 540w, https:\/\/t-pas-net.com\/librCritN\/wp-content\/uploads\/2026\/03\/27mars_poetes-en-resonances-212x300.jpg 212w, https:\/\/t-pas-net.com\/librCritN\/wp-content\/uploads\/2026\/03\/27mars_poetes-en-resonances-106x150.jpg 106w, https:\/\/t-pas-net.com\/librCritN\/wp-content\/uploads\/2026\/03\/27mars_poetes-en-resonances-366x518.jpg 366w\" sizes=\"auto, (max-width: 540px) 100vw, 540px\" \/><\/p>\n<p>&nbsp;<\/p>\n<p style=\"text-align: justify;\"><strong>\u25ba <span style=\"background-color: #ffff00;\">\u00c9crire la performance : arts, litt\u00e9ratures, po\u00e9sie contemporaines<\/span><\/strong><span style=\"background-color: #ffff00;\"> \/ <\/span><strong><span style=\"background-color: #ffff00;\">18-20 mars 2026, Cy Cergy Paris Universit\u00e9\u00a0<\/span><\/strong><\/p>\n<p style=\"text-align: justify;\"><strong>Organisation <\/strong>: Jean-Fran\u00e7ois Puff et Juliette Drigny (H\u00e9ritages &#8211; CY-Cergy)\u00a0; Ga\u00eblle Th\u00e9val (C\u00e9r\u00e9di &#8211; Universit\u00e9 de Rouen); C\u00e9cile Mahiou (Acte)<\/p>\n<p style=\"text-align: center;\"><img loading=\"lazy\" decoding=\"async\" class=\"aligncenter size-full wp-image-6918\" src=\"http:\/\/t-pas-net.com\/librCritN\/wp-content\/uploads\/2026\/03\/EcrirePerf.jpg\" alt=\"\" width=\"540\" height=\"764\" srcset=\"https:\/\/t-pas-net.com\/librCritN\/wp-content\/uploads\/2026\/03\/EcrirePerf.jpg 540w, https:\/\/t-pas-net.com\/librCritN\/wp-content\/uploads\/2026\/03\/EcrirePerf-212x300.jpg 212w, https:\/\/t-pas-net.com\/librCritN\/wp-content\/uploads\/2026\/03\/EcrirePerf-106x150.jpg 106w, https:\/\/t-pas-net.com\/librCritN\/wp-content\/uploads\/2026\/03\/EcrirePerf-366x518.jpg 366w\" sizes=\"auto, (max-width: 540px) 100vw, 540px\" \/><\/p>\n<p style=\"text-align: justify;\"><strong>Programme\u00a0:\u00a0<\/strong><\/p>\n<p style=\"text-align: justify;\"><strong>18 mars &#8211; 13h-17h &#8211; MSHS Annie Ernaux, Auditorium\u00a0<\/strong><\/p>\n<p style=\"text-align: justify;\">\u00c9CRIRE LA PERFORMANCE? OUVERTURES.<\/p>\n<ul style=\"text-align: justify;\">\n<li>Ouverture du colloque \/ Jean-Fran\u00e7ois Puff et Juliette Drigny (HERITAGES, U.CY Cergy)<\/li>\n<li>Introduction \u00a0\/ C\u00e9cile Mahiou (ACTE, Paris 1) et Ga\u00eblle Th\u00e9val (C\u00e9r\u00e9di, U. de Rouen)<\/li>\n<\/ul>\n<p style=\"text-align: justify;\">SESSION 1. \u00c9CRITURES AU LIEU DE L\u2019OEUVRE\u00a0: TEXTES \/ ACTES<br \/>\nMod\u00e9ration\u00a0: Sally Bonn<\/p>\n<ul style=\"text-align: justify;\">\n<li>L\u2019ekphrasis perform\u00e9e\u00a0: un jeu paratextuel \u00a0\/ Damien Dion (ACTE, Paris 1)<\/li>\n<li>Performances ouvertes. La performance \u00e0 l\u2019\u00e9preuve de la narratologie \/ Bruno Trentini (ECRITURES, U. de Lorraine)<\/li>\n<\/ul>\n<p style=\"text-align: justify;\"><em>Discussion et pause<\/em><\/p>\n<ul style=\"text-align: justify;\">\n<li>Lecture publique mal vue mal dite mal \u00e9crite? Au sujet des \u201cpi\u00e8ces ou morceaux, sp\u00e9cialement con\u00e7us, \u00e0 cette seule fin\u201d par Danielle M\u00e9moire \/ Marie Frisson (THALIM, Sorbonne Nouvelle)<\/li>\n<li>Explorer la relation entre le livre et la performance dans Finir en beaut\u00e9 de Sophie Calle \/ Oph\u00e9lie Proulx-Giraldeau (U. Mc Gill, Montr\u00e9al)<\/li>\n<li>Les performances d\u2019\u00e9crivains \/ Thomas Clerc (U. Nanterre)<\/li>\n<\/ul>\n<p style=\"text-align: justify;\"><em>Discussion et pause\u00a0<\/em><\/p>\n<p style=\"text-align: justify;\"><strong>18 mars &#8211; 18h-20h &#8211; 33 TOUR<\/strong><\/p>\n<p style=\"text-align: justify;\">PERFORMANCES<\/p>\n<p style=\"text-align: justify;\">Christine Herzer \/ J\u2019\u00e9cris des dessins<br \/>\nThomas Clerc \/ Lecture<br \/>\nCyrille Martinez \/ Des po\u00e8tes lisent devant z\u00e9ro spectateur lors d\u2019une biennale internationale<br \/>\nC\u00e9cile Mainard \/ Performance under reading conditions<br \/>\nYoann Sarrat \/ HDC 24<\/p>\n<p style=\"text-align: justify;\"><em>Cocktail dinatoire\u00a0<\/em><\/p>\n<p style=\"text-align: justify;\"><strong>19 mars &#8211; 9h-17h30 &#8211; CY &#8211; MSHS Annie Ernaux (matin) ENSAPC &#8211; Amphi (apr\u00e8s-midi)<\/strong><\/p>\n<p style=\"text-align: justify;\"><strong>9h &#8211; 12h30 MSHS Annie Ernaux &#8211; CY<\/strong><\/p>\n<p style=\"text-align: justify;\">SESSION 2. PO\u00ef\u00c9TIQUES ET PO\u00c9TIQUES DES ECRITURES DE PERFORMANCE &#8211; 9h-12h45<br \/>\nMod\u00e9ration\u00a0: Laurence Corbel<\/p>\n<ul style=\"text-align: justify;\">\n<li>Archives \u00e0 venir et textes en devenir\u00a0: les performances \u00e0 l\u2019\u00e9crit des po\u00e8tes des ann\u00e9es 1990. \u00c0 partir des textes de Nathalie Quintane. \u00a0\/ Quentin Cauchin (MARGE, Lyon 3)<\/li>\n<li>Vecteurs de l\u2019exp\u00e9rience po\u00ef\u00e9tique tarkosienne\u00a0: \u00e9criture, voix, improvisation. \/ Fabiana Florescu (U. de Bucarest)<\/li>\n<li>De l\u2019action du t\u00e9moignage vers le r\u00e9cit exp\u00e9rimental. Chronologie de l\u2019apr\u00e8s. \/ Elisabeth Morcellet (po\u00e8te et performeuse, associ\u00e9e GERMS, Paris 8)<\/li>\n<\/ul>\n<p style=\"text-align: justify;\"><em>Discussion et pause<\/em><\/p>\n<ul style=\"text-align: justify;\">\n<li>Des lectures perform\u00e9es aux \u00e9critures en actes\u00a0: une th\u00e9orie de l\u2019apr\u00e8s-coup. \/ Marion Daniel (ENSBA, Nantes-St Nazaire)<\/li>\n<li>Devenir de \u201cl\u2019\u00e9criture expos\u00e9e\u201d\u00a0: trace ou oeuvre? Commucation performative. \/ Claire Musiol (U. de Montpellier Paul Val\u00e9ry)<\/li>\n<\/ul>\n<p style=\"text-align: justify;\"><em>Discussion\u00a0<\/em><br \/>\n<em>D\u00e9jeuner\u00a0: buffet sur place\u00a0<\/em><\/p>\n<p style=\"text-align: justify;\"><strong>14h15 &#8211; 17h30 ENSAPC &#8211; Amphi<\/strong><\/p>\n<p style=\"text-align: justify;\">SESSION 2. PO\u00ef\u00c9TIQUES ET PO\u00c9TIQUES DES ECRITURES DE PERFORMANCE (Suite) &#8211; 14h15-18h<br \/>\nMod\u00e9ration\u00a0: Barbara Formis<\/p>\n<ul style=\"text-align: justify;\">\n<li>\u00c9crire le jazz. <em>From a Broken Bottle Traces of Perfume Still Emanate<\/em> de Nathaniel Mackey. \u00a0\/ Abigail Lang (ECHELLE, Paris Cit\u00e9)<\/li>\n<li>Faire le saut et devenir terrestre. Les r\u00e9cits de survie des Cahiers de Nijinski comme \u00e9critures po\u00ef\u00e9tiques de performance. \/ Aurore Despr\u00e9s (ELLIADD, U. de Franche-Comt\u00e9)<\/li>\n<\/ul>\n<p style=\"text-align: justify;\"><em>Discussion et pause<\/em><\/p>\n<ul style=\"text-align: justify;\">\n<li>Traces et partitions du sonore dans le texte th\u00e9\u00e2tral contemporain\u00a0: de l\u2019onomatop\u00e9e \u00e0 la r\u00e9f\u00e9rence musicale. \/ Ulysse Caillon (ARTES, U. Bordeaux-Montaigne)<\/li>\n<li>Des partitions de relations aux partitions d\u2019attentions. Retour sur 15 ans d\u2019\u00e9criture du geste. \/ M\u00e9lanie Perrier (ACTE, Paris 1 &#8211; Laboratoire du geste)<\/li>\n<li>O\u00f9 (en) est le po\u00e8me? Une fable. Conf\u00e9rence-performance \/ Vincent Broqua (TransCrit, Paris 8) et Mairi McLaughlin (UC Berkeley)<\/li>\n<\/ul>\n<p style=\"text-align: justify;\"><em>Vernissage exposition Arts &amp; Humanit\u00e9s Th\u00e9\u00e2tre 95 (Points Communs)<\/em><br \/>\n<em>Performance de Calixto Neto, \u201cOutrar\u201d &#8211; ENSAPC<\/em><\/p>\n<p style=\"text-align: justify;\">\n<p style=\"text-align: justify;\"><strong>20 mars &#8211; 9h-17h30 &#8211; MSHS Anne Ernaux &#8211; Auditorium\u00a0<\/strong><\/p>\n<p style=\"text-align: justify;\">SESSION 3. R\u00c9CITS, ENQU\u00caTES\u00a0: HISTORIOGRAPHIES 1<br \/>\nMod\u00e9ration\u00a0: Ga\u00eblle Th\u00e9val<\/p>\n<ul style=\"text-align: justify;\">\n<li>Soir\u00e9es po\u00e9tiques au cabaret du Chat Noir\u00a0: traces et \u00e9chos. \u00a0\/ Agn\u00e8s Curel (MARGE, Lyon 3)<\/li>\n<li>Archiver, raconter, m\u00e9diatiser\u00a0: le boom historiographique du happening new-yorkais, 1964-1966. \/ Nicolas Fourgeaud, (Haute \u00c9cole des Arts du Rhin)<\/li>\n<li>Que reste-t-il de la performance, que reste-t-il des performeuses? \u00c9crits et \u00e9critures de la performance au prisme du genre. \/ Anna Levy (PLURIELLES, U. Bordeaux-Montaigne)<\/li>\n<\/ul>\n<p style=\"text-align: justify;\"><em>Discussion et pause<\/em><\/p>\n<ul style=\"text-align: justify;\">\n<li>Les \u00e9ditions Al Dante\u00a0: \u00e9chos des performances litt\u00e9raires des ann\u00e9es 1990-2000. \/ Eug\u00e9nie P\u00e9ron-Dout\u00e9 (CREM, U. de Lorraine)<\/li>\n<li>Enqu\u00eater \/ Reconstituer \u201cQui va gagner?\u201d d\u2019\u00c9ric Duyckaerts. \/ Beno\u00eet Toqu\u00e9 (Paris 8)<\/li>\n<\/ul>\n<p style=\"text-align: justify;\"><em>Discussion\u00a0<\/em><br \/>\n<em>D\u00e9jeuner\u00a0: buffet sur place\u00a0<\/em><\/p>\n<p style=\"text-align: justify;\">SESSION 3. R\u00c9CITS, ENQU\u00caTES\u00a0: HISTORIOGRAPHIES 2 &#8211; 13h30<\/p>\n<ul style=\"text-align: justify;\">\n<li>Quelle(s) archives(s) papier pour la performance po\u00ebtique? Apories et propositions critiques pour les Pythies de Julien Blaine. \u00a0\/ B\u00e9n\u00e9dicte Gorrillot, (ISH, U. Polytechnique des Hauts-de-France)<\/li>\n<li>Entretien avec Julien Blaine. \/ B\u00e9n\u00e9dicte Gorrillot et Ga\u00eblle Th\u00e9val<\/li>\n<\/ul>\n<p style=\"text-align: justify;\"><em>Discussion et pause<\/em><\/p>\n<p style=\"text-align: justify;\">SESSION 4. ACTUALIT\u00c9S EN RECHERCHE-CR\u00c9ATION<br \/>\nMod\u00e9ration\u00a0: Pascal Mougin<\/p>\n<ul style=\"text-align: justify;\">\n<li>Audiod\u00e9crire la performance \/ performer l\u2019audiodescription. \/ La\u00ebtitia Dumont-Lewi (U. Lumi\u00e8re-Lyon 2)<\/li>\n<li>Performance, intelligence artificielle et cl\u00f4ture de la repr\u00e9sentation. \/ David Zerbib (Haute \u00c9cole d\u2019Art et de Design de Gen\u00e8ve \/ ESAAA)<\/li>\n<\/ul>\n<p style=\"text-align: justify;\"><em>Discussion et pause<\/em><\/p>\n<ul>\n<li style=\"text-align: justify;\">Pr\u00e9sentation du<em> Manuel du geste performatif<\/em>. Avec Ulla von Brandenburg. \u00a0\/ Camille Florance (Sorbonne Nouvelle) et Beno\u00eet R\u00e9sillot (performeur, chor\u00e9graphe et auteur)<\/li>\n<li style=\"text-align: justify;\">Table ronde. Le \u201ccarnet de voix\u201d\u00a0: dispositif, cr\u00e9ativit\u00e9 et interpr\u00e9tation d\u2019une \u00e9criture de la performance \/ \u00e9critures situ\u00e9es et gestes partag\u00e9s \u00a0\/ Nathalie Brillant Rannou (CELLAM, Rennes 2); Valentina Citterio et Sam Cornu (ICTT, U. d\u2019Avignon)<\/li>\n<\/ul>\n","protected":false},"excerpt":{"rendered":"<p>En ce dernier dimanche avant le printemps &#8211; mais les po\u00e8tes sortent en toute saison, bien \u00e9videmment &#8211; retrouvez le Libr-regard d&rsquo;\u00c9ric Pessan et les Nouvelles aventures d&rsquo;Ovaine, puis nos Libr-livres re\u00e7us et nos Libr-\u00e9v\u00e9nements&#8230; &nbsp; Les nouvelles aventures d&rsquo;Ovaine Sans crier gare l\u2019Intelligence Sacrificielle s\u2019abat sur la grande horde des D\u00e9sapparus. Elle fomente de les r\u00e9activer en double exemplaire, l\u2019un pour le Troph\u00e9e de M\u00e9moire, l\u2019autre pour les occire \u00e0 jamais. Mais Ovaine, \u00e0 l\u2019aide d\u2019une centrifugeuse \u00e0 proutons, se glisse parmi eux et pagaille de la chauffe comme jamais nulle auparavant. Ses gluons et ses quarks up and down barytonnent du trou de balle. L\u2019Intelligence commence \u00e0 cocoter s\u00e9v\u00e8re, \u00e0 perdre ses dents, ses cheveux, son soutif, la m\u00e9moire\u2026 Elle ne sait m\u00eame plus qui elle n\u2019est pas. Alors, les D\u00e9sapparus, brumis\u00e9s de c\u00e9leste ros\u00e9e, bient\u00f4t s\u2019\u00e9brouent, cliqu\u00e8tent du squelette, se t\u00e2tent, s\u2019ent\u00eatent, croient \u00eatre encore\u2026 Ils se reconnaissent au fond des miroirs o\u00f9 leur image, depuis tr\u00e8s jadis, a toujours veill\u00e9 sous la surface. &nbsp; Libr-regard d&rsquo;\u00c9ric Pessan &nbsp; &nbsp; A un moment o\u00f9 la lecture est en baisse chez toutes les tranches d&rsquo;\u00e2ge, o\u00f9 le chiffre d&rsquo;affaire des librairies suit cette baisse dans tout le pays, le fait m\u00eame que Paris livres \u00e9v\u00e9nements (soci\u00e9t\u00e9 priv\u00e9e filiale du Syndicat national de l&rsquo;\u00e9dition) ait convi\u00e9 Amazon a \u00eatre le partenaire du festival du livre de Paris est assez symptomatique de l&rsquo;\u00e9v\u00e9nementialisation du petit monde de la culture. Les gros salons &#8211; sauf exception &#8211; ne sont pas g\u00e9r\u00e9s par des acteurs du monde culturel mais par des soci\u00e9t\u00e9s dont l&rsquo;objectif est de faire du profit tout en d\u00e9ployant une logistique technicienne. L&rsquo;installation du salon au Grand Palais est confi\u00e9e (par exemple) \u00e0 GL Events, l&rsquo;une des plus grosses bo\u00eetes d&rsquo;\u00e9v\u00e9nementiels du monde (pr\u00e9sence dans 100 pays, sous-traitance pour des salons, des foires, des f\u00eates, des expositions universelles, gestionnaire du stade de France) \u2013 dont le patron,\u00a0\u00a0Olivier Ginon, \u00a0est un proche du pr\u00e9sident Macron, d&rsquo;apr\u00e8s le Canard Encha\u00een\u00e9. Si les organisateurs du salon du livre s&rsquo;\u00e9tonnent que les libraires s&rsquo;indignent de la pr\u00e9sence d&rsquo;Amazon, je m&rsquo;\u00e9tonne de leur na\u00efvet\u00e9, voire de leur inexp\u00e9rience. Il faut \u00eatre \u00e0 mille lieux du terrain pour ne pas voir le probl\u00e8me. C&rsquo;est peut-\u00eatre d&rsquo;ailleurs ce qui nous manque un peu partout : des directeurs d\u2019h\u00f4pitaux qui auraient \u00e9t\u00e9 m\u00e9decins, par exemple. Et pourquoi pas, puisque l&rsquo;on parle ici du livre : des organisateurs s\u00e9lectionn\u00e9s pour leur amour de la litt\u00e9rature et leur d\u00e9fense des \u00e9diteurs, des libraires et des auteurs ? &nbsp; Libr-livres re\u00e7us &nbsp; &nbsp; \u25ba Philippe ANNOCQUE, Ab\u00e9c\u00e9daires du dimanche, \u00e9ditions Louise Bottu, coll. \u00ab\u00a0Contraintes\u00a0\u00bb, f\u00e9vrier 2026, 62 pages, 10 \u20ac. \u25ba \u00c9ric ARLIX, PNJ, \u00e9ditions JOU, f\u00e9vrier 2026, 86 pages, 10 \u20ac. \u25ba Luminitza C. TIGIRLAS, Nible. L&rsquo;oubli en deuil de son \u00e9corce, \u00e9ditions du Cygne, f\u00e9vrier 2026, 100 pages, 15 \u20ac. \u25ba Val\u00e8re NOVARINA, D\u00e9soubli, P.O.L, mars 2026, 320 pages, 22 \u20ac. \u25ba Ad\u00e8le RENART, La Maison du bord de l&rsquo;ombre, L&rsquo;\u00c9carlate, hiver 2025, 300 pages, 23 \u20ac. \u25ba Fran\u00e7ois RICHARD, V\u00a0 \u00a0I\u00a0 \u00a0E, 3e livre : Division Eidola, Le Grand Souffle, mars 2026, 300 pages, 15 \u20ac. &nbsp; Libr-\u00e9v\u00e9nements \u25ba &nbsp; \u25ba &nbsp; \u25ba\u00a0\u00a0 &nbsp; \u25ba &nbsp; \u25ba \u00c9crire la performance : arts, litt\u00e9ratures, po\u00e9sie contemporaines \/ 18-20 mars 2026, Cy Cergy Paris Universit\u00e9\u00a0 Organisation : Jean-Fran\u00e7ois Puff et Juliette Drigny (H\u00e9ritages &#8211; CY-Cergy)\u00a0; Ga\u00eblle Th\u00e9val (C\u00e9r\u00e9di &#8211; Universit\u00e9 de Rouen); C\u00e9cile Mahiou (Acte) Programme\u00a0:\u00a0 18 mars &#8211; 13h-17h &#8211; MSHS Annie Ernaux, Auditorium\u00a0 \u00c9CRIRE LA PERFORMANCE? OUVERTURES. Ouverture du colloque \/ Jean-Fran\u00e7ois Puff et Juliette Drigny (HERITAGES, U.CY Cergy) Introduction \u00a0\/ C\u00e9cile Mahiou (ACTE, Paris 1) et Ga\u00eblle Th\u00e9val (C\u00e9r\u00e9di, U. de Rouen) SESSION 1. \u00c9CRITURES AU LIEU DE L\u2019OEUVRE\u00a0: TEXTES \/ ACTES Mod\u00e9ration\u00a0: Sally Bonn L\u2019ekphrasis perform\u00e9e\u00a0: un jeu paratextuel \u00a0\/ Damien Dion (ACTE, Paris 1) Performances ouvertes. La performance \u00e0 l\u2019\u00e9preuve de la narratologie \/ Bruno Trentini (ECRITURES, U. de Lorraine) Discussion et pause Lecture publique mal vue mal dite mal \u00e9crite? Au sujet des \u201cpi\u00e8ces ou morceaux, sp\u00e9cialement con\u00e7us, \u00e0 cette seule fin\u201d par Danielle M\u00e9moire \/ Marie Frisson (THALIM, Sorbonne Nouvelle) Explorer la relation entre le livre et la performance dans Finir en beaut\u00e9 de Sophie Calle \/ Oph\u00e9lie Proulx-Giraldeau (U. Mc Gill, Montr\u00e9al) Les performances d\u2019\u00e9crivains \/ Thomas Clerc (U. Nanterre) Discussion et pause\u00a0 18 mars &#8211; 18h-20h &#8211; 33 TOUR PERFORMANCES Christine Herzer \/ J\u2019\u00e9cris des dessins Thomas Clerc \/ Lecture Cyrille Martinez \/ Des po\u00e8tes lisent devant z\u00e9ro spectateur lors d\u2019une biennale internationale C\u00e9cile Mainard \/ Performance under reading conditions Yoann Sarrat \/ HDC 24 Cocktail dinatoire\u00a0 19 mars &#8211; 9h-17h30 &#8211; CY &#8211; MSHS Annie Ernaux (matin) ENSAPC &#8211; Amphi (apr\u00e8s-midi) 9h &#8211; 12h30 MSHS Annie Ernaux &#8211; CY SESSION 2. PO\u00ef\u00c9TIQUES ET PO\u00c9TIQUES DES ECRITURES DE PERFORMANCE &#8211; 9h-12h45 Mod\u00e9ration\u00a0: Laurence Corbel Archives \u00e0 venir et textes en devenir\u00a0: les performances \u00e0 l\u2019\u00e9crit des po\u00e8tes des ann\u00e9es 1990. \u00c0 partir des textes de Nathalie Quintane. \u00a0\/ Quentin Cauchin (MARGE, Lyon 3) Vecteurs de l\u2019exp\u00e9rience po\u00ef\u00e9tique tarkosienne\u00a0: \u00e9criture, voix, improvisation. \/ Fabiana Florescu (U. de Bucarest) De l\u2019action du t\u00e9moignage vers le r\u00e9cit exp\u00e9rimental. Chronologie de l\u2019apr\u00e8s. \/ Elisabeth Morcellet (po\u00e8te et performeuse, associ\u00e9e GERMS, Paris 8) Discussion et pause Des lectures perform\u00e9es aux \u00e9critures en actes\u00a0: une th\u00e9orie de l\u2019apr\u00e8s-coup. \/ Marion Daniel (ENSBA, Nantes-St Nazaire) Devenir de \u201cl\u2019\u00e9criture expos\u00e9e\u201d\u00a0: trace ou oeuvre? Commucation performative. \/ Claire Musiol (U. de Montpellier Paul Val\u00e9ry) Discussion\u00a0 D\u00e9jeuner\u00a0: buffet sur place\u00a0 14h15 &#8211; 17h30 ENSAPC &#8211; Amphi SESSION 2. PO\u00ef\u00c9TIQUES ET PO\u00c9TIQUES DES ECRITURES DE PERFORMANCE (Suite) &#8211; 14h15-18h Mod\u00e9ration\u00a0: Barbara Formis \u00c9crire le jazz. From a Broken Bottle Traces of Perfume Still Emanate de Nathaniel Mackey. \u00a0\/ Abigail Lang (ECHELLE, Paris Cit\u00e9) Faire le saut et devenir terrestre. Les r\u00e9cits de survie des Cahiers de Nijinski comme \u00e9critures po\u00ef\u00e9tiques de performance. \/ Aurore Despr\u00e9s (ELLIADD, U. de Franche-Comt\u00e9) Discussion et pause Traces et partitions du sonore dans le texte th\u00e9\u00e2tral contemporain\u00a0: de l\u2019onomatop\u00e9e \u00e0 la r\u00e9f\u00e9rence musicale. \/ Ulysse Caillon (ARTES, U. Bordeaux-Montaigne) Des partitions de relations aux partitions&#8230;<\/p>\n","protected":false},"author":2,"featured_media":2401,"comment_status":"open","ping_status":"open","sticky":false,"template":"","format":"standard","meta":{"footnotes":""},"categories":[7,10,2],"tags":[2913,244,38,2915,1189,1509,698,1428,229,1492,1623,2912,2877,12,2891,1059,2017,2025,2802,85,2914,2554,1415,1421,2514,13,174,627,1129],"class_list":["post-6904","post","type-post","status-publish","format-standard","has-post-thumbnail","hentry","category-livres-recus","category-news","category-une","tag-adele-renart","tag-ana-tot","tag-christian-prigent","tag-colloque-ecrire-performance","tag-cyrille-martinez","tag-editions-al-dante","tag-editions-du-cygne","tag-editions-le-grand-souffle","tag-editions-louise-bottu","tag-editions-jou","tag-elisabeth-morcellet","tag-eric-arlix","tag-eric-pessan","tag-fabrice-thumerel","tag-fanny-lambert","tag-felix-ovaine","tag-francois-richard","tag-gaelle-theval","tag-jean-francois-puff","tag-julien-blaine","tag-lecarlate-editeur","tag-luminitza-c-tigirlas","tag-mf-editions","tag-philippe-annocque","tag-pol-editions","tag-tristan-felix","tag-valere-novarina","tag-vanda-benes","tag-vincent-broqua"],"post_mailing_queue_ids":[],"_links":{"self":[{"href":"https:\/\/t-pas-net.com\/librCritN\/wp-json\/wp\/v2\/posts\/6904","targetHints":{"allow":["GET"]}}],"collection":[{"href":"https:\/\/t-pas-net.com\/librCritN\/wp-json\/wp\/v2\/posts"}],"about":[{"href":"https:\/\/t-pas-net.com\/librCritN\/wp-json\/wp\/v2\/types\/post"}],"author":[{"embeddable":true,"href":"https:\/\/t-pas-net.com\/librCritN\/wp-json\/wp\/v2\/users\/2"}],"replies":[{"embeddable":true,"href":"https:\/\/t-pas-net.com\/librCritN\/wp-json\/wp\/v2\/comments?post=6904"}],"version-history":[{"count":8,"href":"https:\/\/t-pas-net.com\/librCritN\/wp-json\/wp\/v2\/posts\/6904\/revisions"}],"predecessor-version":[{"id":6919,"href":"https:\/\/t-pas-net.com\/librCritN\/wp-json\/wp\/v2\/posts\/6904\/revisions\/6919"}],"wp:featuredmedia":[{"embeddable":true,"href":"https:\/\/t-pas-net.com\/librCritN\/wp-json\/wp\/v2\/media\/2401"}],"wp:attachment":[{"href":"https:\/\/t-pas-net.com\/librCritN\/wp-json\/wp\/v2\/media?parent=6904"}],"wp:term":[{"taxonomy":"category","embeddable":true,"href":"https:\/\/t-pas-net.com\/librCritN\/wp-json\/wp\/v2\/categories?post=6904"},{"taxonomy":"post_tag","embeddable":true,"href":"https:\/\/t-pas-net.com\/librCritN\/wp-json\/wp\/v2\/tags?post=6904"}],"curies":[{"name":"wp","href":"https:\/\/api.w.org\/{rel}","templated":true}]}}