{"id":838,"date":"2020-04-04T03:24:43","date_gmt":"2020-04-04T01:24:43","guid":{"rendered":"http:\/\/t-pas-net.com\/librCritN\/?p=838"},"modified":"2021-05-12T03:25:50","modified_gmt":"2021-05-12T01:25:50","slug":"texte-romain-le-geograve-con-fini","status":"publish","type":"post","link":"https:\/\/t-pas-net.com\/librCritN\/2020\/04\/04\/texte-romain-le-geograve-con-fini\/","title":{"rendered":"[Texte] Romain le G\u00e9oGrave, Con-fini"},"content":{"rendered":"<p class=\"Standard\"><span lang=\"FR-BE\">La vie incarc\u00e9rale se poursuit.<\/span><\/p>\n<p class=\"Standard\"><span lang=\"FR-BE\">Forc\u00e9e. Gouvernement, doigt sur la couture. En avant, marchons\u00a0!<\/span><\/p>\n<p class=\"Standard\"><span lang=\"FR-BE\">\u00a0<\/span><\/p>\n<p class=\"Standard\"><span lang=\"FR-BE\">Le JE ne parlerai pas de lui,<\/span><\/p>\n<p class=\"Standard\"><span lang=\"FR-BE\">Le JE ne souhaite pas,<\/span><\/p>\n<p class=\"Standard\"><span lang=\"FR-BE\">le JE ne serai pas touch\u00e9 par lui<\/span><\/p>\n<p class=\"Standard\"><span lang=\"FR-BE\">Le JE n\u2019ai aucune compassion<\/span><\/p>\n<p class=\"Standard\"><span lang=\"FR-BE\">Le JE suis immortel, impossible qu\u2019il<\/span><\/p>\n<p class=\"Standard\"><span lang=\"FR-BE\">passe par le JE<\/span><\/p>\n<p class=\"Standard\"><span lang=\"FR-BE\">Le JE c\u2019est pas lui c\u2019est l\u2019autre<\/span><\/p>\n<p class=\"Standard\"><span lang=\"FR-BE\">\u00a0<\/span><\/p>\n<p class=\"Standard\"><span lang=\"FR-BE\">En avant, an arri\u00e8re, qu\u2019ils se souviennent d\u2019hier<\/span><\/p>\n<p class=\"Standard\"><span lang=\"FR-BE\">les CEUX qui pensent pour NOUS<\/span><\/p>\n<p class=\"Standard\"><span lang=\"FR-BE\">de CEUX sans sant\u00e9 sans assurance de la vie (belle) sans cesse subissent<\/span><\/p>\n<p class=\"Standard\"><span lang=\"FR-BE\">qu\u2019ils regardent dessous les masques<\/span><\/p>\n<p class=\"Standard\"><span lang=\"FR-BE\">qu\u2019ils soul\u00e8vent les blouses<\/span><\/p>\n<p class=\"Standard\"><span lang=\"FR-BE\">de CEUX qui le pr\u00e9venaient \u2013 ahuri\u00a0!<\/span><\/p>\n<p class=\"Standard\"><span lang=\"FR-BE\">\u00a0<\/span><\/p>\n<p class=\"Standard\"><span lang=\"FR-BE\">IL nous apprend des mots, incurie \u00e0 toutes les sauces<\/span><\/p>\n<p class=\"Standard\"><span lang=\"FR-BE\">IL nous a mis au r\u00e9gime, asiatique<\/span><\/p>\n<p class=\"Standard\"><span lang=\"FR-BE\">abdos-t\u00e9v\u00e9s-journaux \u00e0 gogos de tous les gloglos de la place,<\/span><\/p>\n<p class=\"Standard\"><span lang=\"FR-BE\">m\u00e9ga-diffusion<\/span><\/p>\n<p class=\"Standard\"><span lang=\"FR-BE\">les bobos pleins de bobos r\u00e9digent, jour apr\u00e8s jour des journaux borgnes n\u00e9s<\/span><\/p>\n<p class=\"Standard\"><span lang=\"FR-BE\">de l\u2019\u00e9criture cadr\u00e9e \u2013 des journaux qui r\u00eavaient de penser \u2013 des pens\u00e9es journali\u00e8res qui n\u2019osent pas r\u00eaver et restent \u00e0 l\u2019entr\u00e9e avec les pompes \u2013 et des listes, et des listes, de CEUX qui lisent, \u00e9coutent, regardent. Gainage et lecture, les deux mamelles de la France en crise. La lecture sauve\u00a0? Qui peut\u2026<\/span><\/p>\n<p class=\"Standard\"><span lang=\"FR-BE\">\u00a0<\/span><\/p>\n<p class=\"Standard\"><span lang=\"FR-BE\">r\u00e9gime num\u00e9rique<\/span><\/p>\n<p class=\"Standard\"><span lang=\"FR-BE\">r\u00e9gime digital, m\u00eame pour les sans-gants, nouvelle classe prol\u00e9tarienne succ\u00e9dant aux sans-dents de l\u2019autre avant. Ahuri\u00a0!<\/span><\/p>\n<p class=\"Standard\"><span lang=\"FR-BE\">\u00a0<\/span><\/p>\n<p class=\"Standard\"><span lang=\"FR-BE\">IL nous fait d\u00e9crouvrir l\u2019Afrique sans fricathl\u00e8tes qui courent autour des pistes \u2013 l\u2019Afrique tellement habitu\u00e9e \u00e0 tonton Ebola et autres saloperies, l\u2019Afrique jeune et belle &gt; mais crevant toujours un peu plus.<\/span><\/p>\n<p class=\"Standard\"><span lang=\"FR-BE\">\u00a0<\/span><\/p>\n<p class=\"Standard\"><span lang=\"FR-BE\">CEUX qui parlent des crises, des renaissances, des r\u00e9siliences, des catastrophes<\/span><\/p>\n<p class=\"Standard\"><span lang=\"FR-BE\">pendant que CEUX du 49-3 dans l\u2019baba galopent de plateaux en h\u00f4pital de campagne.<\/span><\/p>\n<p class=\"Standard\"><span lang=\"FR-BE\">\u00a0<\/span><\/p>\n<p class=\"Standard\"><span lang=\"FR-BE\">Le r\u00e9gime de semi-libert\u00e9 p\u00e8se sur les \u00e2mes et les consciences<\/span><\/p>\n<p class=\"Standard\"><span lang=\"FR-BE\">TU cours au milieu de la route\u00a0: DELINQUANT\u00a0!<\/span><\/p>\n<p class=\"Standard\"><span lang=\"FR-BE\">TU sors de chez toi : DELINQUANT\u00a0!<\/span><\/p>\n<p class=\"Standard\"><span lang=\"FR-BE\">TU tousses crachotes souffles fumes ou fulmines prom\u00e8nes\u00a0: DELINQUANT\u00a0!<\/span><\/p>\n<p class=\"Standard\"><span lang=\"FR-BE\">Papiers &gt; adresse, 1 km, CNI, quand le parloir et la fouille anale\u00a0?<\/span><\/p>\n<p class=\"Standard\"><span lang=\"FR-BE\">\u00a0<\/span><\/p>\n<p class=\"Standard\"><span lang=\"FR-BE\">Bas les masques\u00a0!<\/span><\/p>\n<p class=\"Standard\"><span lang=\"FR-BE\">Y a CEUX qui paieront, [enl\u00e8ve ton masque eh, on t\u2019a r\u2019connu.] ceux qui payent ceux qui ont pay\u00e9 n\u2019en parlons plus<\/span><\/p>\n<p class=\"Standard\"><span lang=\"FR-BE\">\u00a0<\/span><\/p>\n<p class=\"Standard\"><span lang=\"FR-BE\">Je me souviens de la mort je me souviens mortel je me soutiens au bras des mortels memento mori mojito (fini la terrasse des caf\u00e9s) tatou\u00e9 \u00e0 jamais je me souviens d\u2019oublier par les loisirs les media le blablaratin je me souviens de la fragilit\u00e9 de la peur de l\u2019autre invisible je sais la peur du demain inexistant la continuit\u00e9 dans l\u2019ennui et l\u2019effort de survie la trouille du danger perp\u00e9tuel la n\u00e9cessaire l\u00e9g\u00e8ret\u00e9 pour SURvivre sous SURveillance dans l\u2019isolement total baign\u00e9 de platitude quotidienne.<\/span><\/p>\n<p class=\"Standard\"><span lang=\"FR-BE\">La libert\u00e9 au cul des caddies du Lidl l\u2019\u00e9galit\u00e9 plong\u00e9e dans la chloroquine la fraternit\u00e9 \u00e0 un m\u00e8tre cinquante dans la distanciation.<\/span><\/p>\n<p class=\"Standard\"><span lang=\"FR-BE\">\u00a0<\/span><\/p>\n<p class=\"Standard\"><span lang=\"FR-BE\">[Interf\u00e9rence, crachotements d\u00e9linquants, nous avons intercept\u00e9 une conversation du pr\u00e9sident\u2026<\/span><\/p>\n<p class=\"Standard\"><span lang=\"FR-BE\">Bilan matinal\u00a0:<\/span><\/p>\n<p class=\"Standard\"><span lang=\"FR-BE\">Infection, check<\/span><\/p>\n<p class=\"Standard\"><span lang=\"FR-BE\">Virus, check<\/span><\/p>\n<p class=\"Standard\"><span lang=\"FR-BE\">Fl\u00e9au, check<\/span><\/p>\n<p class=\"Standard\"><span lang=\"FR-BE\">Interdictions, check<\/span><\/p>\n<p class=\"Standard\"><span lang=\"FR-BE\">Morts, pas encore assez, la trouille ne fait pas pisser les gens devant leur t\u00e9l\u00e9, il faut monter d\u2019un cran.<\/span><\/p>\n<p class=\"Standard\"><span lang=\"FR-BE\">Ok boss.]<\/span><\/p>\n","protected":false},"excerpt":{"rendered":"<p>La vie incarc\u00e9rale se poursuit. Forc\u00e9e. Gouvernement, doigt sur la couture. En avant, marchons\u00a0! \u00a0 Le JE ne parlerai pas de lui, Le JE ne souhaite pas, le JE ne serai pas touch\u00e9 par lui Le JE n\u2019ai aucune compassion Le JE suis immortel, impossible qu\u2019il passe par le JE Le JE c\u2019est pas lui c\u2019est l\u2019autre \u00a0 En avant, an arri\u00e8re, qu\u2019ils se souviennent d\u2019hier les CEUX qui pensent pour NOUS de CEUX sans sant\u00e9 sans assurance de la vie (belle) sans cesse subissent qu\u2019ils regardent dessous les masques qu\u2019ils soul\u00e8vent les blouses de CEUX qui le pr\u00e9venaient \u2013 ahuri\u00a0! \u00a0 IL nous apprend des mots, incurie \u00e0 toutes les sauces IL nous a mis au r\u00e9gime, asiatique abdos-t\u00e9v\u00e9s-journaux \u00e0 gogos de tous les gloglos de la place, m\u00e9ga-diffusion les bobos pleins de bobos r\u00e9digent, jour apr\u00e8s jour des journaux borgnes n\u00e9s de l\u2019\u00e9criture cadr\u00e9e \u2013 des journaux qui r\u00eavaient de penser \u2013 des pens\u00e9es journali\u00e8res qui n\u2019osent pas r\u00eaver et restent \u00e0 l\u2019entr\u00e9e avec les pompes \u2013 et des listes, et des listes, de CEUX qui lisent, \u00e9coutent, regardent. Gainage et lecture, les deux mamelles de la France en crise. La lecture sauve\u00a0? Qui peut\u2026 \u00a0 r\u00e9gime num\u00e9rique r\u00e9gime digital, m\u00eame pour les sans-gants, nouvelle classe prol\u00e9tarienne succ\u00e9dant aux sans-dents de l\u2019autre avant. Ahuri\u00a0! \u00a0 IL nous fait d\u00e9crouvrir l\u2019Afrique sans fricathl\u00e8tes qui courent autour des pistes \u2013 l\u2019Afrique tellement habitu\u00e9e \u00e0 tonton Ebola et autres saloperies, l\u2019Afrique jeune et belle &gt; mais crevant toujours un peu plus. \u00a0 CEUX qui parlent des crises, des renaissances, des r\u00e9siliences, des catastrophes pendant que CEUX du 49-3 dans l\u2019baba galopent de plateaux en h\u00f4pital de campagne. \u00a0 Le r\u00e9gime de semi-libert\u00e9 p\u00e8se sur les \u00e2mes et les consciences TU cours au milieu de la route\u00a0: DELINQUANT\u00a0! TU sors de chez toi : DELINQUANT\u00a0! TU tousses crachotes souffles fumes ou fulmines prom\u00e8nes\u00a0: DELINQUANT\u00a0! Papiers &gt; adresse, 1 km, CNI, quand le parloir et la fouille anale\u00a0? \u00a0 Bas les masques\u00a0! Y a CEUX qui paieront, [enl\u00e8ve ton masque eh, on t\u2019a r\u2019connu.] ceux qui payent ceux qui ont pay\u00e9 n\u2019en parlons plus \u00a0 Je me souviens de la mort je me souviens mortel je me soutiens au bras des mortels memento mori mojito (fini la terrasse des caf\u00e9s) tatou\u00e9 \u00e0 jamais je me souviens d\u2019oublier par les loisirs les media le blablaratin je me souviens de la fragilit\u00e9 de la peur de l\u2019autre invisible je sais la peur du demain inexistant la continuit\u00e9 dans l\u2019ennui et l\u2019effort de survie la trouille du danger perp\u00e9tuel la n\u00e9cessaire l\u00e9g\u00e8ret\u00e9 pour SURvivre sous SURveillance dans l\u2019isolement total baign\u00e9 de platitude quotidienne. La libert\u00e9 au cul des caddies du Lidl l\u2019\u00e9galit\u00e9 plong\u00e9e dans la chloroquine la fraternit\u00e9 \u00e0 un m\u00e8tre cinquante dans la distanciation. \u00a0 [Interf\u00e9rence, crachotements d\u00e9linquants, nous avons intercept\u00e9 une conversation du pr\u00e9sident\u2026 Bilan matinal\u00a0: Infection, check Virus, check Fl\u00e9au, check Interdictions, check Morts, pas encore assez, la trouille ne fait pas pisser les gens devant leur t\u00e9l\u00e9, il faut monter d\u2019un cran. Ok boss.]<\/p>\n","protected":false},"author":1,"featured_media":839,"comment_status":"open","ping_status":"open","sticky":false,"template":"","format":"standard","meta":{"footnotes":""},"categories":[9,2],"tags":[851,852,830,916],"class_list":["post-838","post","type-post","status-publish","format-standard","has-post-thumbnail","hentry","category-creation","category-une","tag-geograve-crise-coronavirus","tag-geograve-critique-sociale","tag-romain-le-geograve","tag-satire-sociale"],"post_mailing_queue_ids":[],"_links":{"self":[{"href":"https:\/\/t-pas-net.com\/librCritN\/wp-json\/wp\/v2\/posts\/838","targetHints":{"allow":["GET"]}}],"collection":[{"href":"https:\/\/t-pas-net.com\/librCritN\/wp-json\/wp\/v2\/posts"}],"about":[{"href":"https:\/\/t-pas-net.com\/librCritN\/wp-json\/wp\/v2\/types\/post"}],"author":[{"embeddable":true,"href":"https:\/\/t-pas-net.com\/librCritN\/wp-json\/wp\/v2\/users\/1"}],"replies":[{"embeddable":true,"href":"https:\/\/t-pas-net.com\/librCritN\/wp-json\/wp\/v2\/comments?post=838"}],"version-history":[{"count":1,"href":"https:\/\/t-pas-net.com\/librCritN\/wp-json\/wp\/v2\/posts\/838\/revisions"}],"predecessor-version":[{"id":840,"href":"https:\/\/t-pas-net.com\/librCritN\/wp-json\/wp\/v2\/posts\/838\/revisions\/840"}],"wp:featuredmedia":[{"embeddable":true,"href":"https:\/\/t-pas-net.com\/librCritN\/wp-json\/wp\/v2\/media\/839"}],"wp:attachment":[{"href":"https:\/\/t-pas-net.com\/librCritN\/wp-json\/wp\/v2\/media?parent=838"}],"wp:term":[{"taxonomy":"category","embeddable":true,"href":"https:\/\/t-pas-net.com\/librCritN\/wp-json\/wp\/v2\/categories?post=838"},{"taxonomy":"post_tag","embeddable":true,"href":"https:\/\/t-pas-net.com\/librCritN\/wp-json\/wp\/v2\/tags?post=838"}],"curies":[{"name":"wp","href":"https:\/\/api.w.org\/{rel}","templated":true}]}}