{"id":843,"date":"2020-03-28T03:27:31","date_gmt":"2020-03-28T02:27:31","guid":{"rendered":"http:\/\/t-pas-net.com\/librCritN\/?p=843"},"modified":"2021-05-12T03:28:46","modified_gmt":"2021-05-12T01:28:46","slug":"libr-relecture-ivar-chvavar-la-vache-dentropie-par-ahmed-slama","status":"publish","type":"post","link":"https:\/\/t-pas-net.com\/librCritN\/2020\/03\/28\/libr-relecture-ivar-chvavar-la-vache-dentropie-par-ahmed-slama\/","title":{"rendered":"[Libr-relecture] Ivar Ch\u2019Vavar, La Vache d\u2019entropie, par Ahmed Slama"},"content":{"rendered":"<p class=\"Standard\">Ivar Ch\u2019Vavar, <em><strong>La Vache d\u2019entropie<\/strong><\/em>, \u00e9ditions Lurlure, janvier 2019, 136 pages, 16 \u20ac, ISBN : 979-10-95997-14-6. [<a href=\"https:\/\/www.decitre.fr\/livres\/la-vache-d-entropie-9791095997146.html\"><strong>Commander<\/strong><\/a>]<\/p>\n<p class=\"Standard\">Trois parties pour ce recueil, <i>La vache d\u2019entropie, Po\u00e8mes justifi\u00e9s <\/i>et le sublime <i>Cul-de-four amont<\/i>.<i> <\/i>\u00a0\u00a0On commence avec la premi\u00e8re, l\u2019\u00e9ponyme. On y chemine avec Ch\u2019Vavar, on avance paisibles, il n\u2019y a pas de quoi, plut\u00f4t lieu de s\u2019inqui\u00e9ter. Ivar s\u2019est mis \u00e0 regarder \u00ab\u00a0les choses et le monde depuis Le cul des vaches\u00a0\u00bb. On l\u2019imite, on y jette un \u0153il au monde par cette lorgnette incongrue, qu\u2019y voit-il Ch\u2019Vavar\u00a0?<\/p>\n<p class=\"Standard\" align=\"center\"><b>Le spectacle et le sinistre<\/b><\/p>\n<p class=\"Standard\">\u00ab\u00a0je vois une pente qui N\u2019est pas pour me remonter le moral.\u00bb Ni le n\u00f4tre. On pourrait tous et toutes reprendre son exclamation \u00ab\u00a0la vache d\u2019entropie\u00a0\u00bb et sans point d\u2019exclamation, histoire de se m\u00e9nager un peu d\u2019espace, parce qu\u2019ici peu d\u2019espace, \u00e7a se d\u00e9roule en blocs, on est en plein dans la po\u00e9sie justifi\u00e9e \u2013 <a href=\"https:\/\/poezibao.typepad.com\/poezibao\/2020\/01\/note-de-lecture-lucien-suel-r%C3%A9pond-%C3%A0-g%C3%A9rard-cartier-%C3%A0-propos-du-vers-justifi%C3%A9.html\">Lucien Suel vous en parle par ici<\/a>. Parce que Ch\u2019Vavar \u00e9crit, sans m\u00e9nagement aucun, ce \u00ab\u00a0monde qui a d\u00e9j\u00e0 bien avanc\u00e9 dans son recul\u2026 Dans sa D\u00e9vastation.\u00a0\u00bb Et pas de d\u00e9senchantement mou, pas de ces constats en caoutchouc qui rendent compte des effets sans jamais pointer les causes\u00a0; \u00ab\u00a0Bravo l\u2019artiste\u00a0! Bravo, le pitre sinistre. Bravo le capitalisme \u2013 Saloperie\u00a0!\u00a0\u00bb Ce m\u00eame capitalisme d\u00e9sign\u00e9 quelques lignes plus bas comme clown de fun\u00e9rarium.<\/p>\n<p class=\"Standard\"><img loading=\"lazy\" decoding=\"async\" class=\"alignleft size-full wp-image-16032\" src=\"http:\/\/www.t-pas-net.com\/libr-critique\/wp-content\/uploads\/2020\/03\/VachEntropie.jpg\" sizes=\"auto, (max-width: 200px) 100vw, 200px\" srcset=\"http:\/\/www.t-pas-net.com\/libr-critique\/wp-content\/uploads\/2020\/03\/VachEntropie.jpg 200w, http:\/\/www.t-pas-net.com\/libr-critique\/wp-content\/uploads\/2020\/03\/VachEntropie-107x150.jpg 107w\" alt=\"\" width=\"200\" height=\"280\" \/>Arr\u00eatons-nous sur cette s\u00e9rie de noms et d\u2019adjectifs, \u00ab\u00a0clown, artiste, pitre\u00a0\u00bb spectacle, surgissement du spectacle, c\u2019est que le r\u00e8gne de ce capitalisme est, d\u2019abord et avant tout, la supr\u00e9matie d\u2019un certain spectacle \u2013 je vous en parlais dans un tout autre registre avec <a href=\"http:\/\/www.t-pas-net.com\/libr-critique\/chronique-joachim-sene-lhomme-heureux-par-ahmed-slama\/\"><strong>Joachim S\u00e9n\u00e9<\/strong><\/a> \u2013\u00a0 la langue m\u00eame se fait spectacle quand Ivar s\u2019arr\u00eate sur cet \u00e9trange acronyme O.S.E.R advenu dans et par l\u2019imaginaire d\u00e9viant de communicants\u00a0 \u2013 vous voulez savoir ce que c\u2019est O.S.E.R\u00a0? lire <i>La vache d\u2019entropie. <\/i>Les m\u00e9dias et les maisons d\u2019\u00e9ditions commerciales n\u2019ont pas le monopole du <i>teasing<\/i>.<i> <\/i>Et ce capitalisme, il se fait surtout pitre <i>sinistre, <\/i>quand on sait que <i>sinister <\/i>d\u00e9signe en latin \u00ab\u00a0ce qui vient de la gauche\u00a0\u00bb, on per\u00e7oit de suite l\u2019angle de Ch\u2019Vavar, pas la gauche bien \u00e9videmment, une certaine gauche, celle des \u00ab\u00a0Prime time des t\u00e9l\u00e9s\u00a0\u00bb, de la politique, des philosophes, artistes ou autres\u00a0\u00ab\u00a0intellectuels\u00a0\u00bb domestiqu\u00e9s.<\/p>\n<p class=\"Standard\" align=\"center\"><b>Vaches contre vache<\/b><\/p>\n<p class=\"Standard\">Voici pour les deux premi\u00e8res pages, vous imaginez bien qu\u2019on ne va pas continuer sur ce rythme, on va survoler, piquer \u00e7a et l\u00e0, quelques et s\u2019y attarder, survoler le monde que Ch\u2019Vavar tisse, parfait contrepoint aux pitres sinistres, monde de po\u00e8tes \u2013 \u00e9vocation de Pierre Vainclair ou Laurent Albarracin \u2013 de peintures, celles de Konrad Schmitt et plus particuli\u00e8rement <i>Les vaches roses <\/i>que l\u2019on va traverser dans et par l\u2019\u00e9criture d\u2019Ivar\u00a0:<\/p>\n<p class=\"Standard\">\u00a0 \u00a0 \u00a0 \u00a0 \u00a0 \u00a0 \u00a0 \u00a0 \u00a0 \u00a0 \u00a0 \u00a0 \u00a0 \u00a0 \u00a0 \u00a0 \u00a0 \u00a0 \u00a0 \u00a0 \u00a0Une vache, tout en bas, tr\u00e8s occup\u00e9e \u00e0<br \/>\nBrouter. Elle \u00e9carte dr\u00f4lement ses pattes de devant. Sa queue,<br \/>\nGrossi\u00e8rement bifide, n\u2019est pas cr\u00e9dible. Elle ne voit pas celui<br \/>\nqui regarde le tableau, ni rien\u00a0; que le bout de son mufle, pro<br \/>\nBablement. Elle est toute de profil, corps et t\u00eate, on ne lui voit<br \/>\nqu\u2019un \u0153il\u00a0; il est mi-clos, comme endormi. Elle n\u2019a pas de pis.<br \/>\nNi de couilles, du reste. Mais, si fortement distingu\u00e9e des au<br \/>\nTres, serait-elle\/le taureau ?<\/p>\n<p class=\"Standard\">\u00e9criture limpide et fluide, rythme singulier des vers justifi\u00e9s d\u2019Ivar quand il \u00e9crit <b><i><a href=\"https:\/\/remue.net\/kminchmint-voyage-en-Grande-Picardie-Mentale\">La Grande Picardie Mentale<\/a><\/i><\/b> \u2013 \u00ab\u00a0\u00e9tant bien entendu que la Picardie est l\u2019image et la m\u00e9taphore du Monde et le picard, qu\u2019on entendra ici aussi\u2026\u00a0\u00bb \u2013, avec ses vaches, bien s\u00fbr, les villages aussi, d\u00e9serts, cette ambiance quelque peu mortif\u00e8re des villages\u00a0:<\/p>\n<p class=\"Standard\">Est-ce qu\u2019il est trop t\u00f4t encore\u00a0? Quatre heures et demie. En tout cas<br \/>\nLes voitures, au moins elles, se sont r\u00e9veill\u00e9es ! L\u2019heure de la<br \/>\nSortie de l\u2019\u00e9cole\u00a0? Je suppose que les chiards ne marchent plus<br \/>\nDu tout\u00a0? Enfin, c\u2019est un vrai ballet. Et nous sommes les seuls<br \/>\nPi\u00e9tons, absolument.<\/p>\n<p class=\"Standard\">Et dans ce portrait des villages d\u00e9sert\u00e9s aux caf\u00e9s ferm\u00e9s ou \u00e0 vendre, ces nouvelles b\u00e2tisses \u00ab\u00a0\u2013 aussi laides qu\u2019il se doit\u00a0\u00bb, on ne peut s\u2019emp\u00eacher d\u2019y voir quelques \u00e9chos \u2013 peut-\u00eatre lointains \u2013 \u00e0 ce qui surviendra quelques mois apr\u00e8s l\u2019\u00e9criture de ce po\u00e8me justifi\u00e9\u00a0(du 27 f\u00e9vrier au 5 mars 2018) ; le mouvement des Gilets Jaunes advenu par celles et ceux qui vivent justement en ces espaces, que \u00ab\u00a0le clown de fun\u00e9rarium\u00a0\u00bb (le capitalisme) a aseptis\u00e9, enlaidi, fait des riverains des gens \u00e0 voiture.<\/p>\n<p class=\"Standard\" align=\"center\"><b>Proscrit aux \u00ab\u00a0peine-\u00e0-ou\u00efr\u00a0\u00bb<\/b><\/p>\n<p class=\"Standard\">Suivent, dans la deuxi\u00e8me partie, une s\u00e9rie de po\u00e8mes \u00e9crits entre 2001 et 2007 et qui tracent une continuit\u00e9, malgr\u00e9 l\u2019ant\u00e9riorit\u00e9 de l\u2019\u00e9criture. <i>Bouillir avec l\u2019\u00e9cho<\/i>, on est parmi les feuillages et les branchages, les racines et les troncs, les \u00ab\u00a0Feuilles mortes envol\u00e9es \/\u00a0Formant devant le peu de ciel qui restait \/\u00a0Un banc, d\u2019astres noirs, de m\u00e9t\u00e9ores sus \/\u00a0Pendus.\u00a0\u00bb<\/p>\n<p class=\"Standard\">Et on avance, on avance dans ce d\u00e9cor, r\u00e9sonance avec ce que l\u2019on a dit pr\u00e9c\u00e9demment, mais d\u00e9sormais on va s\u2019arr\u00eater sur la composition, toujours les vers justifi\u00e9s bien s\u00fbr, mais leur encha\u00eenement, leur d\u00e9roulement, leur coupe \u2013 \u00e0 ne pas confondre avec la c\u00e9sure \u2013 coupe qui tranche le vers, laisse \u00e9chapper une syllabe sous nos yeux, la langue qui se d\u00e9robe, et qui reprend, une impulsion, acc\u00e9l\u00e9ration au vers suivant,<\/p>\n<p class=\"Standard\">De ce bois<br \/>\nLa grande bouilloire a siffl\u00e9\u00a0: elle a bron<br \/>\nCh\u00e9 sur son br\u00fbleur \u2013 la grande bouilloi<br \/>\nRe de la for\u00eat de toutes ses forces a siffl\u00e9<br \/>\nMais on se demande ici si ce sif<\/p>\n<p class=\"Standard\">\u00a0 \u00a0 \u00a0 \u00a0 \u00a0 \u00a0 \u00a0 \u00a0 \u00a0 \u00a0 \u00a0 \u00a0 \u00a0 \u00a0 \u00a0 \u00a0 \u00a0 \u00a0 \u00a0 \u00a0 \u00a0 \u00a0 \u00a0 \u00a0 \u00a0 \u00a0 \u00a0 \u00a0 flement\u00a0:<\/p>\n<p class=\"Standard\">Les coupes pour bron\/Ch\u00e9, sif\/Flement, ce jeu \u00e0 contre-courant du fran\u00e7ais qui place l\u2019accent tonique \u00e0 la fin, renversement de Ch\u2019Varvar par la mise en exergue de la premi\u00e8re syllabe de bronCh\u00e9 m\u00e9nageant une parfaite transition entre la bouilloire et le br\u00fbleur, ce \/br\/ comme fil conducteur. Ou encore plus bas, isoler le \/sif\/ de sifflement, porter l\u2019accent tonique dessus pour clore cette allit\u00e9ration sifflante, \u00ab\u00a0ici si ce sif\u00a0\u00bb.<\/p>\n<p class=\"Standard\"><img loading=\"lazy\" decoding=\"async\" class=\"alignleft size-full wp-image-16037\" src=\"http:\/\/www.t-pas-net.com\/libr-critique\/wp-content\/uploads\/2020\/03\/Chvavar.jpg\" sizes=\"auto, (max-width: 230px) 100vw, 230px\" srcset=\"http:\/\/www.t-pas-net.com\/libr-critique\/wp-content\/uploads\/2020\/03\/Chvavar.jpg 230w, http:\/\/www.t-pas-net.com\/libr-critique\/wp-content\/uploads\/2020\/03\/Chvavar-150x137.jpg 150w\" alt=\"\" width=\"230\" height=\"210\" \/>Nous n\u2019en avons pas pour autant encore fini avec ce po\u00e8me, agrandissons ensemble l\u2019\u00e9chelle, sortons du vers et portons notre attention sur le po\u00e8me, sa composition, la successions de strophes denses o\u00f9 s\u2019\u00e9tagent les vers (entre 16 et 5 pour chaque strophe), o\u00f9 se d\u00e9ploient les sons et les images, flore d\u00e9vast\u00e9e, les arbres coup\u00e9s abattus \u00ab\u00a0sans souci De l\u2019\u00eatre (ni des h\u00eatres !)\u00a0\u00bb puis\u2026 ces deux derniers vers isol\u00e9s du reste, queue de com\u00e8te\u00a0: \u00ab\u00a0Et moi, Ivar, \/\u00a0J\u2019\u00e9tais l\u00e0, j\u2019ai pleur\u00e9 la mort de ces arbres.\u00a0\u00bb<\/p>\n<p class=\"Standard\">Quelques mois me s\u00e9parent de cette lecture et pourtant \u00e7a r\u00e9sonne \u2013 raisonne ? \u2013 encore, T.S Eliot, dans un essai trop m\u00e9connu au sujet de la po\u00e9sie de Dante, \u00e9crivait\u00a0:<\/p>\n<p class=\"Standard\">\u00ab\u00a0L\u2019exp\u00e9rience d\u2019un po\u00e8me est \u00e0 la fois l\u2019exp\u00e9rience d\u2019un instant et celle de toute une vie. (\u2026) un instant qui ne peut jamais plus \u00eatre oubli\u00e9, mais qui ne se r\u00e9p\u00e8te jamais int\u00e9gralement ; et qui, pourtant, se verrait d\u00e9nu\u00e9 de toute signification s\u2019il ne survivait pas dans l\u2019ensemble plus large de l\u2019exp\u00e9rience\u2026\u00bb (T. S. Eliot, <i>Dante<\/i>, London, Faber &amp; Faber, 1929 ; trad. fr. de B. Hoepffner, Climats, 1991).<\/p>\n<p class=\"Standard\">Et c\u2019est bien cette exp\u00e9rience, en acte, qui se produit et se r\u00e9alise \u00e0 la lecture d\u2019Ivar Ch\u2019Vavar, son vers justifi\u00e9, son travail sur la langue et les sonorit\u00e9s, les images et les sons, un ensemble de mati\u00e8res et de mani\u00e8res qui nous affectent radicalement \u00e0 la lecture, mais surtout affectent <i>nos <\/i>mani\u00e8res d\u2019\u00eatre. Et pour la saisir cette totalit\u00e9 dont parvient \u00e0 se saisir Ch\u2019Vavar, il nous faut nous pencher sur son usage chirurgical des mots, de leur sens et de leur historicit\u00e9. Quelle ne fut pas ma surprise d\u00e9couvrant ces vers (extraits de <i>chanson de l\u2019horizon<\/i>) :\u00a0\u00ab\u00a0(\u2026) des ma\u00eetres \u00e0 qui \/\u00a0nous avons d\u00e9clar\u00e9 la guerre\u00a0: le dji \/\u00a0had des gueux\u2026 Corneilles et freux \/\u00a0en avant\u00a0! En route pour l\u2019anarchie\u00a0!\u00a0\u00bb<\/p>\n<p class=\"Standard\">Voici un usage du terme djihad dans son sens le plus strict. Des d\u00e9cennies d\u2019amalgames m\u00e9diatiques ont \u00ab\u00a0encrass\u00e9\u00a0\u00bb (pour reprendre le qualificatif de Mallarm\u00e9) le terme djihad. Sans cesse, ce terme, tremp\u00e9 dans le bain confessionnel. Pourtant, l\u2019historicit\u00e9 du terme nous dit tout autre choses, djihad est d\u00e9riv\u00e9 de djouhd ou jouhd <a name=\"tw-target-text\"><\/a><span dir=\"RTL\" lang=\"AR-SA\">\u062c\u0647\u062f<\/span> qui veut simplement dire un effort, quant \u00e0 djihad ou jihad<span dir=\"RTL\" lang=\"AR-SA\">\u062c\u0647\u0627\u062f<\/span>, cela d\u00e9crit simplement l\u2019effort de tendre vers quelques chose \u2013 qui pourrait \u00eatre une parfaite traduction du concept de <i>Conatus<\/i> pr\u00e9sent notamment chez Spinoza.<\/p>\n<p class=\"Standard\">Et avec tout \u00e7a, Ivar Ch\u2019vavar il tend vers Quoi\u00a0? L\u2019\u00c9ternit\u00e9\u2026\u00a0 justifi\u00e9e\u00a0!<\/p>\n","protected":false},"excerpt":{"rendered":"<p>Ivar Ch\u2019Vavar, La Vache d\u2019entropie, \u00e9ditions Lurlure, janvier 2019, 136 pages, 16 \u20ac, ISBN : 979-10-95997-14-6. [Commander] Trois parties pour ce recueil, La vache d\u2019entropie, Po\u00e8mes justifi\u00e9s et le sublime Cul-de-four amont. \u00a0\u00a0On commence avec la premi\u00e8re, l\u2019\u00e9ponyme. On y chemine avec Ch\u2019Vavar, on avance paisibles, il n\u2019y a pas de quoi, plut\u00f4t lieu de s\u2019inqui\u00e9ter. Ivar s\u2019est mis \u00e0 regarder \u00ab\u00a0les choses et le monde depuis Le cul des vaches\u00a0\u00bb. On l\u2019imite, on y jette un \u0153il au monde par cette lorgnette incongrue, qu\u2019y voit-il Ch\u2019Vavar\u00a0? Le spectacle et le sinistre \u00ab\u00a0je vois une pente qui N\u2019est pas pour me remonter le moral.\u00bb Ni le n\u00f4tre. On pourrait tous et toutes reprendre son exclamation \u00ab\u00a0la vache d\u2019entropie\u00a0\u00bb et sans point d\u2019exclamation, histoire de se m\u00e9nager un peu d\u2019espace, parce qu\u2019ici peu d\u2019espace, \u00e7a se d\u00e9roule en blocs, on est en plein dans la po\u00e9sie justifi\u00e9e \u2013 Lucien Suel vous en parle par ici. Parce que Ch\u2019Vavar \u00e9crit, sans m\u00e9nagement aucun, ce \u00ab\u00a0monde qui a d\u00e9j\u00e0 bien avanc\u00e9 dans son recul\u2026 Dans sa D\u00e9vastation.\u00a0\u00bb Et pas de d\u00e9senchantement mou, pas de ces constats en caoutchouc qui rendent compte des effets sans jamais pointer les causes\u00a0; \u00ab\u00a0Bravo l\u2019artiste\u00a0! Bravo, le pitre sinistre. Bravo le capitalisme \u2013 Saloperie\u00a0!\u00a0\u00bb Ce m\u00eame capitalisme d\u00e9sign\u00e9 quelques lignes plus bas comme clown de fun\u00e9rarium. Arr\u00eatons-nous sur cette s\u00e9rie de noms et d\u2019adjectifs, \u00ab\u00a0clown, artiste, pitre\u00a0\u00bb spectacle, surgissement du spectacle, c\u2019est que le r\u00e8gne de ce capitalisme est, d\u2019abord et avant tout, la supr\u00e9matie d\u2019un certain spectacle \u2013 je vous en parlais dans un tout autre registre avec Joachim S\u00e9n\u00e9 \u2013\u00a0 la langue m\u00eame se fait spectacle quand Ivar s\u2019arr\u00eate sur cet \u00e9trange acronyme O.S.E.R advenu dans et par l\u2019imaginaire d\u00e9viant de communicants\u00a0 \u2013 vous voulez savoir ce que c\u2019est O.S.E.R\u00a0? lire La vache d\u2019entropie. Les m\u00e9dias et les maisons d\u2019\u00e9ditions commerciales n\u2019ont pas le monopole du teasing. Et ce capitalisme, il se fait surtout pitre sinistre, quand on sait que sinister d\u00e9signe en latin \u00ab\u00a0ce qui vient de la gauche\u00a0\u00bb, on per\u00e7oit de suite l\u2019angle de Ch\u2019Vavar, pas la gauche bien \u00e9videmment, une certaine gauche, celle des \u00ab\u00a0Prime time des t\u00e9l\u00e9s\u00a0\u00bb, de la politique, des philosophes, artistes ou autres\u00a0\u00ab\u00a0intellectuels\u00a0\u00bb domestiqu\u00e9s. Vaches contre vache Voici pour les deux premi\u00e8res pages, vous imaginez bien qu\u2019on ne va pas continuer sur ce rythme, on va survoler, piquer \u00e7a et l\u00e0, quelques et s\u2019y attarder, survoler le monde que Ch\u2019Vavar tisse, parfait contrepoint aux pitres sinistres, monde de po\u00e8tes \u2013 \u00e9vocation de Pierre Vainclair ou Laurent Albarracin \u2013 de peintures, celles de Konrad Schmitt et plus particuli\u00e8rement Les vaches roses que l\u2019on va traverser dans et par l\u2019\u00e9criture d\u2019Ivar\u00a0: \u00a0 \u00a0 \u00a0 \u00a0 \u00a0 \u00a0 \u00a0 \u00a0 \u00a0 \u00a0 \u00a0 \u00a0 \u00a0 \u00a0 \u00a0 \u00a0 \u00a0 \u00a0 \u00a0 \u00a0 \u00a0Une vache, tout en bas, tr\u00e8s occup\u00e9e \u00e0 Brouter. Elle \u00e9carte dr\u00f4lement ses pattes de devant. Sa queue, Grossi\u00e8rement bifide, n\u2019est pas cr\u00e9dible. Elle ne voit pas celui qui regarde le tableau, ni rien\u00a0; que le bout de son mufle, pro Bablement. Elle est toute de profil, corps et t\u00eate, on ne lui voit qu\u2019un \u0153il\u00a0; il est mi-clos, comme endormi. Elle n\u2019a pas de pis. Ni de couilles, du reste. Mais, si fortement distingu\u00e9e des au Tres, serait-elle\/le taureau ? \u00e9criture limpide et fluide, rythme singulier des vers justifi\u00e9s d\u2019Ivar quand il \u00e9crit La Grande Picardie Mentale \u2013 \u00ab\u00a0\u00e9tant bien entendu que la Picardie est l\u2019image et la m\u00e9taphore du Monde et le picard, qu\u2019on entendra ici aussi\u2026\u00a0\u00bb \u2013, avec ses vaches, bien s\u00fbr, les villages aussi, d\u00e9serts, cette ambiance quelque peu mortif\u00e8re des villages\u00a0: Est-ce qu\u2019il est trop t\u00f4t encore\u00a0? Quatre heures et demie. En tout cas Les voitures, au moins elles, se sont r\u00e9veill\u00e9es ! L\u2019heure de la Sortie de l\u2019\u00e9cole\u00a0? Je suppose que les chiards ne marchent plus Du tout\u00a0? Enfin, c\u2019est un vrai ballet. Et nous sommes les seuls Pi\u00e9tons, absolument. Et dans ce portrait des villages d\u00e9sert\u00e9s aux caf\u00e9s ferm\u00e9s ou \u00e0 vendre, ces nouvelles b\u00e2tisses \u00ab\u00a0\u2013 aussi laides qu\u2019il se doit\u00a0\u00bb, on ne peut s\u2019emp\u00eacher d\u2019y voir quelques \u00e9chos \u2013 peut-\u00eatre lointains \u2013 \u00e0 ce qui surviendra quelques mois apr\u00e8s l\u2019\u00e9criture de ce po\u00e8me justifi\u00e9\u00a0(du 27 f\u00e9vrier au 5 mars 2018) ; le mouvement des Gilets Jaunes advenu par celles et ceux qui vivent justement en ces espaces, que \u00ab\u00a0le clown de fun\u00e9rarium\u00a0\u00bb (le capitalisme) a aseptis\u00e9, enlaidi, fait des riverains des gens \u00e0 voiture. Proscrit aux \u00ab\u00a0peine-\u00e0-ou\u00efr\u00a0\u00bb Suivent, dans la deuxi\u00e8me partie, une s\u00e9rie de po\u00e8mes \u00e9crits entre 2001 et 2007 et qui tracent une continuit\u00e9, malgr\u00e9 l\u2019ant\u00e9riorit\u00e9 de l\u2019\u00e9criture. Bouillir avec l\u2019\u00e9cho, on est parmi les feuillages et les branchages, les racines et les troncs, les \u00ab\u00a0Feuilles mortes envol\u00e9es \/\u00a0Formant devant le peu de ciel qui restait \/\u00a0Un banc, d\u2019astres noirs, de m\u00e9t\u00e9ores sus \/\u00a0Pendus.\u00a0\u00bb Et on avance, on avance dans ce d\u00e9cor, r\u00e9sonance avec ce que l\u2019on a dit pr\u00e9c\u00e9demment, mais d\u00e9sormais on va s\u2019arr\u00eater sur la composition, toujours les vers justifi\u00e9s bien s\u00fbr, mais leur encha\u00eenement, leur d\u00e9roulement, leur coupe \u2013 \u00e0 ne pas confondre avec la c\u00e9sure \u2013 coupe qui tranche le vers, laisse \u00e9chapper une syllabe sous nos yeux, la langue qui se d\u00e9robe, et qui reprend, une impulsion, acc\u00e9l\u00e9ration au vers suivant, De ce bois La grande bouilloire a siffl\u00e9\u00a0: elle a bron Ch\u00e9 sur son br\u00fbleur \u2013 la grande bouilloi Re de la for\u00eat de toutes ses forces a siffl\u00e9 Mais on se demande ici si ce sif \u00a0 \u00a0 \u00a0 \u00a0 \u00a0 \u00a0 \u00a0 \u00a0 \u00a0 \u00a0 \u00a0 \u00a0 \u00a0 \u00a0 \u00a0 \u00a0 \u00a0 \u00a0 \u00a0 \u00a0 \u00a0 \u00a0 \u00a0 \u00a0 \u00a0 \u00a0 \u00a0 \u00a0 flement\u00a0: Les coupes pour bron\/Ch\u00e9, sif\/Flement, ce jeu \u00e0 contre-courant du fran\u00e7ais qui place l\u2019accent tonique \u00e0 la fin, renversement de Ch\u2019Varvar par la mise en exergue de la premi\u00e8re syllabe de bronCh\u00e9 m\u00e9nageant une parfaite transition entre la bouilloire et le br\u00fbleur, ce \/br\/ comme fil conducteur. Ou encore plus bas, isoler le \/sif\/ de sifflement, porter l\u2019accent tonique dessus pour clore cette allit\u00e9ration sifflante, \u00ab\u00a0ici si ce&#8230;<\/p>\n","protected":false},"author":1,"featured_media":844,"comment_status":"open","ping_status":"open","sticky":false,"template":"","format":"standard","meta":{"footnotes":""},"categories":[35,7,2],"tags":[52,37,918,919,920],"class_list":["post-843","post","type-post","status-publish","format-standard","has-post-thumbnail","hentry","category-chronique","category-livres-recus","category-une","tag-ahmed-slama","tag-editions-lurlure","tag-ivar-chvavar","tag-ivar-critique-sociale","tag-poemes-alignes"],"post_mailing_queue_ids":[],"_links":{"self":[{"href":"https:\/\/t-pas-net.com\/librCritN\/wp-json\/wp\/v2\/posts\/843","targetHints":{"allow":["GET"]}}],"collection":[{"href":"https:\/\/t-pas-net.com\/librCritN\/wp-json\/wp\/v2\/posts"}],"about":[{"href":"https:\/\/t-pas-net.com\/librCritN\/wp-json\/wp\/v2\/types\/post"}],"author":[{"embeddable":true,"href":"https:\/\/t-pas-net.com\/librCritN\/wp-json\/wp\/v2\/users\/1"}],"replies":[{"embeddable":true,"href":"https:\/\/t-pas-net.com\/librCritN\/wp-json\/wp\/v2\/comments?post=843"}],"version-history":[{"count":1,"href":"https:\/\/t-pas-net.com\/librCritN\/wp-json\/wp\/v2\/posts\/843\/revisions"}],"predecessor-version":[{"id":845,"href":"https:\/\/t-pas-net.com\/librCritN\/wp-json\/wp\/v2\/posts\/843\/revisions\/845"}],"wp:featuredmedia":[{"embeddable":true,"href":"https:\/\/t-pas-net.com\/librCritN\/wp-json\/wp\/v2\/media\/844"}],"wp:attachment":[{"href":"https:\/\/t-pas-net.com\/librCritN\/wp-json\/wp\/v2\/media?parent=843"}],"wp:term":[{"taxonomy":"category","embeddable":true,"href":"https:\/\/t-pas-net.com\/librCritN\/wp-json\/wp\/v2\/categories?post=843"},{"taxonomy":"post_tag","embeddable":true,"href":"https:\/\/t-pas-net.com\/librCritN\/wp-json\/wp\/v2\/tags?post=843"}],"curies":[{"name":"wp","href":"https:\/\/api.w.org\/{rel}","templated":true}]}}