{"id":870,"date":"2020-03-08T03:51:02","date_gmt":"2020-03-08T02:51:02","guid":{"rendered":"http:\/\/t-pas-net.com\/librCritN\/?p=870"},"modified":"2021-05-12T03:52:01","modified_gmt":"2021-05-12T01:52:01","slug":"news-news-du-dimanche-28","status":"publish","type":"post","link":"https:\/\/t-pas-net.com\/librCritN\/2020\/03\/08\/news-news-du-dimanche-28\/","title":{"rendered":"[News] News du dimanche"},"content":{"rendered":"<p>Riche mois de mars : UNE sur Julien BLAINE ; notre Libr-s\u00e9lection de livres re\u00e7us ; nos Libr-br\u00e8ves par monts et par vaux\u2026<\/p>\n<p><strong>UNE : pas de Fin pour un grand artiste\u2026 Julien BLAINE<\/strong><\/p>\n<p><strong>Du 14 mars au 10 mai 2020 \u00e0<\/strong><strong>\u00a0<\/strong><a href=\"http:\/\/www.lafriche.org\/fr\/les-lieux\/la-tour-panorama\">La Tour-Panorama<\/a>, 3<sup>e<\/sup> \u00e9tage, VERNISSAGE LE 13 MARS 2020 : Le Grand D\u00e9potoir de Julien Blaine.<\/p>\n<p><a title=\"Infos Pratiques\" href=\"http:\/\/www.lafriche.org\/fr\/infos-pratiques\">INFOS PRATIQUES<\/a><\/p>\n<p><strong>Bon d\u00e9barras \/ Fin d\u2019un artiste. Apr\u00e8s toute une carri\u00e8re pass\u00e9e \u00e0 contre-courant du march\u00e9 de l\u2019art, Julien Blaine, po\u00e8te, <a href=\"http:\/\/www.t-pas-net.com\/libr-critique\/wp-content\/uploads\/2017\/07\/BlaineDelboBackG.jpg\" rel=\"prettyphoto[870]\" rel=\"prettyphoto[15948]\"><img loading=\"lazy\" decoding=\"async\" class=\"alignright wp-image-11876\" src=\"http:\/\/www.t-pas-net.com\/libr-critique\/wp-content\/uploads\/2017\/07\/BlaineDelboBackG-300x272.jpg\" sizes=\"auto, (max-width: 225px) 100vw, 225px\" srcset=\"http:\/\/www.t-pas-net.com\/libr-critique\/wp-content\/uploads\/2017\/07\/BlaineDelboBackG-300x272.jpg 300w, http:\/\/www.t-pas-net.com\/libr-critique\/wp-content\/uploads\/2017\/07\/BlaineDelboBackG-150x136.jpg 150w, http:\/\/www.t-pas-net.com\/libr-critique\/wp-content\/uploads\/2017\/07\/BlaineDelboBackG-366x332.jpg 366w, http:\/\/www.t-pas-net.com\/libr-critique\/wp-content\/uploads\/2017\/07\/BlaineDelboBackG.jpg 550w\" alt=\"\" width=\"225\" height=\"204\" \/><\/a>performeur et l\u2019un des cr\u00e9ateurs de la po\u00e9sie-action, a d\u00e9cid\u00e9 de liquider sa vie d\u2019artiste. Tout doit dispara\u00eetre ! \u00ab Le public pourra venir choisir les \u0153uvres qu\u2019il d\u00e9sire emporter gratuitement. \u00bb<\/strong><\/p>\n<p>\u00bb \u00c9videmment ce serait plus pertinent, plus exemplaire, si j\u2019\u00e9tais Christofer Wool, Peter Doig,<br \/>\nDamien Hirst, Richard Prince, Anselm Kiefer, Adrian Ghenie, Marc Grotjhan, Rudolf Stingel, Zeng Fanzhi, Yoshitomo Nara, Jeff Koons, Ai Weiwei\u2026<\/p>\n<p>Si j\u2019\u00e9tais un artiste issu de l\u2019imp\u00e9rialisme am\u00e9ricain made in United State of America ou asiatique made in R\u00e9publique Populaire de Chine !<\/p>\n<p>Je ne suis que Blaine, Julien Blaine, et je ne suis pas dans le march\u00e9 de l\u2019art \u00e0 part quelques rares collections italiennes, suisses, floridiennes et fran\u00e7aises que je puis compter sur les doigts de mes 2 pieds.<\/p>\n<p><a href=\"http:\/\/www.t-pas-net.com\/libr-critique\/wp-content\/uploads\/2020\/03\/BlaineDepotoir.jpg\" rel=\"prettyphoto[870]\" rel=\"prettyphoto[15948]\"><img loading=\"lazy\" decoding=\"async\" class=\"alignleft size-full wp-image-15966\" src=\"http:\/\/www.t-pas-net.com\/libr-critique\/wp-content\/uploads\/2020\/03\/BlaineDepotoir.jpg\" sizes=\"auto, (max-width: 220px) 100vw, 220px\" srcset=\"http:\/\/www.t-pas-net.com\/libr-critique\/wp-content\/uploads\/2020\/03\/BlaineDepotoir.jpg 220w, http:\/\/www.t-pas-net.com\/libr-critique\/wp-content\/uploads\/2020\/03\/BlaineDepotoir-200x300.jpg 200w, http:\/\/www.t-pas-net.com\/libr-critique\/wp-content\/uploads\/2020\/03\/BlaineDepotoir-100x150.jpg 100w\" alt=\"\" width=\"220\" height=\"330\" \/><\/a>Le but de cette exposition Le Grand D\u00e9potoir est donc le suivant : montrer tout ce qui me reste dans mes ateliers : absolument tout ! Les choses seront d\u00e9pos\u00e9es dans les pi\u00e8ces et sur les cimaises de l\u2019expo de-ci, de-l\u00e0 \u00e0 l\u2019emporte-pi\u00e8ce (le mot compos\u00e9 est doublement juste).<br \/>\nL\u2019exposition durera un mois, durant ce mois le public pourra venir choisir les \u0153uvres qu\u2019il d\u00e9sire <strong>emporter gratuitement.<\/strong> Et \u00e0 la fin, le mois \u00e9tant \u00e9coul\u00e9, ce qui reste de l\u2019expo composera un beau feu de joie \u00e0 moins que tel mus\u00e9e les r\u00e9cup\u00e8re dans ses r\u00e9serves\u2026 !<br \/>\nEt je ne produirai plus que du texte dans des livres ou des revues.<br \/>\nPlus aucune toile, dessin, sculpture, installation, plus rien pour les collectionneurs, les galeries et les mus\u00e9es. Et pas loin de passer au stade octog\u00e9naire, je cesserai aussi de me produire en chair et en os et en public. \u00a0\u00bb \/Julien Blaine\/<\/p>\n<p><strong>BON \u00c0 SAVOIR<\/strong><\/p>\n<p>Le Grand D\u00e9potoir est un drame en trois actes :<br \/>\n\u2013 Acte I \u2022 <strong>Bon d\u00e9barras<\/strong> \/ du 14 mars au 12 avril<br \/>\n\u2013 Acte II \u2022 <strong>Tout doit dispara\u00eetre<\/strong> \/ du 17 avril au 9 mai<br \/>\n\u2013 Acte III \u2022 <strong>Liquidation avant fermeture<\/strong> \/ le 10 mai<\/p>\n<p><strong>Pendant toute la dur\u00e9e de l\u2019exposition, le public est invit\u00e9 \u00e0 choisir et garder l\u2019\u0153uvre de son choix.<\/strong><br \/>\n&gt; \u00c0 chaque d\u00e9but de nouvel acte (les 13 mars, 17 avril et 10 mai), possibilit\u00e9 de repartir tout de suite avec !<br \/>\n&gt; Le reste du temps, possibilit\u00e9 de r\u00e9server l\u2019\u0153uvre de son choix et de venir la r\u00e9cup\u00e9rer aux dates de retrait :<br \/>\nR\u00e9servation d\u2019\u0153uvre du 14 mars au 12 avril \u2013 retrait les 11 &amp; 12 avril<br \/>\nR\u00e9servation d\u2019\u0153uvre du 18 avril au 9 mai \u2013 retrait les 8 &amp; 9 mai<\/p>\n<p><strong>Trois entractes perform\u00e9s ponctuent l\u2019exposition :<\/strong><br \/>\n24 avril : Charles Pennequin et Will Guthrie, batteur<br \/>\n3 mai : Edith Azam et Eric S\u00e9govia, guitariste<br \/>\n10 mai : Julien Blaine et Richard L\u00e9andre, contrebassiste<\/p>\n<p><strong>HORAIRES<\/strong><\/p>\n<p><strong>Vernissage le\u00a013 mars \u00e0 partir de 18h \u2013 Performance de Julien Blaine \u00e0 19h dans l\u2019espace d\u2019exposition<br \/>\n<\/strong><\/p>\n<p>Exposition ouverte du mercredi au vendredi de 14h \u00e0 19h<br \/>\nSamedi et dimanche de 13h \u00e0 19h<\/p>\n<p><strong>Attention, ferm\u00e9 les lundis et mardis<\/strong><\/p>\n<p><strong>Libr-10 (notre s\u00e9lection de livres re\u00e7us en f\u00e9vrier\/mars 2020)<\/strong><\/p>\n<p><img loading=\"lazy\" decoding=\"async\" class=\"aligncenter size-full wp-image-15961\" src=\"http:\/\/www.t-pas-net.com\/libr-critique\/wp-content\/uploads\/2020\/03\/Libr-10-mars-2020.jpg\" sizes=\"auto, (max-width: 540px) 100vw, 540px\" srcset=\"http:\/\/www.t-pas-net.com\/libr-critique\/wp-content\/uploads\/2020\/03\/Libr-10-mars-2020.jpg 540w, http:\/\/www.t-pas-net.com\/libr-critique\/wp-content\/uploads\/2020\/03\/Libr-10-mars-2020-300x200.jpg 300w, http:\/\/www.t-pas-net.com\/libr-critique\/wp-content\/uploads\/2020\/03\/Libr-10-mars-2020-150x100.jpg 150w, http:\/\/www.t-pas-net.com\/libr-critique\/wp-content\/uploads\/2020\/03\/Libr-10-mars-2020-366x244.jpg 366w\" alt=\"\" width=\"540\" height=\"360\" \/><\/p>\n<p>\u25ba Pierre ALFERI, <strong><em>Divers chaos<\/em><\/strong>, P.O.L, 270 pages, 18 \u20ac.<\/p>\n<p>\u25ba\u00a0Julien BLAINE, <em><strong>Le Grand D\u00e9potoir<\/strong><\/em>, Al dante\/Presses du r\u00e9el, 224 pages, 25 \u20ac.<\/p>\n<p>\u25ba Julien BLAINE, <em><strong>2019<\/strong>. Albumanach bisannuel<\/em>,<em> ibid.<\/em>, 248 pages, 30 \u20ac.<\/p>\n<p>\u25ba Jean-Philippe CAZIER, <em><strong>Europe Odyss\u00e9e<\/strong><\/em>, \u00e9ditions Lanskine, 48 pages, 13 \u20ac.<\/p>\n<p>\u25ba Anne-James CHATON, <strong><em>Vie et mort de l\u2019homme qui tua John F. Kennedy<\/em><\/strong>, P.O.L, 248 pages, 18,90 \u20ac.<\/p>\n<p>\u25ba \u00c9ric CL\u00c9MENS, <strong><em>TeXTes 1970-2019<\/em><\/strong>, anthologie compos\u00e9e par Dominique Costermans et Christian Prigent, illustrations de Philippe Boutibonnes, Marcinelle (Belgique), \u00e9ditions du CEP, 144 pages, 15 \u20ac.<\/p>\n<p>\u25ba Christophe ESNAULT, <strong><em>Ville ou jouir et autres textes navrants<\/em><\/strong>, Mugron (Landes), \u00e9ditions Louise Bottu, 164 pages, 14 \u20ac.<\/p>\n<p>\u25ba Christophe GROSSI, La Ville so\u00fble, <a href=\"http:\/\/www.publie.net\">Publie.net<\/a>, coll. \u00ab\u00a0Temps r\u00e9el\u00a0\u00bb, 232 pages, 18 \u20ac.<\/p>\n<p>\u25ba A.C. HELLO, <em><strong>Animal fi\u00e8vre<\/strong><\/em> (2 CD), Trace Label : <a href=\"https:\/\/tracelab.com\/a-c-hello\/\"><strong>commander<\/strong><\/a>. <strong><em>La Peau de l\u2019eau<\/em><\/strong>, <a href=\"https:\/\/pariahpropagande.bigcartel.com\">Pariah<\/a>, 16 pages, 5 \u20ac.<\/p>\n<p>\u25ba Jean-Claude PINSON, <strong><em>Pastoral. De la po\u00e9sie comme \u00e9cologie<\/em><\/strong>, Ceyz\u00e9rieu (Ain), Champ Vallon, 180 pages, 18 \u20ac.<\/p>\n<p><strong>Libr-br\u00e8ves<\/strong><\/p>\n<p><strong>\u25ba\u00a0<\/strong>D\u00e9couvrez l\u2019envo\u00fbtant\u00a0<strong>premier cin\u00e9-po\u00e8me de Christophe Manon<\/strong>, <a href=\"https:\/\/livre.ciclic.fr\/labo-de-creation\/le-labo-de-creation\/christophe-manon-memoire\/poemes-pour-les-temps-presents?fbclid=IwAR1nthPAYTxhWo44uaGeEbGOtyOcaOlba6vto8N_c9oPauX1vLg5oMfuqw0\"><strong>\u00ab\u00a0Ce sont des boutons imb\u00e9ciles ceux qui commandent aux bombes\u00a0\u00bb<\/strong><\/a>.<\/p>\n<p><strong>\u25ba\u00a0<\/strong>Lecture\u00a0de\u00a0<strong>Michael Heller<\/strong>,\u00a0<strong>Sara Larsen\u00a0<\/strong>et\u00a0<strong>Sandra Moussemp\u00e8s\u00a0<\/strong>le\u00a0<strong>jeudi 12 mars \u00e0 19h :\u00a0<\/strong>Atelier Michael Woolworth (2 rue de la Roquette, cour F\u00e9vrier\u00a075011 Paris).<\/p>\n<p><strong>\u25ba OBLIQUE STRATEGIES \/ PART 2\u00a0<\/strong>Propos\u00e9 par VOIX OFF :\u00a07 mars-18 avril 2020<br \/>\n<strong>Samedi 14 mars 2020 \u00e0 18h :\u00a0<\/strong>Lecture par\u00a0Pierre Alferi, Jean-Christophe Bailly, Fr\u00e9d\u00e9ric Boyer, Suzanne Doppelt, Abigail Lang et Dominique Pasqualini.\u00a0<a href=\"http:\/\/www.martineaboucaya.com\"><strong>Martine aboucaya<\/strong><\/a> :\u00a05 rue sainte anastase\u00a075003 paris (tel +331 4276 9275)<\/p>\n<p><strong>\u25ba Jeudi 19 mars \u00e0 19H, Le Bal des Ardents\u00a0<\/strong>(17, rue Neuve 69001 Lyon) : Rencontre avec <strong>Philippe Thireau, Gilbert Bourson et Guillaume Basquin<\/strong> (\u00e9ditions Tinbad).<\/p>\n<p><strong>\u25ba\u00a0<\/strong>\u00c0 l\u2019occasion de la sortie fran\u00e7aise de <em>Ce qui n\u2019existe <\/em>plus, <strong>Krishna Monteiro<\/strong> sera pr\u00e9sent le <strong>26 mars 2020 de 19\u00a0h \u00e0 21 h \u00e0\u00a0la Librairie portugaise et br\u00e9silienne<\/strong>, 21 rue des Foss\u00e9s Saint-Jacques 75005 Paris.<\/p>\n","protected":false},"excerpt":{"rendered":"<p>Riche mois de mars : UNE sur Julien BLAINE ; notre Libr-s\u00e9lection de livres re\u00e7us ; nos Libr-br\u00e8ves par monts et par vaux\u2026 UNE : pas de Fin pour un grand artiste\u2026 Julien BLAINE Du 14 mars au 10 mai 2020 \u00e0\u00a0La Tour-Panorama, 3e \u00e9tage, VERNISSAGE LE 13 MARS 2020 : Le Grand D\u00e9potoir de Julien Blaine. INFOS PRATIQUES Bon d\u00e9barras \/ Fin d\u2019un artiste. Apr\u00e8s toute une carri\u00e8re pass\u00e9e \u00e0 contre-courant du march\u00e9 de l\u2019art, Julien Blaine, po\u00e8te, performeur et l\u2019un des cr\u00e9ateurs de la po\u00e9sie-action, a d\u00e9cid\u00e9 de liquider sa vie d\u2019artiste. Tout doit dispara\u00eetre ! \u00ab Le public pourra venir choisir les \u0153uvres qu\u2019il d\u00e9sire emporter gratuitement. \u00bb \u00bb \u00c9videmment ce serait plus pertinent, plus exemplaire, si j\u2019\u00e9tais Christofer Wool, Peter Doig, Damien Hirst, Richard Prince, Anselm Kiefer, Adrian Ghenie, Marc Grotjhan, Rudolf Stingel, Zeng Fanzhi, Yoshitomo Nara, Jeff Koons, Ai Weiwei\u2026 Si j\u2019\u00e9tais un artiste issu de l\u2019imp\u00e9rialisme am\u00e9ricain made in United State of America ou asiatique made in R\u00e9publique Populaire de Chine ! Je ne suis que Blaine, Julien Blaine, et je ne suis pas dans le march\u00e9 de l\u2019art \u00e0 part quelques rares collections italiennes, suisses, floridiennes et fran\u00e7aises que je puis compter sur les doigts de mes 2 pieds. Le but de cette exposition Le Grand D\u00e9potoir est donc le suivant : montrer tout ce qui me reste dans mes ateliers : absolument tout ! Les choses seront d\u00e9pos\u00e9es dans les pi\u00e8ces et sur les cimaises de l\u2019expo de-ci, de-l\u00e0 \u00e0 l\u2019emporte-pi\u00e8ce (le mot compos\u00e9 est doublement juste). L\u2019exposition durera un mois, durant ce mois le public pourra venir choisir les \u0153uvres qu\u2019il d\u00e9sire emporter gratuitement. Et \u00e0 la fin, le mois \u00e9tant \u00e9coul\u00e9, ce qui reste de l\u2019expo composera un beau feu de joie \u00e0 moins que tel mus\u00e9e les r\u00e9cup\u00e8re dans ses r\u00e9serves\u2026 ! Et je ne produirai plus que du texte dans des livres ou des revues. Plus aucune toile, dessin, sculpture, installation, plus rien pour les collectionneurs, les galeries et les mus\u00e9es. Et pas loin de passer au stade octog\u00e9naire, je cesserai aussi de me produire en chair et en os et en public. \u00a0\u00bb \/Julien Blaine\/ BON \u00c0 SAVOIR Le Grand D\u00e9potoir est un drame en trois actes : \u2013 Acte I \u2022 Bon d\u00e9barras \/ du 14 mars au 12 avril \u2013 Acte II \u2022 Tout doit dispara\u00eetre \/ du 17 avril au 9 mai \u2013 Acte III \u2022 Liquidation avant fermeture \/ le 10 mai Pendant toute la dur\u00e9e de l\u2019exposition, le public est invit\u00e9 \u00e0 choisir et garder l\u2019\u0153uvre de son choix. &gt; \u00c0 chaque d\u00e9but de nouvel acte (les 13 mars, 17 avril et 10 mai), possibilit\u00e9 de repartir tout de suite avec ! &gt; Le reste du temps, possibilit\u00e9 de r\u00e9server l\u2019\u0153uvre de son choix et de venir la r\u00e9cup\u00e9rer aux dates de retrait : R\u00e9servation d\u2019\u0153uvre du 14 mars au 12 avril \u2013 retrait les 11 &amp; 12 avril R\u00e9servation d\u2019\u0153uvre du 18 avril au 9 mai \u2013 retrait les 8 &amp; 9 mai Trois entractes perform\u00e9s ponctuent l\u2019exposition : 24 avril : Charles Pennequin et Will Guthrie, batteur 3 mai : Edith Azam et Eric S\u00e9govia, guitariste 10 mai : Julien Blaine et Richard L\u00e9andre, contrebassiste HORAIRES Vernissage le\u00a013 mars \u00e0 partir de 18h \u2013 Performance de Julien Blaine \u00e0 19h dans l\u2019espace d\u2019exposition Exposition ouverte du mercredi au vendredi de 14h \u00e0 19h Samedi et dimanche de 13h \u00e0 19h Attention, ferm\u00e9 les lundis et mardis Libr-10 (notre s\u00e9lection de livres re\u00e7us en f\u00e9vrier\/mars 2020) \u25ba Pierre ALFERI, Divers chaos, P.O.L, 270 pages, 18 \u20ac. \u25ba\u00a0Julien BLAINE, Le Grand D\u00e9potoir, Al dante\/Presses du r\u00e9el, 224 pages, 25 \u20ac. \u25ba Julien BLAINE, 2019. Albumanach bisannuel, ibid., 248 pages, 30 \u20ac. \u25ba Jean-Philippe CAZIER, Europe Odyss\u00e9e, \u00e9ditions Lanskine, 48 pages, 13 \u20ac. \u25ba Anne-James CHATON, Vie et mort de l\u2019homme qui tua John F. Kennedy, P.O.L, 248 pages, 18,90 \u20ac. \u25ba \u00c9ric CL\u00c9MENS, TeXTes 1970-2019, anthologie compos\u00e9e par Dominique Costermans et Christian Prigent, illustrations de Philippe Boutibonnes, Marcinelle (Belgique), \u00e9ditions du CEP, 144 pages, 15 \u20ac. \u25ba Christophe ESNAULT, Ville ou jouir et autres textes navrants, Mugron (Landes), \u00e9ditions Louise Bottu, 164 pages, 14 \u20ac. \u25ba Christophe GROSSI, La Ville so\u00fble, Publie.net, coll. \u00ab\u00a0Temps r\u00e9el\u00a0\u00bb, 232 pages, 18 \u20ac. \u25ba A.C. HELLO, Animal fi\u00e8vre (2 CD), Trace Label : commander. La Peau de l\u2019eau, Pariah, 16 pages, 5 \u20ac. \u25ba Jean-Claude PINSON, Pastoral. De la po\u00e9sie comme \u00e9cologie, Ceyz\u00e9rieu (Ain), Champ Vallon, 180 pages, 18 \u20ac. Libr-br\u00e8ves \u25ba\u00a0D\u00e9couvrez l\u2019envo\u00fbtant\u00a0premier cin\u00e9-po\u00e8me de Christophe Manon, \u00ab\u00a0Ce sont des boutons imb\u00e9ciles ceux qui commandent aux bombes\u00a0\u00bb. \u25ba\u00a0Lecture\u00a0de\u00a0Michael Heller,\u00a0Sara Larsen\u00a0et\u00a0Sandra Moussemp\u00e8s\u00a0le\u00a0jeudi 12 mars \u00e0 19h :\u00a0Atelier Michael Woolworth (2 rue de la Roquette, cour F\u00e9vrier\u00a075011 Paris). \u25ba OBLIQUE STRATEGIES \/ PART 2\u00a0Propos\u00e9 par VOIX OFF :\u00a07 mars-18 avril 2020 Samedi 14 mars 2020 \u00e0 18h :\u00a0Lecture par\u00a0Pierre Alferi, Jean-Christophe Bailly, Fr\u00e9d\u00e9ric Boyer, Suzanne Doppelt, Abigail Lang et Dominique Pasqualini.\u00a0Martine aboucaya :\u00a05 rue sainte anastase\u00a075003 paris (tel +331 4276 9275) \u25ba Jeudi 19 mars \u00e0 19H, Le Bal des Ardents\u00a0(17, rue Neuve 69001 Lyon) : Rencontre avec Philippe Thireau, Gilbert Bourson et Guillaume Basquin (\u00e9ditions Tinbad). \u25ba\u00a0\u00c0 l\u2019occasion de la sortie fran\u00e7aise de Ce qui n\u2019existe plus, Krishna Monteiro sera pr\u00e9sent le 26 mars 2020 de 19\u00a0h \u00e0 21 h \u00e0\u00a0la Librairie portugaise et br\u00e9silienne, 21 rue des Foss\u00e9s Saint-Jacques 75005 Paris.<\/p>\n","protected":false},"author":1,"featured_media":40,"comment_status":"open","ping_status":"open","sticky":false,"template":"","format":"standard","meta":{"footnotes":""},"categories":[1],"tags":[702,145,424,38,99,818,303,945,229,41,69,36,28,944,946,947,934,134,948,890,85,927,949,950,481,346,148,720,215,120,951],"class_list":["post-870","post","type-post","status-publish","format-standard","has-post-thumbnail","hentry","category-non-classe","tag-abigail-lang","tag-ac-hello","tag-anne-james-chaton","tag-christian-prigent","tag-christophe-esnault","tag-christophe-grossi","tag-christophe-manon","tag-dominique-pasqualini","tag-editions-louise-bottu","tag-editions-p-o-l","tag-editions-publie-net","tag-editions-lanskine","tag-editions-tinbad","tag-eric-clemens","tag-frederic-boyer","tag-friche-de-mai","tag-gilbert-bourson","tag-guillaume-basquin","tag-jean-christophe-bailly","tag-jean-philippe-cazier","tag-julien-blaine","tag-krishna-monteiro","tag-le-bal-des-ardents","tag-martine-aboucaya","tag-philippe-thireau","tag-pierre-alferi","tag-presses-du-reel-al-dante","tag-revue-txt","tag-sandra-moussempes","tag-suzanne-doppelt","tag-trace-label"],"post_mailing_queue_ids":[],"_links":{"self":[{"href":"https:\/\/t-pas-net.com\/librCritN\/wp-json\/wp\/v2\/posts\/870","targetHints":{"allow":["GET"]}}],"collection":[{"href":"https:\/\/t-pas-net.com\/librCritN\/wp-json\/wp\/v2\/posts"}],"about":[{"href":"https:\/\/t-pas-net.com\/librCritN\/wp-json\/wp\/v2\/types\/post"}],"author":[{"embeddable":true,"href":"https:\/\/t-pas-net.com\/librCritN\/wp-json\/wp\/v2\/users\/1"}],"replies":[{"embeddable":true,"href":"https:\/\/t-pas-net.com\/librCritN\/wp-json\/wp\/v2\/comments?post=870"}],"version-history":[{"count":1,"href":"https:\/\/t-pas-net.com\/librCritN\/wp-json\/wp\/v2\/posts\/870\/revisions"}],"predecessor-version":[{"id":871,"href":"https:\/\/t-pas-net.com\/librCritN\/wp-json\/wp\/v2\/posts\/870\/revisions\/871"}],"wp:featuredmedia":[{"embeddable":true,"href":"https:\/\/t-pas-net.com\/librCritN\/wp-json\/wp\/v2\/media\/40"}],"wp:attachment":[{"href":"https:\/\/t-pas-net.com\/librCritN\/wp-json\/wp\/v2\/media?parent=870"}],"wp:term":[{"taxonomy":"category","embeddable":true,"href":"https:\/\/t-pas-net.com\/librCritN\/wp-json\/wp\/v2\/categories?post=870"},{"taxonomy":"post_tag","embeddable":true,"href":"https:\/\/t-pas-net.com\/librCritN\/wp-json\/wp\/v2\/tags?post=870"}],"curies":[{"name":"wp","href":"https:\/\/api.w.org\/{rel}","templated":true}]}}