{"id":884,"date":"2020-03-01T03:57:04","date_gmt":"2020-03-01T02:57:04","guid":{"rendered":"http:\/\/t-pas-net.com\/librCritN\/?p=884"},"modified":"2021-05-12T03:58:10","modified_gmt":"2021-05-12T01:58:10","slug":"creation-corinne-lovera-vitali-et-fernand-fernandez-warland","status":"publish","type":"post","link":"https:\/\/t-pas-net.com\/librCritN\/2020\/03\/01\/creation-corinne-lovera-vitali-et-fernand-fernandez-warland\/","title":{"rendered":"[Cr\u00e9ation] Corinne Lovera Vitali et Fernand Fernandez, Warland"},"content":{"rendered":"<p>Une voix suave mais distanci\u00e9e sur fond de guitare \u00e9lectrique\u2026 L\u2019agencement r\u00e9p\u00e9titif des <a href=\"http:\/\/www.t-pas-net.com\/libr-critique\/creation-corinne-lovera-vitali-avec-fernand-fernandez-ponctuer-vs-easy-cummings-cest-la-valise-4\/\"><strong>Fernandez<\/strong><\/a> nous plonge dans WARLAND, un monde o\u00f9 la guerre \u00e9conomique fait de nous des consommateurs en qu\u00eate de lumi\u00e8re\u2026<\/p>\n<p>&nbsp;<\/p>\n<p><iframe loading=\"lazy\" src=\"https:\/\/w.soundcloud.com\/player\/?url=https%3A\/\/api.soundcloud.com\/tracks\/558984921&amp;color=%23ff5500&amp;auto_play=false&amp;hide_related=false&amp;show_comments=true&amp;show_user=true&amp;show_reposts=false&amp;show_teaser=true&amp;visual=true\" width=\"100%\" height=\"600\" frameborder=\"no\" scrolling=\"no\" data-mce-fragment=\"1\"><\/iframe><\/p>\n","protected":false},"excerpt":{"rendered":"<p>Une voix suave mais distanci\u00e9e sur fond de guitare \u00e9lectrique\u2026 L\u2019agencement r\u00e9p\u00e9titif des Fernandez nous plonge dans WARLAND, un monde o\u00f9 la guerre \u00e9conomique fait de nous des consommateurs en qu\u00eate de lumi\u00e8re\u2026 &nbsp;<\/p>\n","protected":false},"author":1,"featured_media":885,"comment_status":"open","ping_status":"open","sticky":false,"template":"","format":"standard","meta":{"footnotes":""},"categories":[731,2],"tags":[975,976,977,978],"class_list":["post-884","post","type-post","status-publish","format-standard","has-post-thumbnail","hentry","category-creation-sonore","category-une","tag-agencement-repetitif","tag-corinne-lovera-vitali","tag-fernand-fernandez","tag-fernandez-warland"],"post_mailing_queue_ids":[],"_links":{"self":[{"href":"https:\/\/t-pas-net.com\/librCritN\/wp-json\/wp\/v2\/posts\/884","targetHints":{"allow":["GET"]}}],"collection":[{"href":"https:\/\/t-pas-net.com\/librCritN\/wp-json\/wp\/v2\/posts"}],"about":[{"href":"https:\/\/t-pas-net.com\/librCritN\/wp-json\/wp\/v2\/types\/post"}],"author":[{"embeddable":true,"href":"https:\/\/t-pas-net.com\/librCritN\/wp-json\/wp\/v2\/users\/1"}],"replies":[{"embeddable":true,"href":"https:\/\/t-pas-net.com\/librCritN\/wp-json\/wp\/v2\/comments?post=884"}],"version-history":[{"count":1,"href":"https:\/\/t-pas-net.com\/librCritN\/wp-json\/wp\/v2\/posts\/884\/revisions"}],"predecessor-version":[{"id":886,"href":"https:\/\/t-pas-net.com\/librCritN\/wp-json\/wp\/v2\/posts\/884\/revisions\/886"}],"wp:featuredmedia":[{"embeddable":true,"href":"https:\/\/t-pas-net.com\/librCritN\/wp-json\/wp\/v2\/media\/885"}],"wp:attachment":[{"href":"https:\/\/t-pas-net.com\/librCritN\/wp-json\/wp\/v2\/media?parent=884"}],"wp:term":[{"taxonomy":"category","embeddable":true,"href":"https:\/\/t-pas-net.com\/librCritN\/wp-json\/wp\/v2\/categories?post=884"},{"taxonomy":"post_tag","embeddable":true,"href":"https:\/\/t-pas-net.com\/librCritN\/wp-json\/wp\/v2\/tags?post=884"}],"curies":[{"name":"wp","href":"https:\/\/api.w.org\/{rel}","templated":true}]}}