{"id":947,"date":"2021-10-23T17:15:19","date_gmt":"2021-10-23T15:15:19","guid":{"rendered":"http:\/\/t-pas-net.com\/librCritN\/?p=947"},"modified":"2021-10-24T12:19:25","modified_gmt":"2021-10-24T10:19:25","slug":"libr-retour-les-chutes-dyves-charnet-par-fabrice-thumerel","status":"publish","type":"post","link":"https:\/\/t-pas-net.com\/librCritN\/2021\/10\/23\/libr-retour-les-chutes-dyves-charnet-par-fabrice-thumerel\/","title":{"rendered":"[Libr-retour] Les Chutes d&rsquo;Yves Charnet, par Fabrice Thumerel"},"content":{"rendered":"<p>Yves Charnet, <strong><em>Chutes<\/em><\/strong>, Tarabuste \u00e9diteur, automne 2020, 296 pages, 18 \u20ac, ISBN : 978-2-84587-512-8.<\/p>\n<p style=\"text-align: justify;\">Au moment o\u00f9 les d\u00e9s sont jet\u00e9s (<em>MADAME TH\u00c9R\u00c8SE<\/em> n&rsquo;est plus) et qu&rsquo;en cette fin d&rsquo;apr\u00e8s-midi m\u00eame on peut retrouver au March\u00e9 de la po\u00e9sie l&rsquo;auteur de <em>Proses du fils<\/em>, le travail de lecture-\u00e9criture ayant termin\u00e9 sa phase de d\u00e9cantation, le temps est venu \u2013 en musique (Morricone, R\u00e9giani, Lama, Nougaro, etc.) ! \u2013\u00a0de jeter l&rsquo;ancre dans un \u00ab\u00a0Charnet de bord\u00a0\u00bb (p. 190), une \u00ab\u00a0narration de d\u00e9s\u00e9quilibres\u00a0\u00bb (20) structur\u00e9e en deux parties (\u00ab\u00a0La Rhapsodie des circonstances\u00a0\u00bb et \u00ab\u00a0Journal public d&rsquo;un homme seul\u00a0\u00bb) et des dizaines de sous-titres, dans cette bouteille \u00e0 la M\u00e8re qu&rsquo;a jet\u00e9e \u00ab\u00a0un sculpteur de miettes\u00a0\u00bb (222) \u2013 dans un labyrinthe dont le fil d&rsquo;Ariane peut se r\u00e9sumer ainsi : \u00ab\u00a0De ma m\u00e8re, de la b\u00e2tardise, de l&rsquo;\u00e9criture\u00a0\u00bb (255).<\/p>\n<p style=\"text-align: center;\"><img loading=\"lazy\" decoding=\"async\" class=\"aligncenter size-full wp-image-1780\" src=\"http:\/\/t-pas-net.com\/librCritN\/wp-content\/uploads\/2021\/10\/CharnetMPsignature.jpg\" alt=\"\" width=\"540\" height=\"410\" srcset=\"https:\/\/t-pas-net.com\/librCritN\/wp-content\/uploads\/2021\/10\/CharnetMPsignature.jpg 540w, https:\/\/t-pas-net.com\/librCritN\/wp-content\/uploads\/2021\/10\/CharnetMPsignature-300x228.jpg 300w, https:\/\/t-pas-net.com\/librCritN\/wp-content\/uploads\/2021\/10\/CharnetMPsignature-150x114.jpg 150w, https:\/\/t-pas-net.com\/librCritN\/wp-content\/uploads\/2021\/10\/CharnetMPsignature-366x278.jpg 366w\" sizes=\"auto, (max-width: 540px) 100vw, 540px\" \/><\/p>\n<p>&nbsp;<\/p>\n<p style=\"text-align: right;\">\u00ab\u00a0<em>Ceci n&rsquo;est pas un livre. \u00c0 peine \u00a0le testament d&rsquo;un vieux<br \/>\npeigneur de com\u00e8tes.<\/em>\u00a0<em>Tu publieras ces carnets<br \/>\nd&rsquo;un po\u00e8te contumace.<\/em>\u00a0<em>Carnaval &amp; trag\u00e9die. \u00c0 peine te seras tu fait<br \/>\nun pr\u00e9nom.<\/em>\u00a0<em>Pauvre Yves &amp; bon vivant. Tu n&rsquo;avais rien d&rsquo;autre<br \/>\n\u00e0 raconter.<\/em>\u00a0<em>Que les roulis de ton \u00e2me mal arrim\u00e9e. Tu auras<br \/>\n\u00e9cris en toutes lettres<\/em>\u00a0<em>ton d\u00e9sarroi. \u00a0Dans ce journal public<br \/>\nd&rsquo;un homme seul. <\/em><em>Que restera-t-il \u00e0 la fin de tes r\u00e9cits d\u00e9cousus ?<\/em><br \/>\n<em>Des chutes, juste des chutes<\/em>\u00a0\u00bb (p. 281).<\/p>\n<p style=\"text-align: right;\">\u00ab\u00a0Donner un titre aux moments de sa vie, comme \u00a0on le fait\u00a0\u00e0 l&rsquo;\u00e9cole<br \/>\npour des passages litt\u00e9raires, est peut-\u00eatre\u00a0un moyen\u00a0de la ma\u00eetriser ?\u00a0\u00bb<br \/>\n(Annie Ernaux, \u00a0<em>L&rsquo;Occupation<\/em>, Gallimard, 2002, p. 68).<\/p>\n<p>&nbsp;<\/p>\n<p style=\"text-align: center;\"><span style=\"background-color: #ff0000; color: #ffffff;\"><strong>Un homme de passage<\/strong><\/span><\/p>\n<p style=\"text-align: right;\">\u00ab\u00a0Vous ne trouverez, dans ces carnets, que l&rsquo;\u00e9pop\u00e9e<br \/>\nde personne. \u2013 D\u00e9pression, d\u00e9merde, d\u00e9pense\u00a0\u00bb (p. 235).<\/p>\n<p style=\"text-align: justify;\">Les nombreux titres qu&rsquo;Yves Charnet donne \u00e0 un Journal qu&rsquo;il a \u00e9crit essentiellement quand <em>\u00e7a se D\u00c9BERDAULAIT<\/em> (cf. 149), et donc\u00a0<em>en basse tension<\/em> \u2013 pour reprendre une formule du Sartre des <em>Carnets de la dr\u00f4le de guerre<\/em> \u2013, sont des plus r\u00e9v\u00e9lateurs : d&rsquo;une part, ils offrent des angles d&rsquo;approche divers \u00e0 une entreprise singuli\u00e8re ; d&rsquo;autre part, ils situent l&rsquo;\u00e9crivain dans un horizon litt\u00e9raire.<\/p>\n<p style=\"text-align: justify;\">Tout d&rsquo;abord, rattacher \u00e0 l&rsquo;autofiction ces \u00ab\u00a0M\u00e9moires d&rsquo;un type \u00e0 la d\u00e9ryves\u00a0\u00bb (188), c&rsquo;est<img loading=\"lazy\" decoding=\"async\" class=\"alignright size-full wp-image-1793\" src=\"http:\/\/t-pas-net.com\/librCritN\/wp-content\/uploads\/2021\/10\/DoubHommedepassage.jpg\" alt=\"\" width=\"220\" height=\"320\" srcset=\"https:\/\/t-pas-net.com\/librCritN\/wp-content\/uploads\/2021\/10\/DoubHommedepassage.jpg 220w, https:\/\/t-pas-net.com\/librCritN\/wp-content\/uploads\/2021\/10\/DoubHommedepassage-206x300.jpg 206w, https:\/\/t-pas-net.com\/librCritN\/wp-content\/uploads\/2021\/10\/DoubHommedepassage-103x150.jpg 103w\" sizes=\"auto, (max-width: 220px) 100vw, 220px\" \/> rappeler ses liens avec Serge Doubrovsky, dont l&rsquo;avant-derni\u00e8re somme convient parfaitement \u00e0 l&rsquo;itin\u00e9raire d&rsquo;Yves Charnet (<a href=\"http:\/\/www.t-pas-net.com\/libr-critique\/chronique-sujet-sd-serge-doubrovsky\/\"><strong><em>Un homme de passage<\/em><\/strong><\/a>, 2011) : ce sont l\u00e0 deux hommes pas sages passagers clandestins de leur vie, qui affectionnent les calembours, les mots-valises (ah, ces \u00ab\u00a0ruminations <em>m\u00e9lankol\u00e9riques<\/em>\u00a0\u00bb ! \u2013\u00a0p. 34), l&rsquo;usage des capitales et le style syncop\u00e9. Celui qui pratique le \u00ab\u00a0d\u00e9conte \u00e0 rebours\u00a0\u00bb (15) dans ses \u00ab\u00a0chutes\u00a0\u00bb, c&rsquo;est-\u00e0-dire \u00ab\u00a0des brouillons d&rsquo;un livre \u00e0 venir\u00a0\u00bb (262), rejoint par ailleurs la somatographie de l&rsquo;auteur des <em>Papiers coll\u00e9s<\/em>, Georges Perros : agencer ces \u00ab\u00a0chutes\u00a0\u00bb en lieu et place du recours \u00e0 la technique des \u00ab\u00a0papiers coll\u00e9s\u00a0\u00bb&#8230;<\/p>\n<p style=\"text-align: justify;\">Sans \u00eatre exhaustif, d&rsquo;autres titres confirment l&rsquo;\u00e9criture en mode mineur : \u00ab\u00a0CARNETS D&rsquo;UN PO\u00c8TE FATIGU\u00c9\u00a0\u00bb (83), \u00ab\u00a0journal d&rsquo;un quinquag\u00e9naire au bout du rouleau\u00a0\u00bb (176), \u00ab\u00a0carnets d&rsquo;un mec <em>\u00e0 la lisi\u00e8re<\/em>\u00a0\u00bb (244)&#8230; Si l&rsquo;on consid\u00e8re que ce journal par miettes d&rsquo;un homme en miettes est \u00ab\u00a0une fa\u00e7on de tirer sur les mailles du quotidien\u00a0\u00bb (56) pour constituer un \u00ab\u00a0Journal d\u00e9cousu main\u00a0\u00bb (56), on prend conscience qu&rsquo;il vise \u00ab\u00a0l&rsquo;h\u00e9ro\u00efne taboue\u00a0\u00bb de tous ses livres (11), celle qui, en excellente femme pratique, a tricot\u00e9 sa vie point par point. C&rsquo;est ici que prend sens la formule qui adresse un clin d&rsquo;\u0153il au groupe TXT : \u00ab\u00a0g\u00e9n\u00e9alogie imagim\u00e8re\u00a0\u00bb (9)&#8230;<\/p>\n<p style=\"text-align: center;\"><img loading=\"lazy\" decoding=\"async\" class=\"aligncenter size-full wp-image-1796\" src=\"http:\/\/t-pas-net.com\/librCritN\/wp-content\/uploads\/2021\/10\/Portrait-Charnet-Paris.jpg\" alt=\"\" width=\"540\" height=\"360\" srcset=\"https:\/\/t-pas-net.com\/librCritN\/wp-content\/uploads\/2021\/10\/Portrait-Charnet-Paris.jpg 540w, https:\/\/t-pas-net.com\/librCritN\/wp-content\/uploads\/2021\/10\/Portrait-Charnet-Paris-300x200.jpg 300w, https:\/\/t-pas-net.com\/librCritN\/wp-content\/uploads\/2021\/10\/Portrait-Charnet-Paris-150x100.jpg 150w, https:\/\/t-pas-net.com\/librCritN\/wp-content\/uploads\/2021\/10\/Portrait-Charnet-Paris-366x244.jpg 366w\" sizes=\"auto, (max-width: 540px) 100vw, 540px\" \/><\/p>\n<p>&nbsp;<\/p>\n<p style=\"text-align: center;\"><span style=\"background-color: #ff0000; color: #ffffff;\"><strong><em>Personne<\/em> et ses Doubles&#8230;<\/strong><\/span><\/p>\n<p style=\"text-align: right;\">\u00ab\u00a0Je n&rsquo;habite pas dans mon nom . Mon nom b\u00e2tard.<br \/>\nJe n&rsquo;ai pas de moi bien fixe. Que des doubles de passage\u00a0\u00bb (p. 254).<\/p>\n<p style=\"text-align: justify;\">Celui qui, enfant, a \u00e9t\u00e9 investi d&rsquo;une <em>mission<\/em> p\u00e9rilleuse : \u00ab\u00a0sauver de la honte le nom de [sa] m\u00e8re\u00a0\u00bb (256), s&rsquo;est tr\u00e8s t\u00f4t rendu \u00e0 l&rsquo;\u00e9vidence : \u00ab\u00a0Tr\u00e8s vite il a fallu que je sois plusieurs. Pour boucher les trous de l&rsquo;angoisse maternelle\u00a0\u00bb (93). Enfant \u00e0 qui fait d\u00e9faut un p\u00e8re\u00a0absent avant m\u00eame de se suicider, le petit Yves s&rsquo;av\u00e8re\u00a0incapable d&rsquo;investir le Nom du P\u00e8re, d&rsquo;habiter son nom en propre ; aussi, afin d&rsquo;\u00e9chapper \u00e0 la \u00ab\u00a0Reine-M\u00e8re\u00a0\u00bb (10), via ses \u00ab\u00a0parrains\u00a0\u00bb de cin\u00e9ma, il choisit un premier pseudonyme, Roger CARNET (1962-2016) : Roger, du pr\u00e9nom de Delon (Roger Sartet), et CARNET pour cligner du c\u00f4t\u00e9 du c\u00e9l\u00e8bre cin\u00e9aste Marcel Carn\u00e9. Le double rejet de son \u00e9diteur comme de sa m\u00e8re d\u00e9clinante a pour corollaire le passage \u00e0 un autre pseudonyme : \u00ab\u00a0J&rsquo;\u00e9tais devenu L&rsquo;EX de ma propre vie. MONSIEUR LEX (en personne)\u00a0\u00bb (53). Celui qui passe d&rsquo;un masque \u00e0 un autre devient \u00ab\u00a0Lexibionniste\u00a0\u00bb (252) qui, dans ses <strong><em>Chutes<\/em><\/strong>, laisse libre cours \u00e0 son \u00ab\u00a0lyrisme de chien perdu\u00a0\u00bb (17).<\/p>\n<p style=\"text-align: center;\"><img loading=\"lazy\" decoding=\"async\" class=\"aligncenter size-full wp-image-1794\" src=\"http:\/\/t-pas-net.com\/librCritN\/wp-content\/uploads\/2021\/10\/CharnetChutes.jpg\" alt=\"\" width=\"540\" height=\"320\" srcset=\"https:\/\/t-pas-net.com\/librCritN\/wp-content\/uploads\/2021\/10\/CharnetChutes.jpg 540w, https:\/\/t-pas-net.com\/librCritN\/wp-content\/uploads\/2021\/10\/CharnetChutes-300x178.jpg 300w, https:\/\/t-pas-net.com\/librCritN\/wp-content\/uploads\/2021\/10\/CharnetChutes-150x89.jpg 150w, https:\/\/t-pas-net.com\/librCritN\/wp-content\/uploads\/2021\/10\/CharnetChutes-366x217.jpg 366w\" sizes=\"auto, (max-width: 540px) 100vw, 540px\" \/><\/p>\n<p>&nbsp;<\/p>\n<p style=\"text-align: center;\"><strong><span style=\"background-color: #ff0000; color: #ffffff;\">\u00ab\u00a0La chute de la maison Charnet\u00a0\u00bb <\/span><\/strong><span style=\"background-color: #ff0000; color: #ffffff;\">(280)<\/span><\/p>\n<p style=\"text-align: right;\">\u00ab\u00a0C&rsquo;est un sale mar\u00e9cage. L&rsquo;origine\u00a0\u00bb (98).<\/p>\n<p style=\"text-align: justify;\">Aux chutes de Mademoiselle Th\u00e9r\u00e8se Charnet correspond la Chute du Fils dans son ab\u00eeme int\u00e9rieur. D&rsquo;o\u00f9 un autod\u00e9nigrement excessif tout au long de ce qui n&rsquo;est autre qu&rsquo;une autot\u00e9ratobiographie : \u00ab\u00a0<em>Montgolfi\u00e8re en perdition<\/em>\u00a0\u00bb (11), \u00ab\u00a0GROS SAC\u00a0\u00bb <img loading=\"lazy\" decoding=\"async\" class=\"alignleft size-full wp-image-1797\" src=\"http:\/\/t-pas-net.com\/librCritN\/wp-content\/uploads\/2021\/10\/Melancolia.jpg\" alt=\"\" width=\"230\" height=\"300\" srcset=\"https:\/\/t-pas-net.com\/librCritN\/wp-content\/uploads\/2021\/10\/Melancolia.jpg 230w, https:\/\/t-pas-net.com\/librCritN\/wp-content\/uploads\/2021\/10\/Melancolia-115x150.jpg 115w\" sizes=\"auto, (max-width: 230px) 100vw, 230px\" \/>(36), il ne supporte plus l'\u00a0\u00bbanimalisation grotesque du corps\u00a0\u00bb (92)&#8230; Cette phase que connaissent les m\u00e9lancoliques, les psychanalystes la nomment <em>narcissisme n\u00e9gatif<\/em>, lequel constitue un rempart contre le morcellement, une fragile d\u00e9fense contre une pulsion de mort qui est l&rsquo;inscription primaire de la perte. Perte d&rsquo;une Chose innommable avec laquelle le sujet d\u00e9pressif entretient une relation ambigu\u00eb. Chose rejet\u00e9e puisqu&rsquo;\u00e9tant l&rsquo;Autre ha\u00efe. Mais, dans le m\u00eame temps, parce que riv\u00e9 \u00e0 la Chose par un d\u00e9sir absolu, le moi ne peut que s&rsquo;expulser \u00e0 son tour. L&rsquo;abject, tel que l&rsquo;analyse Julia Kristeva dans <em>Pouvoirs de l&rsquo;horreur. Essai sur l&rsquo;abject<\/em> (Seuil, 1980), est pr\u00e9cis\u00e9ment cette chute de la Chose et du moi, tous deux d\u00e9chets.<\/p>\n<p style=\"text-align: justify;\">Cette phase de <em>tristitia<\/em> se double d&rsquo;une autre, l&rsquo;<em>extremitas<\/em> : acharn\u00e9, le narrateur pourfend alors \u00ab\u00a0l&rsquo;Imposteur en Marche\u00a0\u00bb, \u00ab\u00a0le \u00ab\u00a0Peter Pan de la mondialisation heureuse\u00a0\u00bb (156)&#8230; Ses \u00ab\u00a0Naus\u00e9es du pr\u00e9sent\u00a0\u00bb alimentent son combat de plume contre un temps pr\u00e9sent innommable. Celui qui s&rsquo;est fait chevalier servant pour venger sa m\u00e8re et r\u00e9aliser son \u00ab\u00a0r\u00eave de petite fille d\u00e9class\u00e9e\u00a0\u00bb (14) se m\u00e9tamorphose en St Georges terrassant le \u00ab\u00a0MONSTRE\u00a0\u00bb maternel. L&rsquo;arme la plus efficace contre son \u00ab\u00a0MAL DE M\u00c8RE\u00a0\u00bb (104)\u00a0\u2013 la Naus\u00e9e, donc (ce qui est d&rsquo;autant plus significatif qu&rsquo;il y a du Poulou chez le petit Yves !)\u00a0\u2013 n&rsquo;est autre qu&rsquo;une \u00e9criture per\u00e7ue comme tauromachie (clin d&rsquo;\u0153il \u00e0 Leiris, cette fois). L&rsquo;\u00e9crivain matador et matamore perp\u00e8tre alors un \u00ab\u00a0meurtre dans un encrier\u00a0\u00bb (105).<\/p>\n","protected":false},"excerpt":{"rendered":"<p>Yves Charnet, Chutes, Tarabuste \u00e9diteur, automne 2020, 296 pages, 18 \u20ac, ISBN : 978-2-84587-512-8. Au moment o\u00f9 les d\u00e9s sont jet\u00e9s (MADAME TH\u00c9R\u00c8SE n&rsquo;est plus) et qu&rsquo;en cette fin d&rsquo;apr\u00e8s-midi m\u00eame on peut retrouver au March\u00e9 de la po\u00e9sie l&rsquo;auteur de Proses du fils, le travail de lecture-\u00e9criture ayant termin\u00e9 sa phase de d\u00e9cantation, le temps est venu \u2013 en musique (Morricone, R\u00e9giani, Lama, Nougaro, etc.) ! \u2013\u00a0de jeter l&rsquo;ancre dans un \u00ab\u00a0Charnet de bord\u00a0\u00bb (p. 190), une \u00ab\u00a0narration de d\u00e9s\u00e9quilibres\u00a0\u00bb (20) structur\u00e9e en deux parties (\u00ab\u00a0La Rhapsodie des circonstances\u00a0\u00bb et \u00ab\u00a0Journal public d&rsquo;un homme seul\u00a0\u00bb) et des dizaines de sous-titres, dans cette bouteille \u00e0 la M\u00e8re qu&rsquo;a jet\u00e9e \u00ab\u00a0un sculpteur de miettes\u00a0\u00bb (222) \u2013 dans un labyrinthe dont le fil d&rsquo;Ariane peut se r\u00e9sumer ainsi : \u00ab\u00a0De ma m\u00e8re, de la b\u00e2tardise, de l&rsquo;\u00e9criture\u00a0\u00bb (255). &nbsp; \u00ab\u00a0Ceci n&rsquo;est pas un livre. \u00c0 peine \u00a0le testament d&rsquo;un vieux peigneur de com\u00e8tes.\u00a0Tu publieras ces carnets d&rsquo;un po\u00e8te contumace.\u00a0Carnaval &amp; trag\u00e9die. \u00c0 peine te seras tu fait un pr\u00e9nom.\u00a0Pauvre Yves &amp; bon vivant. Tu n&rsquo;avais rien d&rsquo;autre \u00e0 raconter.\u00a0Que les roulis de ton \u00e2me mal arrim\u00e9e. Tu auras \u00e9cris en toutes lettres\u00a0ton d\u00e9sarroi. \u00a0Dans ce journal public d&rsquo;un homme seul. Que restera-t-il \u00e0 la fin de tes r\u00e9cits d\u00e9cousus ? Des chutes, juste des chutes\u00a0\u00bb (p. 281). \u00ab\u00a0Donner un titre aux moments de sa vie, comme \u00a0on le fait\u00a0\u00e0 l&rsquo;\u00e9cole pour des passages litt\u00e9raires, est peut-\u00eatre\u00a0un moyen\u00a0de la ma\u00eetriser ?\u00a0\u00bb (Annie Ernaux, \u00a0L&rsquo;Occupation, Gallimard, 2002, p. 68). &nbsp; Un homme de passage \u00ab\u00a0Vous ne trouverez, dans ces carnets, que l&rsquo;\u00e9pop\u00e9e de personne. \u2013 D\u00e9pression, d\u00e9merde, d\u00e9pense\u00a0\u00bb (p. 235). Les nombreux titres qu&rsquo;Yves Charnet donne \u00e0 un Journal qu&rsquo;il a \u00e9crit essentiellement quand \u00e7a se D\u00c9BERDAULAIT (cf. 149), et donc\u00a0en basse tension \u2013 pour reprendre une formule du Sartre des Carnets de la dr\u00f4le de guerre \u2013, sont des plus r\u00e9v\u00e9lateurs : d&rsquo;une part, ils offrent des angles d&rsquo;approche divers \u00e0 une entreprise singuli\u00e8re ; d&rsquo;autre part, ils situent l&rsquo;\u00e9crivain dans un horizon litt\u00e9raire. Tout d&rsquo;abord, rattacher \u00e0 l&rsquo;autofiction ces \u00ab\u00a0M\u00e9moires d&rsquo;un type \u00e0 la d\u00e9ryves\u00a0\u00bb (188), c&rsquo;est rappeler ses liens avec Serge Doubrovsky, dont l&rsquo;avant-derni\u00e8re somme convient parfaitement \u00e0 l&rsquo;itin\u00e9raire d&rsquo;Yves Charnet (Un homme de passage, 2011) : ce sont l\u00e0 deux hommes pas sages passagers clandestins de leur vie, qui affectionnent les calembours, les mots-valises (ah, ces \u00ab\u00a0ruminations m\u00e9lankol\u00e9riques\u00a0\u00bb ! \u2013\u00a0p. 34), l&rsquo;usage des capitales et le style syncop\u00e9. Celui qui pratique le \u00ab\u00a0d\u00e9conte \u00e0 rebours\u00a0\u00bb (15) dans ses \u00ab\u00a0chutes\u00a0\u00bb, c&rsquo;est-\u00e0-dire \u00ab\u00a0des brouillons d&rsquo;un livre \u00e0 venir\u00a0\u00bb (262), rejoint par ailleurs la somatographie de l&rsquo;auteur des Papiers coll\u00e9s, Georges Perros : agencer ces \u00ab\u00a0chutes\u00a0\u00bb en lieu et place du recours \u00e0 la technique des \u00ab\u00a0papiers coll\u00e9s\u00a0\u00bb&#8230; Sans \u00eatre exhaustif, d&rsquo;autres titres confirment l&rsquo;\u00e9criture en mode mineur : \u00ab\u00a0CARNETS D&rsquo;UN PO\u00c8TE FATIGU\u00c9\u00a0\u00bb (83), \u00ab\u00a0journal d&rsquo;un quinquag\u00e9naire au bout du rouleau\u00a0\u00bb (176), \u00ab\u00a0carnets d&rsquo;un mec \u00e0 la lisi\u00e8re\u00a0\u00bb (244)&#8230; Si l&rsquo;on consid\u00e8re que ce journal par miettes d&rsquo;un homme en miettes est \u00ab\u00a0une fa\u00e7on de tirer sur les mailles du quotidien\u00a0\u00bb (56) pour constituer un \u00ab\u00a0Journal d\u00e9cousu main\u00a0\u00bb (56), on prend conscience qu&rsquo;il vise \u00ab\u00a0l&rsquo;h\u00e9ro\u00efne taboue\u00a0\u00bb de tous ses livres (11), celle qui, en excellente femme pratique, a tricot\u00e9 sa vie point par point. C&rsquo;est ici que prend sens la formule qui adresse un clin d&rsquo;\u0153il au groupe TXT : \u00ab\u00a0g\u00e9n\u00e9alogie imagim\u00e8re\u00a0\u00bb (9)&#8230; &nbsp; Personne et ses Doubles&#8230; \u00ab\u00a0Je n&rsquo;habite pas dans mon nom . Mon nom b\u00e2tard. Je n&rsquo;ai pas de moi bien fixe. Que des doubles de passage\u00a0\u00bb (p. 254). Celui qui, enfant, a \u00e9t\u00e9 investi d&rsquo;une mission p\u00e9rilleuse : \u00ab\u00a0sauver de la honte le nom de [sa] m\u00e8re\u00a0\u00bb (256), s&rsquo;est tr\u00e8s t\u00f4t rendu \u00e0 l&rsquo;\u00e9vidence : \u00ab\u00a0Tr\u00e8s vite il a fallu que je sois plusieurs. Pour boucher les trous de l&rsquo;angoisse maternelle\u00a0\u00bb (93). Enfant \u00e0 qui fait d\u00e9faut un p\u00e8re\u00a0absent avant m\u00eame de se suicider, le petit Yves s&rsquo;av\u00e8re\u00a0incapable d&rsquo;investir le Nom du P\u00e8re, d&rsquo;habiter son nom en propre ; aussi, afin d&rsquo;\u00e9chapper \u00e0 la \u00ab\u00a0Reine-M\u00e8re\u00a0\u00bb (10), via ses \u00ab\u00a0parrains\u00a0\u00bb de cin\u00e9ma, il choisit un premier pseudonyme, Roger CARNET (1962-2016) : Roger, du pr\u00e9nom de Delon (Roger Sartet), et CARNET pour cligner du c\u00f4t\u00e9 du c\u00e9l\u00e8bre cin\u00e9aste Marcel Carn\u00e9. Le double rejet de son \u00e9diteur comme de sa m\u00e8re d\u00e9clinante a pour corollaire le passage \u00e0 un autre pseudonyme : \u00ab\u00a0J&rsquo;\u00e9tais devenu L&rsquo;EX de ma propre vie. MONSIEUR LEX (en personne)\u00a0\u00bb (53). Celui qui passe d&rsquo;un masque \u00e0 un autre devient \u00ab\u00a0Lexibionniste\u00a0\u00bb (252) qui, dans ses Chutes, laisse libre cours \u00e0 son \u00ab\u00a0lyrisme de chien perdu\u00a0\u00bb (17). &nbsp; \u00ab\u00a0La chute de la maison Charnet\u00a0\u00bb (280) \u00ab\u00a0C&rsquo;est un sale mar\u00e9cage. L&rsquo;origine\u00a0\u00bb (98). Aux chutes de Mademoiselle Th\u00e9r\u00e8se Charnet correspond la Chute du Fils dans son ab\u00eeme int\u00e9rieur. D&rsquo;o\u00f9 un autod\u00e9nigrement excessif tout au long de ce qui n&rsquo;est autre qu&rsquo;une autot\u00e9ratobiographie : \u00ab\u00a0Montgolfi\u00e8re en perdition\u00a0\u00bb (11), \u00ab\u00a0GROS SAC\u00a0\u00bb (36), il ne supporte plus l&rsquo;\u00a0\u00bbanimalisation grotesque du corps\u00a0\u00bb (92)&#8230; Cette phase que connaissent les m\u00e9lancoliques, les psychanalystes la nomment narcissisme n\u00e9gatif, lequel constitue un rempart contre le morcellement, une fragile d\u00e9fense contre une pulsion de mort qui est l&rsquo;inscription primaire de la perte. Perte d&rsquo;une Chose innommable avec laquelle le sujet d\u00e9pressif entretient une relation ambigu\u00eb. Chose rejet\u00e9e puisqu&rsquo;\u00e9tant l&rsquo;Autre ha\u00efe. Mais, dans le m\u00eame temps, parce que riv\u00e9 \u00e0 la Chose par un d\u00e9sir absolu, le moi ne peut que s&rsquo;expulser \u00e0 son tour. L&rsquo;abject, tel que l&rsquo;analyse Julia Kristeva dans Pouvoirs de l&rsquo;horreur. Essai sur l&rsquo;abject (Seuil, 1980), est pr\u00e9cis\u00e9ment cette chute de la Chose et du moi, tous deux d\u00e9chets. Cette phase de tristitia se double d&rsquo;une autre, l&rsquo;extremitas : acharn\u00e9, le narrateur pourfend alors \u00ab\u00a0l&rsquo;Imposteur en Marche\u00a0\u00bb, \u00ab\u00a0le \u00ab\u00a0Peter Pan de la mondialisation heureuse\u00a0\u00bb (156)&#8230; Ses \u00ab\u00a0Naus\u00e9es du pr\u00e9sent\u00a0\u00bb alimentent son combat de plume contre un temps pr\u00e9sent innommable. Celui qui s&rsquo;est fait chevalier servant pour venger sa m\u00e8re et r\u00e9aliser son \u00ab\u00a0r\u00eave de petite fille d\u00e9class\u00e9e\u00a0\u00bb (14) se m\u00e9tamorphose en St Georges terrassant le \u00ab\u00a0MONSTRE\u00a0\u00bb maternel. L&rsquo;arme la plus efficace contre son \u00ab\u00a0MAL DE M\u00c8RE\u00a0\u00bb (104)\u00a0\u2013 la Naus\u00e9e, donc (ce qui est d&rsquo;autant plus significatif qu&rsquo;il&#8230;<\/p>\n","protected":false},"author":2,"featured_media":948,"comment_status":"open","ping_status":"open","sticky":false,"template":"","format":"standard","meta":{"footnotes":""},"categories":[35,7,2],"tags":[110,1326,1321,1322,78,12,1324,871,1325,569,720,1323,487],"class_list":["post-947","post","type-post","status-publish","format-standard","has-post-thumbnail","hentry","category-chronique","category-livres-recus","category-une","tag-annie-ernaux","tag-charnet-autoteratobiographie","tag-ecriture-corrida","tag-ecrivain-toreador","tag-editions-tarabuste","tag-fabrice-thumerel","tag-georges-perros","tag-jean-paul-sartre","tag-julia-kristeva","tag-michel-leiris","tag-revue-txt","tag-serge-doubrovsky","tag-yves-charnet"],"post_mailing_queue_ids":[],"_links":{"self":[{"href":"https:\/\/t-pas-net.com\/librCritN\/wp-json\/wp\/v2\/posts\/947","targetHints":{"allow":["GET"]}}],"collection":[{"href":"https:\/\/t-pas-net.com\/librCritN\/wp-json\/wp\/v2\/posts"}],"about":[{"href":"https:\/\/t-pas-net.com\/librCritN\/wp-json\/wp\/v2\/types\/post"}],"author":[{"embeddable":true,"href":"https:\/\/t-pas-net.com\/librCritN\/wp-json\/wp\/v2\/users\/2"}],"replies":[{"embeddable":true,"href":"https:\/\/t-pas-net.com\/librCritN\/wp-json\/wp\/v2\/comments?post=947"}],"version-history":[{"count":16,"href":"https:\/\/t-pas-net.com\/librCritN\/wp-json\/wp\/v2\/posts\/947\/revisions"}],"predecessor-version":[{"id":1802,"href":"https:\/\/t-pas-net.com\/librCritN\/wp-json\/wp\/v2\/posts\/947\/revisions\/1802"}],"wp:featuredmedia":[{"embeddable":true,"href":"https:\/\/t-pas-net.com\/librCritN\/wp-json\/wp\/v2\/media\/948"}],"wp:attachment":[{"href":"https:\/\/t-pas-net.com\/librCritN\/wp-json\/wp\/v2\/media?parent=947"}],"wp:term":[{"taxonomy":"category","embeddable":true,"href":"https:\/\/t-pas-net.com\/librCritN\/wp-json\/wp\/v2\/categories?post=947"},{"taxonomy":"post_tag","embeddable":true,"href":"https:\/\/t-pas-net.com\/librCritN\/wp-json\/wp\/v2\/tags?post=947"}],"curies":[{"name":"wp","href":"https:\/\/api.w.org\/{rel}","templated":true}]}}